{"id":7304,"date":"2020-04-03T05:00:17","date_gmt":"2020-04-03T04:00:17","guid":{"rendered":"https:\/\/espai-marx.net\/?p=7304"},"modified":"2020-04-03T04:32:40","modified_gmt":"2020-04-03T03:32:40","slug":"el-aristoteles-de-pierre-aubenque-nuevas-entradas-en-els-arbres-de-fahrenheit","status":"publish","type":"post","link":"https:\/\/espai-marx.net\/?p=7304","title":{"rendered":"El Arist\u00f3teles de Pierre Aubenque: nuevas entradas en Els Arbres de Fahrenheit"},"content":{"rendered":"<p><a href=\"https:\/\/espai-marx.net\/wp-content\/uploads\/2020\/03\/pierre_aubenque.jpg\"><img loading=\"lazy\" decoding=\"async\" class=\"size-medium wp-image-7306 alignleft\" src=\"https:\/\/espai-marx.net\/wp-content\/uploads\/2020\/03\/pierre_aubenque-300x263.jpg\" alt=\"\" width=\"300\" height=\"263\" srcset=\"https:\/\/espai-marx.net\/wp-content\/uploads\/2020\/03\/pierre_aubenque-300x263.jpg 300w, https:\/\/espai-marx.net\/wp-content\/uploads\/2020\/03\/pierre_aubenque.jpg 501w\" sizes=\"auto, (max-width: 300px) 100vw, 300px\" \/><\/a>El 23 de febrero de 2020 mor\u00eda en Versalles a los noventa a\u00f1os el fil\u00f3sofo franc\u00e9s Pierre Aubenque. Conocido especialmente por haber dado una nueva luz a la metaf\u00edsica aristot\u00e9lica inspirado de manera cr\u00edtica por una lectura heideggeriana de la filosof\u00eda antigua.<\/p>\n<p>Entre las obras dedicadas a Artist\u00f3teles se encuentran <i>Le probl\u00e8me de l&#8217; \u00eatre chez Aristote. Essai sur la probl\u00e9matique aritot\u00e9licienne,<\/i> PUF, Par\u00eds, 1962; <i>La prudence chez Aristote,<\/i> Par\u00eds 1963; <i>Concepts et cat\u00e9gories dans la pens\u00e9e antique,<\/i> Par\u00eds, 1980; <em>E\u0301tudes sur la \u2018M\u00e9taphysique\u2019 d\u2019Aristote: actes\u00a0<\/em>(Vrin, 2009), as\u00ed como<em> Proble\u0300mes aristot\u00e9liciens I: Philosophie th\u00e9orique<\/em> (Vrin, 2009) y <em>Probl\u00e8mes aristot\u00e9liciens II: Philosophie pratique<\/em>\u00a0(Vrin, 2011).<\/p>\n<p>Adem\u00e1s de\u00a0 la filosof\u00eda antigua, y junto con ella, Aubenque trabaj\u00f3 extensamente el pensamiento de Martin Heidegger; entre otras publicaciones como \u201cEncore Heidegger et le nazisme\u201d (<em>Le D\u00e9bat<\/em>, vol. 48, 1988) o \u201cMartin Heidegger (1889-1976) in memoriam\u201d (<em>Les Etudes philosophiques<\/em>, XXX-3, 1976), edit\u00f3 <em>Ernst Cassirer- Martin Heidegger:\u00a0D\u00e9bat sur le Kantisme et la Philosophie<\/em> <em>(Davos, mars 1929)<\/em> <em>et autres textes de 1929\u20131931<\/em> (Beauchesne, 1972).<\/p>\n<p>Como homenaje a su pensamiento hemos incorporado a nuestra biblioteca virtual Els Arbres de Fahrenheit dos de sus obras sobre Arist\u00f3teles traducidas al castellano:<\/p>\n<table style=\"border-collapse: collapse; width: 100%;\" border=\"1\">\n<tbody>\n<tr>\n<td style=\"width: 50%; text-align: center;\">\n<p><a href=\"https:\/\/espai-marx.net\/wp-content\/uploads\/2020\/03\/el-problema-del-ser-en-aristoteles-e1585674126348.jpg\"><img loading=\"lazy\" decoding=\"async\" class=\"size-medium wp-image-7307 aligncenter\" src=\"https:\/\/espai-marx.net\/wp-content\/uploads\/2020\/03\/el-problema-del-ser-en-aristoteles-194x300.jpg\" alt=\"\" width=\"194\" height=\"300\" \/><\/a><\/p>\n<p><a href=\"https:\/\/espai-marx.net\/elsarbres\/?rcno_review=el-problema-del-ser-en-aristoteles\"><strong>El problema del ser en Arist\u00f3teles<\/strong><\/a><\/td>\n<td style=\"width: 50%;\"><a href=\"https:\/\/espai-marx.net\/wp-content\/uploads\/2020\/03\/la-prudencia-en-aristoteles-e1585674175757.jpg\"><img loading=\"lazy\" decoding=\"async\" class=\"size-medium wp-image-7308 aligncenter\" src=\"https:\/\/espai-marx.net\/wp-content\/uploads\/2020\/03\/la-prudencia-en-aristoteles-184x300.jpg\" alt=\"\" width=\"184\" height=\"300\" \/><\/a><\/p>\n<p style=\"text-align: center;\"><a href=\"https:\/\/espai-marx.net\/elsarbres\/?rcno_review=la-prudencia-en-aristoteles\"><strong>La prudencia en Arist\u00f3teles<\/strong><\/a><\/p>\n<\/td>\n<\/tr>\n<\/tbody>\n<\/table>\n<p>&nbsp;<\/p>\n","protected":false},"excerpt":{"rendered":"<p>El 23 de febrero de 2020 mor\u00eda en Versalles a los noventa a\u00f1os el fil\u00f3sofo franc\u00e9s Pierre Aubenque. Conocido especialmente<\/p>\n","protected":false},"author":5,"featured_media":0,"comment_status":"open","ping_status":"open","sticky":false,"template":"","format":"standard","meta":{"footnotes":""},"categories":[825,8,22],"tags":[997,1514],"class_list":["post-7304","post","type-post","status-publish","format-standard","hentry","category-elsarbres","category-filosofia","category-historia-del-movimiento-y-de-la-clase-obrera","tag-aristoteles","tag-pierre-aubenque"],"aioseo_notices":[],"_links":{"self":[{"href":"https:\/\/espai-marx.net\/index.php?rest_route=\/wp\/v2\/posts\/7304","targetHints":{"allow":["GET"]}}],"collection":[{"href":"https:\/\/espai-marx.net\/index.php?rest_route=\/wp\/v2\/posts"}],"about":[{"href":"https:\/\/espai-marx.net\/index.php?rest_route=\/wp\/v2\/types\/post"}],"author":[{"embeddable":true,"href":"https:\/\/espai-marx.net\/index.php?rest_route=\/wp\/v2\/users\/5"}],"replies":[{"embeddable":true,"href":"https:\/\/espai-marx.net\/index.php?rest_route=%2Fwp%2Fv2%2Fcomments&post=7304"}],"version-history":[{"count":0,"href":"https:\/\/espai-marx.net\/index.php?rest_route=\/wp\/v2\/posts\/7304\/revisions"}],"wp:attachment":[{"href":"https:\/\/espai-marx.net\/index.php?rest_route=%2Fwp%2Fv2%2Fmedia&parent=7304"}],"wp:term":[{"taxonomy":"category","embeddable":true,"href":"https:\/\/espai-marx.net\/index.php?rest_route=%2Fwp%2Fv2%2Fcategories&post=7304"},{"taxonomy":"post_tag","embeddable":true,"href":"https:\/\/espai-marx.net\/index.php?rest_route=%2Fwp%2Fv2%2Ftags&post=7304"}],"curies":[{"name":"wp","href":"https:\/\/api.w.org\/{rel}","templated":true}]}}