{"id":7357,"date":"2020-04-11T05:00:56","date_gmt":"2020-04-11T04:00:56","guid":{"rendered":"https:\/\/espai-marx.net\/?p=7357"},"modified":"2020-04-10T16:29:14","modified_gmt":"2020-04-10T15:29:14","slug":"60-aniversario-de-la-revolucion-cubana-clacso-en-la-habana","status":"publish","type":"post","link":"https:\/\/espai-marx.net\/?p=7357","title":{"rendered":"60 aniversario de la Revoluci\u00f3n Cubana: CLACSO en La Habana"},"content":{"rendered":"<p>Durante el mes de octubre de 2019 el Consejo Latinoamericano de Ciencias Sociales (<a href=\"https:\/\/www.clacso.org\/\">CLACSO<\/a>) organiz\u00f3 una <a href=\"https:\/\/www.clacso.org\/clacso-a-60-anos-de-la-revolucion-cubana\/\">serie de actividades en La Habana<\/a> para conmemorar el 60 aniversario de la Revoluci\u00f3n Cubana. Entre las iniciativas que se pusieron en marcha tres nos parecen especialmente significativas:<\/p>\n<p><strong>1.- UN LIBRO<\/strong><\/p>\n<p>La publicaci\u00f3n del libro <em>Cuba en revoluci\u00f3n : miradas en torno a su sesenta aniversario<\/em>, recopilaci\u00f3n de las ponencias presentadas en el Foro por el Sesenta Aniversario de la Revoluci\u00f3n Cubana a su vez en el seno de la Octava Conferencia Latinoamericana y Caribe\u00f1a de Ciencias Sociales y el Primer Foro Mundial del Pensamiento Cr\u00edtico, organizados por el Consejo Latinoamericano de Ciencias Sociales.\u00a0 En ese\u00a0 evento \u2013subtitulado \u201cCuba en Revoluci\u00f3n\u201d\u2013 presentaron ponencias doce intelectuales oriundos de Argentina, Cuba, Hait\u00ed y Panam\u00e1.<\/p>\n<p><a href=\"https:\/\/espai-marx.net\/wp-content\/uploads\/2020\/04\/cuba_en_revolucion_libro.png\"><img loading=\"lazy\" decoding=\"async\" class=\"size-medium wp-image-7359 aligncenter\" src=\"https:\/\/espai-marx.net\/wp-content\/uploads\/2020\/04\/cuba_en_revolucion_libro-210x300.png\" alt=\"\" width=\"210\" height=\"300\" srcset=\"https:\/\/espai-marx.net\/wp-content\/uploads\/2020\/04\/cuba_en_revolucion_libro-210x300.png 210w, https:\/\/espai-marx.net\/wp-content\/uploads\/2020\/04\/cuba_en_revolucion_libro.png 396w\" sizes=\"auto, (max-width: 210px) 100vw, 210px\" \/><\/a><\/p>\n<p>El libro se puede descargar gratuita y legalmente en la p\u00e1gina de CLACSO: <a href=\"http:\/\/biblioteca.clacso.edu.ar\/clacso\/se\/20191017033409\/Cuba_en_revolucion.pdf\">Cuba en revoluci\u00f3n<\/a> (PDF).<\/p>\n<p>&nbsp;<\/p>\n<p><strong>2.- UNA BIBLIOTECA DIGITAL<\/strong><\/p>\n<p><a href=\"https:\/\/espai-marx.net\/wp-content\/uploads\/2020\/04\/Biblioteca-Cuba_en_revolucion.jpg\"><img loading=\"lazy\" decoding=\"async\" class=\"aligncenter wp-image-7360 size-large\" src=\"https:\/\/espai-marx.net\/wp-content\/uploads\/2020\/04\/Biblioteca-Cuba_en_revolucion-1024x235.jpg\" alt=\"\" width=\"800\" height=\"184\" srcset=\"https:\/\/espai-marx.net\/wp-content\/uploads\/2020\/04\/Biblioteca-Cuba_en_revolucion-1024x235.jpg 1024w, https:\/\/espai-marx.net\/wp-content\/uploads\/2020\/04\/Biblioteca-Cuba_en_revolucion-300x69.jpg 300w, https:\/\/espai-marx.net\/wp-content\/uploads\/2020\/04\/Biblioteca-Cuba_en_revolucion-768x176.jpg 768w, https:\/\/espai-marx.net\/wp-content\/uploads\/2020\/04\/Biblioteca-Cuba_en_revolucion.jpg 1220w\" sizes=\"auto, (max-width: 800px) 100vw, 800px\" \/><\/a><\/p>\n<p>La biblioteca en acceso abierto <em>Cuba en revoluci\u00f3n, <\/em>de CLACSO en colaboraci\u00f3n con la Universidad de Jos\u00e9 C. Paz con una selecci\u00f3n de sesenta obras que reflexionan, interpretan y construyen sentidos en torno a uno de los procesos cruciales de la historia contempor\u00e1nea de la regi\u00f3n: la Revoluci\u00f3n cubana.<\/p>\n<p>Enlace a la biblioteca: <a href=\"https:\/\/www.clacso.org.ar\/cubaenrevolucion\/\">https:\/\/www.clacso.org.ar\/cubaenrevolucion\/<\/a><\/p>\n<p>Aprovechamos la ocasi\u00f3n para recomendar las numerosas colecciones de CLACSO\u00a0 de acceso abierto: la <a href=\"https:\/\/www.clacso.org.ar\/libreria-latinoamericana\/inicio.php\">Librer\u00eda Latinoamericana y Caribe\u00f1a de Ciencias Sociales<\/a>, la colecci\u00f3n <a href=\"https:\/\/www.clacso.org.ar\/antologias\/\">Antolog\u00edas del pensamiento social latinoamericano y caribe\u00f1o<\/a>, la <a href=\"https:\/\/www.clacso.org.ar\/biblioteca_ayacucho\/\">Biblioteca Ayacucho<\/a>&#8230;<\/p>\n<p>&nbsp;<\/p>\n<p><strong>3.- UNA PEL\u00cdCULA DOCUMENTAL<\/strong><\/p>\n<p>El estreno del v\u00eddeo documental <em>Cuba\/6o: vidas en revoluci\u00f3n<\/em>. Dirigido por <span class=\"style-scope yt-formatted-string\" dir=\"auto\">Leila Montero y Magda Gonz\u00e1lez Grau y producido por CLACSO con el apoyo de Oficina regional M\u00e9xico, Centroam\u00e9rica y el Caribe de Rosa Luxemburg Stiftung y la colaboraci\u00f3n del ICAIC, Instituto Cubano de Arte e Industria Cinematogr\u00e1ficos. <\/span><\/p>\n<p><span class=\"style-scope yt-formatted-string\" dir=\"auto\">El documental, de una hora de duraci\u00f3n, pinta los retratos de cubanos de varias generaciones, algunos que vivieron los tiempos revolucionarios previos al 1 de enero de 1959, otros j\u00f3venes nacidos y formados en la nueva Cuba en estos sesenta a\u00f1os de construcci\u00f3n de una sociedad m\u00e1s justa.<\/span><\/p>\n<p><iframe loading=\"lazy\" title=\"Cuba\/60 - Vidas en revoluci\u00f3n\" width=\"800\" height=\"450\" src=\"https:\/\/www.youtube.com\/embed\/J_SJI2U2Ps0?feature=oembed\" frameborder=\"0\" allow=\"accelerometer; autoplay; clipboard-write; encrypted-media; gyroscope; picture-in-picture; web-share\" referrerpolicy=\"strict-origin-when-cross-origin\" allowfullscreen><\/iframe><\/p>\n","protected":false},"excerpt":{"rendered":"<p>Durante el mes de octubre de 2019 el Consejo Latinoamericano de Ciencias Sociales (CLACSO) organiz\u00f3 una serie de actividades en<\/p>\n","protected":false},"author":5,"featured_media":7358,"comment_status":"open","ping_status":"open","sticky":false,"template":"","format":"standard","meta":{"footnotes":""},"categories":[32,26,28,833],"tags":[],"class_list":["post-7357","post","type-post","status-publish","format-standard","has-post-thumbnail","hentry","category-america-latina","category-historia-del-comunismo","category-siglo-xx","category-videos"],"aioseo_notices":[],"_links":{"self":[{"href":"https:\/\/espai-marx.net\/index.php?rest_route=\/wp\/v2\/posts\/7357","targetHints":{"allow":["GET"]}}],"collection":[{"href":"https:\/\/espai-marx.net\/index.php?rest_route=\/wp\/v2\/posts"}],"about":[{"href":"https:\/\/espai-marx.net\/index.php?rest_route=\/wp\/v2\/types\/post"}],"author":[{"embeddable":true,"href":"https:\/\/espai-marx.net\/index.php?rest_route=\/wp\/v2\/users\/5"}],"replies":[{"embeddable":true,"href":"https:\/\/espai-marx.net\/index.php?rest_route=%2Fwp%2Fv2%2Fcomments&post=7357"}],"version-history":[{"count":0,"href":"https:\/\/espai-marx.net\/index.php?rest_route=\/wp\/v2\/posts\/7357\/revisions"}],"wp:featuredmedia":[{"embeddable":true,"href":"https:\/\/espai-marx.net\/index.php?rest_route=\/wp\/v2\/media\/7358"}],"wp:attachment":[{"href":"https:\/\/espai-marx.net\/index.php?rest_route=%2Fwp%2Fv2%2Fmedia&parent=7357"}],"wp:term":[{"taxonomy":"category","embeddable":true,"href":"https:\/\/espai-marx.net\/index.php?rest_route=%2Fwp%2Fv2%2Fcategories&post=7357"},{"taxonomy":"post_tag","embeddable":true,"href":"https:\/\/espai-marx.net\/index.php?rest_route=%2Fwp%2Fv2%2Ftags&post=7357"}],"curies":[{"name":"wp","href":"https:\/\/api.w.org\/{rel}","templated":true}]}}