{"id":7412,"date":"2020-04-18T05:00:18","date_gmt":"2020-04-18T04:00:18","guid":{"rendered":"https:\/\/espai-marx.net\/?p=7412"},"modified":"2020-04-17T18:16:05","modified_gmt":"2020-04-17T17:16:05","slug":"2020-la-pandemia-con-enrique-dussel-etica-y-politica","status":"publish","type":"post","link":"https:\/\/espai-marx.net\/?p=7412","title":{"rendered":"2020: La Pandemia con Enrique Dussel. \u00c9tica y pol\u00edtica"},"content":{"rendered":"<p class=\"sub_content_videos\">www.aristeguinoticias.com y el fil\u00f3sofo y acad\u00e9mico Enrique Dussel presentan 2020: La Pandemia. Grabada el 9 de abril,\u00a0 se habl\u00f3 desde una perspectiva \u00e9tica y pol\u00edtica sobre el brote global de Covid-19.<\/p>\n<p><iframe loading=\"lazy\" title=\"2020: La Pandemia con Enrique Dussel. \u00c9tica y pol\u00edtica\" width=\"800\" height=\"450\" src=\"https:\/\/www.youtube.com\/embed\/ILuu3lYWFAg?feature=oembed\" frameborder=\"0\" allow=\"accelerometer; autoplay; clipboard-write; encrypted-media; gyroscope; picture-in-picture; web-share\" referrerpolicy=\"strict-origin-when-cross-origin\" allowfullscreen><\/iframe><\/p>\n","protected":false},"excerpt":{"rendered":"<p>www.aristeguinoticias.com y el fil\u00f3sofo y acad\u00e9mico Enrique Dussel presentan 2020: La Pandemia. Grabada el 9 de abril,\u00a0 se habl\u00f3 desde<\/p>\n","protected":false},"author":5,"featured_media":0,"comment_status":"open","ping_status":"open","sticky":false,"template":"","format":"video","meta":{"footnotes":""},"categories":[8],"tags":[1525,1519],"class_list":["post-7412","post","type-post","status-publish","format-video","hentry","category-filosofia","tag-etica","tag-medicina","post_format-post-format-video"],"aioseo_notices":[],"_links":{"self":[{"href":"https:\/\/espai-marx.net\/index.php?rest_route=\/wp\/v2\/posts\/7412","targetHints":{"allow":["GET"]}}],"collection":[{"href":"https:\/\/espai-marx.net\/index.php?rest_route=\/wp\/v2\/posts"}],"about":[{"href":"https:\/\/espai-marx.net\/index.php?rest_route=\/wp\/v2\/types\/post"}],"author":[{"embeddable":true,"href":"https:\/\/espai-marx.net\/index.php?rest_route=\/wp\/v2\/users\/5"}],"replies":[{"embeddable":true,"href":"https:\/\/espai-marx.net\/index.php?rest_route=%2Fwp%2Fv2%2Fcomments&post=7412"}],"version-history":[{"count":0,"href":"https:\/\/espai-marx.net\/index.php?rest_route=\/wp\/v2\/posts\/7412\/revisions"}],"wp:attachment":[{"href":"https:\/\/espai-marx.net\/index.php?rest_route=%2Fwp%2Fv2%2Fmedia&parent=7412"}],"wp:term":[{"taxonomy":"category","embeddable":true,"href":"https:\/\/espai-marx.net\/index.php?rest_route=%2Fwp%2Fv2%2Fcategories&post=7412"},{"taxonomy":"post_tag","embeddable":true,"href":"https:\/\/espai-marx.net\/index.php?rest_route=%2Fwp%2Fv2%2Ftags&post=7412"}],"curies":[{"name":"wp","href":"https:\/\/api.w.org\/{rel}","templated":true}]}}