{"id":7437,"date":"2020-04-22T05:00:05","date_gmt":"2020-04-22T04:00:05","guid":{"rendered":"https:\/\/espai-marx.net\/?p=7437"},"modified":"2020-04-22T04:38:14","modified_gmt":"2020-04-22T03:38:14","slug":"podcast-nueva-sesion-del-seminario-fenomenologia-del-espiritu-de-hegel-17-04-2020","status":"publish","type":"post","link":"https:\/\/espai-marx.net\/?p=7437","title":{"rendered":"Podcast: Nueva sesi\u00f3n del seminario \u00abFenomenolog\u00eda del esp\u00edritu\u00bb de Hegel (17\/04\/2020)"},"content":{"rendered":"<p>Nueva sesi\u00f3n sobre la <em>Fenomenolog\u00eda del esp\u00edritu<\/em> de Hegel, dentro del <a href=\"https:\/\/espai-marx.net\/?p=3969\">seminario de Espai Marx<\/a>, en Barcelona el 17 de abril del 2020.<\/p>\n<p>El archivo sonoro que recoge esta sesi\u00f3n versa sobre las cuatro primeras p\u00e1ginas del apartado B del cap\u00edtulo quinto de \u00a0dicha obra. La sesi\u00f3n comienza con la lectura, por parte de Antonio Navas, de algunos p\u00e1rrafos inteligentemente seleccionados de la ponencia que\u00a0 Antonio G\u00f3mez Ramos redact\u00f3 sobre este cap\u00edtulo quinto con motivo de la celebraci\u00f3n del segundo centenario de la obra. A continuaci\u00f3n, y como siempre, seg\u00fan el consejo de un gran estudioso de Hegel -Gadamer- pasamos a \u00abdeletrear a Hegel\u00bb ley\u00e9ndolo l\u00ednea a l\u00ednea.<\/p>\n<p class=\"yiv0859677856MsoNormal\">La presente nota de presentaci\u00f3n, inhabitual en los archivos de voz del seminario Hegel, tiene un motivo: esas primeras cuatro o cinco p\u00e1ginas -seg\u00fan ediciones- de este apartado son excepcionales. A estas alturas de la obra Hegel ya hab\u00eda cumplido el plan del proyecto de escritura originario. Entre tanto, la obra se le ha ido trasnformando, durante el proceso de escritura, y el fil\u00f3sofo comienza un nuevo desarrollo, que es precisamente el que convierte a la obra en el gran cl\u00e1sico,, esto es, en una obra excepcional y singular\u00edsima en la historia de la filosof\u00eda, incluso por su forma \u00fanica de abordar la tem\u00e1tica que desarrolla. Hegel, como sabemos, es plenamente consciente \u00a0de este cambio de programa. Por ello, una vez ha dedicado la primera secci\u00f3n del cap\u00edtulo quinto \u00a0-A- a emplearse a fondo en la pars destruens de algunas peregrinas teor\u00edas coet\u00e1neas que intentan explicar la consciencia humana -o parte subjetiva del Esp\u00edritu- a partir de elementos biol\u00f3gicos, pasa a hacernos un resumen del plan o de las ideas que va a desarrollar en el resto subsiguiente de la obra. Este breve resumen es un \u00abpara nosotros\u00bb, es decir, est\u00e1 dedicado al lector, lo trata como fil\u00f3sofo colega y le explica en \u00e9l cu\u00e1l va a ser la evoluci\u00f3n de los descubrimientos que la consciencia humana va a ir haciendo a lo largo de la historia de su praxis y de sus consiguientes experiencias y cat\u00e1strofes hist\u00f3ricas. Es por lo tanto, un texto excepcional, que merece particular atenci\u00f3n. Es cierto que el pr\u00f3logo largo, el primero que encabeza la obra, tiene una intenci\u00f3n semejante. Pero ese pr\u00f3logo es redactado por el fil\u00f3sofo, una vez \u00e9ste ha terminado la obra, y posee una complejidad, y unas pretensiones -proponer el enlace de esta obra con otras obras futuras, etc-, que lo hace complejo y de mucho m\u00e1s dif\u00edcil comprensi\u00f3n; se lee y se entiende mejor una vez se termina la lectura de la obra. Por ello, en las p\u00e1ginas del apartado B estamos ante un texto sencillo, claro, -Hegel escribe siempre en su estilo, no diferente del de cualquier otro fil\u00f3sofo, solo que su jerga t\u00e9cnica no fue la difundida por la academia- que nos resume de forma asequible su propia obra.<\/p>\n<p><a href=\"https:\/\/espai-marx.net\/wp-content\/uploads\/2020\/01\/espaipodcastlogo3-e1580122784874.jpg\"><img loading=\"lazy\" decoding=\"async\" class=\"alignnone size-full wp-image-3960\" src=\"https:\/\/espai-marx.net\/wp-content\/uploads\/2020\/01\/espaipodcastlogo3-e1580122784874.jpg\" alt=\"\" width=\"120\" height=\"131\" \/><\/a><\/p>\n<div class=\"powerpress_player\" id=\"powerpress_player_3017\"><audio class=\"wp-audio-shortcode\" id=\"audio-7437-1\" preload=\"none\" style=\"width: 100%;\" controls=\"controls\"><source type=\"audio\/mpeg\" src=\"https:\/\/espai-marx.net\/wp-content\/uploads\/2020\/04\/seminario_Fenomenologia_17_4_2020.mp3?_=1\" \/><a href=\"https:\/\/espai-marx.net\/wp-content\/uploads\/2020\/04\/seminario_Fenomenologia_17_4_2020.mp3\">https:\/\/espai-marx.net\/wp-content\/uploads\/2020\/04\/seminario_Fenomenologia_17_4_2020.mp3<\/a><\/audio><\/div><p class=\"powerpress_links powerpress_links_mp3\" style=\"margin-bottom: 1px !important;\">Podcast: <a href=\"https:\/\/espai-marx.net\/wp-content\/uploads\/2020\/04\/seminario_Fenomenologia_17_4_2020.mp3\" class=\"powerpress_link_pinw\" target=\"_blank\" title=\"Reproducir en una nueva ventana\" onclick=\"return powerpress_pinw('https:\/\/espai-marx.net\/?powerpress_pinw=7437-podcast');\" rel=\"nofollow\">Reproducir en una nueva ventana<\/a> | <a href=\"https:\/\/espai-marx.net\/wp-content\/uploads\/2020\/04\/seminario_Fenomenologia_17_4_2020.mp3\" class=\"powerpress_link_d\" title=\"Descargar\" rel=\"nofollow\" download=\"seminario_Fenomenologia_17_4_2020.mp3\">Descargar<\/a> | <a href=\"#\" class=\"powerpress_link_e\" title=\"Incrustar\" onclick=\"return powerpress_show_embed('7437-podcast');\" rel=\"nofollow\">Incrustar<\/a><\/p><p class=\"powerpress_embed_box\" id=\"powerpress_embed_7437-podcast\" style=\"display: none;\"><input id=\"powerpress_embed_7437-podcast_t\" type=\"text\" value=\"&lt;iframe width=&quot;320&quot; height=&quot;30&quot; src=&quot;https:\/\/espai-marx.net\/?powerpress_embed=7437-podcast&amp;amp;powerpress_player=mediaelement-audio&quot; title=&quot;Blubrry Podcast Player&quot; frameborder=&quot;0&quot; scrolling=&quot;no&quot;&gt;&lt;\/iframe&gt;\" onclick=\"javascript: this.select();\" onfocus=\"javascript: this.select();\" style=\"width: 70%;\" readOnly><\/p><p class=\"powerpress_links powerpress_subscribe_links\">Suscr\u00edbete: <a href=\"https:\/\/www.youtube.com\/@PodcastdeEspaiMarx-ht2uc\" class=\"powerpress_link_subscribe powerpress_link_subscribe_youtube\" target=\"_blank\" title=\"Suscr\u00edbete a YouTube Music\" rel=\"nofollow\">YouTube Music<\/a> | <a href=\"https:\/\/espai-marx.net\/?feed=podcast\" class=\"powerpress_link_subscribe powerpress_link_subscribe_rss\" target=\"_blank\" title=\"Suscr\u00edbete v\u00eda RSS\" rel=\"nofollow\">RSS<\/a><\/p>","protected":false},"excerpt":{"rendered":"<p>Nueva sesi\u00f3n del seminario sobre la Fenomenolog\u00eda del esp\u00edritu de Hegel, dentro del seminario de EspaiMarx, en Barcelona el 1 de abril del 2020. Prosigue la discusi\u00f3n sobre el cap\u00edtulo quinto.<\/p>\n","protected":false},"author":5,"featured_media":7435,"comment_status":"open","ping_status":"open","sticky":false,"template":"","format":"standard","meta":{"footnotes":""},"categories":[8],"tags":[],"class_list":["post-7437","post","type-post","status-publish","format-standard","has-post-thumbnail","hentry","category-filosofia"],"aioseo_notices":[],"_links":{"self":[{"href":"https:\/\/espai-marx.net\/index.php?rest_route=\/wp\/v2\/posts\/7437","targetHints":{"allow":["GET"]}}],"collection":[{"href":"https:\/\/espai-marx.net\/index.php?rest_route=\/wp\/v2\/posts"}],"about":[{"href":"https:\/\/espai-marx.net\/index.php?rest_route=\/wp\/v2\/types\/post"}],"author":[{"embeddable":true,"href":"https:\/\/espai-marx.net\/index.php?rest_route=\/wp\/v2\/users\/5"}],"replies":[{"embeddable":true,"href":"https:\/\/espai-marx.net\/index.php?rest_route=%2Fwp%2Fv2%2Fcomments&post=7437"}],"version-history":[{"count":0,"href":"https:\/\/espai-marx.net\/index.php?rest_route=\/wp\/v2\/posts\/7437\/revisions"}],"wp:featuredmedia":[{"embeddable":true,"href":"https:\/\/espai-marx.net\/index.php?rest_route=\/wp\/v2\/media\/7435"}],"wp:attachment":[{"href":"https:\/\/espai-marx.net\/index.php?rest_route=%2Fwp%2Fv2%2Fmedia&parent=7437"}],"wp:term":[{"taxonomy":"category","embeddable":true,"href":"https:\/\/espai-marx.net\/index.php?rest_route=%2Fwp%2Fv2%2Fcategories&post=7437"},{"taxonomy":"post_tag","embeddable":true,"href":"https:\/\/espai-marx.net\/index.php?rest_route=%2Fwp%2Fv2%2Ftags&post=7437"}],"curies":[{"name":"wp","href":"https:\/\/api.w.org\/{rel}","templated":true}]}}