{"id":7466,"date":"2020-04-25T05:00:25","date_gmt":"2020-04-25T04:00:25","guid":{"rendered":"https:\/\/espai-marx.net\/?p=7466"},"modified":"2020-04-25T04:49:05","modified_gmt":"2020-04-25T03:49:05","slug":"25-de-abril-sempre","status":"publish","type":"post","link":"https:\/\/espai-marx.net\/?p=7466","title":{"rendered":"25 de abril, Sempre!"},"content":{"rendered":"<p><iframe loading=\"lazy\" title=\"Zeca Afonso Gr\u00e2ndola Vila Morena\" width=\"800\" height=\"600\" src=\"https:\/\/www.youtube.com\/embed\/umatsLVKggw?feature=oembed\" frameborder=\"0\" allow=\"accelerometer; autoplay; clipboard-write; encrypted-media; gyroscope; picture-in-picture; web-share\" referrerpolicy=\"strict-origin-when-cross-origin\" allowfullscreen><\/iframe><\/p>\n<p>&nbsp;<\/p>\n<p>Y <em>Gr\u00e2ndola Vila Morena<\/em> sigue viva. Recordemos que en el 2013, durante las movilizaciones contra la salida neoliberal de la crisis de 2008, Que se Lixe a Troika interrumpi\u00f3 desde la grada del parlamento portugu\u00e9s una intervenci\u00f3n de su entonces primer ministro, Passos Coelho:<\/p>\n<p><iframe loading=\"lazy\" title=\"Passos interrompido por &quot;Gr\u00e2ndola Vila Morena&quot;\" width=\"800\" height=\"600\" src=\"https:\/\/www.youtube.com\/embed\/M53-cxC8B1E?feature=oembed\" frameborder=\"0\" allow=\"accelerometer; autoplay; clipboard-write; encrypted-media; gyroscope; picture-in-picture; web-share\" referrerpolicy=\"strict-origin-when-cross-origin\" allowfullscreen><\/iframe><\/p>\n<p>&nbsp;<\/p>\n<p>Este 2020 los portugueses no podr\u00e1n salir a la calle a celebrar la ca\u00edda del fascismo. Por ello ha surgido una iniciativa para que todo el mundo desde sus ventanas o balcones salga este 25 de abril a cantar una vez m\u00e1s el himno oficioso de la Revoluci\u00f3n de los claveles.<\/p>\n<table style=\"border-collapse: collapse; width: 100%;\" border=\"1\">\n<tbody>\n<tr>\n<td style=\"width: 50%;\"><a href=\"https:\/\/espai-marx.net\/wp-content\/uploads\/2020\/04\/grandola_janela.png\"><img loading=\"lazy\" decoding=\"async\" class=\"size-medium wp-image-7469 aligncenter\" src=\"https:\/\/espai-marx.net\/wp-content\/uploads\/2020\/04\/grandola_janela-212x300.png\" alt=\"\" width=\"212\" height=\"300\" srcset=\"https:\/\/espai-marx.net\/wp-content\/uploads\/2020\/04\/grandola_janela-212x300.png 212w, https:\/\/espai-marx.net\/wp-content\/uploads\/2020\/04\/grandola_janela-725x1024.png 725w, https:\/\/espai-marx.net\/wp-content\/uploads\/2020\/04\/grandola_janela-768x1085.png 768w, https:\/\/espai-marx.net\/wp-content\/uploads\/2020\/04\/grandola_janela.png 1080w\" sizes=\"auto, (max-width: 212px) 100vw, 212px\" \/><\/a><\/td>\n<td style=\"width: 50%;\"><a href=\"https:\/\/espai-marx.net\/wp-content\/uploads\/2020\/04\/grandola_janela1.png\"><img loading=\"lazy\" decoding=\"async\" class=\"size-medium wp-image-7470 aligncenter\" src=\"https:\/\/espai-marx.net\/wp-content\/uploads\/2020\/04\/grandola_janela1-212x300.png\" alt=\"\" width=\"212\" height=\"300\" srcset=\"https:\/\/espai-marx.net\/wp-content\/uploads\/2020\/04\/grandola_janela1-212x300.png 212w, https:\/\/espai-marx.net\/wp-content\/uploads\/2020\/04\/grandola_janela1-725x1024.png 725w, https:\/\/espai-marx.net\/wp-content\/uploads\/2020\/04\/grandola_janela1-768x1085.png 768w, https:\/\/espai-marx.net\/wp-content\/uploads\/2020\/04\/grandola_janela1.png 1080w\" sizes=\"auto, (max-width: 212px) 100vw, 212px\" \/><\/a><\/td>\n<\/tr>\n<\/tbody>\n<\/table>\n<p>&nbsp;<\/p>\n","protected":false},"excerpt":{"rendered":"<p>&nbsp; Y Gr\u00e2ndola Vila Morena sigue viva. Recordemos que en el 2013, durante las movilizaciones contra la salida neoliberal de<\/p>\n","protected":false},"author":5,"featured_media":7474,"comment_status":"open","ping_status":"open","sticky":false,"template":"","format":"standard","meta":{"footnotes":""},"categories":[22,46,833],"tags":[1099,1529,1530],"class_list":["post-7466","post","type-post","status-publish","format-standard","has-post-thumbnail","hentry","category-historia-del-movimiento-y-de-la-clase-obrera","category-memoria-historica","category-videos","tag-portugal","tag-revolucion-de-los-claveles","tag-zeca-afonso"],"aioseo_notices":[],"_links":{"self":[{"href":"https:\/\/espai-marx.net\/index.php?rest_route=\/wp\/v2\/posts\/7466","targetHints":{"allow":["GET"]}}],"collection":[{"href":"https:\/\/espai-marx.net\/index.php?rest_route=\/wp\/v2\/posts"}],"about":[{"href":"https:\/\/espai-marx.net\/index.php?rest_route=\/wp\/v2\/types\/post"}],"author":[{"embeddable":true,"href":"https:\/\/espai-marx.net\/index.php?rest_route=\/wp\/v2\/users\/5"}],"replies":[{"embeddable":true,"href":"https:\/\/espai-marx.net\/index.php?rest_route=%2Fwp%2Fv2%2Fcomments&post=7466"}],"version-history":[{"count":0,"href":"https:\/\/espai-marx.net\/index.php?rest_route=\/wp\/v2\/posts\/7466\/revisions"}],"wp:featuredmedia":[{"embeddable":true,"href":"https:\/\/espai-marx.net\/index.php?rest_route=\/wp\/v2\/media\/7474"}],"wp:attachment":[{"href":"https:\/\/espai-marx.net\/index.php?rest_route=%2Fwp%2Fv2%2Fmedia&parent=7466"}],"wp:term":[{"taxonomy":"category","embeddable":true,"href":"https:\/\/espai-marx.net\/index.php?rest_route=%2Fwp%2Fv2%2Fcategories&post=7466"},{"taxonomy":"post_tag","embeddable":true,"href":"https:\/\/espai-marx.net\/index.php?rest_route=%2Fwp%2Fv2%2Ftags&post=7466"}],"curies":[{"name":"wp","href":"https:\/\/api.w.org\/{rel}","templated":true}]}}