{"id":7487,"date":"2020-04-28T05:00:14","date_gmt":"2020-04-28T04:00:14","guid":{"rendered":"https:\/\/espai-marx.net\/?p=7487"},"modified":"2020-04-28T04:26:58","modified_gmt":"2020-04-28T03:26:58","slug":"podcast-el-viatge-dangel-pestana-a-moscou","status":"publish","type":"post","link":"https:\/\/espai-marx.net\/?p=7487","title":{"rendered":"Podcast: El viatge d&#8217;\u00c1ngel Pesta\u00f1a a Moscou"},"content":{"rendered":"<p>Fa uns d\u00edes public\u00e0vem el <a href=\"https:\/\/espai-marx.net\/?p=7393\">text preparatori d&#8217;una conf\u00e8rencia<\/a> de M. Cruz Santos sobre el viatge a Moscou, en nom de la CNT, d&#8217;\u00c1ngel Pesta\u00f1a per a participar al II congr\u00e9s de la Tercera Internacional.\u00a0 Avui oferim la gravaci\u00f3 de l&#8217;acte, organitzat per la Fundaci\u00f3 Segu\u00ed el 14 d&#8217;abril de 2020 i realitzat per videoconfer\u00e8ncia donades les mesures de confinament.<\/p>\n<p>&nbsp;<\/p>\n<p><a href=\"https:\/\/espai-marx.net\/wp-content\/uploads\/2020\/01\/espaipodcastlogo3-e1580122784874.jpg\"><img loading=\"lazy\" decoding=\"async\" class=\"alignnone size-full wp-image-3960\" src=\"https:\/\/espai-marx.net\/wp-content\/uploads\/2020\/01\/espaipodcastlogo3-e1580122784874.jpg\" alt=\"\" width=\"120\" height=\"131\" \/><\/a><\/p>\n<p>&nbsp;<\/p>\n<div class=\"powerpress_player\" id=\"powerpress_player_6993\"><audio class=\"wp-audio-shortcode\" id=\"audio-7487-1\" preload=\"none\" style=\"width: 100%;\" controls=\"controls\"><source type=\"audio\/mpeg\" src=\"https:\/\/espai-marx.net\/wp-content\/uploads\/2020\/04\/20200415-Pestana-conferencia-Maria-Cruz-Santos-audio.mp3?_=1\" \/><a href=\"https:\/\/espai-marx.net\/wp-content\/uploads\/2020\/04\/20200415-Pestana-conferencia-Maria-Cruz-Santos-audio.mp3\">https:\/\/espai-marx.net\/wp-content\/uploads\/2020\/04\/20200415-Pestana-conferencia-Maria-Cruz-Santos-audio.mp3<\/a><\/audio><\/div><p class=\"powerpress_links powerpress_links_mp3\" style=\"margin-bottom: 1px !important;\">Podcast: <a href=\"https:\/\/espai-marx.net\/wp-content\/uploads\/2020\/04\/20200415-Pestana-conferencia-Maria-Cruz-Santos-audio.mp3\" class=\"powerpress_link_pinw\" target=\"_blank\" title=\"Reproducir en una nueva ventana\" onclick=\"return powerpress_pinw('https:\/\/espai-marx.net\/?powerpress_pinw=7487-podcast');\" rel=\"nofollow\">Reproducir en una nueva ventana<\/a> | <a href=\"https:\/\/espai-marx.net\/wp-content\/uploads\/2020\/04\/20200415-Pestana-conferencia-Maria-Cruz-Santos-audio.mp3\" class=\"powerpress_link_d\" title=\"Descargar\" rel=\"nofollow\" download=\"20200415-Pestana-conferencia-Maria-Cruz-Santos-audio.mp3\">Descargar<\/a> | <a href=\"#\" class=\"powerpress_link_e\" title=\"Incrustar\" onclick=\"return powerpress_show_embed('7487-podcast');\" rel=\"nofollow\">Incrustar<\/a><\/p><p class=\"powerpress_embed_box\" id=\"powerpress_embed_7487-podcast\" style=\"display: none;\"><input id=\"powerpress_embed_7487-podcast_t\" type=\"text\" value=\"&lt;iframe width=&quot;320&quot; height=&quot;30&quot; src=&quot;https:\/\/espai-marx.net\/?powerpress_embed=7487-podcast&amp;amp;powerpress_player=mediaelement-audio&quot; title=&quot;Blubrry Podcast Player&quot; frameborder=&quot;0&quot; scrolling=&quot;no&quot;&gt;&lt;\/iframe&gt;\" onclick=\"javascript: this.select();\" onfocus=\"javascript: this.select();\" style=\"width: 70%;\" readOnly><\/p><p class=\"powerpress_links powerpress_subscribe_links\">Suscr\u00edbete: <a href=\"https:\/\/www.youtube.com\/@PodcastdeEspaiMarx-ht2uc\" class=\"powerpress_link_subscribe powerpress_link_subscribe_youtube\" target=\"_blank\" title=\"Suscr\u00edbete a YouTube Music\" rel=\"nofollow\">YouTube Music<\/a> | <a href=\"https:\/\/espai-marx.net\/?feed=podcast\" class=\"powerpress_link_subscribe powerpress_link_subscribe_rss\" target=\"_blank\" title=\"Suscr\u00edbete v\u00eda RSS\" rel=\"nofollow\">RSS<\/a><\/p>","protected":false},"excerpt":{"rendered":"<p>Fa uns d\u00edes public\u00e0vem el text preparatori d&#8217;una conf\u00e8rencia de M. Cruz Santos sobre el viatge a Moscou, en nom<\/p>\n","protected":false},"author":5,"featured_media":7510,"comment_status":"open","ping_status":"open","sticky":false,"template":"","format":"standard","meta":{"footnotes":""},"categories":[17,22,851],"tags":[1485,1524],"class_list":["post-7487","post","type-post","status-publish","format-standard","has-post-thumbnail","hentry","category-historia","category-historia-del-movimiento-y-de-la-clase-obrera","category-revolucion-rusa","tag-anarquismo","tag-angel-pestana"],"aioseo_notices":[],"_links":{"self":[{"href":"https:\/\/espai-marx.net\/index.php?rest_route=\/wp\/v2\/posts\/7487","targetHints":{"allow":["GET"]}}],"collection":[{"href":"https:\/\/espai-marx.net\/index.php?rest_route=\/wp\/v2\/posts"}],"about":[{"href":"https:\/\/espai-marx.net\/index.php?rest_route=\/wp\/v2\/types\/post"}],"author":[{"embeddable":true,"href":"https:\/\/espai-marx.net\/index.php?rest_route=\/wp\/v2\/users\/5"}],"replies":[{"embeddable":true,"href":"https:\/\/espai-marx.net\/index.php?rest_route=%2Fwp%2Fv2%2Fcomments&post=7487"}],"version-history":[{"count":0,"href":"https:\/\/espai-marx.net\/index.php?rest_route=\/wp\/v2\/posts\/7487\/revisions"}],"wp:featuredmedia":[{"embeddable":true,"href":"https:\/\/espai-marx.net\/index.php?rest_route=\/wp\/v2\/media\/7510"}],"wp:attachment":[{"href":"https:\/\/espai-marx.net\/index.php?rest_route=%2Fwp%2Fv2%2Fmedia&parent=7487"}],"wp:term":[{"taxonomy":"category","embeddable":true,"href":"https:\/\/espai-marx.net\/index.php?rest_route=%2Fwp%2Fv2%2Fcategories&post=7487"},{"taxonomy":"post_tag","embeddable":true,"href":"https:\/\/espai-marx.net\/index.php?rest_route=%2Fwp%2Fv2%2Ftags&post=7487"}],"curies":[{"name":"wp","href":"https:\/\/api.w.org\/{rel}","templated":true}]}}