{"id":750,"date":"2007-05-28T00:00:00","date_gmt":"2007-05-28T00:00:00","guid":{"rendered":"https:\/\/espai-marx.net\/?p=750"},"modified":"2020-02-27T10:30:39","modified_gmt":"2020-02-27T09:30:39","slug":"nuevos-escritos-filosoficos-de-manuel-sacristan","status":"publish","type":"post","link":"https:\/\/espai-marx.net\/?p=750","title":{"rendered":"Nuevos escritos filos\u00f3ficos de Manuel Sacrist\u00e1n"},"content":{"rendered":"<p>Albert Domingo Curto ha editado recientemente en Trotta <i>Lecturas de filosof\u00eda moderna y contempor\u00e1nea, <\/i>un conjunto de textos, en su mayor\u00eda in\u00e9ditos, de Manuel Sacrist\u00e1n Luz\u00f3n.<\/p>\n<p>Componen <i>Lecturas<\/i> diecis\u00e9is escritos y dos textos m\u00e1s recogidos en\u00a0 ap\u00e9ndice. Siete de ellos, totalmente in\u00e9ditos; los restantes, de dif\u00edcil localizaci\u00f3n y no incorporados ni a <i>Panfletos y Materiales<\/i> ni al volumen que con el t\u00edtulo <i>Pacifismo, ecologismo y pol\u00edtica alternativa<\/i> fue editado por Juan-Ram\u00f3n Capella en 1987.<\/p>\n<p>\u201cLibertad\u201d, \u201cSimone Weil\u201d, \u201cPersonalismo\u201d, \u201cPensamiento pol\u00edtico de Jos\u00e9 Antonio Primo de Rivera\u201d y \u201cKant\u201d, los cinco primeros textos del volumen, son entradas, in\u00e9ditas las dos \u00faltimas,\u00a0 que Sacrist\u00e1n escribi\u00f3 a inicios de los a\u00f1os cincuenta, antes de su marcha al Instituto de L\u00f3gica Matem\u00e1tica y Fundamentos de la Ciencia de la Universidad de M\u00fcnster en Westfalia, para la Enciclopedia Pol\u00edtica Argos, una enciclopedia dirigida por Esteban Pinilla de las Heras que no lleg\u00f3 a editarse.<\/p>\n<p>\u201cEl concepto kantiano de historia\u201d, el sexto escrito recogido, se public\u00f3 en 1953, en el n\u00famero 22 de <i>Laye. <\/i>Se reedit\u00f3 en un volumen colectivo sobre temas historiogr\u00e1ficos en los a\u00f1os ochenta<\/p>\n<p>\u201cSobre la doctrina trascendental del juicio en la cr\u00edtica de la <i>Raz\u00f3n pura<\/i> de Kant\u201d fue probablemente un trabajo que Sacrist\u00e1n redact\u00f3 para alg\u00fan curso de doctorado a inicios de los cincuenta. Junto con los dos anteriores, es muestra del magn\u00edfico conocimiento que Sacrist\u00e1n ten\u00eda de la obra del fil\u00f3sofo cr\u00edtico.<\/p>\n<p>\u201cKarl Marx\u201d es una voz de 1967 escrita para la Enciclopedia Planeta-Larousse. Algunas de las tesis que Sacrist\u00e1n formular\u00e1 con m\u00e1s desarrollo en uno de los mejores trabajos de marxolog\u00eda escrito en nuestro pa\u00eds \u2013\u201cEl trabajo cient\u00edfico de Marx y su noci\u00f3n de ciencia\u201d- quedan aqu\u00ed ya apuntadas.<\/p>\n","protected":false},"excerpt":{"rendered":"<p>\u00a0\u00a0\u00a0\u00a0\u00a0\u00a0\u00a0\u00a0 Albert Domingo Curto ha editado recientemente en Trotta Lecturas de filosof\u00eda moderna y contempor\u00e1nea, un conjunto de textos, en su mayor\u00eda in\u00e9ditos, de Manuel Sacrist\u00e1n Luz\u00f3n.<\/p>\n<p>\u00a0\u00a0\u00a0\u00a0\u00a0\u00a0\u00a0\u00a0 Componen Lecturas diecis\u00e9is escritos y dos textos m\u00e1s recogidos en\u00a0 ap\u00e9ndice. Siete de ellos, totalmente in\u00e9ditos; los restantes, de dif\u00edcil localizaci\u00f3n y no incorporados ni a Panfletos y Materiales ni al volumen que con el t\u00edtulo Pacifismo, ecologismo y pol\u00edtica alternativa fue editado por Juan-Ram\u00f3n Capella en 1987.<\/p>\n<p>\u00a0\u00a0\u00a0\u00a0\u00a0\u00a0\u00a0\u00a0 \u201cLibertad\u201d, \u201cSimone Weil\u201d, \u201cPersonalismo\u201d, \u201cPensamiento pol\u00edtico de Jos\u00e9 Antonio Primo de Rivera\u201d y \u201cKant\u201d, los cinco primeros textos del volumen, son entradas, in\u00e9ditas las dos \u00faltimas,\u00a0 que Sacrist\u00e1n escribi\u00f3 a inicios de los a\u00f1os cincuenta, antes de su marcha al Instituto de L\u00f3gica Matem\u00e1tica y Fundamentos de la Ciencia de la Universidad de M\u00fcnster en Westfalia, para la Enciclopedia Pol\u00edtica Argos, una enciclopedia dirigida por Esteban Pinilla de las Heras que no lleg\u00f3 a editarse.<\/p>\n<p>\u00a0\u00a0\u00a0\u00a0\u00a0\u00a0\u00a0\u00a0 \u201cEl concepto kantiano de historia\u201d, el sexto escrito recogido, se public\u00f3 en 1953, en el n\u00famero 22 de Laye. Se reedit\u00f3 en un volumen colectivo sobre temas historiogr\u00e1ficos en los a\u00f1os ochenta<\/p>\n<p>\u00a0\u00a0\u00a0\u00a0\u00a0\u00a0\u00a0\u00a0 \u201cSobre la doctrina trascendental del juicio en la cr\u00edtica de la Raz\u00f3n pura de Kant\u201d fue probablemente un trabajo que Sacrist\u00e1n redact\u00f3 para alg\u00fan curso de doctorado a inicios de los cincuenta. Junto con los dos anteriores, es muestra del magn\u00edfico conocimiento que Sacrist\u00e1n ten\u00eda de la obra del fil\u00f3sofo cr\u00edtico. <\/p>\n<p>\u00a0\u00a0\u00a0\u00a0\u00a0\u00a0\u00a0\u00a0 \u201cKarl Marx\u201d es una voz de 1967 escrita para la Enciclopedia Planeta-Larousse. Algunas de las tesis que Sacrist\u00e1n formular\u00e1 con m\u00e1s desarrollo en uno de los mejores trabajos de marxolog\u00eda escrito en nuestro pa\u00eds \u2013\u201cEl trabajo cient\u00edfico de Marx y su noci\u00f3n de ciencia\u201d- quedan aqu\u00ed ya apuntadas.<\/p>\n","protected":false},"author":9,"featured_media":0,"comment_status":"open","ping_status":"open","sticky":false,"template":"","format":"standard","meta":{"footnotes":""},"categories":[11],"tags":[1377,993,917],"class_list":["post-750","post","type-post","status-publish","format-standard","hentry","category-general","tag-lecturas-de-filosofia-moderna-y-contemporanea","tag-manuel-sacristan","tag-resenas"],"aioseo_notices":[],"_links":{"self":[{"href":"https:\/\/espai-marx.net\/index.php?rest_route=\/wp\/v2\/posts\/750","targetHints":{"allow":["GET"]}}],"collection":[{"href":"https:\/\/espai-marx.net\/index.php?rest_route=\/wp\/v2\/posts"}],"about":[{"href":"https:\/\/espai-marx.net\/index.php?rest_route=\/wp\/v2\/types\/post"}],"author":[{"embeddable":true,"href":"https:\/\/espai-marx.net\/index.php?rest_route=\/wp\/v2\/users\/9"}],"replies":[{"embeddable":true,"href":"https:\/\/espai-marx.net\/index.php?rest_route=%2Fwp%2Fv2%2Fcomments&post=750"}],"version-history":[{"count":0,"href":"https:\/\/espai-marx.net\/index.php?rest_route=\/wp\/v2\/posts\/750\/revisions"}],"wp:attachment":[{"href":"https:\/\/espai-marx.net\/index.php?rest_route=%2Fwp%2Fv2%2Fmedia&parent=750"}],"wp:term":[{"taxonomy":"category","embeddable":true,"href":"https:\/\/espai-marx.net\/index.php?rest_route=%2Fwp%2Fv2%2Fcategories&post=750"},{"taxonomy":"post_tag","embeddable":true,"href":"https:\/\/espai-marx.net\/index.php?rest_route=%2Fwp%2Fv2%2Ftags&post=750"}],"curies":[{"name":"wp","href":"https:\/\/api.w.org\/{rel}","templated":true}]}}