{"id":7521,"date":"2020-05-01T05:00:30","date_gmt":"2020-05-01T04:00:30","guid":{"rendered":"https:\/\/espai-marx.net\/?p=7521"},"modified":"2020-05-01T04:39:12","modified_gmt":"2020-05-01T03:39:12","slug":"historia-del-primer-de-mayo-de-maurice-dommanget","status":"publish","type":"post","link":"https:\/\/espai-marx.net\/?p=7521","title":{"rendered":"Historia del Primero de Mayo de Maurice Dommanget"},"content":{"rendered":"<p><a href=\"https:\/\/espai-marx.net\/wp-content\/uploads\/2020\/05\/Maurice_dommanget.jpg\"><img loading=\"lazy\" decoding=\"async\" class=\"size-full wp-image-7523 alignleft\" src=\"https:\/\/espai-marx.net\/wp-content\/uploads\/2020\/05\/Maurice_dommanget.jpg\" alt=\"\" width=\"157\" height=\"245\" \/><\/a><a href=\"https:\/\/fr.wikipedia.org\/wiki\/Maurice_Dommanget\">Maurice Dommanget<\/a> (1888-1976) fue un ense\u00f1ante, sindicalista revolucionario e historiador de la revoluci\u00f3n francesa y de la historia del movimiento obrero.<\/p>\n<p>Afiliado al reci\u00e9n creado Partido Comunista Franc\u00e9s en 1920, ser\u00e1 secretario general de la Federaci\u00f3n Unitaria de la Ense\u00f1anza P\u00fablica (FUEP), en el seno de la CGTU. En 1929 abandona el PCF pero sigue como comunista de oposici\u00f3n en el seno de la FUEP. Su papel como sindicalista se reduce mucho tras la reunificaci\u00f3n de la CGT en 1936 y centrar\u00e1 a partir de entonces su actividad en la investigaci\u00f3n hist\u00f3rica. Purgado durante la Ocupaci\u00f3n, recupera su puesto en 1944 y colabora en la reconstituci\u00f3n en el seno de la Federaci\u00f3n de Educaci\u00f3n Nacional\u00a0 de una tendencia revolucionaria.<\/p>\n<p>\u00abEspecialista en Babeuf -tenemos una selecci\u00f3n de sus obras en Els Arbres de Fahrenheit- en Blanqui y los blanquistas, fue tambi\u00e9n un historiador de los s\u00edmbolos, de los cantos, de las banderas. En su oficina, convertida en un aut\u00e9ntico museo Blanqui, Dommanget trabaja hasta el final de sus d\u00edas en una recopilaci\u00f3n de estudios sobre Jean Jaur\u00e8s\u00bb.<\/p>\n<p>Entre sus numerosas publicaciones podemos destacar:<\/p>\n<ul>\n<li>Sobre la revoluci\u00f3n francesa:<\/li>\n<\/ul>\n<ul>\n<li style=\"list-style-type: none;\">\n<ul>\n<li><i>La R\u00e9volution dans le canton de Neuilly Saint-Front (Aisne)<\/i>, Beauvais, 1913 (r\u00e9\u00e9dition\u00a0: , Paris, Office d&#8217;\u00e9dition du livre d&#8217;histoire, 1995)<\/li>\n<li><i>La D\u00e9christianisation \u00e0 Beauvais et dans l&#8217;Oise <abbr class=\"abbr\" title=\"Premi\u00e8re\">1<sup>re<\/sup><\/abbr>\u00a0partie<\/i>, Besan\u00e7on, Millot Fr\u00e8res, 1918.<\/li>\n<li><i>Babeuf et la Conjuration des \u00c9gaux<\/i>, Paris, Librairie de l&#8217;Humanit\u00e9, 1922. Reedici\u00f3n Paris, Spartacus, 2009.<\/li>\n<li><i>La d\u00e9christianisation \u00e0 Beauvais et dans l&#8217;Oise <abbr class=\"abbr\" title=\"Deuxi\u00e8me\">2<sup>e<\/sup><\/abbr>\u00a0partie<\/i>, Paris, Alcan, 1922.<\/li>\n<li><i>Pages choisies de Babeuf <\/i>, Armand Colin, 1935,<\/li>\n<li><i>Jacques Roux, le cur\u00e9 rouge. Les \u00abEnrag\u00e9s\u00bb contre la vie ch\u00e8re sous la R\u00e9volution<\/i>, Paris, Spartacus, 1948.<\/li>\n<li><i>Saint-Just<\/i>, Paris, Archives r\u00e9volutionnaires, 1971, 204 p.<\/li>\n<\/ul>\n<\/li>\n<\/ul>\n<ul>\n<li>Sobre el siglo XIX en Francia:<\/li>\n<\/ul>\n<ul>\n<li style=\"list-style-type: none;\">\n<ul>\n<li><i>Victor Consid\u00e9rant, Sa vie, son \u0153uvre<\/i>, Paris, \u00c9ditions sociales internationales, 1929.<\/li>\n<li><i>\u00c9douard Vaillant, un grand socialiste<\/i>, 1956, Paris, La Table Ronde, 529 p.<\/li>\n<li><i>Blanqui et l&#8217;opposition r\u00e9volutionnaire \u00e0 la fin du second Empire<\/i>, Paris, Armand Colin, 1960.<\/li>\n<li><i>L&#8217;enseignement, l&#8217;enfance et la culture sous la Commune<\/i>, Alen\u00e7on, Librairie de l&#8217;\u00c9toile, 1964, 175 p.<\/li>\n<li><i>La Chevalerie du Travail fran\u00e7aise<\/i>, Lausanne, Rencontre, 1967, 566 p.<\/li>\n<li><i>L&#8217;Introduction du marxisme en France<\/i>, Lausanne, Rencontre, 1969, 232 p.<\/li>\n<li>\u00ab\u00a0Pr\u00e9sentation\u00a0\u00bb de Paul Lafargue, <i>Le droit \u00e0 la paresse<\/i>, Paris, Maspero, 1969 (La D\u00e9couverte, 2009\u00a0: 63-179).<\/li>\n<li><i>La Commune<\/i>, Bruxelles, \u00c9ditions La Taupe, 1971, 302p. (comprenant la r\u00e9\u00e9dition de ses nombreux articles et brochures sur la Commune de Paris).<\/li>\n<li><i>Auguste Blanqui au d\u00e9but de la <abbr class=\"abbr\" title=\"Troisi\u00e8me\">III<sup>e<\/sup><\/abbr> R\u00e9publique<\/i>, Paris, Mouton, 1971, 164 p.<\/li>\n<li><i>Eug\u00e8ne Pottier, membre de la Commune et chantre de l&#8217;Internationale<\/i>, Paris, EDI, 1971, 170 p.<\/li>\n<li><i>Sylvain Mar\u00e9chal, l&#8217;\u00e9galitaire, l&#8217;homme sans Dieu<\/i>, Paris, Spartacus, 1950. R\u00e9\u00e9dition Paris, Spartacus, 2017<sup id=\"cite_ref-7\" class=\"reference\"><\/sup>.<\/li>\n<li><i>L\u2019enfance sous la Commune<\/i>, Le Bas du pav\u00e9, 2018.<\/li>\n<\/ul>\n<\/li>\n<\/ul>\n<ul>\n<li>Obras diversas:<\/li>\n<\/ul>\n<ul>\n<li style=\"list-style-type: none;\">\n<ul>\n<li><i>La Rivi\u00e8re d&#8217;Ourcq &amp; ses affluents\u00a0: \u00e9tude historique et hydrographique<\/i>, Compi\u00e8gne, Imprimerie-librairie Decelle, 1906<\/li>\n<li><i>Le Cur\u00e9 Meslier, ath\u00e9e, communiste et r\u00e9volutionnaire sous Louis XIV<\/i>, Paris, Julliard, 1965 (r\u00e9\u00e9d.\u00a0: Coda, 2008), 336 p.<\/li>\n<li><i>Histoire du drapeau rouge<\/i>, Alen\u00e7on, Librairie de l&#8217;\u00c9toile, 1966, 502 p. (r\u00e9\u00e9d.\u00a0: Marseille, Le mot et le reste, 2006, 551 p.)<\/li>\n<li><i>Les Grands Socialistes et l\u2019\u00e9ducation, de Platon \u00e0 L\u00e9nine<\/i>, Paris, Armand Colin, 1970, 470 p.<\/li>\n<li><i>La Jacquerie<\/i>, Paris, Maspero, 1971, 125 p.<\/li>\n<li><i>Les belles figures du prol\u00e9tariat\u00a0: Eug\u00e8ne Varlin (1839-1871)<\/i>, La Ruche ouvri\u00e8re, 1976,<\/li>\n<\/ul>\n<\/li>\n<\/ul>\n<p>La obra que hoy presentamos forma parte de este \u00faltimo grupo. <i>Histoire du <abbr class=\"abbr\" title=\"Premier\">1<sup>er<\/sup><\/abbr> mai<\/i>, fue publicada originalmente en Par\u00eds en 1953. En 1956 aparece una traducci\u00f3n al espa\u00f1ol publicada en Buenos Aires, en Americalee, traducida por Marta Gustavino. La edici\u00f3n definitiva en franc\u00e9s se publica en 1972 en la T\u00eate de Feuilles en Par\u00eds, con una reedici\u00f3n en Marsella de Le Mot et le Reste, 2006, 520 p. La edici\u00f3n que ofrecemos fue publicada por la editorial Laia en 1976.<\/p>\n<p>\u00abMe propuse escribir como si se tratara de una vida la biograf\u00eda de esta \u00abpersona\u00bb que es el 1\u00ba de Mayo. Y ya que est\u00e1 \u00edntimamente ligada a los \u00abtres ochos\u00bb, a la huelga general, al internacionalismo proletario y a la fiesta del Trabajo, no conven\u00eda extraviarse, teniendo cada una de estas nociones su historia particular que precede a veces muy de lejos a la historia del 1\u00ba de Mayo propiamente dicho. O, m\u00e1s bien, hab\u00eda que hablar de ellas solamente en la medida en que el tema lo exig\u00eda. Por otra parte, estableciendo la filiaci\u00f3n hab\u00eda de delimitar bien el 1\u00ba de Mayo de incubaci\u00f3n inmediata, el 1\u00ba de Mayo nacional americano, y el 1\u00ba de Mayo internacional, el verdadero 1\u00ba de Mayo, cuyo nacimiento real data del 21 de julio de 1839. Por fin, hab\u00eda que discernir y separar de entre la diversidad de acontecimientos y peripecias, e incluso de latitudes, el sentido profundo de la direcci\u00f3n de conjunto.<br \/>\nEl 1\u00ba de Mayo viene del fondo de nuestra \u00e9poca. Pero, como todos los grandes fen\u00f3menos y movimientos sociales que emergen en la historia, estuvo precedido por utop\u00edas y fen\u00f3menos m\u00e1s modestos que lo anunciaron. Se los encontrar\u00e1 aqu\u00ed reproducidos. No hacen m\u00e1s que confirmar con fuerza su origen colectivo al salvar del olvido algunas tentativas y unos cuantos nombres.\u00bb (Introducci\u00f3n del autor)<\/p>\n<p>Nuestra entrada para la descarga del libro en Els Arbres de Fahrenheit: <a href=\"https:\/\/espai-marx.net\/elsarbres\/?rcno_review=historia-del-primero-de-mayo-maurice-dommanget\">https:\/\/espai-marx.net\/elsarbres\/?rcno_review=historia-del-primero-de-mayo-maurice-dommanget<\/a><\/p>\n","protected":false},"excerpt":{"rendered":"<p><i>Histoire du 1er mai<\/i>, fue publicada originalmente en Par\u00eds en 1953. En 1956 aparece una traducci\u00f3n al espa\u00f1ol publicada en Buenos Aires, en Americalee, traducida por Marta Gustavino. La edici\u00f3n definitiva en franc\u00e9s se publica en 1972 en la T\u00eate de Feuilles en Par\u00eds, con una reedici\u00f3n en Marsella de Le Mot et le Reste, 2006, 520 p.<\/p>\n","protected":false},"author":5,"featured_media":7522,"comment_status":"open","ping_status":"open","sticky":false,"template":"","format":"standard","meta":{"footnotes":""},"categories":[825,17,22],"tags":[1533],"class_list":["post-7521","post","type-post","status-publish","format-standard","has-post-thumbnail","hentry","category-elsarbres","category-historia","category-historia-del-movimiento-y-de-la-clase-obrera","tag-1o-de-mayo"],"aioseo_notices":[],"_links":{"self":[{"href":"https:\/\/espai-marx.net\/index.php?rest_route=\/wp\/v2\/posts\/7521","targetHints":{"allow":["GET"]}}],"collection":[{"href":"https:\/\/espai-marx.net\/index.php?rest_route=\/wp\/v2\/posts"}],"about":[{"href":"https:\/\/espai-marx.net\/index.php?rest_route=\/wp\/v2\/types\/post"}],"author":[{"embeddable":true,"href":"https:\/\/espai-marx.net\/index.php?rest_route=\/wp\/v2\/users\/5"}],"replies":[{"embeddable":true,"href":"https:\/\/espai-marx.net\/index.php?rest_route=%2Fwp%2Fv2%2Fcomments&post=7521"}],"version-history":[{"count":0,"href":"https:\/\/espai-marx.net\/index.php?rest_route=\/wp\/v2\/posts\/7521\/revisions"}],"wp:featuredmedia":[{"embeddable":true,"href":"https:\/\/espai-marx.net\/index.php?rest_route=\/wp\/v2\/media\/7522"}],"wp:attachment":[{"href":"https:\/\/espai-marx.net\/index.php?rest_route=%2Fwp%2Fv2%2Fmedia&parent=7521"}],"wp:term":[{"taxonomy":"category","embeddable":true,"href":"https:\/\/espai-marx.net\/index.php?rest_route=%2Fwp%2Fv2%2Fcategories&post=7521"},{"taxonomy":"post_tag","embeddable":true,"href":"https:\/\/espai-marx.net\/index.php?rest_route=%2Fwp%2Fv2%2Ftags&post=7521"}],"curies":[{"name":"wp","href":"https:\/\/api.w.org\/{rel}","templated":true}]}}