{"id":7653,"date":"2020-05-16T05:00:22","date_gmt":"2020-05-16T04:00:22","guid":{"rendered":"https:\/\/espai-marx.net\/?p=7653"},"modified":"2020-05-16T06:06:27","modified_gmt":"2020-05-16T05:06:27","slug":"hacia-hegel-introduccion-al-pensamiento-de-hegel","status":"publish","type":"post","link":"https:\/\/espai-marx.net\/?p=7653","title":{"rendered":"Hacia Hegel: introducci\u00f3n al pensamiento de Hegel"},"content":{"rendered":"<p>En el segundo semestre de 2019 el profesor Carlos P\u00e9rez Soto imparti\u00f3 en la Universidad Metropolitana de Ciencias de la Educaci\u00f3n (UMCE) de Chile un curso de introducci\u00f3n a la figura de Hegel, aunque en las primeras sesiones se hace un repaso al marco intelectual y filos\u00f3fico anterior, muy especialmente el pensamiento de Immanuel Kant.<\/p>\n<p>Las sesiones se pueden encontrar en Youtube, pero son en realidad un archivo de audio con una imagen fija. Por ello hemos decidido ofrecer tambi\u00e9n una versi\u00f3n en archivo de audio que quiz\u00e1 pueda ser m\u00e1s c\u00f3moda para algunos usuarios.<\/p>\n<p><strong>Lista de reproducci\u00f3n en v\u00eddeo del ciclo de conferencias: <a href=\"https:\/\/www.youtube.com\/playlist?list=PLXAdtK_tCLxLvOJPA2f7AUbLqrVDvqUDF\">Listado completo<\/a>.<br \/>\n<\/strong><\/p>\n<p><strong>V\u00eddeo del primer curso:<\/strong><\/p>\n<p><iframe loading=\"lazy\" title=\"Hacia Hegel (Introducci\u00f3n al pensamiento de Hegel) - UMCE - Carlos P\u00e9rez Soto\" width=\"800\" height=\"450\" src=\"https:\/\/www.youtube.com\/embed\/videoseries?list=PLXAdtK_tCLxLvOJPA2f7AUbLqrVDvqUDF\" frameborder=\"0\" allow=\"accelerometer; autoplay; clipboard-write; encrypted-media; gyroscope; picture-in-picture; web-share\" referrerpolicy=\"strict-origin-when-cross-origin\" allowfullscreen><\/iframe><\/p>\n<p>&nbsp;<\/p>\n<p><strong><a href=\"https:\/\/espai-marx.net\/wp-content\/uploads\/2020\/01\/espaipodcastlogo3-e1580122784874.jpg\"><img loading=\"lazy\" decoding=\"async\" class=\"size-thumbnail wp-image-3960 aligncenter\" src=\"https:\/\/espai-marx.net\/wp-content\/uploads\/2020\/01\/espaipodcastlogo3-150x150.jpg\" alt=\"\" width=\"150\" height=\"150\" \/><\/a><\/strong><\/p>\n<p><strong>Versi\u00f3n en audio del total de las clases (podcasts):<\/strong><\/p>\n<ul>\n<li><strong>Clase 1\u00a0 &#8211; Biograf\u00eda, mitos y dificultades de Hegel (1:55:06)<\/strong><\/li>\n<\/ul>\n<audio class=\"wp-audio-shortcode\" id=\"audio-7653-1\" preload=\"none\" style=\"width: 100%;\" controls=\"controls\"><source type=\"audio\/mpeg\" src=\"https:\/\/espai-marx.net\/wp-content\/uploads\/2020\/05\/Hacia-Hegel-Clase-1-Carlos-P\u00e9rez-Soto-1.mp3?_=1\" \/><a href=\"https:\/\/espai-marx.net\/wp-content\/uploads\/2020\/05\/Hacia-Hegel-Clase-1-Carlos-P\u00e9rez-Soto-1.mp3\">https:\/\/espai-marx.net\/wp-content\/uploads\/2020\/05\/Hacia-Hegel-Clase-1-Carlos-P\u00e9rez-Soto-1.mp3<\/a><\/audio>\n<p>&nbsp;<\/p>\n<ul>\n<li><strong>Clase 2 &#8211; Pre-Hegel: contexto hist\u00f3rico, filos\u00f3fico y cultural (1:57:41)<br \/>\n<\/strong><\/li>\n<\/ul>\n<audio class=\"wp-audio-shortcode\" id=\"audio-7653-2\" preload=\"none\" style=\"width: 100%;\" controls=\"controls\"><source type=\"audio\/mpeg\" src=\"https:\/\/espai-marx.net\/wp-content\/uploads\/2020\/05\/Hacia-Hegel-Clase-2-Carlos-P\u00e9rez-Soto.mp3?_=2\" \/><a href=\"https:\/\/espai-marx.net\/wp-content\/uploads\/2020\/05\/Hacia-Hegel-Clase-2-Carlos-P\u00e9rez-Soto.mp3\">https:\/\/espai-marx.net\/wp-content\/uploads\/2020\/05\/Hacia-Hegel-Clase-2-Carlos-P\u00e9rez-Soto.mp3<\/a><\/audio>\n<p>&nbsp;<\/p>\n<ul>\n<li>\u00a0<strong>Clase 3 &#8211; Kant: Cr\u00edtica de la Raz\u00f3n Pura (2:01:11)<br \/>\n<\/strong><\/li>\n<\/ul>\n<audio class=\"wp-audio-shortcode\" id=\"audio-7653-3\" preload=\"none\" style=\"width: 100%;\" controls=\"controls\"><source type=\"audio\/mpeg\" src=\"https:\/\/espai-marx.net\/wp-content\/uploads\/2020\/05\/Hacia-Hegel-Clase-3-Carlos-P\u00e9rez-Soto.mp3?_=3\" \/><a href=\"https:\/\/espai-marx.net\/wp-content\/uploads\/2020\/05\/Hacia-Hegel-Clase-3-Carlos-P\u00e9rez-Soto.mp3\">https:\/\/espai-marx.net\/wp-content\/uploads\/2020\/05\/Hacia-Hegel-Clase-3-Carlos-P\u00e9rez-Soto.mp3<\/a><\/audio>\n<p>&nbsp;<\/p>\n<ul>\n<li><strong>Clase 4 &#8211; Kant: Proyecto Intelectual de las Cr\u00edticas (1:45:06)<br \/>\n<\/strong><\/li>\n<\/ul>\n<audio class=\"wp-audio-shortcode\" id=\"audio-7653-4\" preload=\"none\" style=\"width: 100%;\" controls=\"controls\"><source type=\"audio\/mpeg\" src=\"https:\/\/espai-marx.net\/wp-content\/uploads\/2020\/05\/Hacia-Hegel-Clase-4-Carlos-P\u00e9rez-Soto.mp3?_=4\" \/><a href=\"https:\/\/espai-marx.net\/wp-content\/uploads\/2020\/05\/Hacia-Hegel-Clase-4-Carlos-P\u00e9rez-Soto.mp3\">https:\/\/espai-marx.net\/wp-content\/uploads\/2020\/05\/Hacia-Hegel-Clase-4-Carlos-P\u00e9rez-Soto.mp3<\/a><\/audio>\n<p>&nbsp;<\/p>\n<ul>\n<li>\u00a0<strong>Clase 5 &#8211; Hegel: su lectura de Kant y el idealismo alem\u00e1n (2:17:01)<br \/>\n<\/strong><\/li>\n<\/ul>\n<audio class=\"wp-audio-shortcode\" id=\"audio-7653-5\" preload=\"none\" style=\"width: 100%;\" controls=\"controls\"><source type=\"audio\/mpeg\" src=\"https:\/\/espai-marx.net\/wp-content\/uploads\/2020\/05\/Hacia-Hegel-Clase-5-Carlos-P\u00e9rez-Soto.mp3?_=5\" \/><a href=\"https:\/\/espai-marx.net\/wp-content\/uploads\/2020\/05\/Hacia-Hegel-Clase-5-Carlos-P\u00e9rez-Soto.mp3\">https:\/\/espai-marx.net\/wp-content\/uploads\/2020\/05\/Hacia-Hegel-Clase-5-Carlos-P\u00e9rez-Soto.mp3<\/a><\/audio>\n<p>&nbsp;<\/p>\n<ul>\n<li>\u00a0<strong>Clase 6 &#8211; Hegel: algunas claves de introducci\u00f3n (1:50:31)<br \/>\n<\/strong><\/li>\n<\/ul>\n<audio class=\"wp-audio-shortcode\" id=\"audio-7653-6\" preload=\"none\" style=\"width: 100%;\" controls=\"controls\"><source type=\"audio\/mpeg\" src=\"https:\/\/espai-marx.net\/wp-content\/uploads\/2020\/05\/Hacia-Hegel-Clase-6-Carlos-P\u00e9rez-Soto.mp3?_=6\" \/><a href=\"https:\/\/espai-marx.net\/wp-content\/uploads\/2020\/05\/Hacia-Hegel-Clase-6-Carlos-P\u00e9rez-Soto.mp3\">https:\/\/espai-marx.net\/wp-content\/uploads\/2020\/05\/Hacia-Hegel-Clase-6-Carlos-P\u00e9rez-Soto.mp3<\/a><\/audio>\n<p>&nbsp;<\/p>\n<ul>\n<li>\u00a0<strong>Clase 7 &#8211; Hegel: teleolog\u00eda, determinaci\u00f3n y necesidad (2:08:36)<br \/>\n<\/strong><\/li>\n<\/ul>\n<audio class=\"wp-audio-shortcode\" id=\"audio-7653-7\" preload=\"none\" style=\"width: 100%;\" controls=\"controls\"><source type=\"audio\/mpeg\" src=\"https:\/\/espai-marx.net\/wp-content\/uploads\/2020\/05\/Hacia-Hegel-Clase-7-Carlos-P\u00e9rez-Soto.mp3?_=7\" \/><a href=\"https:\/\/espai-marx.net\/wp-content\/uploads\/2020\/05\/Hacia-Hegel-Clase-7-Carlos-P\u00e9rez-Soto.mp3\">https:\/\/espai-marx.net\/wp-content\/uploads\/2020\/05\/Hacia-Hegel-Clase-7-Carlos-P\u00e9rez-Soto.mp3<\/a><\/audio>\n<p>&nbsp;<\/p>\n<ul>\n<li>\u00a0<strong>Clase 8 &#8211; Hegel, empirismo y psicoan\u00e1lisis: el Deseo (1:57:01)<br \/>\n<\/strong><\/li>\n<\/ul>\n<audio class=\"wp-audio-shortcode\" id=\"audio-7653-8\" preload=\"none\" style=\"width: 100%;\" controls=\"controls\"><source type=\"audio\/mpeg\" src=\"https:\/\/espai-marx.net\/wp-content\/uploads\/2020\/05\/Hacia-Hegel-Clase-8-Carlos-P\u00e9rez-Soto.mp3?_=8\" \/><a href=\"https:\/\/espai-marx.net\/wp-content\/uploads\/2020\/05\/Hacia-Hegel-Clase-8-Carlos-P\u00e9rez-Soto.mp3\">https:\/\/espai-marx.net\/wp-content\/uploads\/2020\/05\/Hacia-Hegel-Clase-8-Carlos-P\u00e9rez-Soto.mp3<\/a><\/audio>\n<p>&nbsp;<\/p>\n<ul>\n<li>\u00a0<strong>Clase 9 &#8211; Hegel: temporalidad, evoluci\u00f3n e historia (1:51:21)<br \/>\n<\/strong><\/li>\n<\/ul>\n<audio class=\"wp-audio-shortcode\" id=\"audio-7653-9\" preload=\"none\" style=\"width: 100%;\" controls=\"controls\"><source type=\"audio\/mpeg\" src=\"https:\/\/espai-marx.net\/wp-content\/uploads\/2020\/05\/Hacia-Hegel-Clase-9-Carlos-P\u00e9rez-Soto.mp3?_=9\" \/><a href=\"https:\/\/espai-marx.net\/wp-content\/uploads\/2020\/05\/Hacia-Hegel-Clase-9-Carlos-P\u00e9rez-Soto.mp3\">https:\/\/espai-marx.net\/wp-content\/uploads\/2020\/05\/Hacia-Hegel-Clase-9-Carlos-P\u00e9rez-Soto.mp3<\/a><\/audio>\n<p>&nbsp;<\/p>\n<ul>\n<li>\u00a0<strong>Clase 10 &#8211; Hegel: Fenomenolog\u00eda del Esp\u00edritu (1:49:31)<br \/>\n<\/strong><\/li>\n<\/ul>\n<audio class=\"wp-audio-shortcode\" id=\"audio-7653-10\" preload=\"none\" style=\"width: 100%;\" controls=\"controls\"><source type=\"audio\/mpeg\" src=\"https:\/\/espai-marx.net\/wp-content\/uploads\/2020\/05\/Hacia-Hegel-Clase-10-Carlos-P\u00e9rez-Soto.mp3?_=10\" \/><a href=\"https:\/\/espai-marx.net\/wp-content\/uploads\/2020\/05\/Hacia-Hegel-Clase-10-Carlos-P\u00e9rez-Soto.mp3\">https:\/\/espai-marx.net\/wp-content\/uploads\/2020\/05\/Hacia-Hegel-Clase-10-Carlos-P\u00e9rez-Soto.mp3<\/a><\/audio>\n<p>&nbsp;<\/p>\n<ul>\n<li>\u00a0<strong>Clase 11 &#8211; Hegel: Ciencia de la L\u00f3gica (1:53:36)<br \/>\n<\/strong><\/li>\n<\/ul>\n<audio class=\"wp-audio-shortcode\" id=\"audio-7653-11\" preload=\"none\" style=\"width: 100%;\" controls=\"controls\"><source type=\"audio\/mpeg\" src=\"https:\/\/espai-marx.net\/wp-content\/uploads\/2020\/05\/Hacia-Hegel-Clase-11-Carlos-P\u00e9rez-Soto.mp3?_=11\" \/><a href=\"https:\/\/espai-marx.net\/wp-content\/uploads\/2020\/05\/Hacia-Hegel-Clase-11-Carlos-P\u00e9rez-Soto.mp3\">https:\/\/espai-marx.net\/wp-content\/uploads\/2020\/05\/Hacia-Hegel-Clase-11-Carlos-P\u00e9rez-Soto.mp3<\/a><\/audio>\n<p>&nbsp;<\/p>\n<ul>\n<li>\u00a0<strong>Clase 12 &#8211; Hegel. Enciclopedia de las Ciencias Filos\u00f3ficas (1:29:21)<br \/>\n<\/strong><\/li>\n<\/ul>\n<audio class=\"wp-audio-shortcode\" id=\"audio-7653-12\" preload=\"none\" style=\"width: 100%;\" controls=\"controls\"><source type=\"audio\/mpeg\" src=\"https:\/\/espai-marx.net\/wp-content\/uploads\/2020\/05\/Hacia-Hegel-Clase-12-final-Carlos-P\u00e9rez-Soto.mp3?_=12\" \/><a href=\"https:\/\/espai-marx.net\/wp-content\/uploads\/2020\/05\/Hacia-Hegel-Clase-12-final-Carlos-P\u00e9rez-Soto.mp3\">https:\/\/espai-marx.net\/wp-content\/uploads\/2020\/05\/Hacia-Hegel-Clase-12-final-Carlos-P\u00e9rez-Soto.mp3<\/a><\/audio>\n","protected":false},"excerpt":{"rendered":"<p>En diciembre de 2019 el profesor Carlos P\u00e9rez Soto imparti\u00f3 en la Universidad Metropolitana de Ciencias de la Educaci\u00f3n (UMCE) de Chile un curso de introducci\u00f3n a la figura de Hegel, aunque en las primeras sesiones se hace un repaso al marco intelectual y filos\u00f3fico anterior, muy especialmente el pensamiento de Immanuel Kant.<\/p>\n","protected":false},"author":5,"featured_media":0,"comment_status":"open","ping_status":"open","sticky":false,"template":"","format":"standard","meta":{"footnotes":""},"categories":[8,856],"tags":[867],"class_list":["post-7653","post","type-post","status-publish","format-standard","hentry","category-filosofia","category-podcast","tag-g-w-f-hegel"],"aioseo_notices":[],"_links":{"self":[{"href":"https:\/\/espai-marx.net\/index.php?rest_route=\/wp\/v2\/posts\/7653","targetHints":{"allow":["GET"]}}],"collection":[{"href":"https:\/\/espai-marx.net\/index.php?rest_route=\/wp\/v2\/posts"}],"about":[{"href":"https:\/\/espai-marx.net\/index.php?rest_route=\/wp\/v2\/types\/post"}],"author":[{"embeddable":true,"href":"https:\/\/espai-marx.net\/index.php?rest_route=\/wp\/v2\/users\/5"}],"replies":[{"embeddable":true,"href":"https:\/\/espai-marx.net\/index.php?rest_route=%2Fwp%2Fv2%2Fcomments&post=7653"}],"version-history":[{"count":0,"href":"https:\/\/espai-marx.net\/index.php?rest_route=\/wp\/v2\/posts\/7653\/revisions"}],"wp:attachment":[{"href":"https:\/\/espai-marx.net\/index.php?rest_route=%2Fwp%2Fv2%2Fmedia&parent=7653"}],"wp:term":[{"taxonomy":"category","embeddable":true,"href":"https:\/\/espai-marx.net\/index.php?rest_route=%2Fwp%2Fv2%2Fcategories&post=7653"},{"taxonomy":"post_tag","embeddable":true,"href":"https:\/\/espai-marx.net\/index.php?rest_route=%2Fwp%2Fv2%2Ftags&post=7653"}],"curies":[{"name":"wp","href":"https:\/\/api.w.org\/{rel}","templated":true}]}}