{"id":7711,"date":"2020-05-20T05:00:22","date_gmt":"2020-05-20T04:00:22","guid":{"rendered":"https:\/\/espai-marx.net\/?p=7711"},"modified":"2020-05-26T16:43:12","modified_gmt":"2020-05-26T15:43:12","slug":"podcast-nueva-sesion-del-seminario-fenomenologia-del-espiritu-de-hegel-13-5-2020","status":"publish","type":"post","link":"https:\/\/espai-marx.net\/?p=7711","title":{"rendered":"Podcast: Nueva sesi\u00f3n del seminario \u00abFenomenolog\u00eda del esp\u00edritu\u00bb de Hegel (13\/5\/2020)"},"content":{"rendered":"<p>Nueva sesi\u00f3n sobre la <em>Fenomenolog\u00eda del esp\u00edritu<\/em> de Hegel, dentro del <a href=\"https:\/\/espai-marx.net\/?p=3969\">seminario de Espai Marx<\/a>, en Barcelona el 13 de mayo del 2020.<\/p>\n<p><a href=\"https:\/\/espai-marx.net\/wp-content\/uploads\/2020\/01\/espaipodcastlogo3-e1580122784874.jpg\"><img loading=\"lazy\" decoding=\"async\" class=\"alignleft size-thumbnail wp-image-3960\" src=\"https:\/\/espai-marx.net\/wp-content\/uploads\/2020\/01\/espaipodcastlogo3-150x150.jpg\" alt=\"\" width=\"150\" height=\"150\" \/><\/a><\/p>\n<div class=\"powerpress_player\" id=\"powerpress_player_4461\"><audio class=\"wp-audio-shortcode\" id=\"audio-7711-1\" preload=\"none\" style=\"width: 100%;\" controls=\"controls\"><source type=\"audio\/mpeg\" src=\"https:\/\/espai-marx.net\/wp-content\/uploads\/2020\/05\/seminario_Fenomenologia_13_5_2020.mp3?_=1\" \/><a href=\"https:\/\/espai-marx.net\/wp-content\/uploads\/2020\/05\/seminario_Fenomenologia_13_5_2020.mp3\">https:\/\/espai-marx.net\/wp-content\/uploads\/2020\/05\/seminario_Fenomenologia_13_5_2020.mp3<\/a><\/audio><\/div><p class=\"powerpress_links powerpress_links_mp3\" style=\"margin-bottom: 1px !important;\">Podcast: <a href=\"https:\/\/espai-marx.net\/wp-content\/uploads\/2020\/05\/seminario_Fenomenologia_13_5_2020.mp3\" class=\"powerpress_link_pinw\" target=\"_blank\" title=\"Reproducir en una nueva ventana\" onclick=\"return powerpress_pinw('https:\/\/espai-marx.net\/?powerpress_pinw=7711-podcast');\" rel=\"nofollow\">Reproducir en una nueva ventana<\/a> | <a href=\"https:\/\/espai-marx.net\/wp-content\/uploads\/2020\/05\/seminario_Fenomenologia_13_5_2020.mp3\" class=\"powerpress_link_d\" title=\"Descargar\" rel=\"nofollow\" download=\"seminario_Fenomenologia_13_5_2020.mp3\">Descargar<\/a> | <a href=\"#\" class=\"powerpress_link_e\" title=\"Incrustar\" onclick=\"return powerpress_show_embed('7711-podcast');\" rel=\"nofollow\">Incrustar<\/a><\/p><p class=\"powerpress_embed_box\" id=\"powerpress_embed_7711-podcast\" style=\"display: none;\"><input id=\"powerpress_embed_7711-podcast_t\" type=\"text\" value=\"&lt;iframe width=&quot;320&quot; height=&quot;30&quot; src=&quot;https:\/\/espai-marx.net\/?powerpress_embed=7711-podcast&amp;amp;powerpress_player=mediaelement-audio&quot; title=&quot;Blubrry Podcast Player&quot; frameborder=&quot;0&quot; scrolling=&quot;no&quot;&gt;&lt;\/iframe&gt;\" onclick=\"javascript: this.select();\" onfocus=\"javascript: this.select();\" style=\"width: 70%;\" readOnly><\/p><p class=\"powerpress_links powerpress_subscribe_links\">Suscr\u00edbete: <a href=\"https:\/\/www.youtube.com\/@PodcastdeEspaiMarx-ht2uc\" class=\"powerpress_link_subscribe powerpress_link_subscribe_youtube\" target=\"_blank\" title=\"Suscr\u00edbete a YouTube Music\" rel=\"nofollow\">YouTube Music<\/a> | <a href=\"https:\/\/espai-marx.net\/?feed=podcast\" class=\"powerpress_link_subscribe powerpress_link_subscribe_rss\" target=\"_blank\" title=\"Suscr\u00edbete v\u00eda RSS\" rel=\"nofollow\">RSS<\/a><\/p>","protected":false},"excerpt":{"rendered":"<p>Nueva sesi\u00f3n sobre la Fenomenolog\u00eda del esp\u00edritu de Hegel, dentro del seminario de Espai Marx, en Barcelona el 13 de mayo del 2020.<\/p>\n","protected":false},"author":5,"featured_media":3315,"comment_status":"open","ping_status":"open","sticky":false,"template":"","format":"standard","meta":{"footnotes":""},"categories":[883,8,1545,856],"tags":[934,867],"class_list":["post-7711","post","type-post","status-publish","format-standard","has-post-thumbnail","hentry","category-filosofia-del-espiritu-de-g-w-f-hegel","category-filosofia","category-g-w-f-hegel","category-podcast","tag-fenomenologia-del-espiritu","tag-g-w-f-hegel"],"aioseo_notices":[],"_links":{"self":[{"href":"https:\/\/espai-marx.net\/index.php?rest_route=\/wp\/v2\/posts\/7711","targetHints":{"allow":["GET"]}}],"collection":[{"href":"https:\/\/espai-marx.net\/index.php?rest_route=\/wp\/v2\/posts"}],"about":[{"href":"https:\/\/espai-marx.net\/index.php?rest_route=\/wp\/v2\/types\/post"}],"author":[{"embeddable":true,"href":"https:\/\/espai-marx.net\/index.php?rest_route=\/wp\/v2\/users\/5"}],"replies":[{"embeddable":true,"href":"https:\/\/espai-marx.net\/index.php?rest_route=%2Fwp%2Fv2%2Fcomments&post=7711"}],"version-history":[{"count":0,"href":"https:\/\/espai-marx.net\/index.php?rest_route=\/wp\/v2\/posts\/7711\/revisions"}],"wp:featuredmedia":[{"embeddable":true,"href":"https:\/\/espai-marx.net\/index.php?rest_route=\/wp\/v2\/media\/3315"}],"wp:attachment":[{"href":"https:\/\/espai-marx.net\/index.php?rest_route=%2Fwp%2Fv2%2Fmedia&parent=7711"}],"wp:term":[{"taxonomy":"category","embeddable":true,"href":"https:\/\/espai-marx.net\/index.php?rest_route=%2Fwp%2Fv2%2Fcategories&post=7711"},{"taxonomy":"post_tag","embeddable":true,"href":"https:\/\/espai-marx.net\/index.php?rest_route=%2Fwp%2Fv2%2Ftags&post=7711"}],"curies":[{"name":"wp","href":"https:\/\/api.w.org\/{rel}","templated":true}]}}