{"id":7783,"date":"2020-06-01T05:00:21","date_gmt":"2020-06-01T04:00:21","guid":{"rendered":"https:\/\/espai-marx.net\/?p=7783"},"modified":"2020-05-31T04:57:18","modified_gmt":"2020-05-31T03:57:18","slug":"angel-pestana-nunez-semblanza-de-un-anarcosindicalista","status":"publish","type":"post","link":"https:\/\/espai-marx.net\/?p=7783","title":{"rendered":"\u00c1ngel Pesta\u00f1a N\u00fa\u00f1ez. Semblanza de un anarcosindicalista"},"content":{"rendered":"<p>Resulta dif\u00edcil hablar de la CNT anterior a 1936 y no mencionar a Pesta\u00f1a. Lo fue todo en el sindicato anarquista, militante de base, delegado, periodista, Secretario Nacional, propagandista\u2026 Pocas decisiones de importancia se tomaron entre 1915 y 1932, y hasta 1936, en las que de una manera u otra no tropecemos con su nombre. Conoci\u00f3 a una gran mayor\u00eda de los l\u00edderes sindicalistas mundiales del momento, se le propuso ser ministro y formar parte de la primera Generalitat republicana. No acept\u00f3, por sus principios, pero siempre se mostr\u00f3 abierto a hablar con todo el mundo. Llegados los a\u00f1os 20 era una figura de referencia.<\/p>\n<figure id=\"attachment_7786\" aria-describedby=\"caption-attachment-7786\" style=\"width: 800px\" class=\"wp-caption aligncenter\"><a href=\"https:\/\/espai-marx.net\/wp-content\/uploads\/2020\/05\/Comienzo-de-su-autobiograf\u00eda-1068x801-1.jpg\"><img loading=\"lazy\" decoding=\"async\" class=\"wp-image-7786 size-large\" src=\"https:\/\/espai-marx.net\/wp-content\/uploads\/2020\/05\/Comienzo-de-su-autobiograf\u00eda-1068x801-1-1024x768.jpg\" alt=\"\" width=\"800\" height=\"600\" srcset=\"https:\/\/espai-marx.net\/wp-content\/uploads\/2020\/05\/Comienzo-de-su-autobiograf\u00eda-1068x801-1-1024x768.jpg 1024w, https:\/\/espai-marx.net\/wp-content\/uploads\/2020\/05\/Comienzo-de-su-autobiograf\u00eda-1068x801-1-300x225.jpg 300w, https:\/\/espai-marx.net\/wp-content\/uploads\/2020\/05\/Comienzo-de-su-autobiograf\u00eda-1068x801-1-768x576.jpg 768w, https:\/\/espai-marx.net\/wp-content\/uploads\/2020\/05\/Comienzo-de-su-autobiograf\u00eda-1068x801-1.jpg 1068w\" sizes=\"auto, (max-width: 800px) 100vw, 800px\" \/><\/a><figcaption id=\"caption-attachment-7786\" class=\"wp-caption-text\">Primeras l\u00edneas del manuscrito de la autobiograf\u00eda de \u00c1ngel Pesta\u00f1a<\/figcaption><\/figure>\n<p>Naci\u00f3 en Le\u00f3n, sus primeros a\u00f1os los pas\u00f3 recorriendo la Meseta Norte y, despu\u00e9s de 5 a\u00f1os en Argelia, recalar\u00eda en Barcelona donde se establecer\u00eda y de donde ya no se ir\u00eda excepto peque\u00f1as temporadas y por causa de fuerza mayor. Lleg\u00f3 a escribir en catal\u00e1n aunque con frecuencia se le presenta como un l\u00edder leon\u00e9s. Con mucho m\u00e1s prestigio en el resto de Espa\u00f1a que en Catalu\u00f1a, despu\u00e9s de la guerra, cuando ya se empez\u00f3 a poder decir su nombre, y el de otros, en voz alta, era un nombre inc\u00f3modo. Pesaban todav\u00eda viejos resentimientos y tambi\u00e9n cierta verg\u00fcenza. Quiz\u00e1s por ello se le olvida al hablar de la Alianza Obrera o de quienes impulsan el Frente Popular; su nombre no suele aparecer entre los promotores.<\/p>\n<p>Creo que hay dos momentos clave en la vida de Pesta\u00f1a fruto del azar que marcar\u00edan su evoluci\u00f3n posterior: uno es su viaje a Rusia, determinante para la Confederaci\u00f3n y al que no podemos por menos de referirnos. Lo haremos m\u00e1s adelante. El otro momento transcendental fue la forma fortuita en c\u00f3mo lleg\u00f3 al anarquismo.<\/p>\n<p>La primera vez que \u00c1ngel Pesta\u00f1a oye hablar de anarquismo es en Bilbao, en la c\u00e1rcel. All\u00ed, nos explica, y sin que sepa muy bien el porqu\u00e9, los anarquistas le hacen llegar un paquete con comida y esas cosas que se pon\u00edan a los presos a\u00f1os atr\u00e1s. Dentro hab\u00eda una nota que le hablaba del anarquismo. Ya no abandonar\u00e1 esa militancia, ni aun cuando estaba dirigiendo el Partido Sindicalista. Y resulta llamativo ese paquete porque precisamente Bilbao nunca fue una plaza fuerte del anarcosindicalismo. Desde luego no hay duda de que ya exist\u00eda en \u00e9l un sentido innato de lo que era una injusticia y de que era necesario luchar para rectificarla. Cuando le llevan el paquete se encuentra en prisi\u00f3n por hablar de forma espont\u00e1nea en un mitin en el que se reclamaba la jornada de 8 horas. Fue esta su primera vez en la c\u00e1rcel. Sali\u00f3 sin que hubiera sido juzgado. Durante a\u00f1os intent\u00f3 evitar el proceso, cambi\u00f3 de nombre a Ismael Nadal, seud\u00f3nimo que utilizar\u00eda ocasionalmente en alg\u00fan art\u00edculo, y sobre todo, le mantuvo fuera de Espa\u00f1a, en Francia primero y despu\u00e9s 5 a\u00f1os en Argelia. Lleg\u00f3 a Barcelona en agosto de 1914, con 27 a\u00f1os.<\/p>\n<figure id=\"attachment_7787\" aria-describedby=\"caption-attachment-7787\" style=\"width: 373px\" class=\"wp-caption aligncenter\"><a href=\"https:\/\/espai-marx.net\/wp-content\/uploads\/2020\/05\/Pesta\u00f1a-en-foto-de-Mundo-Gr\u00e1fico-s.f.-reprodicida-por-e.-de-guzman.jpg\"><img loading=\"lazy\" decoding=\"async\" class=\"wp-image-7787 size-full\" src=\"https:\/\/espai-marx.net\/wp-content\/uploads\/2020\/05\/Pesta\u00f1a-en-foto-de-Mundo-Gr\u00e1fico-s.f.-reprodicida-por-e.-de-guzman.jpg\" alt=\"\" width=\"373\" height=\"462\" srcset=\"https:\/\/espai-marx.net\/wp-content\/uploads\/2020\/05\/Pesta\u00f1a-en-foto-de-Mundo-Gr\u00e1fico-s.f.-reprodicida-por-e.-de-guzman.jpg 373w, https:\/\/espai-marx.net\/wp-content\/uploads\/2020\/05\/Pesta\u00f1a-en-foto-de-Mundo-Gr\u00e1fico-s.f.-reprodicida-por-e.-de-guzman-242x300.jpg 242w\" sizes=\"auto, (max-width: 373px) 100vw, 373px\" \/><\/a><figcaption id=\"caption-attachment-7787\" class=\"wp-caption-text\">\u00c1ngel Pesta\u00f1a durante un viaje a Madrid, fotograf\u00eda de Mundo gr\u00e1fico (s.f.), reproducida en Eduardo de Guzm\u00e1n, \u00c1ngel Pesta\u00f1a. Biografia y textos (1978)<\/figcaption><\/figure>\n<p>Pocas ciudades y pocos momentos m\u00e1s interesantes que la Barcelona de aquellos a\u00f1os, especialmente para alguien como Pesta\u00f1a con inquietudes anarquistas. Era la \u201cRosa de Fuego\u201d donde <em>la<\/em><em> revoluci\u00f3n no se prepara, por la sencilla raz\u00f3n de que est\u00e1 preparada siempre. Asoma \u00e1 la calle todos los d\u00edas: si no hay ambiente para su desarrollo, retrocede; si hay ambiente cuaja<a href=\"https:\/\/conversacionsobrehistoria.info\/2020\/05\/21\/angel-pestana-nunez-semblanza-de-un-anarcosindicalista\/#_ftn1\" name=\"_ftnref1\"><strong>[1]<\/strong><\/a><\/em>. No podemos imaginar un lugar mejor para alguien como Pesta\u00f1a. Una ciudad que los siguientes cuatro a\u00f1os vivir\u00eda la efervescencia de la guerra sin padecer la destrucci\u00f3n que conlleva. Esos a\u00f1os iban a ser definitivos en su vida.<\/p>\n<p>Sin apenas tiempo para instalarse ya se pone en contacto con los ambientes de la CNT. Desde Argel ha escrito alg\u00fan art\u00edculo para <em>Tierra y Libertad<\/em>. Enseguida la visita y empieza a hacer paquetes de pedidos de libros. Acude al Centro Obrero y participar\u00e1 en sus sesiones y debates; pronto destaca. Y se apresura a visitar a Anselmo Lorenzo a quien ya le faltan pocas semanas para que fallezca. Otro paralelismo con Rusia, all\u00ed se encontrar\u00e1 con Kropotkin a quien apenas le queda ya medio a\u00f1o de vida.<\/p>\n<p>Se puede decir que Pesta\u00f1a llamaba la atenci\u00f3n por su capacidad y desenvoltura. En menos de cuatro a\u00f1os ya alcanz\u00f3 una posici\u00f3n de relevancia dentro del sindicato. R\u00e1pidamente su nombre ir\u00e1 asociado con el de\u00a0 Salvador Segu\u00ed, \u201cEl Noi del Sucre\u201d, el dirigente con m\u00e1s prestigio del momento. En esa \u00e9poca tambi\u00e9n se los enfrenta y resulta habitual leer opiniones en las que se habla de Segu\u00ed como el sindicalista moderado mientras Pesta\u00f1a era considerado un anarquista puro y radical.\u00a0 No comparto esa visi\u00f3n. Desde luego no s\u00e9 en qu\u00e9 t\u00e9rminos se expresaba Pesta\u00f1a en reuniones y controversias pero su actuaci\u00f3n no creo que se pueda considerar radical.<\/p>\n<figure id=\"attachment_7788\" aria-describedby=\"caption-attachment-7788\" style=\"width: 600px\" class=\"wp-caption aligncenter\"><a href=\"https:\/\/espai-marx.net\/wp-content\/uploads\/2020\/05\/Salvador-Segu\u00ed-\u00c1ngel-Pesta\u00f1a-y-Mauro-Bajatierra-Madrid-1920-foto-de-elretohistorico-com-1.jpg\"><img loading=\"lazy\" decoding=\"async\" class=\"wp-image-7788 size-full\" src=\"https:\/\/espai-marx.net\/wp-content\/uploads\/2020\/05\/Salvador-Segu\u00ed-\u00c1ngel-Pesta\u00f1a-y-Mauro-Bajatierra-Madrid-1920-foto-de-elretohistorico-com-1.jpg\" alt=\"\" width=\"600\" height=\"416\" srcset=\"https:\/\/espai-marx.net\/wp-content\/uploads\/2020\/05\/Salvador-Segu\u00ed-\u00c1ngel-Pesta\u00f1a-y-Mauro-Bajatierra-Madrid-1920-foto-de-elretohistorico-com-1.jpg 600w, https:\/\/espai-marx.net\/wp-content\/uploads\/2020\/05\/Salvador-Segu\u00ed-\u00c1ngel-Pesta\u00f1a-y-Mauro-Bajatierra-Madrid-1920-foto-de-elretohistorico-com-1-300x208.jpg 300w, https:\/\/espai-marx.net\/wp-content\/uploads\/2020\/05\/Salvador-Segu\u00ed-\u00c1ngel-Pesta\u00f1a-y-Mauro-Bajatierra-Madrid-1920-foto-de-elretohistorico-com-1-392x272.jpg 392w, https:\/\/espai-marx.net\/wp-content\/uploads\/2020\/05\/Salvador-Segu\u00ed-\u00c1ngel-Pesta\u00f1a-y-Mauro-Bajatierra-Madrid-1920-foto-de-elretohistorico-com-1-130x90.jpg 130w\" sizes=\"auto, (max-width: 600px) 100vw, 600px\" \/><\/a><figcaption id=\"caption-attachment-7788\" class=\"wp-caption-text\">\u00c1ngel Pesta\u00f1a en Madrid (1920) junto a Sim\u00f3 Piera y Salvador Segu\u00ed (sentados), Mauro Bajatierra y otros (foto: autogestionacrata.blogspot.com)<\/figcaption><\/figure>\n<p>No es de un radical que acudiera a una reuni\u00f3n con el gobernador a principios de 1915, junto con otros cenetistas como Adolfo Bueso, a pesar de que el Comit\u00e9 de Defensa de los Obreros del que formaba parte, se neg\u00f3 a ir. En dicho Comit\u00e9 organizado a consecuencia del paro en la producci\u00f3n que hubo en Catalu\u00f1a en los primeros meses de guerra, hab\u00eda tres tendencias, socialistas, societarios y anarquistas. Estos \u00faltimos no quer\u00edan aceptar la negociaci\u00f3n y quer\u00edan ir directos a la revoluci\u00f3n, Pesta\u00f1a, supuestamente anarquista, y en nombre propio, acude al encuentro.<\/p>\n<figure id=\"attachment_7789\" aria-describedby=\"caption-attachment-7789\" style=\"width: 288px\" class=\"wp-caption alignleft\"><a href=\"https:\/\/espai-marx.net\/wp-content\/uploads\/2020\/05\/Caricatura-de-1920-recortada.jpg\"><img loading=\"lazy\" decoding=\"async\" class=\"wp-image-7789 size-medium\" src=\"https:\/\/espai-marx.net\/wp-content\/uploads\/2020\/05\/Caricatura-de-1920-recortada-288x300.jpg\" alt=\"\" width=\"288\" height=\"300\" srcset=\"https:\/\/espai-marx.net\/wp-content\/uploads\/2020\/05\/Caricatura-de-1920-recortada-288x300.jpg 288w, https:\/\/espai-marx.net\/wp-content\/uploads\/2020\/05\/Caricatura-de-1920-recortada.jpg 523w\" sizes=\"auto, (max-width: 288px) 100vw, 288px\" \/><\/a><figcaption id=\"caption-attachment-7789\" class=\"wp-caption-text\">Caricatura publicada en <i>El Comunista<\/i> (Zaragoza) en 1920<\/figcaption><\/figure>\n<p>Tampoco act\u00faa como un radical cuando en el mismo 1915 se convocar\u00e1 el Congreso de la Paz de El Ferrol. Un congreso al que se ha concedido poca atenci\u00f3n probablemente por las condiciones de clandestinidad en que se desarrolla y la falta de fuentes. El Congreso que hab\u00eda de ser un Zimmerwald ib\u00e9rico, acaba sentando las bases para la posterior organizaci\u00f3n estructural de la CNT. Pesta\u00f1a acude como representante de la CNT catalana y de <em>Solidaridad Obrera<\/em>, como tal propone la reorganizaci\u00f3n de la CNT que permita a <em>Solidaridad Obrera <\/em>convertirse en diario. Y se aprueba.<\/p>\n<p>Todo esto pasaba en abril y el 17 de junio publica en <em>Solidaridad Obrera<\/em> un art\u00edculo hablando de la \u201cacci\u00f3n directa\u201d en el que rechaza la interpretaci\u00f3n que se le da de acto violento tantas veces o\u00edda. Son opiniones e intervenciones que cuesta imaginar en alguien radical.<a href=\"https:\/\/conversacionsobrehistoria.info\/2020\/05\/21\/angel-pestana-nunez-semblanza-de-un-anarcosindicalista\/#_ftn2\" name=\"_ftnref2\">[2]<\/a><\/p>\n<p>Antes de 1920 ya hab\u00eda ocupado casi todos los cargos de relevancia en la Confederaci\u00f3n. En 1917 es Secretario de la CRT de Catalu\u00f1a. Como Secretario regional convocar\u00e1 el transcendental Congreso de Sants. Los sucesos de ese a\u00f1o obligaron a retrasarlo al a\u00f1o siguiente. Mientras tanto ha de abandonar la Secretar\u00eda porque se le nombra Director de <em>Solidaridad Obrera. <\/em>Desde su nuevo cargo colaborar\u00e1 con el nuevo Secretario, Segu\u00ed, en la preparaci\u00f3n de la reuni\u00f3n. M\u00e1s adelante llegar\u00eda a Secretario Nacional y formar\u00eda parte del Comit\u00e9 Nacional en m\u00e1s de una ocasi\u00f3n pero es su paso por la direcci\u00f3n de la <em>Soli<\/em> lo que le convertir\u00eda en un referente y la actividad por la que m\u00e1s ser\u00e1 recordado.<\/p>\n<figure id=\"attachment_7790\" aria-describedby=\"caption-attachment-7790\" style=\"width: 533px\" class=\"wp-caption aligncenter\"><a href=\"https:\/\/espai-marx.net\/wp-content\/uploads\/2020\/05\/Pesta\u00f1a-figura-de-la-semana-en-Nuevo-Mundo.jpg\"><img loading=\"lazy\" decoding=\"async\" class=\"wp-image-7790 size-full\" src=\"https:\/\/espai-marx.net\/wp-content\/uploads\/2020\/05\/Pesta\u00f1a-figura-de-la-semana-en-Nuevo-Mundo.jpg\" alt=\"\" width=\"533\" height=\"413\" srcset=\"https:\/\/espai-marx.net\/wp-content\/uploads\/2020\/05\/Pesta\u00f1a-figura-de-la-semana-en-Nuevo-Mundo.jpg 533w, https:\/\/espai-marx.net\/wp-content\/uploads\/2020\/05\/Pesta\u00f1a-figura-de-la-semana-en-Nuevo-Mundo-300x232.jpg 300w\" sizes=\"auto, (max-width: 533px) 100vw, 533px\" \/><\/a><figcaption id=\"caption-attachment-7790\" class=\"wp-caption-text\">\u00c1ngel Pesta\u00f1a, en su \u00e9poca de director de i<i>Solidaridad Obrera<\/i>, elegido \u00abfigura de la semana\u00bb por la revista <i>Nuevo Mundo<\/i><\/figcaption><\/figure>\n<p>\u00c1ngel Pesta\u00f1a llega al cargo de Director de la <em>Soli <\/em>en un momento cr\u00edtico para el diario<a href=\"https:\/\/conversacionsobrehistoria.info\/2020\/05\/21\/angel-pestana-nunez-semblanza-de-un-anarcosindicalista\/#_ftn3\" name=\"_ftnref3\">[3]<\/a> y el buen nombre de la Confederaci\u00f3n. A la CNT se la mezcla con el dinero alem\u00e1n y por eso, ya a finales de 1916, Pesta\u00f1a hac\u00eda el cierre del diario; finalmente el 14 de diciembre de 1917 recibe el encargo de dirigirlo. Su misi\u00f3n es limpiar el nombre de la CNT. Lo hace e incluso va m\u00e1s all\u00e1 porque, en junio de 1918 publicar\u00e1 unas cartas del comisario de polic\u00eda Bravo Portillo que demuestran su implicaci\u00f3n en el hundimiento del barco \u201cJoaqu\u00edn Mumbr\u00fa\u201d que llevaba mercanc\u00edas con destino a Francia.<a href=\"https:\/\/conversacionsobrehistoria.info\/2020\/05\/21\/angel-pestana-nunez-semblanza-de-un-anarcosindicalista\/#_ftn4\" name=\"_ftnref4\">[4]<\/a> Bravo Portillo fue expulsado de la polic\u00eda, dirigi\u00f3 una banda de pistoleros y morir\u00eda asesinado en septiembre de 1919. Esta publicaci\u00f3n lo consagr\u00f3 definitivamente porque volvi\u00f3 la acusaci\u00f3n de germanofilia a la polic\u00eda y, adem\u00e1s, en la figura de un agente cruel, chulesco y brutal. Se consegu\u00edan dos objetivos de golpe.<\/p>\n<figure id=\"attachment_7791\" aria-describedby=\"caption-attachment-7791\" style=\"width: 900px\" class=\"wp-caption aligncenter\"><a href=\"https:\/\/espai-marx.net\/wp-content\/uploads\/2020\/05\/soli-cabecera-1918.jpg\"><img loading=\"lazy\" decoding=\"async\" class=\"wp-image-7791 size-full\" src=\"https:\/\/espai-marx.net\/wp-content\/uploads\/2020\/05\/soli-cabecera-1918.jpg\" alt=\"\" width=\"900\" height=\"362\" srcset=\"https:\/\/espai-marx.net\/wp-content\/uploads\/2020\/05\/soli-cabecera-1918.jpg 900w, https:\/\/espai-marx.net\/wp-content\/uploads\/2020\/05\/soli-cabecera-1918-300x121.jpg 300w, https:\/\/espai-marx.net\/wp-content\/uploads\/2020\/05\/soli-cabecera-1918-768x309.jpg 768w\" sizes=\"auto, (max-width: 900px) 100vw, 900px\" \/><\/a><figcaption id=\"caption-attachment-7791\" class=\"wp-caption-text\">Cabecera de <i>Solidaridad Obrera<\/i> en 1918<\/figcaption><\/figure>\n<p>Durante su direcci\u00f3n <em>Solidaridad Obrera <\/em>aspir\u00f3 a convertirse en un diario de referencia para la clase obrera a todos los niveles. Luchar\u00e1 por aumentar el n\u00famero de p\u00e1ginas. Tras verse confirmado en el cargo despu\u00e9s del Congreso de Sants, se publicar\u00e1 un suplemento dominical. Aumentar la extensi\u00f3n obliga a aumentar el precio y tambi\u00e9n se admite publicidad, incluso de vestidos y trajes de Primera Comuni\u00f3n. Una nueva prueba de su capacidad de pacto y adaptaci\u00f3n. Pero lo m\u00e1s importante es que en esos a\u00f1os se introduce informaci\u00f3n pol\u00edtica y del extranjero, hay informaci\u00f3n sobre cine y teatro. En resumen, se propone que el obrero no haya de ir a buscar informaci\u00f3n en la prensa burguesa.<\/p>\n<p><strong>En una Barcelona convulsa<\/strong><\/p>\n<p>La ciudad donde la revoluci\u00f3n siempre est\u00e1 preparada, los a\u00f1os de la Primera Guerra Mundial se convierte en proveedora de todo tipo de materiales para las naciones en guerra. Tambi\u00e9n es centro de esp\u00edas y aventureros, de dinero f\u00e1cil y de tolerancia para con las actividades poco legales e, incluso, criminales. Todo ello repercutir\u00eda en el movimiento obrero y la vida de los obreros en general.<\/p>\n<p>La actividad econ\u00f3mica se multiplic\u00f3 y con ella aument\u00f3 la necesidad de mano de obra. Fueron a\u00f1os de fuerte inmigraci\u00f3n que elev\u00f3 la presi\u00f3n de la demanda de bienes b\u00e1sicos y de vivienda. Paralelamente la mayor\u00eda de bienes de consumo eran desviados a la exportaci\u00f3n y Espa\u00f1a y Barcelona sufrieron carest\u00edas similares a las que padecieron los pa\u00edses contendientes. En esta situaci\u00f3n las contradicciones de clase se volv\u00edan m\u00e1s evidentes y las posiciones se radicalizaban. Si los obreros aprovechaban la necesidad de mano de obra para mejorar sus condiciones laborales incluso con amenazas, la burgues\u00eda tambi\u00e9n echaba mano de sus posibilidades de presi\u00f3n y de la oportunidad que brindaba una ciudad donde no faltaban elementos dispuestos a hacer cualquier tipo de trabajo. De 1915 a 1920 las huelgas son innumerables. La CNT vivir\u00e1 una \u00e9poca de inestabilidad porque con frecuencia volver\u00e1 a la clandestinidad aunque no por per\u00edodos excesivamente largos lo que le permite abordar la ansiada estructuraci\u00f3n y acometer acciones reivindicativas ambiciosas. Dir\u00edamos que las tres acciones m\u00e1s importantes son la Huelga general de 1916, la Huelga General de 1917 y la Huelga de la Canadiense. Las tres trascienden las reivindicaciones iniciales y buscan transformaciones de m\u00e1s alcance.<\/p>\n<figure id=\"attachment_7792\" aria-describedby=\"caption-attachment-7792\" style=\"width: 563px\" class=\"wp-caption aligncenter\"><a href=\"https:\/\/espai-marx.net\/wp-content\/uploads\/2020\/05\/huelga-general-sept-1916-barcelona-foto-tradelbarcelona.png\"><img loading=\"lazy\" decoding=\"async\" class=\"wp-image-7792 size-full\" src=\"https:\/\/espai-marx.net\/wp-content\/uploads\/2020\/05\/huelga-general-sept-1916-barcelona-foto-tradelbarcelona.png\" alt=\"\" width=\"563\" height=\"321\" srcset=\"https:\/\/espai-marx.net\/wp-content\/uploads\/2020\/05\/huelga-general-sept-1916-barcelona-foto-tradelbarcelona.png 563w, https:\/\/espai-marx.net\/wp-content\/uploads\/2020\/05\/huelga-general-sept-1916-barcelona-foto-tradelbarcelona-300x171.png 300w\" sizes=\"auto, (max-width: 563px) 100vw, 563px\" \/><\/a><figcaption id=\"caption-attachment-7792\" class=\"wp-caption-text\">Huelga general de 1917 en Barcelona (foto: plumanegra45.blogspot.com)<\/figcaption><\/figure>\n<p>Unos de los objetivos que se busca con los dos primeros conflictos es la unidad de la clase obrera lo que en la pr\u00e1ctica quer\u00eda decir la uni\u00f3n con la UGT.\u00a0 En ambas ocasiones Pesta\u00f1a desempe\u00f1o un papel importante.<\/p>\n<p>El \u00e9xito de la huelga de diciembre de 1916, abre la posibilidad de extender el acuerdo a un paro indefinido. En marzo se llegan a pactos en una reuni\u00f3n en Madrid a la que asisten por parte anarcosindicalista, \u00c1ngel Lacort, de Zaragoza, Salvador Segu\u00ed y \u00c1ngel Pesta\u00f1a. Incluso se publica un manifiesto conjunto. Seguir\u00e1 siendo uno de los principales negociadores sea con los republicanos como Marcelino Domingo, catalanistas como Maci\u00e0 o la UGT y formar\u00e1 parte del Comit\u00e9 de huelga. La huelga fue un fracaso pero un fracaso que solo en Barcelona cost\u00f3 32 muertos, lo que ya da una pista del tratamiento que autoridad y clases burguesas daban a la \u201ccuesti\u00f3n obrera\u201d.<\/p>\n<p>El fallo se debi\u00f3 en primer lugar a la descoordinaci\u00f3n \u00a0entre CNT y UGT y sobre todo a los distintos ritmos de funcionamiento. El movimiento se precipit\u00f3 y las reacciones no se sincronizaron. Como consecuencia el Comit\u00e9 de huelga de la UGT fue encarcelado mientras en Barcelona el Comit\u00e9 de la CNT pudo huir. \u00c1ngel Pesta\u00f1a pas\u00f3 un mes en Albalate de Cinca, Arag\u00f3n y luego regres\u00f3 a Barcelona donde se enter\u00f3 de que se le hab\u00eda dado por muerto y nadie le buscaba.<\/p>\n<p><figure id=\"attachment_7793\" aria-describedby=\"caption-attachment-7793\" style=\"width: 502px\" class=\"wp-caption aligncenter\"><a href=\"https:\/\/espai-marx.net\/wp-content\/uploads\/2020\/05\/\u00c1ngel-Pesta\u00f1a-Salvador-Segu\u00ed-y-Josep-Molins-reunidos-durante-la-huelga-general-de-agosto-de-1917-foto-ser-historico.jpg\"><img loading=\"lazy\" decoding=\"async\" class=\"wp-image-7793 size-full\" src=\"https:\/\/espai-marx.net\/wp-content\/uploads\/2020\/05\/\u00c1ngel-Pesta\u00f1a-Salvador-Segu\u00ed-y-Josep-Molins-reunidos-durante-la-huelga-general-de-agosto-de-1917-foto-ser-historico.jpg\" alt=\"\" width=\"502\" height=\"354\" srcset=\"https:\/\/espai-marx.net\/wp-content\/uploads\/2020\/05\/\u00c1ngel-Pesta\u00f1a-Salvador-Segu\u00ed-y-Josep-Molins-reunidos-durante-la-huelga-general-de-agosto-de-1917-foto-ser-historico.jpg 502w, https:\/\/espai-marx.net\/wp-content\/uploads\/2020\/05\/\u00c1ngel-Pesta\u00f1a-Salvador-Segu\u00ed-y-Josep-Molins-reunidos-durante-la-huelga-general-de-agosto-de-1917-foto-ser-historico-300x212.jpg 300w\" sizes=\"auto, (max-width: 502px) 100vw, 502px\" \/><\/a><figcaption id=\"caption-attachment-7793\" class=\"wp-caption-text\">\u00c1ngel Pesta\u00f1a, Salvador Segu\u00ed y Josep Molins durante la huelga general de agosto de 1917 (foto: serhistorico.net)<\/figcaption><\/figure><br \/>\nLa huelga que ha quedado en el imaginario de todo el mundo, sin embargo, es la huelga de La Canadiense en febrero-marzo de 1919. El paro fue casi un\u00e1nime y demostr\u00f3 la eficacia de la nueva herramienta de la que se hab\u00eda dotado la CRT de Catalunya en el Congreso de Sants, el Sindicato \u00danico. Durante a\u00f1os se recordar\u00edan sobre todo las calles a oscuras que dej\u00f3 la inactividad de todas las empresas el\u00e9ctricas que operaban en Barcelona. Tambi\u00e9n hubo otro factor que, en mi opini\u00f3n, debi\u00f3 asustar tremendamente a autoridades y fuerzas conservadoras, no se sab\u00eda a ciencia cierta quien constitu\u00eda el Comit\u00e9 de huelga, porque el Comit\u00e9 regional estaba en la c\u00e1rcel y Pesta\u00f1a estaba huido desde el 17 de enero. La justificaci\u00f3n era la amenaza de una revoluci\u00f3n bolchevique despu\u00e9s de que la CNT hubiera adquirido 30.000 fusiles. No era cierto, Desde las p\u00e1ginas de la <em>Soli<\/em> Pesta\u00f1a lo hab\u00eda desmentido y lo hab\u00eda vuelto a desmentir el 12 del mismo enero, en un mitin junto con Segu\u00ed. No import\u00f3. Probablemente la decisi\u00f3n se vio influenciada porque en aquellos d\u00edas de enero, los disturbios catalanistas iban en aumento y hubo muertos en la Rambla. \u00bfQui\u00e9n dirige entonces la huelga? Hay indicios de los que no nos vamos a ocupar porque Pesta\u00f1a se ve obligado a seguir los acontecimientos aislado de sus compa\u00f1eros.<\/p>\n<p><strong>A\u00f1os de pistolas<\/strong><\/p>\n<p>Junto a las reivindicaciones obreras de tintes revolucionarios, esos a\u00f1os tambi\u00e9n estuvieron marcados por lo que hoy llamamos pistolerismo, el atentado personal ya sea a un obrero o a un patr\u00f3n. En un segundo plano quedan los atentados con bombas que se dir\u00eda que han desaparecido pero no es cierto.<\/p>\n<p>El fen\u00f3meno se remonta al inicio de la guerra, antes del atentado contra el empresario Barret y sube de intensidad sobre todo despu\u00e9s de la huelga de 1919. Las muertes afectan a empresarios y mucho m\u00e1s a los obreros. En sus memorias, Pesta\u00f1a deja constancia de que los comit\u00e9s est\u00e1n al tanto de esos actos e, incluso, de que alg\u00fan comit\u00e9 paga por ellos, aunque es algo clandestino dentro de la misma CNT. Desde luego Pesta\u00f1a se arrepentir\u00e1 de haberlos consentido y, en cierto sentido, alentado, porque si bien \u2013 aqu\u00ed seguimos el razonamiento del autor \u2013 en un momento sirvieron de chantaje para conseguir mejores condiciones laborales, a la larga perjudic\u00f3 a los sindicatos y acab\u00f3 maleando a individuos que acabar\u00edan en la delincuencia pura y dura. La v\u00edctima m\u00e1s importante del terrorismo fue Salvador Segu\u00ed \u2013 que ya antes hab\u00eda sufrido atentados \u2013 y su amigo \u201cPeronas\u201d. Lo mismo ocurri\u00f3 con Pesta\u00f1a, excepto que \u00e9l sobrevivi\u00f3.<\/p>\n<figure id=\"attachment_7794\" aria-describedby=\"caption-attachment-7794\" style=\"width: 930px\" class=\"wp-caption alignnone\"><a href=\"https:\/\/espai-marx.net\/wp-content\/uploads\/2020\/05\/Manresa-despu\u00e9s-del-atentado-de-agosto-1922.jpg\"><img loading=\"lazy\" decoding=\"async\" class=\"wp-image-7794 size-full\" src=\"https:\/\/espai-marx.net\/wp-content\/uploads\/2020\/05\/Manresa-despu\u00e9s-del-atentado-de-agosto-1922.jpg\" alt=\"\" width=\"930\" height=\"643\" srcset=\"https:\/\/espai-marx.net\/wp-content\/uploads\/2020\/05\/Manresa-despu\u00e9s-del-atentado-de-agosto-1922.jpg 930w, https:\/\/espai-marx.net\/wp-content\/uploads\/2020\/05\/Manresa-despu\u00e9s-del-atentado-de-agosto-1922-300x207.jpg 300w, https:\/\/espai-marx.net\/wp-content\/uploads\/2020\/05\/Manresa-despu\u00e9s-del-atentado-de-agosto-1922-768x531.jpg 768w, https:\/\/espai-marx.net\/wp-content\/uploads\/2020\/05\/Manresa-despu\u00e9s-del-atentado-de-agosto-1922-392x272.jpg 392w, https:\/\/espai-marx.net\/wp-content\/uploads\/2020\/05\/Manresa-despu\u00e9s-del-atentado-de-agosto-1922-130x90.jpg 130w\" sizes=\"auto, (max-width: 930px) 100vw, 930px\" \/><\/a><figcaption id=\"caption-attachment-7794\" class=\"wp-caption-text\">\u00c1ngel Pesta\u00f1a, convaleciente despu\u00e9s del atentado que sufri\u00f3 en Manresa en agosto de 1922<\/figcaption><\/figure>\n<p>Hubo dos intentos de acabar con el l\u00edder sindicalista. El primero el 6 de diciembre de 1919<a href=\"https:\/\/conversacionsobrehistoria.info\/2020\/05\/21\/angel-pestana-nunez-semblanza-de-un-anarcosindicalista\/#_ftn5\" name=\"_ftnref5\">[5]<\/a>. El m\u00e1s importante fue el ocurrido el 22 de agosto de 1922 en Manresa que a punto estuvo de costarle la vida. El golpe tuvo dos consecuencias. La primera que al d\u00eda siguiente hubo un paro general en Manresa, un paro un\u00e1nime de todas las fuerzas pol\u00edticas y sindicales lo que demuestra el hartazgo de la poblaci\u00f3n por una situaci\u00f3n que se hab\u00eda convertido en cotidiana y que llenaba de intranquilidad a la sociedad. En segundo lugar el delito tuvo un ep\u00edlogo macabro porque los pistoleros hicieron guardia en el hospital para rematar el trabajo. La protesta de los m\u00e9dicos supuso que el gobierno de S\u00e1nchez Guerra tomara cartas en el asunto, fue el principio del fin de Mart\u00ednez Anido y de la \u00e9poca del pistolerismo.<\/p>\n<p><strong>La estructuraci\u00f3n del sindicato<\/strong><\/p>\n<p>Ya hemos hablado del Congreso de la Paz de El Ferrol que situamos en punto de salida para la nueva organizaci\u00f3n \u00a0de la Confederaci\u00f3n. Los decisivos, sin embargo fueron el Congreso de Sants y el de la Comedia.<\/p>\n<figure id=\"attachment_7795\" aria-describedby=\"caption-attachment-7795\" style=\"width: 800px\" class=\"wp-caption aligncenter\"><a href=\"https:\/\/espai-marx.net\/wp-content\/uploads\/2020\/05\/Pesta\u00f1a-y-Bajatierra-en-Heraldo-de-Madrid-03-10-1919-1068x673-1.jpg\"><img loading=\"lazy\" decoding=\"async\" class=\"wp-image-7795 size-large\" src=\"https:\/\/espai-marx.net\/wp-content\/uploads\/2020\/05\/Pesta\u00f1a-y-Bajatierra-en-Heraldo-de-Madrid-03-10-1919-1068x673-1-1024x645.jpg\" alt=\"\" width=\"800\" height=\"504\" srcset=\"https:\/\/espai-marx.net\/wp-content\/uploads\/2020\/05\/Pesta\u00f1a-y-Bajatierra-en-Heraldo-de-Madrid-03-10-1919-1068x673-1-1024x645.jpg 1024w, https:\/\/espai-marx.net\/wp-content\/uploads\/2020\/05\/Pesta\u00f1a-y-Bajatierra-en-Heraldo-de-Madrid-03-10-1919-1068x673-1-300x189.jpg 300w, https:\/\/espai-marx.net\/wp-content\/uploads\/2020\/05\/Pesta\u00f1a-y-Bajatierra-en-Heraldo-de-Madrid-03-10-1919-1068x673-1-768x484.jpg 768w, https:\/\/espai-marx.net\/wp-content\/uploads\/2020\/05\/Pesta\u00f1a-y-Bajatierra-en-Heraldo-de-Madrid-03-10-1919-1068x673-1.jpg 1068w\" sizes=\"auto, (max-width: 800px) 100vw, 800px\" \/><\/a><figcaption id=\"caption-attachment-7795\" class=\"wp-caption-text\">\u00c1ngel Pesta\u00f1a y Mauro Bajatierra en Madrid (foto: <i>Heraldo de Madrid<\/i>, 3 de octubre de 1919)<\/figcaption><\/figure>\n<p>Pienso que el m\u00e1s importante fue el de Sants aunque solo fuera de la regi\u00f3n catalana porque en \u00e9l vio la luz el instrumento que caracterizar\u00eda la CNT hasta 1936, el Sindicato \u00danico.<\/p>\n<p>Ya hemos avanzado que el Congreso estaba convocado para junio-julio de 1917, cuando Pesta\u00f1a era Secretario de la Confederaci\u00f3n catalana, lo que significa que su inter\u00e9s en el mismo era muy grande. Ahora como director de <em>Solidaridad Obrera<\/em> colabor\u00f3 estrechamente con el equipo de Segu\u00ed haciendo publicidad antes, durante y despu\u00e9s del encuentro y su compromiso con el sindicato \u00fanico queda fuera de toda duda. Por \u00faltimo el Congreso le confirmar\u00e1 en su puesto de director de Solidaridad Obrera.<\/p>\n<p>As\u00ed mismo es figura central en la convocatoria del Congreso de la Comedia. Desde 1911 la confederaci\u00f3n no se hab\u00eda reunido y era de todo punto necesario que lo hiciera para poder dotarse de una estructura, como ya lo hab\u00eda hecho la regional catalana. Con la intenci\u00f3n de prepararlo, Segu\u00ed y Pesta\u00f1a van a Madrid a principios de septiembre de 1919. El Congreso tuvo lugar en Madrid, en diciembre. Pesta\u00f1a acude a Madrid pero apenas asiste a las sesiones porque est\u00e1 enfermo. De todas maneras a\u00fan puede firmar en la iniciativa, fuera del orden del congreso, de pedir que la CNT declare el comunismo libertario como su fin \u00faltimo. Era una propuesta de 24 cenetistas que se aprueba en el \u00faltimo momento.<\/p>\n<figure id=\"attachment_7796\" aria-describedby=\"caption-attachment-7796\" style=\"width: 800px\" class=\"wp-caption alignnone\"><a href=\"https:\/\/espai-marx.net\/wp-content\/uploads\/2020\/05\/pesta\u00f1a-segui-y-otros-4-2048x1289-1.jpg\"><img loading=\"lazy\" decoding=\"async\" class=\"wp-image-7796 size-large\" src=\"https:\/\/espai-marx.net\/wp-content\/uploads\/2020\/05\/pesta\u00f1a-segui-y-otros-4-2048x1289-1-1024x645.jpg\" alt=\"\" width=\"800\" height=\"504\" srcset=\"https:\/\/espai-marx.net\/wp-content\/uploads\/2020\/05\/pesta\u00f1a-segui-y-otros-4-2048x1289-1-1024x645.jpg 1024w, https:\/\/espai-marx.net\/wp-content\/uploads\/2020\/05\/pesta\u00f1a-segui-y-otros-4-2048x1289-1-300x189.jpg 300w, https:\/\/espai-marx.net\/wp-content\/uploads\/2020\/05\/pesta\u00f1a-segui-y-otros-4-2048x1289-1-768x483.jpg 768w, https:\/\/espai-marx.net\/wp-content\/uploads\/2020\/05\/pesta\u00f1a-segui-y-otros-4-2048x1289-1-1536x967.jpg 1536w, https:\/\/espai-marx.net\/wp-content\/uploads\/2020\/05\/pesta\u00f1a-segui-y-otros-4-2048x1289-1-1320x831.jpg 1320w, https:\/\/espai-marx.net\/wp-content\/uploads\/2020\/05\/pesta\u00f1a-segui-y-otros-4-2048x1289-1.jpg 2048w\" sizes=\"auto, (max-width: 800px) 100vw, 800px\" \/><\/a><figcaption id=\"caption-attachment-7796\" class=\"wp-caption-text\">Salida del mitin organizado por la Escuela Nueva en la Casa del Pueblo de Madrid (4 de octubre de 1919), aunque en otras fuentes se data esta foto en el II Congreso de la CNT (Madrid, diciembre de 1919). Miembros del comit\u00e9 central: Josep Molins Montserrat, \u00c1ngel Pesta\u00f1a, Salvador Segu\u00ed, Sim\u00f3 Piera, Mauro Bajatierra, junto a Domingo Mart\u00ednez y Francisco Espa\u00f1a (aunque en esta copia est\u00e1 cortado uno de los dos \u00faltimos) (foto: Efe)<\/figcaption><\/figure>\n<p>Antes se hab\u00eda decidido la adhesi\u00f3n provisional a la Tercera Internacional. Una decisi\u00f3n tremendamente pol\u00e9mica y que inclu\u00eda el prop\u00f3sito de nombrar dos delegados que fueran a Rusia a llevar la adhesi\u00f3n..<\/p>\n<p><strong>El viaje a Rusia<a href=\"https:\/\/conversacionsobrehistoria.info\/2020\/05\/21\/angel-pestana-nunez-semblanza-de-un-anarcosindicalista\/#_ftn6\" name=\"_ftnref6\"> [6]<\/a><\/strong><\/p>\n<p>Uno de los dict\u00e1menes de la convenci\u00f3n hac\u00eda referencia a las relaciones de la CNT con organizaciones similares de otros pa\u00edses. El dictamen de la comisi\u00f3n no se discuti\u00f3 excepto en un punto, las relaciones con la revoluci\u00f3n bolchevique y la Tercera Internacional. Finalmente se acord\u00f3 la adhesi\u00f3n a la Tercera Internacional y se designaron dos delegados Carb\u00f3 y Quemades mientras que \u00c1ngel Pesta\u00f1a fue elegido para ir a Francia. Que Pesta\u00f1a llegara a Rusia fue una casualidad, como ya hemos apuntado, el resultado de una serie de hechos fortuitos que impidieron el desplazamiento de Carb\u00f3 y Quemades y facilitaron su viaje.<\/p>\n<p>Su estancia en la URSS coincidi\u00f3 con el II Congreso de la Tercera Internacional al que asistir\u00e1 como representante de la CNT. All\u00ed entrar\u00e1 en contacto con personas que encarnaban lo m\u00e1s combativo del movimiento obrero mundial. Pudo ver la Revoluci\u00f3n de cerca y le provocar\u00e1 bastante rechazo y le cambiar\u00e1 algunos planteamientos.<\/p>\n<p><a href=\"https:\/\/espai-marx.net\/wp-content\/uploads\/2020\/05\/informe-urss.jpg\"><img loading=\"lazy\" decoding=\"async\" class=\"alignleft size-full wp-image-7797\" src=\"https:\/\/espai-marx.net\/wp-content\/uploads\/2020\/05\/informe-urss.jpg\" alt=\"\" width=\"271\" height=\"416\" srcset=\"https:\/\/espai-marx.net\/wp-content\/uploads\/2020\/05\/informe-urss.jpg 271w, https:\/\/espai-marx.net\/wp-content\/uploads\/2020\/05\/informe-urss-195x300.jpg 195w\" sizes=\"auto, (max-width: 271px) 100vw, 271px\" \/><\/a>De regreso se parar\u00e1 en Berl\u00edn y pondr\u00e1 las bases para la fundaci\u00f3n de una nueva internacional sindicalista: la IWA. Con \u00e9l est\u00e1n, que sepamos, Alfred Souchy, Armand Borghi y Rudolf Rocker. Luego ser\u00e1 tiempo de prisi\u00f3n repartido entre Italia y Espa\u00f1a. No saldr\u00e1 hasta mayo de 1922, muy poco tiempo antes de que tenga lugar la Conferencia Nacional de Zaragoza. All\u00ed presentar\u00e1 su famoso informe que decidir\u00e1 la salida de la CNT de la Tercera Internacional. Nuevamente demostrar\u00e1 su talante posibilista lejos del radicalismo que se le atribuye, porque en las conclusiones pide que se siga dentro de la Tercera Internacional porque es el \u00fanico medio de llegar a los obreros rusos, esto despu\u00e9s de considerar que en Rusia la revoluci\u00f3n est\u00e1 perdida y que el gobierno bolchevique pretende someter el movimiento obrero a sus necesidades pol\u00edticas.<\/p>\n<p>Escribir\u00e1 cinco obras alrededor de su experiencia. En sus reflexiones no ahorra cr\u00edticas hacia el anarquismo ruso por su indecisi\u00f3n e inoperancia en el momento de dirigir la revoluci\u00f3n y dejarla en manos de los bolcheviques. Sin duda el viaje marc\u00f3 un punto de inflexi\u00f3n en su evoluci\u00f3n. Le hizo replantearse la funci\u00f3n del anarquismo y su operatividad sobre todo en la organizaci\u00f3n de la sociedad surgida tras la ca\u00edda de la sociedad de clases o capitalista.<\/p>\n<p><strong>La traves\u00eda de la Dictadura<\/strong><\/p>\n<p>Tan solo un a\u00f1o y tres meses despu\u00e9s Primo de Rivera dio su golpe de estado y se inici\u00f3 una nueva etapa pol\u00edtica, la Dictadura. En ese per\u00edodo Pesta\u00f1a estuvo a punto de morir y el \u201cNoi del Sucre\u201d sucumbi\u00f3 en un atentado. La Dictadura no prohibi\u00f3 directamente la Confederaci\u00f3n, se limit\u00f3 a establecer unas reglas de juego inasumibles para los anarcosindicalistas y as\u00ed fueron ellos los que se pasaron a la clandestinidad. Paralelamente, la otra gran sindical, la UGT, se avino a colaborar con el nuevo r\u00e9gimen y los Sindicatos Libres presentar\u00edan m\u00e1s reivindicaciones que las que eran de esperar trat\u00e1ndose como se trataba, de una organizaci\u00f3n surgida a la sombra de patronal y autoridades. Los 756.101 afiliados (hac\u00eda trampa, eran 699.369 los adherido y federados) que proclam\u00f3 orgullosa la CNT de tener en 1919, disminuyeron ostensiblemente.<\/p>\n<figure id=\"attachment_7798\" aria-describedby=\"caption-attachment-7798\" style=\"width: 467px\" class=\"wp-caption aligncenter\"><a href=\"https:\/\/espai-marx.net\/wp-content\/uploads\/2020\/05\/Despacho-de-relojero-ANC-Foto-JOSEP-MARIA-SAGARRA-i-PLANA.png\"><img loading=\"lazy\" decoding=\"async\" class=\"wp-image-7798\" src=\"https:\/\/espai-marx.net\/wp-content\/uploads\/2020\/05\/Despacho-de-relojero-ANC-Foto-JOSEP-MARIA-SAGARRA-i-PLANA.png\" alt=\"\" width=\"467\" height=\"650\" srcset=\"https:\/\/espai-marx.net\/wp-content\/uploads\/2020\/05\/Despacho-de-relojero-ANC-Foto-JOSEP-MARIA-SAGARRA-i-PLANA.png 591w, https:\/\/espai-marx.net\/wp-content\/uploads\/2020\/05\/Despacho-de-relojero-ANC-Foto-JOSEP-MARIA-SAGARRA-i-PLANA-216x300.png 216w\" sizes=\"auto, (max-width: 467px) 100vw, 467px\" \/><\/a><figcaption id=\"caption-attachment-7798\" class=\"wp-caption-text\">\u00c1ngel Pesta\u00f1a en su despacho (foto: Arxiu Nacional de Catalunya, fondo Josep Maria de Sagarra)<\/figcaption><\/figure>\n<p>Los grupos radicales, que desde siempre hab\u00edan existido, fortalecieron su posici\u00f3n y se enfrentaron al Comit\u00e9 Nacional que optaba por posiciones menos arriesgadas y se negaba a participar en algunas aventuras como los atentados de El Garraf. \u201cOficialmente\u201d Pesta\u00f1a parec\u00eda el l\u00edder indiscutido. Clausurada <em>Solidaridad Obrera, <\/em>funda, al poco, <em>Solidaridad Proletaria<\/em>, de corta vida. Habr\u00e1 bastantes m\u00e1s peri\u00f3dicos en los que particip\u00f3, m\u00e1s o menos directamente, en su creaci\u00f3n, como <em>Vida Sindical <\/em>y otros. Solo, o colegiadamente, form\u00f3 parte de la mayor\u00eda de Comit\u00e9s Nacionales hasta su expulsi\u00f3n en 1932. Y, sin embargo, su autoridad fue cada vez m\u00e1s discutida incluso por el sector sindicalista.<\/p>\n<p>En esos a\u00f1os su figura hace un doble recorrido. Su prestigio crece m\u00e1s all\u00e1 de los c\u00edrculos obreros y, paralelamente, cada vez ser\u00e1 m\u00e1s cuestionado dentro de las filas anarquistas. Ya hac\u00eda tiempo que los grupos radicales mostraban sus diferencias con la actuaci\u00f3n cada vez m\u00e1s cercana al sindicalismo revolucionario que defend\u00eda Pesta\u00f1a, entre otros. Las diferencias crecer\u00e1n especialmente al negarse el Comit\u00e9 Nacional a participar en algunas de las rebeliones que hubo como la Sanjuanada<a href=\"https:\/\/conversacionsobrehistoria.info\/2020\/05\/21\/angel-pestana-nunez-semblanza-de-un-anarcosindicalista\/#_ftn1\" name=\"_ftnref1\">[1]<\/a>. Finalmente, en julio de 1927, fundar\u00e1n la FAI. Cuando en enero la FAI imponga la \u201ctrabaz\u00f3n\u201d a la CNT, Pesta\u00f1a intentar\u00e1 sacar adelante la Uni\u00f3n de Militantes.<\/p>\n<p>El nuevo proyecto ser\u00e1 rechazado por las filas sindicalistas sobre todo porque presenta la posibilidad de que sindicatos que hayan aceptado la nueva legalidad, puedan seguir perteneciendo a la CNT. No solo eso, sino que propone que puedan ser miembros de la CNT obreros no manuales (largo debate que se arrastra desde la fundaci\u00f3n) y, peor, que puedan pertenecer a formaciones pol\u00edticas, siempre y cuando no mezclen el nombre de la CNT en sus actividades de partido. Contra esto se levanta sobre todo la sindical catalana con Peir\u00f3 a la cabeza con quien sostendr\u00e1 un intenso debate desde las p\u00e1ginas de <em>Despertad <\/em>mientras Peir\u00f3 escribe desde <em>Acci\u00f3n Social Obrera<\/em><em>.<\/em><\/p>\n<figure id=\"attachment_7799\" aria-describedby=\"caption-attachment-7799\" style=\"width: 440px\" class=\"wp-caption aligncenter\"><a href=\"https:\/\/espai-marx.net\/wp-content\/uploads\/2020\/05\/Romanones_avec_\u00c1ngel_Pesta\u00f1a._Agence_Rol._BNF_Gallica.jpg\"><img loading=\"lazy\" decoding=\"async\" class=\"wp-image-7799 size-full\" src=\"https:\/\/espai-marx.net\/wp-content\/uploads\/2020\/05\/Romanones_avec_\u00c1ngel_Pesta\u00f1a._Agence_Rol._BNF_Gallica.jpg\" alt=\"\" width=\"440\" height=\"318\" srcset=\"https:\/\/espai-marx.net\/wp-content\/uploads\/2020\/05\/Romanones_avec_\u00c1ngel_Pesta\u00f1a._Agence_Rol._BNF_Gallica.jpg 440w, https:\/\/espai-marx.net\/wp-content\/uploads\/2020\/05\/Romanones_avec_\u00c1ngel_Pesta\u00f1a._Agence_Rol._BNF_Gallica-300x217.jpg 300w\" sizes=\"auto, (max-width: 440px) 100vw, 440px\" \/><\/a><figcaption id=\"caption-attachment-7799\" class=\"wp-caption-text\">\u00c1ngel Pesta\u00f1a con el conde de Romanones, enero de 1922 (foto: agence Rol\/Biblioteca Nacional de Francia\/Gallica)<\/figcaption><\/figure>\n<p>Despu\u00e9s de mayo de 1924 empieza su colaboraci\u00f3n en la prensa republicana que ya no abandonar\u00e1. Al final de la Dictadura ser\u00e1 colaborador habitual al menos de dos rotativos, <em>La Campana de Gracia<\/em>, de Barcelona y <em>La Libertad<\/em> de Madrid. En <em>La Libertad<\/em> tambi\u00e9n colabora Salvador Quemades. Y un detalle, tambi\u00e9n lo hace desde la c\u00e1rcel. Como hemos se\u00f1alado en esos a\u00f1os gana la confianza de fuerzas pol\u00edticas republicanas. Posiblemente su giro hacia la moderaci\u00f3n les haga pensar que se puede \u201cconquistar\u201d para la pol\u00edtica. As\u00ed S\u00e1nchez Guerra cuando prepara su golpe de enero de 1929, se entrevista con \u00e9l en Par\u00eds y llega a ofrecerle un ministerio que Pesta\u00f1a rechaza<a href=\"https:\/\/conversacionsobrehistoria.info\/2020\/05\/21\/angel-pestana-nunez-semblanza-de-un-anarcosindicalista\/#_ftn8\" name=\"_ftnref8\">[8]<\/a>. Cuando se proclame la Rep\u00fablica, Maci\u00e1 pasar\u00e1 tres horas intentando que acepte la Consejer\u00eda de Acci\u00f3n Social con el mismo resultado<a href=\"https:\/\/conversacionsobrehistoria.info\/2020\/05\/21\/angel-pestana-nunez-semblanza-de-un-anarcosindicalista\/#_ftn9\" name=\"_ftnref9\">[9]<\/a>. Y una nueva paradoja, fue Peir\u00f3 quien firm\u00f3 en el Pacto de San Sebasti\u00e1n, aunque despu\u00e9s retirara la firma. Lo cierto es que, m\u00e1s all\u00e1 de cuanto escribe o dice, en esos a\u00f1os no se apartara de la ortodoxia cenetista en lo que hace a su comportamiento. Es dif\u00edcil decir si fue as\u00ed por falta de apoyos o porque no estaba emocionalmente preparado para la heterodoxia.<\/p>\n<figure id=\"attachment_7800\" aria-describedby=\"caption-attachment-7800\" style=\"width: 876px\" class=\"wp-caption alignnone\"><a href=\"https:\/\/espai-marx.net\/wp-content\/uploads\/2020\/05\/\u00c1ngel-Pesta\u00f1a-en-la-C\u00e1rcel-Modelo-de-Barcelona-junto-a-otros-presos-pol\u00edticos-entre-ellos-Llu\u00eds-Companys-en-1930_en_Mundo_Gr\u00e1fico_12_de_noviembre_de_1930.jpg\"><img loading=\"lazy\" decoding=\"async\" class=\"wp-image-7800 size-full\" src=\"https:\/\/espai-marx.net\/wp-content\/uploads\/2020\/05\/\u00c1ngel-Pesta\u00f1a-en-la-C\u00e1rcel-Modelo-de-Barcelona-junto-a-otros-presos-pol\u00edticos-entre-ellos-Llu\u00eds-Companys-en-1930_en_Mundo_Gr\u00e1fico_12_de_noviembre_de_1930.jpg\" alt=\"\" width=\"876\" height=\"515\" srcset=\"https:\/\/espai-marx.net\/wp-content\/uploads\/2020\/05\/\u00c1ngel-Pesta\u00f1a-en-la-C\u00e1rcel-Modelo-de-Barcelona-junto-a-otros-presos-pol\u00edticos-entre-ellos-Llu\u00eds-Companys-en-1930_en_Mundo_Gr\u00e1fico_12_de_noviembre_de_1930.jpg 876w, https:\/\/espai-marx.net\/wp-content\/uploads\/2020\/05\/\u00c1ngel-Pesta\u00f1a-en-la-C\u00e1rcel-Modelo-de-Barcelona-junto-a-otros-presos-pol\u00edticos-entre-ellos-Llu\u00eds-Companys-en-1930_en_Mundo_Gr\u00e1fico_12_de_noviembre_de_1930-300x176.jpg 300w, https:\/\/espai-marx.net\/wp-content\/uploads\/2020\/05\/\u00c1ngel-Pesta\u00f1a-en-la-C\u00e1rcel-Modelo-de-Barcelona-junto-a-otros-presos-pol\u00edticos-entre-ellos-Llu\u00eds-Companys-en-1930_en_Mundo_Gr\u00e1fico_12_de_noviembre_de_1930-768x452.jpg 768w\" sizes=\"auto, (max-width: 876px) 100vw, 876px\" \/><\/a><figcaption id=\"caption-attachment-7800\" class=\"wp-caption-text\">\u00c1ngel Pesta\u00f1a en la c\u00e1rcel Modelo de Barcelona junto a Companys, 1930 (foto: <i>Mundo Gr\u00e1fico<\/i>, 12 de noviembre de 1930)<\/figcaption><\/figure>\n<p><strong>La transici\u00f3n de la Dictadura a la Rep\u00fablica<\/strong><\/p>\n<p>Aunque la Uni\u00f3n de Militantes no encontrara acogida, s\u00ed que la l\u00ednea moderada de la CNT busc\u00f3 un cierto \u201crearme\u201d frente a la FAI y su teor\u00eda de la trabaz\u00f3n. El grupo \u201cSolidaridad\u201d, del que era miembro Pesta\u00f1a, publica un manifiesto antecedente del \u201cManifiesto de los 30\u201d, que se publicar\u00e1 al a\u00f1o siguiente. La redacci\u00f3n base es de Pesta\u00f1a y en \u00e9l se critica el anarquismo individualista, violento y destructivo y que opone al anarquismo societario y constructivo. En ese momento Pesta\u00f1a vuelve a ser Secretario Nacional y ha sido \u00e9l quien ha negociado la vuelta a la vida p\u00fablica de la CNT con el general Mola.<\/p>\n<p>Proclamada la Rep\u00fablica, se celebra el Congreso del Conservatorio que ya hacia tiempo que se ven\u00eda preparando. En el encuentro se escenificar\u00e1 la profunda divisi\u00f3n entre la FAI y la CNT. Las riendas de la Confederaci\u00f3n siguieron en manos del ala moderada, pero sab\u00edan que estaban en falso y sin vuelta atr\u00e1s. Cuando en agosto se publique el \u201cManifiesto de los 30\u201d, que busca reconducir la situaci\u00f3n, lo que conseguir\u00e1n es desencadenar una tormenta. Aunque el Manifiesto fue una obra colectiva, de todos es conocido que se hizo sobre una redacci\u00f3n base de Pesta\u00f1a. Desde ese momento no habr\u00e1 tregua hasta su expulsi\u00f3n en 1932 y m\u00e1s all\u00e1.<\/p>\n<figure id=\"attachment_7801\" aria-describedby=\"caption-attachment-7801\" style=\"width: 960px\" class=\"wp-caption aligncenter\"><a href=\"https:\/\/espai-marx.net\/wp-content\/uploads\/2020\/05\/Mitin-1\u00ba-de-Mayo-de-1931-plaza-de-toros-de-Zaragoza-1.jpg\"><img loading=\"lazy\" decoding=\"async\" class=\"wp-image-7801 size-full\" src=\"https:\/\/espai-marx.net\/wp-content\/uploads\/2020\/05\/Mitin-1\u00ba-de-Mayo-de-1931-plaza-de-toros-de-Zaragoza-1.jpg\" alt=\"\" width=\"960\" height=\"464\" srcset=\"https:\/\/espai-marx.net\/wp-content\/uploads\/2020\/05\/Mitin-1\u00ba-de-Mayo-de-1931-plaza-de-toros-de-Zaragoza-1.jpg 960w, https:\/\/espai-marx.net\/wp-content\/uploads\/2020\/05\/Mitin-1\u00ba-de-Mayo-de-1931-plaza-de-toros-de-Zaragoza-1-300x145.jpg 300w, https:\/\/espai-marx.net\/wp-content\/uploads\/2020\/05\/Mitin-1\u00ba-de-Mayo-de-1931-plaza-de-toros-de-Zaragoza-1-768x371.jpg 768w\" sizes=\"auto, (max-width: 960px) 100vw, 960px\" \/><\/a><figcaption id=\"caption-attachment-7801\" class=\"wp-caption-text\">\u00c1ngel Pesta\u00f1a interviene en los actos del 1 de mayo de 1931 en la plaza de toros de Zaragoza, fotograf\u00eda de <i>Mundo Gr\u00e1fico<\/i> (s.f.), reproducida en Eduardo de Guzm\u00e1n, <i>\u00c1ngel Pesta\u00f1a. Biografia y textos<\/i> (1978)<\/figcaption><\/figure>\n<p>Las famosas t\u00e1cticas de la gimnasia revolucionaria desarrolladas por la FAI entraban en colisi\u00f3n directa con las intenciones de Pesta\u00f1a quien ve\u00eda en la Rep\u00fablica la oportunidad de conseguir mejoras laborales. Pensaba que solo hab\u00edan de plantearse huelgas con posibilidades de \u00e9xito para no hastiar a los obreros. La disminuci\u00f3n de los militantes entre 1931 y 1936 despu\u00e9s de un crecimiento exponencial, aunque moment\u00e1neo, al inicio de la Rep\u00fablica, pensamos que le da la raz\u00f3n.<\/p>\n<p><a href=\"https:\/\/espai-marx.net\/wp-content\/uploads\/2020\/05\/Sindicalismo-\u00f3rgano-de-la-federacion-sindicalista-libertaria.jpg\"><img loading=\"lazy\" decoding=\"async\" class=\"alignright wp-image-7802 \" src=\"https:\/\/espai-marx.net\/wp-content\/uploads\/2020\/05\/Sindicalismo-\u00f3rgano-de-la-federacion-sindicalista-libertaria-207x300.jpg\" alt=\"\" width=\"173\" height=\"251\" srcset=\"https:\/\/espai-marx.net\/wp-content\/uploads\/2020\/05\/Sindicalismo-\u00f3rgano-de-la-federacion-sindicalista-libertaria-207x300.jpg 207w, https:\/\/espai-marx.net\/wp-content\/uploads\/2020\/05\/Sindicalismo-\u00f3rgano-de-la-federacion-sindicalista-libertaria.jpg 606w\" sizes=\"auto, (max-width: 173px) 100vw, 173px\" \/><\/a>Cuando lo expulsen fundar\u00e1 la Federaci\u00f3n Sindicalista Libertaria. La incidencia sobre los obreros no respondi\u00f3 a las expectativas porque, adem\u00e1s, la federaci\u00f3n de Sabadell, tambi\u00e9n expulsada de la CNT, prefiri\u00f3 organizarse en los Sindicatos de Oposici\u00f3n. Paralelamente sigue escribiendo en la prensa republicana, incluso aumenta sus intervenciones. M\u00e1s o menos entonces pasa a referirse a s\u00ed mismo como periodista y parece encontrarse m\u00e1s a gusto porque opinando sobre temas diversos de pol\u00edtica su pluma se vuelve m\u00e1s \u00e1gil, m\u00e1s suelta Puede que sea este c\u00famulo de circunstancias las que le llevaron a dar el paso definitivo y fundar el Partido Sindicalista, el 7 de abril de 1934.<\/p>\n<p>Desde su fundaci\u00f3n, pr\u00e1cticamente, deja todas sus otras actividades para consagrarse a su organizaci\u00f3n. La mayor parte de los afiliados proceden de las filas del anarcosindicalismo si bien algunas figuras relevantes tambi\u00e9n se afiliaron, como Ricardo Baroja. Con todo, siempre fue un partido minoritario, cuando se le tuvo en cuenta fue por el prestigio del fundador pero al mismo tiempo este prestigio ven\u00eda muy disminuido. Al salir de la CNT hab\u00eda dejado de ser la voz de una de las organizaciones m\u00e1s poderosas del Estado, algo que abr\u00eda, y tambi\u00e9n cerraba, muchas puertas. Ya no ser\u00e1 escuchado como antes, al tiempo que los frentes se le han multiplicado. Si, hasta el momento en que se supo su intenci\u00f3n de fundar un partido, sus adversarios hab\u00edan sido b\u00e1sicamente lo que de forma esquem\u00e1tica denominaremos la FAI, ahora tambi\u00e9n se ha situado frente a los que hasta ese momento fueron sus compa\u00f1eros, muy especialmente Juan L\u00f3pez que se convierte en uno de sus perseguidores y conseguir\u00e1 que sea excluido de la Alianza Obrera.<\/p>\n<figure id=\"attachment_7803\" aria-describedby=\"caption-attachment-7803\" style=\"width: 647px\" class=\"wp-caption aligncenter\"><a href=\"https:\/\/espai-marx.net\/wp-content\/uploads\/2020\/05\/Entrevista-con-el-periodista-Marcos-Sylva-c.1934-Foto-Torrents-recorte.jpg\"><img loading=\"lazy\" decoding=\"async\" class=\"wp-image-7803 size-full\" src=\"https:\/\/espai-marx.net\/wp-content\/uploads\/2020\/05\/Entrevista-con-el-periodista-Marcos-Sylva-c.1934-Foto-Torrents-recorte.jpg\" alt=\"\" width=\"647\" height=\"305\" srcset=\"https:\/\/espai-marx.net\/wp-content\/uploads\/2020\/05\/Entrevista-con-el-periodista-Marcos-Sylva-c.1934-Foto-Torrents-recorte.jpg 647w, https:\/\/espai-marx.net\/wp-content\/uploads\/2020\/05\/Entrevista-con-el-periodista-Marcos-Sylva-c.1934-Foto-Torrents-recorte-300x141.jpg 300w\" sizes=\"auto, (max-width: 647px) 100vw, 647px\" \/><\/a><figcaption id=\"caption-attachment-7803\" class=\"wp-caption-text\">\u00c1ngel Pesta\u00f1a entrevistado por el periodista Marcos Sylva (foto: Torrents \/ partidosindicalista.wordpress.com)<\/figcaption><\/figure>\n<p>La Alianza Obrera es una muestra paradigm\u00e1tica de como buena parte de su autoridad proven\u00eda de la CNT y c\u00f3mo se diluye incluso antes de fundar el partido. La inmensa mayor\u00eda de trabajos atribuyen la idea original de la Alianza a Nin y Maur\u00edn y retrasan su organizaci\u00f3n a 1934. Sin embargo parece que la idea surge en febrero de 1933 en una Conferencia sobre el Paro Forzoso, constituy\u00e9ndose ya en diciembre de ese a\u00f1o. La Alianza surge como una respuesta temprana, o no tan temprana, a la extensi\u00f3n del fascismo. Recordemos que en enero de 1933 Hitler acaba de subir al poder. De creer a V\u00edctor Alba solo Nin, Maur\u00edn y Pesta\u00f1a vieron la importancia de la uni\u00f3n de la clase obrera frente a la extensi\u00f3n del totalitarismo<a href=\"https:\/\/conversacionsobrehistoria.info\/2020\/05\/21\/angel-pestana-nunez-semblanza-de-un-anarcosindicalista\/#_ftn10\" name=\"_ftnref10\">[10]<\/a>. Pesta\u00f1a ya hace una llamada en mayo:<\/p>\n<p><em>En Espa\u00f1a no hay fascismo. Pero puede haberlo. Y si lo hubiese, y al manifestarse, o bien como medida profil\u00e1ctica, necesitase la clase trabajadora constituir un organismo defensivo, una especie de alianza, de \u2018entente\u2019, de tacto de codos entre las fuerzas obreras de izquierda<a href=\"https:\/\/conversacionsobrehistoria.info\/2020\/05\/21\/angel-pestana-nunez-semblanza-de-un-anarcosindicalista\/#_ftn11\" name=\"_ftnref11\"><strong>[11]<\/strong><\/a><\/em><\/p>\n<p><em>\u00a0<\/em>En octubre de 1933 volver\u00e1 a insistir siempre relacionando fascismo con la necesidad de la uni\u00f3n obrera:<\/p>\n<p><em>El fascismo es un movimiento de masas. Para evitarlo hay que oponerle otro movimiento de masas<a href=\"https:\/\/conversacionsobrehistoria.info\/2020\/05\/21\/angel-pestana-nunez-semblanza-de-un-anarcosindicalista\/#_ftn12\" name=\"_ftnref12\"><strong>[12]<\/strong><\/a><\/em><\/p>\n<p>Incluso escribe sobre la estructura organizativa que ha de darse a la Alianza, 4 noviembre 1933. Sin embargo ahora su nombre es olvidado en los trabajos que se escriben sobre la Alianza.<\/p>\n<figure id=\"attachment_7804\" aria-describedby=\"caption-attachment-7804\" style=\"width: 349px\" class=\"wp-caption aligncenter\"><a href=\"https:\/\/espai-marx.net\/wp-content\/uploads\/2020\/05\/Pesta\u00f1a-en-mitin-enmarcado-entre-microfonos.jpg\"><img loading=\"lazy\" decoding=\"async\" class=\"wp-image-7804 size-full\" src=\"https:\/\/espai-marx.net\/wp-content\/uploads\/2020\/05\/Pesta\u00f1a-en-mitin-enmarcado-entre-microfonos.jpg\" alt=\"\" width=\"349\" height=\"467\" srcset=\"https:\/\/espai-marx.net\/wp-content\/uploads\/2020\/05\/Pesta\u00f1a-en-mitin-enmarcado-entre-microfonos.jpg 349w, https:\/\/espai-marx.net\/wp-content\/uploads\/2020\/05\/Pesta\u00f1a-en-mitin-enmarcado-entre-microfonos-224x300.jpg 224w\" sizes=\"auto, (max-width: 349px) 100vw, 349px\" \/><\/a><figcaption id=\"caption-attachment-7804\" class=\"wp-caption-text\">\u00c1ngel Pesta\u00f1a en una fotograf\u00eda de <i>Mundo Gr\u00e1fico<\/i> (s.f.), reproducida en Eduardo de Guzm\u00e1n, <i>\u00c1ngel Pesta\u00f1a. Biografia y textos<\/i> (1978)<\/figcaption><\/figure>\n<p>Hay otros ejemplos de c\u00f3mo se le ignora en aquel momento, \u00a0ignorancia que se mantiene en el tiempo. Lo mismo ocurre con el Frente Popular. Es uno de los primeros pol\u00edticos en reclamarlo con argumentos acordes a los que ha usado para la Alianza Obrera. Ya en el cuarto aniversario de la Rep\u00fablica reclama una coalici\u00f3n de fuerzas de izquierda, e incluso se\u00f1ala los puntos sobre los que habr\u00eda de tener lugar y considera que <em>La base de esta coalici\u00f3n ha de ser amplia como ya se\u00f1alamos, pues ante el peligro com\u00fan de una reacci\u00f3n de derechas <\/em>es necesario olvidar rencores y diferencias\u00a0<a href=\"https:\/\/conversacionsobrehistoria.info\/2020\/05\/21\/angel-pestana-nunez-semblanza-de-un-anarcosindicalista\/#_ftn13\" name=\"_ftnref13\">[13]<\/a>. Y no obstante en las primeras reuniones convocadas por los caballeristas en noviembre, no se llama al Partido Sindicalista. No ser\u00e1 hasta enero y despu\u00e9s de que Pesta\u00f1a viaje a Madrid para entrevistarse con el Comit\u00e9 Ejecutivo del Partido Socialista, cuando el Partido Sindicalista sea tenido en cuenta en el Frente Popular.<\/p>\n<p>M\u00e1s adelante, ya en la guerra, hubo gestas atribuidas a la CNT que hay que poner en el haber del Partido Sindicalista. La m\u00e1s importante fue la toma del cuartel de San Andr\u00e9s por el Capit\u00e1n Eduardo Medrano, militar de profesi\u00f3n y vicepresidente del partido. Seg\u00fan Termes, la toma de dicho cuartel hizo imposible la victoria de los rebeldes.<\/p>\n<p><strong>El Partido Sindicalista<\/strong><\/p>\n<p>Indudablemente el Partido Sindicalista era la hechura de Pesta\u00f1a. Mientras vivi\u00f3 fue el jefe indiscutible e indiscutido. Hubo colaboradores valiosos como Mar\u00edn Civera, intelectual que, al principio se neg\u00f3 a entrar en el partido, pero que acab\u00f3 siendo uno de sus puntales; el Capit\u00e1n Eduardo Medrano, importante elemento sobre todo en los primeros momentos de la insurrecci\u00f3n como ya queda apuntado, pero, indudablemente, \u00e9l era el centro de la formaci\u00f3n.<\/p>\n<figure id=\"attachment_7805\" aria-describedby=\"caption-attachment-7805\" style=\"width: 404px\" class=\"wp-caption aligncenter\"><a href=\"https:\/\/espai-marx.net\/wp-content\/uploads\/2020\/05\/Cartel-del-Partido_Sindicalista.png\"><img loading=\"lazy\" decoding=\"async\" class=\"wp-image-7805 size-full\" src=\"https:\/\/espai-marx.net\/wp-content\/uploads\/2020\/05\/Cartel-del-Partido_Sindicalista.png\" alt=\"\" width=\"404\" height=\"599\" srcset=\"https:\/\/espai-marx.net\/wp-content\/uploads\/2020\/05\/Cartel-del-Partido_Sindicalista.png 404w, https:\/\/espai-marx.net\/wp-content\/uploads\/2020\/05\/Cartel-del-Partido_Sindicalista-202x300.png 202w\" sizes=\"auto, (max-width: 404px) 100vw, 404px\" \/><\/a><figcaption id=\"caption-attachment-7805\" class=\"wp-caption-text\">Cartel del Partido Sindicalista con un resumen del programa<\/figcaption><\/figure>\n<p>\u00c9l es el responsable del programa del partido. Un programa corto que empieza justificando su necesidad por \u201cel fracaso de la econom\u00eda, de la pol\u00edtica y de la democracia burguesa\u201d<a href=\"https:\/\/conversacionsobrehistoria.info\/2020\/05\/21\/angel-pestana-nunez-semblanza-de-un-anarcosindicalista\/#_ftn14\" name=\"_ftnref14\">[14]<\/a>. Fracaso por la contradicci\u00f3n que supone el aumento de la miseria y la infelicidad en un sistema capaz de producir cada vez m\u00e1s riquezas que pueden satisfacer todas las necesidades del ser humano. El eje del partido pivota alrededor de la econom\u00eda:<\/p>\n<p><em>La soluci\u00f3n que trae el Partido Sindicalista puede condensarse en muy pocas palabras<\/em>. \u00a0<em>Se resume as\u00ed: <u>No encontrar\u00e1 soluci\u00f3n adecuada a ning\u00fan problema pol\u00edtico si no se resuelven al mismo tiempo\u00a0 los problemas econ\u00f3micos mediante una mejor organizaci\u00f3n en la producci\u00f3n y la distribuci\u00f3n de las riquezas y la toma del Poder econ\u00f3mico y del poder pol\u00edtico de las clases productoras<a href=\"https:\/\/conversacionsobrehistoria.info\/2020\/05\/21\/angel-pestana-nunez-semblanza-de-un-anarcosindicalista\/#_ftn15\" name=\"_ftnref15\"><strong>[15]<\/strong><\/a><\/u><\/em><\/p>\n<p>Es un programa utilitario donde, como se ve, apenas hay doctrina y se dedica a lo que mejor sabe hacer, organizar. As\u00ed la econom\u00eda se organizar\u00e1 alrededor de los Sindicatos y las cooperativas. En cuanto a la organizaci\u00f3n territorial y pol\u00edtica adopta el federalismo de Proudhon y no dedica espacio a la justicia. Siempre, volvemos a repetir, con un desarrollo m\u00e1s normativo que doctrinal.<\/p>\n<p><strong>Elecciones y guerra<\/strong><\/p>\n<figure id=\"attachment_7806\" aria-describedby=\"caption-attachment-7806\" style=\"width: 800px\" class=\"wp-caption aligncenter\"><a href=\"https:\/\/espai-marx.net\/wp-content\/uploads\/2020\/05\/Mitin-de-Pesta\u00f1a-en-el-Sal\u00f3n-Espa\u00f1a-del-Puente-de-Vallecas-09-02-36-foto-Alfonso-1068x799-1.jpg\"><img loading=\"lazy\" decoding=\"async\" class=\"wp-image-7806 size-large\" src=\"https:\/\/espai-marx.net\/wp-content\/uploads\/2020\/05\/Mitin-de-Pesta\u00f1a-en-el-Sal\u00f3n-Espa\u00f1a-del-Puente-de-Vallecas-09-02-36-foto-Alfonso-1068x799-1-1024x766.jpg\" alt=\"\" width=\"800\" height=\"598\" srcset=\"https:\/\/espai-marx.net\/wp-content\/uploads\/2020\/05\/Mitin-de-Pesta\u00f1a-en-el-Sal\u00f3n-Espa\u00f1a-del-Puente-de-Vallecas-09-02-36-foto-Alfonso-1068x799-1-1024x766.jpg 1024w, https:\/\/espai-marx.net\/wp-content\/uploads\/2020\/05\/Mitin-de-Pesta\u00f1a-en-el-Sal\u00f3n-Espa\u00f1a-del-Puente-de-Vallecas-09-02-36-foto-Alfonso-1068x799-1-300x224.jpg 300w, https:\/\/espai-marx.net\/wp-content\/uploads\/2020\/05\/Mitin-de-Pesta\u00f1a-en-el-Sal\u00f3n-Espa\u00f1a-del-Puente-de-Vallecas-09-02-36-foto-Alfonso-1068x799-1-768x575.jpg 768w, https:\/\/espai-marx.net\/wp-content\/uploads\/2020\/05\/Mitin-de-Pesta\u00f1a-en-el-Sal\u00f3n-Espa\u00f1a-del-Puente-de-Vallecas-09-02-36-foto-Alfonso-1068x799-1.jpg 1068w\" sizes=\"auto, (max-width: 800px) 100vw, 800px\" \/><\/a><figcaption id=\"caption-attachment-7806\" class=\"wp-caption-text\">P\u00fablico de un mitin de \u00c1ngel Pesta\u00f1a en el Sal\u00f3n Espa\u00f1a del Puente de Vallecas, 9 de febrero de 1936 (foto: Alfonso)<\/figcaption><\/figure>\n<p>La primera vez que se presenta a unas elecciones coincide con el Frente Popular. Partido peque\u00f1o y singular en el panorama de partidos existentes en las democracias, sin \u201crespaldo\u201d exterior, como ser\u00eda el caso del Partido Comunista, le cuesta hacerse un hueco y ha de disputar al mil\u00edmetro los candidatos que se pueden presentar. Pesta\u00f1a se presentar\u00e1 por C\u00e1diz siendo el candidato m\u00e1s votado de todos cuantos se presentaron<a href=\"https:\/\/conversacionsobrehistoria.info\/2020\/05\/21\/angel-pestana-nunez-semblanza-de-un-anarcosindicalista\/#_ftn16\" name=\"_ftnref16\">[16]<\/a> lo que demuestra su enorme popularidad y la confianza que inspiraba.<\/p>\n<p>Al estallar la guerra ser\u00e1 el primero en protestar por la violencia en la retaguardia y pronto reclama disciplina en el ej\u00e9rcito. Ser\u00e1 nombrado Subcomisario de Guerra de la Zona Centro dirigida desde Albacete, precisamente el lugar en el que se concentraron las Brigadas Internacionales. Desde Albacete vivi\u00f3 la primera batalla de Madrid y organiz\u00f3 el abastecimiento de la capital enviando tropas (brigadistas) y suministros. En los andenes de la estaci\u00f3n contrajo una bronquitis severa que acab\u00f3 con su vida un a\u00f1o despu\u00e9s. Militantes cenetistas nos dijeron que fue una consecuencia del atentado de 1922. Su hijo Eliseo nos lo desminti\u00f3. Quiz\u00e1s se mezclen las causas, quiz\u00e1s fue una bronquitis que agrav\u00f3 un pulm\u00f3n delicado. En septiembre hab\u00eda reingresado en la CNT. Ten\u00eda 51 a\u00f1os, pocos para morir incluso en 1937.<\/p>\n<figure id=\"attachment_7807\" aria-describedby=\"caption-attachment-7807\" style=\"width: 624px\" class=\"wp-caption aligncenter\"><a href=\"https:\/\/espai-marx.net\/wp-content\/uploads\/2020\/05\/Muerte-angel-Pestana-Mundo-grafico.jpg\"><img loading=\"lazy\" decoding=\"async\" class=\"wp-image-7807 size-full\" src=\"https:\/\/espai-marx.net\/wp-content\/uploads\/2020\/05\/Muerte-angel-Pestana-Mundo-grafico.jpg\" alt=\"\" width=\"624\" height=\"384\" srcset=\"https:\/\/espai-marx.net\/wp-content\/uploads\/2020\/05\/Muerte-angel-Pestana-Mundo-grafico.jpg 624w, https:\/\/espai-marx.net\/wp-content\/uploads\/2020\/05\/Muerte-angel-Pestana-Mundo-grafico-300x185.jpg 300w\" sizes=\"auto, (max-width: 624px) 100vw, 624px\" \/><\/a><figcaption id=\"caption-attachment-7807\" class=\"wp-caption-text\">Necrol\u00f3gica de \u00c1ngel Pesta\u00f1a en <i>Mundo Gr\u00e1fico<\/i>, 22 de diciembre de 1937<\/figcaption><\/figure>\n<p><strong>Notas<\/strong><\/p>\n<p><a href=\"https:\/\/conversacionsobrehistoria.info\/2020\/05\/21\/angel-pestana-nunez-semblanza-de-un-anarcosindicalista\/#_ftnref1\" name=\"_ftn1\">[1]<\/a> OSSORIO Y GALLARDO, \u00c1ngel: <em>Barcelona, Julio de 1909. Declaraciones de un testigo.<\/em><\/p>\n<p><a href=\"https:\/\/conversacionsobrehistoria.info\/2020\/05\/21\/angel-pestana-nunez-semblanza-de-un-anarcosindicalista\/#_ftnref2\" name=\"_ftn2\">[2]<\/a> PESTA\u00d1A, \u00c1ngel: \u201cAcci\u00f3n directa\u201d; <em>Solidaridad Obrera, <\/em>17 junio 1915<\/p>\n<p><a href=\"https:\/\/conversacionsobrehistoria.info\/2020\/05\/21\/angel-pestana-nunez-semblanza-de-un-anarcosindicalista\/#_ftnref3\" name=\"_ftn3\">[3]<\/a> Como puede observarse, <em>Solidaridad Obrera<\/em> ya se ha convertido en diario, una propuesta de \u201cEl Congreso de la Paz de El Ferrol\u201d<\/p>\n<p><a href=\"https:\/\/conversacionsobrehistoria.info\/2020\/05\/21\/angel-pestana-nunez-semblanza-de-un-anarcosindicalista\/#_ftnref4\" name=\"_ftn4\">[4]<\/a> No fue el \u00fanico nav\u00edo hundido. Espa\u00f1a fue el pa\u00eds neutral que m\u00e1s barcos mercantes perdi\u00f3 durante la Gran Guerra, un 20% del total de su flota.<\/p>\n<p><a href=\"https:\/\/conversacionsobrehistoria.info\/2020\/05\/21\/angel-pestana-nunez-semblanza-de-un-anarcosindicalista\/#_ftnref5\" name=\"_ftn5\">[5]<\/a> Entrevista a Pesta\u00f1a de C\u00e9sar Jal\u00f3n publicada en <em>El Liberal<\/em> de Madrid el \u00bf17? Diciembre 1919<\/p>\n<p><a href=\"https:\/\/conversacionsobrehistoria.info\/2020\/05\/21\/angel-pestana-nunez-semblanza-de-un-anarcosindicalista\/#_ftnref6\" name=\"_ftn6\">[6]<\/a> He estudiado este apartado previamente en dos ocasiones:<\/p>\n<p>SANTOS SANTOS, Mar\u00eda-Cruz: La revoluci\u00f3 russa i l\u2019anarquisme catal\u00e0. La influencia d\u2019\u00c1ngel Pesta\u00f1a\u201d dentro de <em>Catalunya i la Restauraci\u00f3<\/em>, Actes del Congr\u00e9s Internacional d\u2019Hist\u00f2ria, 1992<\/p>\n<p>SANTOS SANTOS, Mar\u00eda-Cruz: \u201cUn viatge trascedental per la CNT. Pesta\u00f1a a la R\u00fassia revolucion\u00e0ria\u201d a <a href=\"https:\/\/espai-marx.net\/?cat=851\">https:\/\/espai-marx.net\/?cat=851<\/a> , 2020<\/p>\n<p><a href=\"https:\/\/conversacionsobrehistoria.info\/2020\/05\/21\/angel-pestana-nunez-semblanza-de-un-anarcosindicalista\/#_ftnref7\" name=\"_ftn7\">[7] <\/a>Parad\u00f3jicamente Pesta\u00f1a no forma parte de ese comit\u00e9. Es Peir\u00f3 el responsable en ese momento.<\/p>\n<p><a href=\"https:\/\/conversacionsobrehistoria.info\/2020\/05\/21\/angel-pestana-nunez-semblanza-de-un-anarcosindicalista\/#_ftnref8\" name=\"_ftn8\">[8]<\/a> Estas informaciones nos las dieron el Sr. Casas\u00fas y otros en una conversaci\u00f3n que tuvimos en el C\u00edrculo Leridano de Barcelona el 4 de marzo de 1993<\/p>\n<p><a href=\"https:\/\/conversacionsobrehistoria.info\/2020\/05\/21\/angel-pestana-nunez-semblanza-de-un-anarcosindicalista\/#_ftnref9\" name=\"_ftn9\">[9]<\/a> \u00abUn rumor\u00bb; <em>La Libertad<\/em>; n\u00ba 4486; Madrid, 8 agosto 1934; p\u00e1g. 1<\/p>\n<p><a href=\"https:\/\/conversacionsobrehistoria.info\/2020\/05\/21\/angel-pestana-nunez-semblanza-de-un-anarcosindicalista\/#_ftnref10\" name=\"_ftn10\">[10]<\/a> ALBA, V\u00edctor: <em>La Alianza Obrera. Historia y an\u00e1lisis de una t\u00e1ctica de unidad en Espa\u00f1a<\/em>; Madrid, 1978; p\u00e1g. 119<\/p>\n<p><a href=\"https:\/\/conversacionsobrehistoria.info\/2020\/05\/21\/angel-pestana-nunez-semblanza-de-un-anarcosindicalista\/#_ftnref11\" name=\"_ftn11\">[11]<\/a> PESTA\u00d1A, \u00c1ngel: \u00abSugerencias. Lo que m\u00e1s conviene\u00bb; <em>La Libertad<\/em>; Madrid, 4 mayo 1933<\/p>\n<p><a href=\"https:\/\/conversacionsobrehistoria.info\/2020\/05\/21\/angel-pestana-nunez-semblanza-de-un-anarcosindicalista\/#_ftnref12\" name=\"_ftn12\">[12]<\/a> PESTA\u00d1A, \u00c1ngel: \u00abAfirmaciones. Frente al fascismo\u00bb; <em>Sindicalismo<\/em>; Barcelona, 13 octubre 1933<\/p>\n<p><a href=\"https:\/\/conversacionsobrehistoria.info\/2020\/05\/21\/angel-pestana-nunez-semblanza-de-un-anarcosindicalista\/#_ftnref13\" name=\"_ftn13\">[13]<\/a> PESTA\u00d1A, A. \u00abAnte el cuarto aniversario\u00bb; <em>El Sindicalista<\/em>; 27 abril 1935 ; Barcelona<\/p>\n<p><a href=\"https:\/\/conversacionsobrehistoria.info\/2020\/05\/21\/angel-pestana-nunez-semblanza-de-un-anarcosindicalista\/#_ftnref14\" name=\"_ftn14\">[14]<\/a> ELORZA,\u00a0 Antonio: <em>Trayectoria Sindicalista<\/em>, 1974, p\u00e1g. 766<\/p>\n<p><a href=\"https:\/\/conversacionsobrehistoria.info\/2020\/05\/21\/angel-pestana-nunez-semblanza-de-un-anarcosindicalista\/#_ftnref15\" name=\"_ftn15\">[15]<\/a> \u00eddem, p\u00e1g. 767. El subrayado\u00a0 es suyo<\/p>\n<p><a href=\"https:\/\/conversacionsobrehistoria.info\/2020\/05\/21\/angel-pestana-nunez-semblanza-de-un-anarcosindicalista\/#_ftnref16\" name=\"_ftn16\">[16]<\/a> En el sistema electoral de la Segunda Rep\u00fablica los votos eran personales, al candidato, no a la formaci\u00f3n pol\u00edtica.<\/p>\n<p><strong>Bibliograf\u00eda<\/strong><\/p>\n<p>CASANOVA, Juli\u00e1n: <em>Tierra y Libertad. 100 a\u00f1os de Anarquismo en Espa\u00f1a<\/em>, 2010<\/p>\n<p>D\u00cdAZ HERRERA, Jes\u00fas: <em>El liderazgo pol\u00edtico de \u00e1ngel pesta\u00f1a. De la <\/em><em>\u00a0ortodoxia anarquista al positivismo libertario<\/em>;\u00a0 2015<\/p>\n<p>GIM\u00c9NEZ, Sergio: <em>\u00c1ngel Pesta\u00f1a, falangista. Anatom\u00eda de una mentira <\/em><em>hist\u00f3rica<\/em>, 2020<\/p>\n<p>LERA, \u00c1ngel M\u00aa de: <em>Retrato de un anarquista<\/em>, 1978<\/p>\n<p>ROMERO SALVAD\u00d3, Francisco J.: <em>Espa\u00f1a 1914-1918. Entre la guerra <\/em><em>\u00a0y la revoluci\u00f3n\u201d<\/em>; 2002<\/p>\n<p>SANTOS, Mar\u00eda-Cruz: <em>\u00c1ngel Pesta\u00f1a, Caballero de la Triste Figura<\/em>, 2011<\/p>\n<p>TERMES, Josep: <em>Hist\u00f2ria del Moviment Anarquista a Espanya<\/em>,<em> (1870-1980)<\/em>, 2011<\/p>\n<p>VADILLO, Juli\u00e1n: <em>Historia de la CNT<\/em>, 2019<\/p>\n<p>Barcelona, 2 de mayo de 2020<\/p>\n<p><strong>Portada:<\/strong> fotograf\u00eda reproducida en Eduardo de Guzm\u00e1n, <em>\u00c1ngel Pesta\u00f1a. Biografia y textos<\/em> (1978).<\/p>\n<p><strong>Im\u00e1genes: <\/strong>Conversaci\u00f3n sobre la Historia<\/p>\n<p><strong>Fuente<\/strong>: <a href=\"https:\/\/conversacionsobrehistoria.info\/2020\/05\/21\/angel-pestana-nunez-semblanza-de-un-anarcosindicalista\/\">https:\/\/conversacionsobrehistoria.info\/2020\/05\/21\/angel-pestana-nunez-semblanza-de-un-anarcosindicalista\/<\/a><\/p>\n","protected":false},"excerpt":{"rendered":"<p>Resulta dif\u00edcil hablar de la CNT anterior a 1936 y no mencionar a Pesta\u00f1a. Lo fue todo en el sindicato<\/p>\n","protected":false},"author":5,"featured_media":7785,"comment_status":"open","ping_status":"open","sticky":false,"template":"","format":"standard","meta":{"footnotes":""},"categories":[1551,17],"tags":[1524,1572],"class_list":["post-7783","post","type-post","status-publish","format-standard","has-post-thumbnail","hentry","category-anarquismo","category-historia","tag-angel-pestana","tag-sindicalismo"],"aioseo_notices":[],"_links":{"self":[{"href":"https:\/\/espai-marx.net\/index.php?rest_route=\/wp\/v2\/posts\/7783","targetHints":{"allow":["GET"]}}],"collection":[{"href":"https:\/\/espai-marx.net\/index.php?rest_route=\/wp\/v2\/posts"}],"about":[{"href":"https:\/\/espai-marx.net\/index.php?rest_route=\/wp\/v2\/types\/post"}],"author":[{"embeddable":true,"href":"https:\/\/espai-marx.net\/index.php?rest_route=\/wp\/v2\/users\/5"}],"replies":[{"embeddable":true,"href":"https:\/\/espai-marx.net\/index.php?rest_route=%2Fwp%2Fv2%2Fcomments&post=7783"}],"version-history":[{"count":0,"href":"https:\/\/espai-marx.net\/index.php?rest_route=\/wp\/v2\/posts\/7783\/revisions"}],"wp:featuredmedia":[{"embeddable":true,"href":"https:\/\/espai-marx.net\/index.php?rest_route=\/wp\/v2\/media\/7785"}],"wp:attachment":[{"href":"https:\/\/espai-marx.net\/index.php?rest_route=%2Fwp%2Fv2%2Fmedia&parent=7783"}],"wp:term":[{"taxonomy":"category","embeddable":true,"href":"https:\/\/espai-marx.net\/index.php?rest_route=%2Fwp%2Fv2%2Fcategories&post=7783"},{"taxonomy":"post_tag","embeddable":true,"href":"https:\/\/espai-marx.net\/index.php?rest_route=%2Fwp%2Fv2%2Ftags&post=7783"}],"curies":[{"name":"wp","href":"https:\/\/api.w.org\/{rel}","templated":true}]}}