{"id":7820,"date":"2020-06-06T05:00:02","date_gmt":"2020-06-06T04:00:02","guid":{"rendered":"https:\/\/espai-marx.net\/?p=7820"},"modified":"2020-06-06T10:44:52","modified_gmt":"2020-06-06T09:44:52","slug":"gramsci-en-temps-de-crisi-pandemica","status":"publish","type":"post","link":"https:\/\/espai-marx.net\/?p=7820","title":{"rendered":"Gramsci en temps de crisi pand\u00e8mica"},"content":{"rendered":"<p>Debat organitzat per l&#8217;Associaci\u00f3 d&#8217;Estudis Gramscians de Catalunya. Presentat per Fernando Zamorano amb la intervenci\u00f3 de Giaime Pala i Anxo Garrido.<\/p>\n<p><iframe loading=\"lazy\" title=\"Gramsci en temps de crisi pand\u00e8mica\" width=\"800\" height=\"450\" src=\"https:\/\/www.youtube.com\/embed\/GPy-QW_XGAw?feature=oembed\" frameborder=\"0\" allow=\"accelerometer; autoplay; clipboard-write; encrypted-media; gyroscope; picture-in-picture; web-share\" referrerpolicy=\"strict-origin-when-cross-origin\" allowfullscreen><\/iframe><\/p>\n","protected":false},"excerpt":{"rendered":"<p>Debat organitzat per l&#8217;Associaci\u00f3 d&#8217;Estudis Gramscians de Catalunya. Presentat per Fernando Zamorano amb la intervenci\u00f3 de Giaime Pala i Anxo Garrido.<\/p>\n","protected":false},"author":5,"featured_media":0,"comment_status":"open","ping_status":"open","sticky":false,"template":"","format":"standard","meta":{"footnotes":""},"categories":[1546,8,1552,833],"tags":[],"class_list":["post-7820","post","type-post","status-publish","format-standard","hentry","category-antonio-gramsci","category-filosofia","category-marxismo","category-videos"],"aioseo_notices":[],"_links":{"self":[{"href":"https:\/\/espai-marx.net\/index.php?rest_route=\/wp\/v2\/posts\/7820","targetHints":{"allow":["GET"]}}],"collection":[{"href":"https:\/\/espai-marx.net\/index.php?rest_route=\/wp\/v2\/posts"}],"about":[{"href":"https:\/\/espai-marx.net\/index.php?rest_route=\/wp\/v2\/types\/post"}],"author":[{"embeddable":true,"href":"https:\/\/espai-marx.net\/index.php?rest_route=\/wp\/v2\/users\/5"}],"replies":[{"embeddable":true,"href":"https:\/\/espai-marx.net\/index.php?rest_route=%2Fwp%2Fv2%2Fcomments&post=7820"}],"version-history":[{"count":0,"href":"https:\/\/espai-marx.net\/index.php?rest_route=\/wp\/v2\/posts\/7820\/revisions"}],"wp:attachment":[{"href":"https:\/\/espai-marx.net\/index.php?rest_route=%2Fwp%2Fv2%2Fmedia&parent=7820"}],"wp:term":[{"taxonomy":"category","embeddable":true,"href":"https:\/\/espai-marx.net\/index.php?rest_route=%2Fwp%2Fv2%2Fcategories&post=7820"},{"taxonomy":"post_tag","embeddable":true,"href":"https:\/\/espai-marx.net\/index.php?rest_route=%2Fwp%2Fv2%2Ftags&post=7820"}],"curies":[{"name":"wp","href":"https:\/\/api.w.org\/{rel}","templated":true}]}}