{"id":8013,"date":"2020-06-20T05:00:23","date_gmt":"2020-06-20T04:00:23","guid":{"rendered":"https:\/\/espai-marx.net\/?p=8013"},"modified":"2020-06-19T12:56:54","modified_gmt":"2020-06-19T11:56:54","slug":"homenaje-a-bolivar-echeverria","status":"publish","type":"post","link":"https:\/\/espai-marx.net\/?p=8013","title":{"rendered":"Homenaje a Bol\u00edvar Echeverr\u00eda"},"content":{"rendered":"<p>Siguiendo con el peque\u00f1o homenaje que hemos querido hacerle a Bol\u00edvar Echeverr\u00eda por el d\u00e9cimo aniversario de su muerte ofrecemos hoy dos v\u00eddeos que recogen, respectivamente, una entrevista realizada al pensador latinoamericano y una intervenci\u00f3n de Diana Fuentes sobre su figura.<\/p>\n<p>&nbsp;<\/p>\n<p><iframe loading=\"lazy\" title=\"1.- Visiones de la palabra: Bol\u00edvar Echeverr\u00eda\" width=\"800\" height=\"600\" src=\"https:\/\/www.youtube.com\/embed\/kCqB4GxUAsE?feature=oembed\" frameborder=\"0\" allow=\"accelerometer; autoplay; clipboard-write; encrypted-media; gyroscope; picture-in-picture; web-share\" referrerpolicy=\"strict-origin-when-cross-origin\" allowfullscreen><\/iframe><\/p>\n<p>&nbsp;<\/p>\n<p><iframe loading=\"lazy\" title=\"Intervenci\u00f3n de Diana Fuentes en el homenaje a Bol\u00edvar Echeverr\u00eda.\" width=\"800\" height=\"600\" src=\"https:\/\/www.youtube.com\/embed\/Neio3UfKezM?feature=oembed\" frameborder=\"0\" allow=\"accelerometer; autoplay; clipboard-write; encrypted-media; gyroscope; picture-in-picture; web-share\" referrerpolicy=\"strict-origin-when-cross-origin\" allowfullscreen><\/iframe><\/p>\n","protected":false},"excerpt":{"rendered":"<p>Siguiendo con el peque\u00f1o homenaje que hemos querido hacerle a Bol\u00edvar Echeverr\u00eda por el d\u00e9cimo aniversario de su muerte ofrecemos<\/p>\n","protected":false},"author":5,"featured_media":0,"comment_status":"open","ping_status":"open","sticky":false,"template":"","format":"standard","meta":{"footnotes":""},"categories":[8],"tags":[1573],"class_list":["post-8013","post","type-post","status-publish","format-standard","hentry","category-filosofia","tag-bolivar-echeverria"],"aioseo_notices":[],"_links":{"self":[{"href":"https:\/\/espai-marx.net\/index.php?rest_route=\/wp\/v2\/posts\/8013","targetHints":{"allow":["GET"]}}],"collection":[{"href":"https:\/\/espai-marx.net\/index.php?rest_route=\/wp\/v2\/posts"}],"about":[{"href":"https:\/\/espai-marx.net\/index.php?rest_route=\/wp\/v2\/types\/post"}],"author":[{"embeddable":true,"href":"https:\/\/espai-marx.net\/index.php?rest_route=\/wp\/v2\/users\/5"}],"replies":[{"embeddable":true,"href":"https:\/\/espai-marx.net\/index.php?rest_route=%2Fwp%2Fv2%2Fcomments&post=8013"}],"version-history":[{"count":0,"href":"https:\/\/espai-marx.net\/index.php?rest_route=\/wp\/v2\/posts\/8013\/revisions"}],"wp:attachment":[{"href":"https:\/\/espai-marx.net\/index.php?rest_route=%2Fwp%2Fv2%2Fmedia&parent=8013"}],"wp:term":[{"taxonomy":"category","embeddable":true,"href":"https:\/\/espai-marx.net\/index.php?rest_route=%2Fwp%2Fv2%2Fcategories&post=8013"},{"taxonomy":"post_tag","embeddable":true,"href":"https:\/\/espai-marx.net\/index.php?rest_route=%2Fwp%2Fv2%2Ftags&post=8013"}],"curies":[{"name":"wp","href":"https:\/\/api.w.org\/{rel}","templated":true}]}}