{"id":8067,"date":"2020-06-29T05:00:00","date_gmt":"2020-06-29T04:00:00","guid":{"rendered":"https:\/\/espai-marx.net\/?p=8067"},"modified":"2020-06-29T02:48:01","modified_gmt":"2020-06-29T01:48:01","slug":"podcast-nueva-sesion-del-seminario-fenomenologia-del-espiritu-de-hegel-20-6-2020","status":"publish","type":"post","link":"https:\/\/espai-marx.net\/?p=8067","title":{"rendered":"Podcast: Nueva sesi\u00f3n del seminario \u00abFenomenolog\u00eda del esp\u00edritu\u00bb de Hegel (20\/6\/2020)"},"content":{"rendered":"<p>Nueva sesi\u00f3n sobre la <em>Fenomenolog\u00eda del esp\u00edritu<\/em> de Hegel, dentro del <a href=\"https:\/\/espai-marx.net\/?p=3969\">seminario de Espai Marx<\/a>, en Barcelona el 20 de junio del 2020. Las sesiones se interrumpen por las vacaciones de verano y se retomar\u00e1n en septiembre.<\/p>\n<p><a href=\"https:\/\/espai-marx.net\/wp-content\/uploads\/2020\/01\/espaipodcastlogo3-e1580122784874.jpg\"><img loading=\"lazy\" decoding=\"async\" class=\"alignleft size-thumbnail wp-image-3960\" src=\"https:\/\/espai-marx.net\/wp-content\/uploads\/2020\/01\/espaipodcastlogo3-150x150.jpg\" alt=\"\" width=\"150\" height=\"150\" \/><\/a><\/p>\n<div class=\"powerpress_player\" id=\"powerpress_player_1981\"><audio class=\"wp-audio-shortcode\" id=\"audio-8067-1\" preload=\"none\" style=\"width: 100%;\" controls=\"controls\"><source type=\"audio\/mpeg\" src=\"https:\/\/espai-marx.net\/wp-content\/uploads\/2020\/06\/seminario_Fenomenologia_20_6_2020.mp3?_=1\" \/><a href=\"https:\/\/espai-marx.net\/wp-content\/uploads\/2020\/06\/seminario_Fenomenologia_20_6_2020.mp3\">https:\/\/espai-marx.net\/wp-content\/uploads\/2020\/06\/seminario_Fenomenologia_20_6_2020.mp3<\/a><\/audio><\/div><p class=\"powerpress_links powerpress_links_mp3\" style=\"margin-bottom: 1px !important;\">Podcast: <a href=\"https:\/\/espai-marx.net\/wp-content\/uploads\/2020\/06\/seminario_Fenomenologia_20_6_2020.mp3\" class=\"powerpress_link_pinw\" target=\"_blank\" title=\"Reproducir en una nueva ventana\" onclick=\"return powerpress_pinw('https:\/\/espai-marx.net\/?powerpress_pinw=8067-podcast');\" rel=\"nofollow\">Reproducir en una nueva ventana<\/a> | <a href=\"https:\/\/espai-marx.net\/wp-content\/uploads\/2020\/06\/seminario_Fenomenologia_20_6_2020.mp3\" class=\"powerpress_link_d\" title=\"Descargar\" rel=\"nofollow\" download=\"seminario_Fenomenologia_20_6_2020.mp3\">Descargar<\/a> | <a href=\"#\" class=\"powerpress_link_e\" title=\"Incrustar\" onclick=\"return powerpress_show_embed('8067-podcast');\" rel=\"nofollow\">Incrustar<\/a><\/p><p class=\"powerpress_embed_box\" id=\"powerpress_embed_8067-podcast\" style=\"display: none;\"><input id=\"powerpress_embed_8067-podcast_t\" type=\"text\" value=\"&lt;iframe width=&quot;320&quot; height=&quot;30&quot; src=&quot;https:\/\/espai-marx.net\/?powerpress_embed=8067-podcast&amp;amp;powerpress_player=mediaelement-audio&quot; title=&quot;Blubrry Podcast Player&quot; frameborder=&quot;0&quot; scrolling=&quot;no&quot;&gt;&lt;\/iframe&gt;\" onclick=\"javascript: this.select();\" onfocus=\"javascript: this.select();\" style=\"width: 70%;\" readOnly><\/p><p class=\"powerpress_links powerpress_subscribe_links\">Suscr\u00edbete: <a href=\"https:\/\/www.youtube.com\/@PodcastdeEspaiMarx-ht2uc\" class=\"powerpress_link_subscribe powerpress_link_subscribe_youtube\" target=\"_blank\" title=\"Suscr\u00edbete a YouTube Music\" rel=\"nofollow\">YouTube Music<\/a> | <a href=\"https:\/\/espai-marx.net\/?feed=podcast\" class=\"powerpress_link_subscribe powerpress_link_subscribe_rss\" target=\"_blank\" title=\"Suscr\u00edbete v\u00eda RSS\" rel=\"nofollow\">RSS<\/a><\/p>","protected":false},"excerpt":{"rendered":"<p>Nueva sesi\u00f3n sobre la Fenomenolog\u00eda del esp\u00edritu de Hegel, dentro del seminario de Espai Marx, en Barcelona el 20 de<\/p>\n","protected":false},"author":5,"featured_media":0,"comment_status":"open","ping_status":"open","sticky":false,"template":"","format":"standard","meta":{"footnotes":""},"categories":[883,8],"tags":[],"class_list":["post-8067","post","type-post","status-publish","format-standard","hentry","category-filosofia-del-espiritu-de-g-w-f-hegel","category-filosofia"],"aioseo_notices":[],"_links":{"self":[{"href":"https:\/\/espai-marx.net\/index.php?rest_route=\/wp\/v2\/posts\/8067","targetHints":{"allow":["GET"]}}],"collection":[{"href":"https:\/\/espai-marx.net\/index.php?rest_route=\/wp\/v2\/posts"}],"about":[{"href":"https:\/\/espai-marx.net\/index.php?rest_route=\/wp\/v2\/types\/post"}],"author":[{"embeddable":true,"href":"https:\/\/espai-marx.net\/index.php?rest_route=\/wp\/v2\/users\/5"}],"replies":[{"embeddable":true,"href":"https:\/\/espai-marx.net\/index.php?rest_route=%2Fwp%2Fv2%2Fcomments&post=8067"}],"version-history":[{"count":0,"href":"https:\/\/espai-marx.net\/index.php?rest_route=\/wp\/v2\/posts\/8067\/revisions"}],"wp:attachment":[{"href":"https:\/\/espai-marx.net\/index.php?rest_route=%2Fwp%2Fv2%2Fmedia&parent=8067"}],"wp:term":[{"taxonomy":"category","embeddable":true,"href":"https:\/\/espai-marx.net\/index.php?rest_route=%2Fwp%2Fv2%2Fcategories&post=8067"},{"taxonomy":"post_tag","embeddable":true,"href":"https:\/\/espai-marx.net\/index.php?rest_route=%2Fwp%2Fv2%2Ftags&post=8067"}],"curies":[{"name":"wp","href":"https:\/\/api.w.org\/{rel}","templated":true}]}}