{"id":8084,"date":"2020-07-17T00:03:24","date_gmt":"2020-07-16T23:03:24","guid":{"rendered":"https:\/\/espai-marx.net\/?p=8084"},"modified":"2020-07-18T02:46:12","modified_gmt":"2020-07-18T01:46:12","slug":"homenaje-a-jordi-torrent-bestit-1943-2020","status":"publish","type":"post","link":"https:\/\/espai-marx.net\/?p=8084","title":{"rendered":"Homenaje a Jordi Torrent Bestit (1943-2020)"},"content":{"rendered":"<p>Tras el reciente fallecimiento de nuestro compa\u00f1ero Jordi Torrent Bestit, desde Espai Marx deseamos compartir, en forma de homenaje, nuestro recuerdo. Jordi fue un hombre de vast\u00edsima cultura, y erudici\u00f3n de lector de muchos, muchos a\u00f1os, de la que nunca hac\u00eda gala.\u00a0 Ten\u00eda un conocimiento de historiograf\u00eda -\u00e9l era histori\u00f3grafo- riguroso, sobre el que siempre pod\u00eda dar raz\u00f3n de su opini\u00f3n. Un amor a la vida desbordante. Una lucidez pol\u00edtica serena, sin cabida a autoenga\u00f1o alguno.\u00a0 Y una vida de experiencia rica -ars longa, vita brevis- que la daba un poso, un saber estar, serenos e inconfundibles, y lo hac\u00edan no asustarse de nada, sin estar, sin embargo,\u00a0 tampoco de vuelta de nada. Era un franc\u00f3filo militante, y conoc\u00eda Francia, sus grandes autores, sus formas de vida. Era el mejor conocedor de Espa\u00f1a sobre la obra de Cornelius Castoriadis, a quien habia tratado, con el que hab\u00eda sostenido correspondencia mienstras aquel vivi\u00f3. Jordi era un gran admirador y conocedor, por ser lector, de la obra de Manuel Sacrist\u00e1n. Una personalidad abierta a aficiones como el cine y el mundo del comic alternativo, libertario, sobre el cual nos daba aviso siempre que hab\u00eda alguna exposici\u00f3n. Humor ir\u00f3nico, elegancia, discreci\u00f3n, amor por una buena conversaci\u00f3n, en la que interven\u00eda discret\u00edsimamente, lo justo, siempre con agudeza y en un catal\u00e1n dominado por \u00e9l con naturalidad y hasta sus m\u00e1s \u00edntimos recovecos, un catal\u00e1n dominado de veras, donde todo t\u00e9rmino era preciso y nunca exagerado, parigual de su excelente hablar en espa\u00f1ol.<\/p>\n<p>A continuaci\u00f3n dejamos una peque\u00f1a recopilaci\u00f3n de algunos de sus textos recientes:<\/p>\n<p>Selecci\u00f3n de art\u00edculos de la revista <em>Rebeli\u00f3n<\/em>: <a href=\"https:\/\/rebelion.org\/autor\/jordi-torrent-bestit\/\" target=\"_blank\" rel=\"nofollow noopener noreferrer\" data-saferedirecturl=\"https:\/\/www.google.com\/url?hl=es&amp;q=https:\/\/rebelion.org\/autor\/jordi-torrent-bestit\/&amp;source=gmail&amp;ust=1594999248813000&amp;usg=AFQjCNHChSHQRfYrvT_lSvX8ai159DRHDw\">https:\/\/rebelion.org\/autor\/jordi-torrent-bestit\/<\/a><\/p>\n<p><em>Los escritos pol\u00edticos de Cornelius Castoriadis <\/em>(2006): <a href=\"https:\/\/fundanin.net\/2020\/01\/06\/los-escritos-politicos-de-castoriadis\/\" target=\"_blank\" rel=\"nofollow noopener noreferrer\" data-saferedirecturl=\"https:\/\/www.google.com\/url?hl=es&amp;q=https:\/\/fundanin.net\/2020\/01\/06\/los-escritos-politicos-de-castoriadis\/&amp;source=gmail&amp;ust=1594999248813000&amp;usg=AFQjCNGw6I10xo7lFOQFePBzZ_0m95G_Fw\">https:\/\/fundanin.net\/2020\/01\/06\/los-escritos-politicos-de-castoriadis\/<\/a><\/p>\n<p>Entrevista sobre Cornelius Castoriadis (2008): <a href=\"https:\/\/fundanin.net\/2019\/01\/08\/entrevista-sobre-cornelius-castoriadis\/\" target=\"_blank\" rel=\"nofollow noopener noreferrer\" data-saferedirecturl=\"https:\/\/www.google.com\/url?hl=es&amp;q=https:\/\/fundanin.net\/2019\/01\/08\/entrevista-sobre-cornelius-castoriadis\/&amp;source=gmail&amp;ust=1594999248813000&amp;usg=AFQjCNE00M20FJbN0jOS3CVMffOviM_QRQ\">https:\/\/fundanin.net\/2019\/01\/08\/entrevista-sobre-cornelius-castoriadis\/<\/a><\/p>\n<p><em>Maspero i un alegre vaixell <\/em>(2015): <a href=\"https:\/\/diarieducacio.cat\/maspero-i-un-alegre-vaixell\/\" target=\"_blank\" rel=\"nofollow noopener noreferrer\" data-saferedirecturl=\"https:\/\/www.google.com\/url?hl=es&amp;q=https:\/\/diarieducacio.cat\/maspero-i-un-alegre-vaixell\/&amp;source=gmail&amp;ust=1594999248813000&amp;usg=AFQjCNGL-mVTAsUX9q8auTWOAJ5w1gMwYg\">https:\/\/diarieducacio.cat\/maspero-i-un-alegre-vaixell\/<\/a><\/p>\n<p><span class=\"titulo\"><em>Arrojar el espejo con tal de salvar la cara. <\/em>Pr\u00f3logo del libro de Salvador L\u00f3pez Arnal <em>La observaci\u00f3n de Goethe<\/em>. <\/span><span class=\"titulo\"><em>Tres momentos de la historia del PSUC<\/em>, <em>el partido de los\u00a0<\/em><\/span><em><span class=\"titulo\">comunistas catalanes. Gabriel Ferrater, Jaime Gil de Biedma, Manuel V\u00e1zquez Montalb\u00e1n y Manuel Sacrist\u00e1n<\/span><\/em><span class=\"titulo\"> (2015): <\/span><a href=\"http:\/\/www.pensamientocritico.org\/primera-epoca\/jortor0515.htm\">http:\/\/www.pensamientocritico.org\/primera-epoca\/jortor0515.htm<\/a><\/p>\n<p><em>Albert Camus y el movimiento libertario. Un homenaje <\/em>(2018): <a href=\"http:\/\/www.trasversales.net\/t44torrent.htm\">http:\/\/www.trasversales.net\/t44torrent.htm<\/a><\/p>\n","protected":false},"excerpt":{"rendered":"<p>Tras el reciente fallecimiento de nuestro compa\u00f1ero Jordi Torrent Bestit, desde Espai Marx deseamos compartir, en forma de homenaje, nuestro<\/p>\n","protected":false},"author":9,"featured_media":8093,"comment_status":"open","ping_status":"open","sticky":false,"template":"","format":"standard","meta":{"footnotes":""},"categories":[8],"tags":[],"class_list":["post-8084","post","type-post","status-publish","format-standard","has-post-thumbnail","hentry","category-filosofia"],"aioseo_notices":[],"_links":{"self":[{"href":"https:\/\/espai-marx.net\/index.php?rest_route=\/wp\/v2\/posts\/8084","targetHints":{"allow":["GET"]}}],"collection":[{"href":"https:\/\/espai-marx.net\/index.php?rest_route=\/wp\/v2\/posts"}],"about":[{"href":"https:\/\/espai-marx.net\/index.php?rest_route=\/wp\/v2\/types\/post"}],"author":[{"embeddable":true,"href":"https:\/\/espai-marx.net\/index.php?rest_route=\/wp\/v2\/users\/9"}],"replies":[{"embeddable":true,"href":"https:\/\/espai-marx.net\/index.php?rest_route=%2Fwp%2Fv2%2Fcomments&post=8084"}],"version-history":[{"count":0,"href":"https:\/\/espai-marx.net\/index.php?rest_route=\/wp\/v2\/posts\/8084\/revisions"}],"wp:featuredmedia":[{"embeddable":true,"href":"https:\/\/espai-marx.net\/index.php?rest_route=\/wp\/v2\/media\/8093"}],"wp:attachment":[{"href":"https:\/\/espai-marx.net\/index.php?rest_route=%2Fwp%2Fv2%2Fmedia&parent=8084"}],"wp:term":[{"taxonomy":"category","embeddable":true,"href":"https:\/\/espai-marx.net\/index.php?rest_route=%2Fwp%2Fv2%2Fcategories&post=8084"},{"taxonomy":"post_tag","embeddable":true,"href":"https:\/\/espai-marx.net\/index.php?rest_route=%2Fwp%2Fv2%2Ftags&post=8084"}],"curies":[{"name":"wp","href":"https:\/\/api.w.org\/{rel}","templated":true}]}}