{"id":8096,"date":"2020-08-08T05:00:41","date_gmt":"2020-08-08T04:00:41","guid":{"rendered":"https:\/\/espai-marx.net\/?p=8096"},"modified":"2020-08-07T17:22:27","modified_gmt":"2020-08-07T16:22:27","slug":"jaque-al-rey","status":"publish","type":"post","link":"https:\/\/espai-marx.net\/?p=8096","title":{"rendered":"Jaque al Rey"},"content":{"rendered":"<p style=\"padding-left: 80px;\"><i>Political writing in our time consists almost entirely of prefabricated phrases bolted together like the pieces of a child\u00b4s Mecanno set. It is the unavoidable result of self-censorship. To write in plain, vigorous language one has to think fearlessly, and if one thinks fearlessly one cannot be politically orthodox.<\/i><br \/>\nGeorge Orwell, <i>The Prevention of Literature<\/i>, ensayo del libro \u201cShooting an Elephant\u201d<\/p>\n<p>Es c\u00f3mico, cuando no pat\u00e9tico, comprobar c\u00f3mo en los \u00faltimos a\u00f1os la prensa espa\u00f1ola se est\u00e1 dedicando a humillar p\u00fablicamente al hasta hace no mucho tiempo santo democr\u00e1tico oficial de la Espa\u00f1a postfranquista: Juan Carlos I, rey em\u00e9rito.<\/p>\n<p>Es c\u00f3mico ser testigo, un d\u00eda s\u00ed y otro tambi\u00e9n, de la letan\u00eda de exclusivas sobre las cuentas en Suiza y otros para\u00edsos fiscales que el anterior monarca abri\u00f3 a\u00f1os ha y que, con gesto muy serio, nos informan las grandes cabeceras de prensa que nunca declar\u00f3 a la hacienda p\u00fablica espa\u00f1ola. Resulta rid\u00edculo ver desfilar, por las secciones de nacional y pol\u00edtica de los peri\u00f3dicos patrios, los cap\u00edtulos de novela rosinegra de Cor\u00edn(na) Larsen -\u00faltima amante conocida de nuestra testa coronada de espinas- y el comisario Villarejo, con grabaciones ocultas incluidas.<\/p>\n<p>Y es pat\u00e9tico constatar c\u00f3mo son exactamente esos mismos rotativos nacionales los que, hasta el rid\u00edculo episodio de la cacer\u00eda de Botsuana, se hab\u00edan dedicado no ya a alabar la figura regia hasta cotas sonrojantes, sino a ocultar sistem\u00e1ticamente cualquier tipo de informaci\u00f3n relativa a la figura real; mientras los diarios franceses e italianos se hac\u00edan eco de las numerosas cortesanas de \u201cEl Campechano\u201d, con hijos ileg\u00edtimos de por medio, y en Estados Unidos el \u201cNew York Times\u201d publicaba en sus p\u00e1ginas la inmensa fortuna estimada del Borb\u00f3n, por estos lares el silencio era atronadoramente sonoro.<\/p>\n<p>A\u00fan m\u00e1s pat\u00e9tico, sin embargo, aparece ante los ojos incr\u00e9dulos del lector hispano el intento de blanqueamiento de su propia imagen en el que dicha prensa est\u00e1 ahora embarcado; asistimos a una competici\u00f3n feroz por ver qui\u00e9n expone el dato m\u00e1s truculento de esta saga morgan\u00e1tica, pues de pronto se ha abierto la veda para abatir a nuestro esp\u00e9cimen m\u00e1s glorioso: C\u00e1rolus Rex.<\/p>\n<p>El problema es que el peor enemigo de un peri\u00f3dico es su propia hemeroteca. Propongo a quienquiera que lea este texto un juego: elija su medio de comunicaci\u00f3n de cabecera e intente encontrar alg\u00fan dato, por m\u00ednimo que sea, sobre las fechor\u00edas perpetradas por el padre putativo de la democracia ibera contempor\u00e1nea. Puede retrotraerse en el tiempo tan lejos como quiera hasta llegar a 1975, o m\u00e1s all\u00e1 incluso, y remontar el curso de este caudaloso torrente hasta el episodio ya mencionado del safari elefanti\u00e1sico en \u00c1frica. Si alguno de ustedes encontrara algo, fuera lo que fuese, que demostrara el papel de vig\u00eda alerta desempe\u00f1ado por su diario de noticias predilecto, no dude en hac\u00e9rnoslo llegar, al igual que hizo el siguiente escribano:<\/p>\n<p><i>Leo con zorpresa e indignaci\u00f3 el art\u00edculo que usted ha dado a la estampa bajo el t\u00edtulo de \u201cJaque al Rey\u201d. Perm\u00edtame que guarde el anonimato de mi persona, pero le puedo asegurar que conozco de primera mano a tan alta y respetada figura p\u00fablica, que usted se permite el escandalozo lujo de calumniar en su diatriba antimon\u00e1rquica. Y conste que le digo esto sin acrit\u00fa: no tiene ni idea de lo que est\u00e1 hablando.<\/i><\/p>\n<p><em>Nuestro egregio salvador de las libertades en la noche ozcura del 23-F, quien gobern\u00f3 con pulzo firme el barco democr\u00e1tico tras la muerte del dictador de infausto recuerdo, trabaj\u00f3 codo con codo conmigo mismo para llevar a la Espa\u00f1a atrasada, con la que nos encontramoz en 1982, hasta la Am\u00e9rica hispana, Europa y el mundo entero. Y todo ello bajo un comportamiento intachable, pues loz doz hemoz tenido que sufrir las infundadas acusaciones de corrupci\u00f3 y nepotismo que contra nuestras personas lanzaron puroz envidiozoz, pues no otra cosa zon loz que, como usted, se dedican a poner en duda la \u00edmproba labor ejercida por nuestro monarca.<\/em><\/p>\n<p><em>\u00cdtem m\u00e1s, y en lo que se refiere al papel valerozo e independiente de nuestra prensa patria, y a\u00fan dir\u00eda m\u00e1s, patri\u00f3tica, adjunto a esta carta le env\u00edo el recorte de la noticia aparecida en la secci\u00f3 de tauromaquia de \u201cEl Paisaje\u201d, primer rotativo de esta piel de toro, en la que con fecha de 12 de octubre de 1992 se informa sobre la \u201cgentil\u201d acompa\u00f1ante con la que nuestro Pr\u00f3cer de la Patria asisti\u00f3 a la corrida, de capa y espant\u00e1, con la que noz deleit\u00f3 en la Maestranza de Sevilla el impar Curro Romero, gloria sin parang\u00f3n del torer\u00edo espa\u00f1ol todo.<\/em><\/p>\n<p><em>Sin m\u00e1s que a\u00f1adir se despide, por consiguiente:<\/em><br \/>\n<em>\u201cEstebanillo Gonz\u00e1lez\u201d<\/em><\/p>\n<p>Hasta aqu\u00ed lo anecd\u00f3tico y superficial de la cuesti\u00f3n. Cambiemos de tercio y pong\u00e1monos serios de ley. De vez en cuando se utiliza la met\u00e1fora \u201cajedrez pol\u00edtico\u201d para describir la manera en la que se reparte el poder en los sistemas democr\u00e1ticos modernos. La expresi\u00f3n, pese al manido uso que se ha hecho de ella, contiene una gran verdad: utilizar a todas las piezas del tablero con el \u00fanico objeto de proteger al Rey. En el caso de Espa\u00f1a, eso es exactamente lo que ha ocurrido en los \u00faltimos 45 a\u00f1os: salvaguardar la figura del Jefe de Estado de todo tipo de cr\u00edtica o ataque alegando para ello su car\u00e1cter de instituci\u00f3n inviolable y m\u00e1s all\u00e1 de toda ley (\u00bf\u00a1en una democracia!?), sacrificando todo aquello que fuera necesario para asegurar la supervivencia del sistema surgido tras la muerte de Francisco Franco.<\/p>\n<p>Es la Transici\u00f3n, tal cual, en may\u00fasculas, el falso mito fundador sobre el que se apoya la entera tramoya pol\u00edtica espa\u00f1ola desde 1975. Si nos creemos el relato original, fue gracias a la madurez democr\u00e1tica que demostr\u00f3 el pueblo espa\u00f1ol que conseguimos pasar, sin soluci\u00f3n de continuidad, de una dictadura nacional-cat\u00f3lica en sus principios te\u00f3ricos y tecnocr\u00e1tica en su funcionamiento, a una monarqu\u00eda parlamentaria de pleno derecho. Cualquier historiador medianamente honesto sabe que esto no fue, ni por asomo, lo que en realidad ocurri\u00f3 en esos a\u00f1os de la llamada Transici\u00f3n, pero no es precisamente a este tipo de investigadores a los que se ofrece una tribuna en la prensa de tirada nacional, sino a los sicofantes del tinglado, a quienes lo \u00fanico que se les pide es que repitan beatamente y sin desmayo la versi\u00f3n oficial.<\/p>\n<p>As\u00ed, acontecimientos tales como la elecci\u00f3n de Juan Carlos I para ser el heredero de Franco, decisi\u00f3n tomada por este \u00faltimo, que lo cri\u00f3 como su delf\u00edn desde muy temprano; los pactos de la Moncloa, con los que se finiquita el sistema pol\u00edtico franquista, que no con las estructuras econ\u00f3micas heredadas del mismo; el golpe de estado del 23 de febrero de 1981 y la figura del \u201c<i>Elefante blanco<\/i>\u201d (\u00bfrey em\u00e9rito?), a\u00fan por aclarar; el apoyo econ\u00f3mico y pol\u00edtico que Miquel Roca recibi\u00f3 por parte de la CIA; el caso \u201cBanca Catalana\u201d, por el que nunca se lleg\u00f3 a condenar a Jordi Pujol, ya que el gobierno de Felipe Gonz\u00e1lez hizo todo lo posible para evitarlo; los casos de corrupci\u00f3n pol\u00edtico-econ\u00f3mica protagonizados por Javier de la Rosa y \u201clos Albertos\u201d, con la silueta del rey de fondo; FILESA, MALESA Y TIME-EXPORT y el herman\u00edsimo Juan Guerra; la expropiaci\u00f3n de Rumasa; el terrorismo de estado (ox\u00edmoron) de los GAL, con Felipe Gonz\u00e1lez en el papel del \u201c<i>Se\u00f1or X<\/i>\u201d\u2026 y un largu\u00edsimo etc\u00e9tera m\u00e1s, demuestran que el cuento id\u00edlico de la Transici\u00f3n no tiene c\u00f3mo sostenerse.<\/p>\n<p>Ir\u00f3nicamente, y a eso es a lo que estamos asistiendo hoy en d\u00eda, es la propia ficha del Rey la que se ha tenido que sacrificar para que \u201cel otro Rey\u201d, el verdadero, sobreviva; ya lo dijo Lampedusa: <i>\u201ccambiarlo todo para que nada cambie\u201d<\/i>. El actual monarca recibe las mismas alaracas que durante decenios se le dedicaran a su padre, intentando convencernos de que Felipe VI no es el continuador del ca\u00eddo en desgracia Juan Carlos I. Un chiste, claro est\u00e1, pero este es precisamente el rol para el que han sido designados los grandes medios de comunicaci\u00f3n: la voz de su amo mediante la que preservar el <i>status quo<\/i>. Y lo que el amo les pide en este momento es que hagan la ofrenda del carnero exreal en el altar sacrificial para que, con su sangre azul, se sacie la muchedumbre, poniendo de esta manera el foco de atenci\u00f3n en lo secundario (el dedo que se\u00f1ala a la Luna), tratando de distraer al personal de lo aut\u00e9nticamente relevante. Y como tal se dedican a soltar a los cuatro vientos el mantra hipn\u00f3tico de \u201cla defensa del constitucionalismo\u201d, el verdadero Rey, palabras con las que en realidad se refieren a la defensa de los intereses creados ya en la \u00e9poca franquista; mantra que traducido a rom\u00e1n paladino significa la traici\u00f3n pura y dura tanto a la letra como al esp\u00edritu de la Constituci\u00f3n del 78.<\/p>\n<p>Esperamos que este breve ensayo sirva de punto de partida para que, entre todos, podamos deshilvanar la madeja tejida por los <i>mass media<\/i>, desentra\u00f1ando la historia contempor\u00e1nea espa\u00f1ola con claridad, justicia y verdad.<\/p>\n<p><b>*POSDATA<\/b>.- Este art\u00edculo fue escrito el 31 de julio de 2020, y aunque se nutr\u00eda de las noticias que hab\u00edan aparecido en la prensa durante las \u00faltimas semanas, la perspectiva desde la que se escribi\u00f3 iba mucho m\u00e1s all\u00e1 de la actualidad.<\/p>\n<p>Sin embargo, y dado que este 4 de agosto hemos sabido que \u201cJuan Carlos I comunica a su hijo su decisi\u00f3n de trasladarse fuera de Espa\u00f1a\u201d (resic), me gustar\u00eda incluir una serie de aclaraciones respecto a los comentarios y observaciones que algunos amigos me han hecho despu\u00e9s de compartir con ellos este texto.<\/p>\n<p>En primer lugar, y de manera fundamental, es necesario dejar claro que es un error centrarse \u00fanica y exclusivamente en el hecho de que Juan Carlos I huya de Espa\u00f1a llev\u00e1ndose consigo (o no) el dinero obtenido a trav\u00e9s de comisiones ilegales y dem\u00e1s chanchullos realizados a lo largo de su reinado. Es igualmente irrelevante el que con este movimiento de la Casa del Rey se intente perpetuar la instituci\u00f3n en la figura de Felipe VI, \u201cEl Preparao\u201d.<\/p>\n<p>Como dejo claro en mi art\u00edculo, lo de menos es el debate monarqu\u00eda s\u00ed o monarqu\u00eda no, puesto que de lo que se trata es de acabar de una vez por todas con la milonga de la Transici\u00f3n y la democracia representativa que nos dej\u00f3 en herencia el dictador Francisco Franco (recordemos su \u201c<i>atado y bien atado<\/i>. Si lo conseguimos, el Rey y la monarqu\u00eda caer\u00edan por su propio peso, porque no es m\u00e1s que el espantajo del sistema, as\u00ed que no nos confundamos: la elecci\u00f3n no debe ser entre Monarqu\u00eda o Rep\u00fablica, sino entre pseudodemocracia y democracia.<\/p>\n<p>Otra cosa interesante es ver la prensa del mismo 4 de agosto; lo que est\u00e1n haciendo, al menos en \u201cEl Pa\u00eds\u201d, peri\u00f3dico que leo para mantenerme desinformado, es lo que en los departamentos de relaciones p\u00fablicas de las grandes empresas llaman \u201ccontenci\u00f3n de da\u00f1os\u201d: nos quitamos de encima al ahora molesto siervo fiel, a quien hab\u00edamos mostrado respeto reverencial hasta hace 2 d\u00edas (<a href=\"https:\/\/elpais.com\/espana\/2020-08-03\/los-errores-que-destruyeron-el-juancarlismo.html\">https:\/\/elpais.com\/espana\/2020-08-03\/los-errores-que-destruyeron-el-juancarlismo.html<\/a>, <a href=\"https:\/\/elpais.com\/espana\/2020-08-03\/ascension-y-caida-de-juan-carlos-i.html\">https:\/\/elpais.com\/espana\/2020-08-03\/ascension-y-caida-de-juan-carlos-i.html<\/a> y <a href=\"https:\/\/elpais.com\/opinion\/2020-08-03\/la-necesaria-distancia-con-el-jefe-del-estado.html\">https:\/\/elpais.com\/opinion\/2020-08-03\/la-necesaria-distancia-con-el-jefe-del-estado.html<\/a>, no sin antes agradecerle sus \u201cservicios\u201d (<a href=\"https:\/\/elpais.com\/espana\/2020-08-03\/el-rey-que-supo-leer-el-viento-de-la-historia-tras-la-muerte-de-franco.html\">https:\/\/elpais.com\/espana\/2020-08-03\/el-rey-que-supo-leer-el-viento-de-la-historia-tras-la-muerte-de-franco.html<\/a> -art\u00edculo que es una mezcla exquisita de hechos hist\u00f3ricos e interpretaciones que son medias verdades, y en el que se cita a la Santa Trinidad de la historiograf\u00eda oficial de la Espa\u00f1a contempor\u00e1nea: Enrique Moradiellos, Paul Preston y Santos Juli\u00e1- y <a href=\"https:\/\/elpais.com\/espana\/2020-08-03\/juan-carlos-i-el-hombre-que-se-gano-un-destino.html\">https:\/\/elpais.com\/espana\/2020-08-03\/juan-carlos-i-el-hombre-que-se-gano-un-destino.html<\/a> -El subt\u00edtulo dice <i>\u201cEl golpe de estado del 23-F fue su momento culminante. Decidi\u00f3 en qu\u00e9 lado de la partida estaba, se la jug\u00f3 y acert\u00f3\u201d<\/i>, lo cual da por sobreentendido que el entonces Rey ten\u00eda claro desde el principio del levantamiento de Tejero de qu\u00e9 lado estaba, cuando eso es m\u00e1s que discutible, ya que todav\u00eda nadie ha aclarado, al menos que yo sepa, qui\u00e9n era el \u201c<i>Elefante blanco<\/i>\u201d en nombre del cual los golpistas se hab\u00edan alzado; adem\u00e1s, afirmar que <i>\u201cse la jug\u00f3 y acert\u00f3\u201d<\/i> es tanto como reconocer, pero sin decirlo de manera expresa, que el propio Rey barajaba la posibilidad de apoyar el golpe, pero finalmente se decant\u00f3 por la democracia. \u00bfDe verdad pod\u00eda Juan Carlos I tener un \u00e1pice de duda entre decidir apoyar el golpe o la v\u00eda democr\u00e1tica? Otro chiste m\u00e1s-).<\/p>\n<p>Con esto se consigue transmitir la ilusi\u00f3n de que el sistema posee los mecanismos necesarios para eliminar a sus elementos corruptos y de c\u00f3mo la justicia es \u201cigual para todos\u201d (sic), para que el pueblo se convenza de que todo va bien. Pero no es m\u00e1s que un burdo intento de distraer la atenci\u00f3n de lo que es esencial: el sistema debe sobrevivir, caiga quien caiga.<\/p>\n<p>Por \u00faltimo, y para que no quede ninguna duda sobre lo que quiero decir cuando hablo del \u201cfalso mito de la Transici\u00f3n\u201d, querr\u00eda a\u00f1adir lo que, a mi entender, supuso realmente tal fen\u00f3meno hist\u00f3rico: los que estaban en el poder pol\u00edtico con Franco, gracias a la Transici\u00f3n, se hac\u00edan un <i>lifting<\/i> democr\u00e1tico y, a cambio, la supuesta oposici\u00f3n al franquismo entraba con todo en las poltronas de poder para robar a manos llenas, mientras el aparato econ\u00f3mico olig\u00e1rquico heredado de la dictadura continuaba a los mandos del tim\u00f3n, financiando medios de comunicaci\u00f3n y ofreciendo puertas giratorias en sus consejos de administraci\u00f3n a los expol\u00edticos, exministros y expresidentes de turno para que les quedara algo tras la \u201cjubilaci\u00f3n\u201d de sus cargos y prebendas p\u00fablicos, en reconocimiento por los servicios prestados al sistema.<\/p>\n<p>Y los que han pagado la factura han sido los trabajadores. Pero para controlar esta vertiente, nada mejor que un poquito de dinero para engrasar la maquinaria de los sindicatos mayoritarios (UGT y CC.OO.) y garantizarse as\u00ed la mal llamada \u201cpaz social\u201d, pues de lo que se trataba era de evitar cualquier tipo de iniciativa aut\u00e9nticamente democr\u00e1tica.<\/p>\n","protected":false},"excerpt":{"rendered":"<p>Political writing in our time consists almost entirely of prefabricated phrases bolted together like the pieces of a child\u00b4s Mecanno<\/p>\n","protected":false},"author":5,"featured_media":8097,"comment_status":"open","ping_status":"open","sticky":false,"template":"","format":"standard","meta":{"footnotes":""},"categories":[1548],"tags":[1590,1589],"class_list":["post-8096","post","type-post","status-publish","format-standard","has-post-thumbnail","hentry","category-politica","tag-juan-carlos-i","tag-monarquia"],"aioseo_notices":[],"_links":{"self":[{"href":"https:\/\/espai-marx.net\/index.php?rest_route=\/wp\/v2\/posts\/8096","targetHints":{"allow":["GET"]}}],"collection":[{"href":"https:\/\/espai-marx.net\/index.php?rest_route=\/wp\/v2\/posts"}],"about":[{"href":"https:\/\/espai-marx.net\/index.php?rest_route=\/wp\/v2\/types\/post"}],"author":[{"embeddable":true,"href":"https:\/\/espai-marx.net\/index.php?rest_route=\/wp\/v2\/users\/5"}],"replies":[{"embeddable":true,"href":"https:\/\/espai-marx.net\/index.php?rest_route=%2Fwp%2Fv2%2Fcomments&post=8096"}],"version-history":[{"count":0,"href":"https:\/\/espai-marx.net\/index.php?rest_route=\/wp\/v2\/posts\/8096\/revisions"}],"wp:featuredmedia":[{"embeddable":true,"href":"https:\/\/espai-marx.net\/index.php?rest_route=\/wp\/v2\/media\/8097"}],"wp:attachment":[{"href":"https:\/\/espai-marx.net\/index.php?rest_route=%2Fwp%2Fv2%2Fmedia&parent=8096"}],"wp:term":[{"taxonomy":"category","embeddable":true,"href":"https:\/\/espai-marx.net\/index.php?rest_route=%2Fwp%2Fv2%2Fcategories&post=8096"},{"taxonomy":"post_tag","embeddable":true,"href":"https:\/\/espai-marx.net\/index.php?rest_route=%2Fwp%2Fv2%2Ftags&post=8096"}],"curies":[{"name":"wp","href":"https:\/\/api.w.org\/{rel}","templated":true}]}}