{"id":8130,"date":"2020-08-26T16:08:24","date_gmt":"2020-08-26T15:08:24","guid":{"rendered":"https:\/\/espai-marx.net\/?p=8130"},"modified":"2020-08-26T16:10:54","modified_gmt":"2020-08-26T15:10:54","slug":"en-el-250-aniversario-del-nacimiento-de-g-w-f-hegel","status":"publish","type":"post","link":"https:\/\/espai-marx.net\/?p=8130","title":{"rendered":"En el 250 aniversario del nacimiento de G.W.F. Hegel"},"content":{"rendered":"<p>En el 250 aniversario del nacimiento de Georg Wilhelm Friedrich Hegel, Espai Marx ofrece una peque\u00f1a gu\u00eda de materiales que permitan acercarse al pensamiento de este gran fil\u00f3sofo, fundamental para la modernidad e imprescindible para comprender a otros grandes pensadores como Karl Marx, Antonio Gramsci o Georg Luk\u00e1cs.<\/p>\n<p>&nbsp;<\/p>\n<p><strong>Obras de Hegel:<\/strong><\/p>\n<p><em>Fenomenolog\u00eda del Esp\u00edritu<\/em>: <a href=\"https:\/\/espai-marx.net\/elsarbres\/review\/fenomenologia-del-espiritu-g-w-f-hegel\/\">https:\/\/espai-marx.net\/elsarbres\/review\/fenomenologia-del-espiritu-g-w-f-hegel\/<\/a><\/p>\n<p><em>Ciencia de la l\u00f3gica: <\/em><a href=\"https:\/\/espai-marx.net\/elsarbres\/review\/ciencia-de-la-logica-g-w-f-hegel\/\">https:\/\/espai-marx.net\/elsarbres\/review\/ciencia-de-la-logica-g-w-f-hegel\/<\/a><\/p>\n<p><em>Enciclopedia de las ciencias filos\u00f3ficas<\/em>: <a href=\"https:\/\/espai-marx.net\/elsarbres\/review\/enciclopedia-de-las-ciencias-filosoficas-g-w-f-hegel\">https:\/\/espai-marx.net\/elsarbres\/review\/enciclopedia-de-las-ciencias-filosoficas-g-w-f-hegel<\/a>\/<\/p>\n<p><em>Fundamentos de la filosof\u00eda del derecho<\/em>: <a href=\"https:\/\/espai-marx.net\/elsarbres\/review\/rasgos-fundamentales-de-la-filosofia-del-derecho-o-compendio-de-derecho-natural-y-ciencia-del-estado-georg-w-f-hegel\/\">https:\/\/espai-marx.net\/elsarbres\/review\/rasgos-fundamentales-de-la-filosofia-del-derecho-o-compendio-de-derecho-natural-y-ciencia-del-estado-georg-w-f-hegel\/<\/a><\/p>\n<p><em>Filosof\u00eda de la historia<\/em>: <a href=\"https:\/\/espai-marx.net\/elsarbres\/review\/filosofia-de-la-historia-georg-w-f-hegel\/\">https:\/\/espai-marx.net\/elsarbres\/review\/filosofia-de-la-historia-georg-w-f-hegel\/<\/a><\/p>\n<p><em>Lecciones sobre la est\u00e9tica<\/em>: <a href=\"https:\/\/espai-marx.net\/elsarbres\/review\/lecciones-sobre-la-estetica-g-w-f-hegel\/\">https:\/\/espai-marx.net\/elsarbres\/review\/lecciones-sobre-la-estetica-g-w-f-hegel\/<\/a><\/p>\n<p>&nbsp;<\/p>\n<p><strong>Obras sobre Hegel:<\/strong><\/p>\n<p><em>G\u00e9nesis y estructura de la\u00a0<\/em>Fenomenolog\u00eda del Esp\u00edritu\u00a0<em>de Hegel<\/em>, Jean Hyppolite: <a href=\"https:\/\/espai-marx.net\/elsarbres\/review\/genesis-y-estructura-de-la-fenomenologia-del-espiritu-de-hegel-jean-hyppolite-2\/\">https:\/\/espai-marx.net\/elsarbres\/review\/genesis-y-estructura-de-la-fenomenologia-del-espiritu-de-hegel-jean-hyppolite-2\/<\/a><\/p>\n<p><em>Del yo al nosotros<\/em>, Ramon Valls: <a href=\"https:\/\/espai-marx.net\/elsarbres\/review\/del-yo-al-nosotros-lectura-de-la-fenomenologia-del-espiritu-de-hegel-ramon-valls-plana\/\">https:\/\/espai-marx.net\/elsarbres\/review\/del-yo-al-nosotros-lectura-de-la-fenomenologia-del-espiritu-de-hegel-ramon-valls-plana\/<\/a><\/p>\n<p><em>Hegel, fil\u00f3sofo de la historia viviente<\/em>, Jacques D&#8217;Hondt: <a href=\"https:\/\/espai-marx.net\/elsarbres\/review\/hegel-filosofo-de-la-historia-viviente-jacques-dhondt\/\">https:\/\/espai-marx.net\/elsarbres\/review\/hegel-filosofo-de-la-historia-viviente-jacques-dhondt\/<\/a><\/p>\n<p><em>Sujeto-Objeto. El pensamiento de Hegel<\/em>, Ernst Bloch: <a href=\"https:\/\/espai-marx.net\/elsarbres\/review\/sujeto-objeto-el-pensamiento-de-hegel-ernst-bloch\/\">https:\/\/espai-marx.net\/elsarbres\/review\/sujeto-objeto-el-pensamiento-de-hegel-ernst-bloch\/<\/a><\/p>\n<p><em>La dial\u00e9ctica de Hegel<\/em>, Hans Georg Gadamer: <a href=\"https:\/\/espai-marx.net\/elsarbres\/review\/la-dialectica-de-hegel-hans-georg-gadamer\/\">https:\/\/espai-marx.net\/elsarbres\/review\/la-dialectica-de-hegel-hans-georg-gadamer\/<\/a><\/p>\n<p><em>Filosof\u00eda y revoluci\u00f3n. De Hegel a Marx y de Sartre a Mao<\/em>, Raya Dunayevskaya: <a href=\"https:\/\/espai-marx.net\/elsarbres\/review\/filosofia-y-revolucion-de-hegel-a-marx-y-de-sartre-a-mao-raya-dunayevskaya\">https:\/\/espai-marx.net\/elsarbres\/review\/filosofia-y-revolucion-de-hegel-a-marx-y-de-sartre-a-mao-raya-dunayevskaya<\/a>\/<\/p>\n<p><em>Sobre Hegel<\/em>, Carlos P\u00e9rez Soto: <a href=\"https:\/\/espai-marx.net\/elsarbres\/review\/sobre-hegel-carlos-perez-soto\/\">https:\/\/espai-marx.net\/elsarbres\/review\/sobre-hegel-carlos-perez-soto\/<\/a><\/p>\n<p>&nbsp;<\/p>\n<p><strong>Podcasts:<\/strong><\/p>\n<p><em>Hacia Hegel<\/em>, Carlos P\u00e9rez Soto: <a href=\"https:\/\/www.youtube.com\/watch?v=iOd4h4ct-Jw\">https:\/\/www.youtube.com\/watch?v=iOd4h4ct-Jw<\/a><\/p>\n<p>Seminario abierto sobre <em>Fenomenolog\u00eda del Esp\u00edritu<\/em> llevado actualmente por Espai Marx: <a href=\"https:\/\/espai-marx.net\/?cat=883\">https:\/\/espai-marx.net\/?cat=883<\/a><\/p>\n","protected":false},"excerpt":{"rendered":"<p>En el 250 aniversario del nacimiento de Georg Wilhelm Friedrich Hegel, Espai Marx ofrece una peque\u00f1a gu\u00eda de materiales que<\/p>\n","protected":false},"author":9,"featured_media":3315,"comment_status":"open","ping_status":"open","sticky":false,"template":"","format":"standard","meta":{"footnotes":""},"categories":[8],"tags":[867],"class_list":["post-8130","post","type-post","status-publish","format-standard","has-post-thumbnail","hentry","category-filosofia","tag-g-w-f-hegel"],"aioseo_notices":[],"_links":{"self":[{"href":"https:\/\/espai-marx.net\/index.php?rest_route=\/wp\/v2\/posts\/8130","targetHints":{"allow":["GET"]}}],"collection":[{"href":"https:\/\/espai-marx.net\/index.php?rest_route=\/wp\/v2\/posts"}],"about":[{"href":"https:\/\/espai-marx.net\/index.php?rest_route=\/wp\/v2\/types\/post"}],"author":[{"embeddable":true,"href":"https:\/\/espai-marx.net\/index.php?rest_route=\/wp\/v2\/users\/9"}],"replies":[{"embeddable":true,"href":"https:\/\/espai-marx.net\/index.php?rest_route=%2Fwp%2Fv2%2Fcomments&post=8130"}],"version-history":[{"count":0,"href":"https:\/\/espai-marx.net\/index.php?rest_route=\/wp\/v2\/posts\/8130\/revisions"}],"wp:featuredmedia":[{"embeddable":true,"href":"https:\/\/espai-marx.net\/index.php?rest_route=\/wp\/v2\/media\/3315"}],"wp:attachment":[{"href":"https:\/\/espai-marx.net\/index.php?rest_route=%2Fwp%2Fv2%2Fmedia&parent=8130"}],"wp:term":[{"taxonomy":"category","embeddable":true,"href":"https:\/\/espai-marx.net\/index.php?rest_route=%2Fwp%2Fv2%2Fcategories&post=8130"},{"taxonomy":"post_tag","embeddable":true,"href":"https:\/\/espai-marx.net\/index.php?rest_route=%2Fwp%2Fv2%2Ftags&post=8130"}],"curies":[{"name":"wp","href":"https:\/\/api.w.org\/{rel}","templated":true}]}}