{"id":8171,"date":"2020-09-15T05:00:23","date_gmt":"2020-09-15T04:00:23","guid":{"rendered":"https:\/\/espai-marx.net\/?p=8171"},"modified":"2020-09-16T04:14:49","modified_gmt":"2020-09-16T03:14:49","slug":"el-proyecto-editorial-de-espai-marx","status":"publish","type":"post","link":"https:\/\/espai-marx.net\/?p=8171","title":{"rendered":"El proyecto editorial de Espai Marx"},"content":{"rendered":"<p>Hace ya bastantes a\u00f1os, al iniciar nuestras actividades en internet a trav\u00e9s de nuestra p\u00e1gina web, en Espai Marx decidimos iniciar paralelamente un proyecto de biblioteca virtual. Nuestro objetivo era recuperar, en la medida de nuestras posibilidades, parte de la literatura que desde una perspectiva cr\u00edtica hubiese sido publicada sobre los temas m\u00e1s diversos -pol\u00edtica, historia, filosof\u00eda, etc.- y que resultase dif\u00edcil encontrar ya en las librer\u00edas o fuesen ediciones descatalogadas. De ah\u00ed el nombre que decidimos dar a nuestra biblioteca: Els arbres de Fahrenheit -Los \u00e1rboles de Fahrenheit-. Como en la novela de Ray Bradbury <em>Fahrenheit 451 <\/em>(1953) y la posterior adaptaci\u00f3n cinematogr\u00e1fica hom\u00f3nima de Fran\u00e7ois Truffaut (1966) nuestra intenci\u00f3n era, si no rescatar de las llamas estos libros -recordemos que 451 grados Fahrenheit es a la temperatura a la que arde el papel, 233\u00ba C- s\u00ed al menos de un inmerecido olvido. Tras alg\u00fan contratiempo por problemas t\u00e9cnicos, nuestra biblioteca sigue bien activa en <a href=\"https:\/\/espai-marx.net\/elsarbres\/\">https:\/\/espai-marx.net\/elsarbres\/<\/a>.<\/p>\n<p style=\"text-align: center;\"><a href=\"https:\/\/espai-marx.net\/wp-content\/uploads\/2020\/09\/els_arbres.jpg\"><img loading=\"lazy\" decoding=\"async\" class=\"size-full wp-image-8172 aligncenter\" src=\"https:\/\/espai-marx.net\/wp-content\/uploads\/2020\/09\/els_arbres.jpg\" alt=\"Els Arbres de Fahrenheit\" width=\"400\" height=\"123\" srcset=\"https:\/\/espai-marx.net\/wp-content\/uploads\/2020\/09\/els_arbres.jpg 400w, https:\/\/espai-marx.net\/wp-content\/uploads\/2020\/09\/els_arbres-300x92.jpg 300w\" sizes=\"auto, (max-width: 400px) 100vw, 400px\" \/><\/a><\/p>\n<p>Pr\u00e1cticamente desde el inicio, en la biblioteca a\u00f1adimos tambi\u00e9n algunos in\u00e9ditos, por lo general materiales que hab\u00edamos preparado para seminarios, recopilaciones de art\u00edculos de alguno de nuestros miembros o textos cedidos amablemente por algunos amigos de nuestra organizaci\u00f3n. Por lo general no era una edici\u00f3n cuidada siguiendo est\u00e1ndares profesionales sino m\u00e1s bien su publicaci\u00f3n tal como hab\u00edan salido del procesador de textos.<\/p>\n<p>M\u00e1s recientemente empezamos a intentar dar un paso m\u00e1s maquetando alguno de estos textos para darles un formato m\u00e1s regular y m\u00e1s c\u00f3modo para su impresi\u00f3n si alguien prefer\u00eda la lectura en papel. Fueron dos los libros as\u00ed maquetados y presentados con motivo del aniversario del desastre nuclear en Fukushima: <a href=\"https:\/\/espai-marx.net\/elsarbres\/review\/nucleares-no-gracias-eduard-rodriguez-farre-y-salvador-lopez-arnal\/\"><em>\u00bfNucleares? No, gracias<\/em><\/a> y <a href=\"https:\/\/espai-marx.net\/elsarbres\/review\/por-que-chernobil-no-fue-la-ultima-advertencia-eduard-rodriguez-farre-y-salvador-lopez-arnal\/\">\u00bfPor qu\u00e9 Chernobil no fue la \u00faltima advertencia?<\/a>, ambas de Eduard Rodr\u00edguez Farr\u00e9 y Salvador L\u00f3pez Arnal.<\/p>\n<p>A ra\u00edz de esta positiva experiencia decidimos impulsar un proyecto editorial. Nuestro objetivo es ofrecer de manera gratuita textos que nos parecen valiosos, que traten de algunos de los temas que son de inter\u00e9s para nuestra asociaci\u00f3n y que sean in\u00e9ditos o bien obras que ya se encuentren sin derechos de autor. En aquellos de autores recientes nuestra pol\u00edtica de derechos ser\u00e1 siempre que nuestras ediciones sean copyleft.<\/p>\n<p>Nuestros libros estar\u00e1n disponibles en nuestra p\u00e1gina y nuestra biblioteca para su descarga siempre gratuita. Generalmente en formato PDF y EPUB. Pero, conscientes de que algunos lectores siguen prefiriendo la lectura en papel, hemos decidido ofrecer tambi\u00e9n la posibilidad de solicitar copias en la plataforma de impresi\u00f3n a demanda <a href=\"https:\/\/www.lulu.com\/es\/\">Lulu<\/a>. En este caso, como es l\u00f3gico, la gratuidad es imposible, pero hemos decidido que el precio sea el m\u00ednimo imprescindible. Este depender\u00e1 generalmente de la cantidad de p\u00e1ginas de la obra. En nuestras dos primeras obras publicadas, una cuesta 5,21 euros por 214 p\u00e1ginas y la segunda 7,10 euros por 340 p\u00e1ginas.<\/p>\n<p>Nuestras pr\u00f3ximas entradas estar\u00e1n dedicadas a cada uno de estos libros pero adelantamos el procedimiento habitual para descarga: una vez en la entrada correspondiente en nuestra biblioteca electr\u00f3nica o nuestra secci\u00f3n de publicaciones en nuestra web, aparece un enlace para la descarga directa de la obra, sin coste alguno. Como coment\u00e1bamos, el formato digital ser\u00e1 siempre PDF y, en cuanto sea posible,\u00a0 EPUB. Un poco m\u00e1s abajo aparece la opci\u00f3n de compra en la plataforma de Lulu. Al clicar, se pasa directamente a esta plataforma. Al a\u00f1adir la obra al carrito de compra es posible seleccionar cu\u00e1ntos ejemplares se desean comprar. Es importante destacar que el precio de venta que aparece incluye exclusivamente la impresi\u00f3n de la obra. A eso habr\u00eda que a\u00f1adir los costes de env\u00edo, que pueden ser incluso superiores al coste de impresi\u00f3n dependiendo de la distancia. Por ello recomendamos que si alg\u00fan grupo desea adquirir ejemplares haga una compra colectiva en un \u00fanico pedido para reducir considerablemente los costes de env\u00edo por persona.<\/p>\n<p>Estamos muy ilusionados con este proyecto y estamos preparando ya nuevas publicaciones. Esperemos que tambi\u00e9n a vosotros os parezca una iniciativa interesante y agradecer\u00edamos vuestros comentarios al respecto.<\/p>\n","protected":false},"excerpt":{"rendered":"<p>Hace ya bastantes a\u00f1os, al iniciar nuestras actividades en internet a trav\u00e9s de nuestra p\u00e1gina web, en Espai Marx decidimos<\/p>\n","protected":false},"author":5,"featured_media":8173,"comment_status":"open","ping_status":"open","sticky":false,"template":"","format":"standard","meta":{"footnotes":""},"categories":[880,19,825,1552],"tags":[1595],"class_list":["post-8171","post","type-post","status-publish","format-standard","has-post-thumbnail","hentry","category-actividades","category-cultura","category-elsarbres","category-marxismo","tag-publicaciones"],"aioseo_notices":[],"_links":{"self":[{"href":"https:\/\/espai-marx.net\/index.php?rest_route=\/wp\/v2\/posts\/8171","targetHints":{"allow":["GET"]}}],"collection":[{"href":"https:\/\/espai-marx.net\/index.php?rest_route=\/wp\/v2\/posts"}],"about":[{"href":"https:\/\/espai-marx.net\/index.php?rest_route=\/wp\/v2\/types\/post"}],"author":[{"embeddable":true,"href":"https:\/\/espai-marx.net\/index.php?rest_route=\/wp\/v2\/users\/5"}],"replies":[{"embeddable":true,"href":"https:\/\/espai-marx.net\/index.php?rest_route=%2Fwp%2Fv2%2Fcomments&post=8171"}],"version-history":[{"count":0,"href":"https:\/\/espai-marx.net\/index.php?rest_route=\/wp\/v2\/posts\/8171\/revisions"}],"wp:featuredmedia":[{"embeddable":true,"href":"https:\/\/espai-marx.net\/index.php?rest_route=\/wp\/v2\/media\/8173"}],"wp:attachment":[{"href":"https:\/\/espai-marx.net\/index.php?rest_route=%2Fwp%2Fv2%2Fmedia&parent=8171"}],"wp:term":[{"taxonomy":"category","embeddable":true,"href":"https:\/\/espai-marx.net\/index.php?rest_route=%2Fwp%2Fv2%2Fcategories&post=8171"},{"taxonomy":"post_tag","embeddable":true,"href":"https:\/\/espai-marx.net\/index.php?rest_route=%2Fwp%2Fv2%2Ftags&post=8171"}],"curies":[{"name":"wp","href":"https:\/\/api.w.org\/{rel}","templated":true}]}}