{"id":8178,"date":"2020-09-16T04:09:19","date_gmt":"2020-09-16T03:09:19","guid":{"rendered":"https:\/\/espai-marx.net\/?p=8178"},"modified":"2020-09-16T04:09:19","modified_gmt":"2020-09-16T03:09:19","slug":"entrevistas-a-joaquin-miras-sobre-praxis-politica-y-estado-republicano-por-salvador-lopez-arnal","status":"publish","type":"post","link":"https:\/\/espai-marx.net\/?p=8178","title":{"rendered":"Entrevistas a Joaqu\u00edn Miras sobre praxis pol\u00edtica y estado republicano por Salvador L\u00f3pez Arnal"},"content":{"rendered":"<p>Si en <a href=\"https:\/\/espai-marx.net\/?p=8171\">nuestra entrada anterior<\/a> present\u00e1bamos el actual proyecto editorial de Espai Marx, hoy hablaremos de la primera de las obras publicadas. El libro tiene su origen en la publicaci\u00f3n por parte del miembro de nuestra asociaci\u00f3n Joaqu\u00edn Miras Albarr\u00e1n de la obra <a href=\"https:\/\/tienda.elviejotopo.com\/inicio\/1320-praxis-politica-y-estado-republicano-9788416288830.html\"><em>Praxis poli\u0301tica y estado republicano. Cri\u0301tica del republicanismo liberal, <\/em><\/a>editada por El Viejo Topo en 2016. A ra\u00edz de su aparici\u00f3n, el autor fue entrevistado por otro de nuestros miembros, Salvador L\u00f3pez Arnal, en las p\u00e1ginas de <em>Rebeli\u00f3n<\/em>. Lo que deb\u00eda ser en principio una relativamente breve conversaci\u00f3n sobre el libro se acab\u00f3 convirtiendo en un f\u00e9rtil di\u00e1logo que se extendi\u00f3 durante aproximadamente a\u00f1o y medio. Al iniciar este nuevo proyecto editorial pensamos que ser\u00eda interesante recopilar todas estas conversaciones en una \u00fanica obra. Hay que hacer notar, no obstante, que los textos no son id\u00e9nticos a lo ya publicado, pues el proceso de edici\u00f3n ha supuesto algunos retoques de los textos aparecidos en <em>Rebeli\u00f3n<\/em>.<\/p>\n<p>Como nos avisa el entrevistador al presentar esta obra: \u00abson muchas las tema\u0301ticas (filoso\u0301ficas, culturales, poli\u0301ticas, antropolo\u0301gicas, cienti\u0301ficas, histo\u0301ricas) comentadas a lo largo de sus pa\u0301ginas, todas ellas relacionadas con las aristas centrales de un libro que tiene a la praxis poli\u0301tica transformadora (el lector\/a observara\u0301 un esforzado trabajo de explicitacio\u0301n y explicacio\u0301n de las categori\u0301as en las que se sustenta la filosofi\u0301a de la pra\u0301ctica), a la tradicio\u0301n poli\u0301tico-intelectual en que se expresa, al estado y a las tema\u0301ticas republicanas cri\u0301tica al falso e inconsistente republicanismo liberal, como temas esenciales.<\/p>\n<p>Fruto, como dec\u00edamos, de, aproximadamente, un an\u0303o y medio de conversaciones, pueden leerse estas pa\u0301ginas auto\u0301nomamente pero no esta\u0301 de ma\u0301s, si les fuera posible, tener cerca el libro que nos ha servido de inspiracio\u0301n. Una lectura en paralelo tiene premio complementario asegurado.<\/p>\n<p>En algunos momentos, los lectores\/as observara\u0301n observaciones y reflexiones puntuales sobre cuestiones de nuestro hoy, sobre asuntos no tan teo\u0301ricos, fuera del guio\u0301n central. Todo ello, en mi opinio\u0301n, no so\u0301lo no quita valor alguno a lo aqui\u0301 comentado centralmente, sino que aumentan el intere\u0301s de lo dialogado.<\/p>\n<p>No creo necesario adelantarles ninguna de las tesis defendidas por el entrevistado, un comunista praxeolo\u0301gico que, con sus propias palabras, no concibe el marxismo como una gnoseologi\u0301a; un luchador antifascista y socialista, excelente persona adema\u0301s, de largo recorrido que sigue pensando que la revolucio\u0301n rusa fue un hecho histo\u0301rico que transformo\u0301 la historia, un claro ejemplo -ma\u0301s alla\u0301 de vicisitudes posteriores y del resultado final- de que la historia la puede \u201chacer la gente comu\u0301n, nosotros, los explotados\u201d; un marxista documentado, que ha lei\u0301do realmente a los cla\u0301sicos, que concibe el marxismo como un \u201ccreacionismo inmanentista e histo\u0301rico\u201d y para el que la praxis significa siempre \u201cactividad generada por la creatividad del ser humano en comunidad\u201d, una actividad \u201cen constante, novedosa generacio\u0301n\u201d, una actividad creada histo\u0301ricamente y renovada sin descanso. Sin elogios injustificados y como ya suponi\u0301a por otras conversaciones y encuentros anteriores, debo sen\u0303alar que este entrevistador observo\u0301 siempre en el entrevistado, a lo largo de los meses que fuimos conversando, seriedad, rigor, ganas de explicarse, ningu\u0301n rechazo a mis preguntas, ningu\u0301n marcaje, esfuerzo por hablar para todos y para todas. Con cabeza propia, sin lugares comunes, sin repetir tesis-latiguillos mil veces dichos y repetidos, no siempre con comprensio\u0301n. Pasen y lean. Podra\u0301n sentirse decepcionados por la escasa o nula originalidad de algunas preguntas, observaciones o reflexiones mi\u0301as. Pero estoy seguro que aprendera\u0301n y disfrutara\u0301n (con acuerdos o desacuerdos, como pasa siempre con el buen filosofar) con las argumentaciones, conjeturas, tesis, informaciones, sugerencias y posiciones de este hegelomarxista, so\u0301lido, estudioso, con pensar propio y gran y profundo lector, llamado Joaqui\u0301n Miras, alguien del que cabri\u0301a decir aquello que comento\u0301 una vez uno de sus maestros, Manuel Sacrista\u0301n (tambi\u00e9n m\u00edo), hablando de una luchadora alemana: iba en serio.<\/p>\n<p>Joaqui\u0301n, con excelente sentido del humor, muy hispa\u0301nico por cierto en ocasiones, tambie\u0301n va en serio, muy en serio.\u00bb<\/p>\n<p>Desde <a href=\"https:\/\/espai-marx.net\/elsarbres\/review\/entrevistas-a-joaquin-miras-sobre-praxis-politica-y-estado-republicano-por-salvador-lopez-arnal\/\">esta p\u00e1gina de nuestra biblioteca<\/a>, Els Arbres de Fahrenheit, se puede descargar gratuitamente el libro o solicitarlo impreso en la aplicaci\u00f3n Lulu. Advertimos, no obstante, de que hemos localizado alguna errata y subiremos pr\u00f3ximamente una edici\u00f3n corregida.<\/p>\n","protected":false},"excerpt":{"rendered":"<p>Si en nuestra entrada anterior present\u00e1bamos el actual proyecto editorial de Espai Marx, hoy hablaremos de la primera de las<\/p>\n","protected":false},"author":5,"featured_media":8179,"comment_status":"open","ping_status":"open","sticky":false,"template":"","format":"standard","meta":{"footnotes":""},"categories":[826,825,8,1554],"tags":[1595],"class_list":["post-8178","post","type-post","status-publish","format-standard","has-post-thumbnail","hentry","category-democraciayrepublica","category-elsarbres","category-filosofia","category-republicanismo","tag-publicaciones"],"aioseo_notices":[],"_links":{"self":[{"href":"https:\/\/espai-marx.net\/index.php?rest_route=\/wp\/v2\/posts\/8178","targetHints":{"allow":["GET"]}}],"collection":[{"href":"https:\/\/espai-marx.net\/index.php?rest_route=\/wp\/v2\/posts"}],"about":[{"href":"https:\/\/espai-marx.net\/index.php?rest_route=\/wp\/v2\/types\/post"}],"author":[{"embeddable":true,"href":"https:\/\/espai-marx.net\/index.php?rest_route=\/wp\/v2\/users\/5"}],"replies":[{"embeddable":true,"href":"https:\/\/espai-marx.net\/index.php?rest_route=%2Fwp%2Fv2%2Fcomments&post=8178"}],"version-history":[{"count":0,"href":"https:\/\/espai-marx.net\/index.php?rest_route=\/wp\/v2\/posts\/8178\/revisions"}],"wp:featuredmedia":[{"embeddable":true,"href":"https:\/\/espai-marx.net\/index.php?rest_route=\/wp\/v2\/media\/8179"}],"wp:attachment":[{"href":"https:\/\/espai-marx.net\/index.php?rest_route=%2Fwp%2Fv2%2Fmedia&parent=8178"}],"wp:term":[{"taxonomy":"category","embeddable":true,"href":"https:\/\/espai-marx.net\/index.php?rest_route=%2Fwp%2Fv2%2Fcategories&post=8178"},{"taxonomy":"post_tag","embeddable":true,"href":"https:\/\/espai-marx.net\/index.php?rest_route=%2Fwp%2Fv2%2Ftags&post=8178"}],"curies":[{"name":"wp","href":"https:\/\/api.w.org\/{rel}","templated":true}]}}