{"id":8259,"date":"2020-09-29T05:00:05","date_gmt":"2020-09-29T04:00:05","guid":{"rendered":"https:\/\/espai-marx.net\/?p=8259"},"modified":"2020-09-28T02:50:55","modified_gmt":"2020-09-28T01:50:55","slug":"anibal-quijano-una-vida-tras-una-discutible-categoria-i","status":"publish","type":"post","link":"https:\/\/espai-marx.net\/?p=8259","title":{"rendered":"Anibal Quijano: Una vida tras una discutible categor\u00eda (I)"},"content":{"rendered":"<p class=\"p7\">Los \u00faltimos 50 a\u00f1os marcan a la izquierda latinoamericana en el debate acerca de la transici\u00f3n al capitalismo y la toma del poder. Periodo caracterizado por unas vanguardias y\/o unos intelectuales en posesi\u00f3n o no del mejor conocimiento\u00a0<i>cient\u00edfico<\/i>, decid\u00edan por los pueblos definiendo la opci\u00f3n m\u00e1s\u00a0<i>correcta<\/i>. En las \u00faltimas dos d\u00e9cadas muchos intelectuales optan por liquidar la opci\u00f3n de la toma<span class=\"Apple-converted-space\">\u00a0\u00a0<\/span>del<span class=\"Apple-converted-space\">\u00a0\u00a0<\/span>poder<span class=\"Apple-converted-space\">\u00a0\u00a0<\/span>-fuese<span class=\"Apple-converted-space\">\u00a0\u00a0<\/span>guerra<span class=\"Apple-converted-space\">\u00a0\u00a0<\/span>popular<span class=\"Apple-converted-space\">\u00a0\u00a0<\/span>o<span class=\"Apple-converted-space\">\u00a0\u00a0<\/span>insurrecci\u00f3n-<span class=\"Apple-converted-space\">\u00a0\u00a0<\/span>y<span class=\"Apple-converted-space\">\u00a0\u00a0<\/span>asimilarse<span class=\"Apple-converted-space\">\u00a0\u00a0<\/span>a<span class=\"Apple-converted-space\">\u00a0\u00a0<\/span>los<span class=\"Apple-converted-space\">\u00a0\u00a0<\/span>peque\u00f1os<span class=\"Apple-converted-space\">\u00a0\u00a0<\/span>cambios,<span class=\"Apple-converted-space\">\u00a0\u00a0<\/span>a<span class=\"Apple-converted-space\">\u00a0\u00a0<\/span>los triunfos electorales o a la b\u00fasqueda de las bondades del liberalismo. Se trataba, para muchos, de escoger entre el nocivo capitalismo de la mundializaci\u00f3n neoliberal, de la desposesi\u00f3n, del despojo y del guerrerismo y otro capitalismo liberal, justo, libre, estable y eficiente, que funcionar\u00eda, libre de las crisis, del militarismo y la guerra o de brotes ultraderechistas.<\/p>\n<p class=\"p8\">Para nuestro an\u00e1lisis, Wallerstein escoge esta segunda posibilidad a la que se une Quijano, quien lo apoya llenando el esquema sist\u00e9mico de aquel, con el concepto de colonialidad del poder; un sistema ya elaborado por su ecl\u00e9ctico maestro que por su parte retoma la idea de sistema-mundo de Braudel (En 1979 Braudel public\u00f3 su obra\u00a0<i>Civilizaci\u00f3n material, econom\u00eda y capitalismo<\/i>.)<span class=\"Apple-converted-space\">\u00a0\u00a0<\/span>Para ambos,<span class=\"Apple-converted-space\">\u00a0\u00a0<\/span>no<span class=\"Apple-converted-space\">\u00a0\u00a0<\/span>hay<span class=\"Apple-converted-space\">\u00a0\u00a0<\/span>mayor<span class=\"Apple-converted-space\">\u00a0\u00a0<\/span>diferencia<span class=\"Apple-converted-space\">\u00a0\u00a0<\/span>entre<span class=\"Apple-converted-space\">\u00a0\u00a0<\/span>el<span class=\"Apple-converted-space\">\u00a0\u00a0<\/span>capitalismo<span class=\"Apple-converted-space\">\u00a0\u00a0<\/span>de<span class=\"Apple-converted-space\">\u00a0\u00a0<\/span>hace<span class=\"Apple-converted-space\">\u00a0\u00a0<\/span>400<span class=\"Apple-converted-space\">\u00a0\u00a0<\/span>a\u00f1os<span class=\"Apple-converted-space\">\u00a0\u00a0<\/span>y<span class=\"Apple-converted-space\">\u00a0\u00a0<\/span>el<span class=\"Apple-converted-space\">\u00a0\u00a0<\/span>actual<span class=\"Apple-converted-space\">\u00a0\u00a0<\/span>que<span class=\"Apple-converted-space\">\u00a0\u00a0<\/span>\u00e9l<span class=\"Apple-converted-space\">\u00a0\u00a0<\/span>llama \u201ceconom\u00eda<span class=\"Apple-converted-space\">\u00a0\u00a0<\/span>mundo\u201d.<span class=\"Apple-converted-space\">\u00a0\u00a0<\/span>Llegando<span class=\"Apple-converted-space\">\u00a0\u00a0<\/span>a<span class=\"Apple-converted-space\">\u00a0\u00a0<\/span>afirmar<span class=\"Apple-converted-space\">\u00a0\u00a0<\/span>que<span class=\"Apple-converted-space\">\u00a0\u00a0<\/span>en<span class=\"Apple-converted-space\">\u00a0\u00a0<\/span>el<span class=\"Apple-converted-space\">\u00a0\u00a0<\/span>siglo<span class=\"Apple-converted-space\">\u00a0\u00a0<\/span>XVI<span class=\"Apple-converted-space\">\u00a0\u00a0<\/span>Europa<span class=\"Apple-converted-space\">\u00a0\u00a0<\/span>engendra<span class=\"Apple-converted-space\">\u00a0\u00a0<\/span>el<span class=\"Apple-converted-space\">\u00a0\u00a0<\/span>capitalismo mundial<span class=\"Apple-converted-space\">\u00a0\u00a0<\/span>tal<span class=\"Apple-converted-space\">\u00a0\u00a0<\/span>como<span class=\"Apple-converted-space\">\u00a0\u00a0<\/span>lo<span class=\"Apple-converted-space\">\u00a0\u00a0<\/span>conocemos<span class=\"Apple-converted-space\">\u00a0\u00a0<\/span>ahora.<span class=\"Apple-converted-space\">\u00a0\u00a0<\/span>La<span class=\"Apple-converted-space\">\u00a0\u00a0<\/span>\u201cnueva<span class=\"Apple-converted-space\">\u00a0\u00a0<\/span>izquierda\u201d<span class=\"Apple-converted-space\">\u00a0\u00a0<\/span>enarbolando<span class=\"Apple-converted-space\">\u00a0\u00a0<\/span>directrices<span class=\"Apple-converted-space\">\u00a0\u00a0<\/span>del<span class=\"Apple-converted-space\">\u00a0\u00a0<\/span>foro<span class=\"Apple-converted-space\">\u00a0\u00a0<\/span>de Sao Paulo se entusiasm\u00f3 con los procesos electorales, con los movimientos anti-racistas, feministas, los identitarios etno-minoritarios, los verdes, los que defienden la libertad de elecci\u00f3n sexual en los que destaca su espontane\u00edsmo y su falta de cohesi\u00f3n. Estas experiencias hist\u00f3ricas le permiten decir a<span class=\"Apple-converted-space\">\u00a0\u00a0<\/span>Quijano<span class=\"Apple-converted-space\">\u00a0\u00a0<\/span>que<span class=\"Apple-converted-space\">\u00a0\u00a0<\/span>a<span class=\"Apple-converted-space\">\u00a0\u00a0<\/span>partir<span class=\"Apple-converted-space\">\u00a0\u00a0<\/span>de<span class=\"Apple-converted-space\">\u00a0\u00a0<\/span>la<span class=\"Apple-converted-space\">\u00a0\u00a0<\/span>d\u00e9cada<span class=\"Apple-converted-space\">\u00a0\u00a0<\/span>del<span class=\"Apple-converted-space\">\u00a0\u00a0<\/span>sesenta<span class=\"Apple-converted-space\">\u00a0\u00a0<\/span>aparece<span class=\"Apple-converted-space\">\u00a0\u00a0<\/span>la<span class=\"Apple-converted-space\">\u00a0\u00a0<\/span>demanda<span class=\"Apple-converted-space\">\u00a0\u00a0<\/span>de<span class=\"Apple-converted-space\">\u00a0\u00a0<\/span>la<span class=\"Apple-converted-space\">\u00a0\u00a0<\/span>autorreproducci\u00f3n democr\u00e1tica<span class=\"Apple-converted-space\">\u00a0\u00a0<\/span>de<span class=\"Apple-converted-space\">\u00a0\u00a0<\/span>la<span class=\"Apple-converted-space\">\u00a0\u00a0<\/span>sociedad<span class=\"Apple-converted-space\">\u00a0\u00a0<\/span>que<span class=\"Apple-converted-space\">\u00a0\u00a0<\/span>la<span class=\"Apple-converted-space\">\u00a0\u00a0<\/span>asume<span class=\"Apple-converted-space\">\u00a0\u00a0<\/span>como<span class=\"Apple-converted-space\">\u00a0\u00a0<\/span>suya<span class=\"Apple-converted-space\">\u00a0\u00a0<\/span>bajo<span class=\"Apple-converted-space\">\u00a0\u00a0<\/span>el<span class=\"Apple-converted-space\">\u00a0\u00a0<\/span>nombre<span class=\"Apple-converted-space\">\u00a0\u00a0<\/span>de<span class=\"Apple-converted-space\">\u00a0\u00a0<\/span>decolonialidad<span class=\"Apple-converted-space\">\u00a0\u00a0<\/span>del eurocentrismo. Paralelamente, emerge lentamente otro movimiento autoconstructivo de una nueva cultura, desde abajo que trata de conjugar sus esfuerzos contra el capitalismo neoliberal, ofreciendo respuestas emancipatorias en ciernes y que van definiendo sus caminos.<\/p>\n<p class=\"p9\">Palabras clave: colonialidad del poder, colonialismo, sistema mundo, raza, ethos.<\/p>\n<p class=\"p9\">The<span class=\"Apple-converted-space\">\u00a0\u00a0<\/span>last<span class=\"Apple-converted-space\">\u00a0\u00a0<\/span>50<span class=\"Apple-converted-space\">\u00a0\u00a0<\/span>years<span class=\"Apple-converted-space\">\u00a0\u00a0<\/span>mark<span class=\"Apple-converted-space\">\u00a0\u00a0<\/span>the<span class=\"Apple-converted-space\">\u00a0\u00a0<\/span>Latin<span class=\"Apple-converted-space\">\u00a0\u00a0<\/span>American<span class=\"Apple-converted-space\">\u00a0\u00a0<\/span>left<span class=\"Apple-converted-space\">\u00a0\u00a0<\/span>because<span class=\"Apple-converted-space\">\u00a0\u00a0<\/span>of<span class=\"Apple-converted-space\">\u00a0\u00a0<\/span>the<span class=\"Apple-converted-space\">\u00a0\u00a0<\/span>debate<span class=\"Apple-converted-space\">\u00a0\u00a0<\/span>about<span class=\"Apple-converted-space\">\u00a0\u00a0<\/span>the<span class=\"Apple-converted-space\">\u00a0\u00a0<\/span>transition<span class=\"Apple-converted-space\">\u00a0\u00a0<\/span>to capitalism and Conquest of the State. Period characterized by the avant-gardes and \/ or intellectuals in<span class=\"Apple-converted-space\">\u00a0\u00a0<\/span>possession<span class=\"Apple-converted-space\">\u00a0\u00a0<\/span>or<span class=\"Apple-converted-space\">\u00a0\u00a0<\/span>not<span class=\"Apple-converted-space\">\u00a0\u00a0<\/span>of<span class=\"Apple-converted-space\">\u00a0\u00a0<\/span>the<span class=\"Apple-converted-space\">\u00a0\u00a0<\/span>best<span class=\"Apple-converted-space\">\u00a0\u00a0<\/span><i>scientific<span class=\"Apple-converted-space\">\u00a0\u00a0<\/span><\/i>knowledge,<span class=\"Apple-converted-space\">\u00a0\u00a0<\/span>decided<span class=\"Apple-converted-space\">\u00a0\u00a0<\/span>for<span class=\"Apple-converted-space\">\u00a0\u00a0<\/span>the<span class=\"Apple-converted-space\">\u00a0\u00a0<\/span>peoples<span class=\"Apple-converted-space\">\u00a0\u00a0<\/span>defining<span class=\"Apple-converted-space\">\u00a0\u00a0<\/span>the<span class=\"Apple-converted-space\">\u00a0\u00a0<\/span>most correct<span class=\"Apple-converted-space\">\u00a0\u00a0<\/span><i>option.<span class=\"Apple-converted-space\">\u00a0\u00a0<\/span><\/i>In<span class=\"Apple-converted-space\">\u00a0\u00a0<\/span>the<span class=\"Apple-converted-space\">\u00a0\u00a0<\/span>last<span class=\"Apple-converted-space\">\u00a0\u00a0<\/span>two<span class=\"Apple-converted-space\">\u00a0\u00a0<\/span>decades<span class=\"Apple-converted-space\">\u00a0\u00a0<\/span>many<span class=\"Apple-converted-space\">\u00a0\u00a0<\/span>intellectuals<span class=\"Apple-converted-space\">\u00a0\u00a0<\/span>have<span class=\"Apple-converted-space\">\u00a0\u00a0<\/span>chosen<span class=\"Apple-converted-space\">\u00a0\u00a0<\/span>to<span class=\"Apple-converted-space\">\u00a0\u00a0<\/span>liquidate<span class=\"Apple-converted-space\">\u00a0\u00a0<\/span>the<span class=\"Apple-converted-space\">\u00a0\u00a0<\/span>option<span class=\"Apple-converted-space\">\u00a0\u00a0<\/span>of taking power &#8211; whether it was popular warfare or insurrection &#8211; and to assimilate to small changes, electoral triumphs or the quest for the goodness of liberalism. It was, for many, a choice between the<span class=\"Apple-converted-space\">\u00a0\u00a0<\/span>del<span class=\"Apple-converted-space\">\u00a0\u00a0<\/span>harmful<span class=\"Apple-converted-space\">\u00a0\u00a0<\/span>capitalism<span class=\"Apple-converted-space\">\u00a0\u00a0<\/span>of<span class=\"Apple-converted-space\">\u00a0\u00a0<\/span>neoliberal<span class=\"Apple-converted-space\">\u00a0\u00a0<\/span>globalization,<span class=\"Apple-converted-space\">\u00a0\u00a0<\/span>dispossession<span class=\"Apple-converted-space\">\u00a0\u00a0<\/span>and<span class=\"Apple-converted-space\">\u00a0\u00a0<\/span>war,<span class=\"Apple-converted-space\">\u00a0\u00a0<\/span>and<span class=\"Apple-converted-space\">\u00a0\u00a0<\/span>other<span class=\"Apple-converted-space\">\u00a0\u00a0<\/span>liberal, liberalfair, free, stable and efficient capitalism, which would function, free from crises, militarism and war or from far-right outbreaks.<\/p>\n<p class=\"p8\">For<span class=\"Apple-converted-space\">\u00a0\u00a0<\/span>our<span class=\"Apple-converted-space\">\u00a0\u00a0<\/span>analysis Wallerstein<span class=\"Apple-converted-space\">\u00a0\u00a0<\/span>chooses<span class=\"Apple-converted-space\">\u00a0\u00a0<\/span>this<span class=\"Apple-converted-space\">\u00a0\u00a0<\/span>second<span class=\"Apple-converted-space\">\u00a0\u00a0<\/span>possibility<span class=\"Apple-converted-space\">\u00a0\u00a0<\/span>to<span class=\"Apple-converted-space\">\u00a0\u00a0<\/span>which<span class=\"Apple-converted-space\">\u00a0\u00a0<\/span>Quijano<span class=\"Apple-converted-space\">\u00a0\u00a0<\/span>joins,<span class=\"Apple-converted-space\">\u00a0\u00a0<\/span>who supports him filling the systemic scheme of that with the concept of coloniality of power; a system already developed by its eclectic master who, for his part, takes up Braudel&#8217;s idea of system-world. For both<a id=\"fnlink1\"><\/a><a href=\"#fn1\"><sup>[1]<\/sup><\/a>, there is no greater difference between capitalism 400 years ago and the present one it<\/p>\n<p class=\"p13\">Keywords: coloniality of power, colonialism, world system, race, ethos.<\/p>\n<p class=\"p15\"><b> RETOMAR LA LUCHA INDIGENA EN EL CAMPO Y LA LUCHA POPULAR URBANA (LA EXPERIENCIA<span class=\"Apple-converted-space\">\u00a0\u00a0<\/span>DEL CUAVES)<\/b><\/p>\n<p class=\"p16\">En su conocido examen de la colonialidad del poder, An\u00edbal Quijano no deja de lado la relaci\u00f3n entre raza<a id=\"fnlink2\"><\/a><a href=\"#fn2\"><sup>[2]<\/sup><\/a>,<span class=\"s2\"><span class=\"Apple-converted-space\">\u00a0\u00a0<\/span><\/span>tierra, trabajo, autoridad, Estado, sexo, g\u00e9nero, subjetividad, conocimiento, etc. En el an\u00e1lisis<span class=\"Apple-converted-space\">\u00a0\u00a0<\/span>de<span class=\"Apple-converted-space\">\u00a0\u00a0<\/span>estos<span class=\"Apple-converted-space\">\u00a0\u00a0<\/span>v\u00ednculos,<span class=\"Apple-converted-space\">\u00a0\u00a0<\/span>la<span class=\"Apple-converted-space\">\u00a0\u00a0<\/span>relaci\u00f3n<span class=\"Apple-converted-space\">\u00a0\u00a0<\/span>raza-capitalismo<span class=\"Apple-converted-space\">\u00a0\u00a0<\/span>no<span class=\"Apple-converted-space\">\u00a0\u00a0<\/span>puede<span class=\"Apple-converted-space\">\u00a0\u00a0<\/span>subsumir<span class=\"Apple-converted-space\">\u00a0\u00a0<\/span>a<span class=\"Apple-converted-space\">\u00a0\u00a0<\/span>las<span class=\"Apple-converted-space\">\u00a0\u00a0<\/span>otras,<span class=\"Apple-converted-space\">\u00a0\u00a0<\/span>pues<span class=\"Apple-converted-space\">\u00a0\u00a0<\/span>estas relaciones, como el patriarcado o el racismo, no son objetos ni \u201cinstituciones\u201d, que existen a lo largo de la historia del capitalismo, sin movimiento y sin un proceso de autoconstituci\u00f3n; sino que son expresiones<span class=\"Apple-converted-space\">\u00a0\u00a0<\/span>particulares<span class=\"Apple-converted-space\">\u00a0\u00a0<\/span>del<span class=\"Apple-converted-space\">\u00a0\u00a0<\/span>trabajo,<span class=\"Apple-converted-space\">\u00a0\u00a0<\/span>de<span class=\"Apple-converted-space\">\u00a0\u00a0<\/span>la<span class=\"Apple-converted-space\">\u00a0\u00a0<\/span>actividad<span class=\"Apple-converted-space\">\u00a0\u00a0<\/span>vital<span class=\"Apple-converted-space\">\u00a0\u00a0<\/span>que<span class=\"Apple-converted-space\">\u00a0\u00a0<\/span>para<span class=\"Apple-converted-space\">\u00a0\u00a0<\/span>los<span class=\"Apple-converted-space\">\u00a0\u00a0<\/span>conquistadores<span class=\"Apple-converted-space\">\u00a0\u00a0<\/span>era<span class=\"Apple-converted-space\">\u00a0\u00a0<\/span>la extracci\u00f3n de metales preciosos y la explotaci\u00f3n de la tierra y, por tanto, son condicionados y, a su vez,<span class=\"Apple-converted-space\">\u00a0\u00a0<\/span>condicionan<span class=\"Apple-converted-space\">\u00a0\u00a0<\/span>el<span class=\"Apple-converted-space\">\u00a0\u00a0<\/span>modo<span class=\"Apple-converted-space\">\u00a0\u00a0<\/span>de<span class=\"Apple-converted-space\">\u00a0\u00a0<\/span>producir.<span class=\"Apple-converted-space\">\u00a0\u00a0<\/span>Desde<span class=\"Apple-converted-space\">\u00a0\u00a0<\/span>esta<span class=\"Apple-converted-space\">\u00a0\u00a0<\/span>perspectiva<span class=\"Apple-converted-space\">\u00a0\u00a0<\/span>la<span class=\"Apple-converted-space\">\u00a0\u00a0<\/span>categor\u00eda<span class=\"Apple-converted-space\">\u00a0\u00a0<\/span>central<span class=\"Apple-converted-space\">\u00a0\u00a0<\/span>ser\u00eda<span class=\"Apple-converted-space\">\u00a0\u00a0<\/span>el colonialismo y las relaciones capitalistas que crecer\u00e1n dentro del pa\u00eds ser\u00e1n capitalistas coloniales. Por\u00a0<span class=\"Apple-converted-space\">\u00a0\u00a0<\/span>otro\u00a0<span class=\"Apple-converted-space\">\u00a0\u00a0<\/span>lado,\u00a0<span class=\"Apple-converted-space\">\u00a0\u00a0<\/span>el\u00a0<span class=\"Apple-converted-space\">\u00a0\u00a0<\/span>capitalismo\u00a0<span class=\"Apple-converted-space\">\u00a0\u00a0<\/span>se\u00a0<span class=\"Apple-converted-space\">\u00a0\u00a0<\/span>impone\u00a0<span class=\"Apple-converted-space\">\u00a0\u00a0<\/span>en\u00a0<span class=\"Apple-converted-space\">\u00a0\u00a0<\/span>muchos\u00a0<span class=\"Apple-converted-space\">\u00a0\u00a0<\/span>pa\u00edses\u00a0<span class=\"Apple-converted-space\">\u00a0\u00a0<\/span>coloniales\u00a0<span class=\"Apple-converted-space\">\u00a0\u00a0<\/span>o\u00a0<span class=\"Apple-converted-space\">\u00a0\u00a0<\/span>permanentemente recolonizados desde la segunda posguerra y se globaliza de nuevo, parcialmente, en las \u00faltimas tres d\u00e9cadas.\u00a0<span class=\"Apple-converted-space\">\u00a0\u00a0<\/span>Pensar\u00a0<span class=\"Apple-converted-space\">\u00a0\u00a0<\/span>que\u00a0<span class=\"Apple-converted-space\">\u00a0\u00a0<\/span>en\u00a0<span class=\"Apple-converted-space\">\u00a0\u00a0<\/span>cinco\u00a0<span class=\"Apple-converted-space\">\u00a0\u00a0<\/span>siglos\u00a0<span class=\"Apple-converted-space\">\u00a0\u00a0<\/span>se\u00a0<span class=\"Apple-converted-space\">\u00a0\u00a0<\/span>fijan\u00a0<span class=\"Apple-converted-space\">\u00a0\u00a0<\/span>algunas\u00a0<span class=\"Apple-converted-space\">\u00a0\u00a0<\/span>categor\u00edas\u00a0<span class=\"Apple-converted-space\">\u00a0\u00a0<\/span>por\u00a0<span class=\"Apple-converted-space\">\u00a0\u00a0<\/span>siempre,\u00a0<span class=\"Apple-converted-space\">\u00a0\u00a0<\/span>sin\u00a0<span class=\"Apple-converted-space\">\u00a0\u00a0<\/span>mayores modificaciones, es un desprop\u00f3sito. Sin embargo, Quijano defiende esta \u00faltima idea, mientras que Arguedas, aunque no conceptualiza estos procesos, su visi\u00f3n es la primera y por ello se alarma ante la incontrolable llega del capitalismo colonial del saqueo y despojo, expansivo y cruel, coloc\u00e1ndose al lado de las comunidades y pueblos ind\u00edgenas como el suyo, Andahuaylas. Quijano, por su parte, en esos a\u00f1os habla del neo-imperialismo y el crecimiento de la marginalidad y del mundo\u00a0<i>cholo<\/i>, del crecimiento de las barriadas y del proletariado. Lo nuevo no era el capitalismo sino estas relaciones y hab\u00eda que organizar a estos trabajadores, tal como contribuyo a hacerlo en Villa El Salvador. En resumen, Arguedas -que vio de cerca la lucha armada del FIR de Hugo Blanco y del MIR-ELN y las derrotas, hasta el inicio de la reforma agraria de Velasco Alvarado- cre\u00eda en una resistencia ind\u00edgena pac\u00edfica<span class=\"Apple-converted-space\">\u00a0\u00a0<\/span>desde<span class=\"Apple-converted-space\">\u00a0\u00a0<\/span>el<span class=\"Apple-converted-space\">\u00a0\u00a0<\/span>campo.<span class=\"Apple-converted-space\">\u00a0\u00a0<\/span>Nuestra<span class=\"Apple-converted-space\">\u00a0\u00a0<\/span>hip\u00f3tesis<span class=\"Apple-converted-space\">\u00a0\u00a0<\/span>es<span class=\"Apple-converted-space\">\u00a0\u00a0<\/span>que,<span class=\"Apple-converted-space\">\u00a0\u00a0<\/span>si<span class=\"Apple-converted-space\">\u00a0\u00a0<\/span>se<span class=\"Apple-converted-space\">\u00a0\u00a0<\/span>hubiesen<span class=\"Apple-converted-space\">\u00a0\u00a0<\/span>complementado<span class=\"Apple-converted-space\">\u00a0\u00a0<\/span>estas<span class=\"Apple-converted-space\">\u00a0\u00a0<\/span>luchas<\/p>\n<p class=\"p17\"><span class=\"s1\">basadas en la autonom\u00eda, la autodeterminaci\u00f3n, la complementaridad y solidaridad org\u00e1nica entre<\/span>\u00a0ambas,<span class=\"Apple-converted-space\">\u00a0\u00a0<\/span>con<span class=\"Apple-converted-space\">\u00a0\u00a0<\/span>un<span class=\"Apple-converted-space\">\u00a0\u00a0<\/span>proyecto<span class=\"Apple-converted-space\">\u00a0\u00a0<\/span>socialista<span class=\"Apple-converted-space\">\u00a0\u00a0<\/span>y<span class=\"Apple-converted-space\">\u00a0\u00a0<\/span>democr\u00e1tico,<span class=\"Apple-converted-space\">\u00a0\u00a0<\/span>las<span class=\"Apple-converted-space\">\u00a0\u00a0<\/span>cosas<span class=\"Apple-converted-space\">\u00a0\u00a0<\/span>hubieran<span class=\"Apple-converted-space\">\u00a0\u00a0<\/span>sido<span class=\"Apple-converted-space\">\u00a0\u00a0<\/span>diferentes.<span class=\"Apple-converted-space\">\u00a0\u00a0<\/span>Pero,<span class=\"Apple-converted-space\">\u00a0\u00a0<\/span>no<span class=\"Apple-converted-space\">\u00a0\u00a0<\/span>se trata de a\u00f1orar o de criticar la conciliaci\u00f3n institucionalista\u00a0<span class=\"Apple-converted-space\">\u00a0\u00a0<\/span>de Quijano y la Comunidad Urbana Autogestionaria de Villa el Salvador, CUAVES o la inconsulta decisi\u00f3n del PCP en 1980 de tomar las<span class=\"Apple-converted-space\">\u00a0\u00a0<\/span>armas<span class=\"Apple-converted-space\">\u00a0\u00a0<\/span>y<span class=\"Apple-converted-space\">\u00a0\u00a0<\/span>los<span class=\"Apple-converted-space\">\u00a0\u00a0<\/span>resultados<span class=\"Apple-converted-space\">\u00a0\u00a0<\/span>ya<span class=\"Apple-converted-space\">\u00a0\u00a0<\/span>conocidos,<span class=\"Apple-converted-space\">\u00a0\u00a0<\/span>sino<span class=\"Apple-converted-space\">\u00a0\u00a0<\/span>de<span class=\"Apple-converted-space\">\u00a0\u00a0<\/span>reflexionar<span class=\"Apple-converted-space\">\u00a0\u00a0<\/span>acerca<span class=\"Apple-converted-space\">\u00a0\u00a0<\/span>de<span class=\"Apple-converted-space\">\u00a0\u00a0<\/span>la<span class=\"Apple-converted-space\">\u00a0\u00a0<\/span>vigencia<span class=\"Apple-converted-space\">\u00a0\u00a0<\/span>de<span class=\"Apple-converted-space\">\u00a0\u00a0<\/span>estos planteamientos<span class=\"Apple-converted-space\">\u00a0\u00a0<\/span>en<span class=\"Apple-converted-space\">\u00a0\u00a0<\/span>un<span class=\"Apple-converted-space\">\u00a0\u00a0<\/span>momento<span class=\"Apple-converted-space\">\u00a0\u00a0<\/span>hist\u00f3rico<span class=\"Apple-converted-space\">\u00a0\u00a0<\/span>de<span class=\"Apple-converted-space\">\u00a0\u00a0<\/span>tres<span class=\"Apple-converted-space\">\u00a0\u00a0<\/span>d\u00e9cadas<span class=\"Apple-converted-space\">\u00a0\u00a0<\/span>de<span class=\"Apple-converted-space\">\u00a0\u00a0<\/span>una<span class=\"Apple-converted-space\">\u00a0\u00a0<\/span>nueva<span class=\"Apple-converted-space\">\u00a0\u00a0<\/span>arremetida<span class=\"Apple-converted-space\">\u00a0\u00a0<\/span>capitalista colonial<span class=\"Apple-converted-space\">\u00a0\u00a0<\/span>contra<span class=\"Apple-converted-space\">\u00a0\u00a0<\/span>los<span class=\"Apple-converted-space\">\u00a0\u00a0<\/span>pueblos<span class=\"Apple-converted-space\">\u00a0\u00a0<\/span>ind\u00edgenas<span class=\"Apple-converted-space\">\u00a0\u00a0<\/span>urbanos<span class=\"Apple-converted-space\">\u00a0\u00a0<\/span>y<span class=\"Apple-converted-space\">\u00a0\u00a0<\/span>rurales,<span class=\"Apple-converted-space\">\u00a0\u00a0<\/span>que<span class=\"Apple-converted-space\">\u00a0\u00a0<\/span>exigen<span class=\"Apple-converted-space\">\u00a0\u00a0<\/span>una<span class=\"Apple-converted-space\">\u00a0\u00a0<\/span>respuesta<span class=\"Apple-converted-space\">\u00a0\u00a0<\/span>articulada<span class=\"Apple-converted-space\">\u00a0\u00a0<\/span>en ambos espacios, decidida desde abajo.<\/p>\n<p class=\"p18\">Karl<span class=\"Apple-converted-space\">\u00a0\u00a0<\/span>Marx,<span class=\"Apple-converted-space\">\u00a0\u00a0<\/span>en<span class=\"Apple-converted-space\">\u00a0\u00a0<\/span><i>El<span class=\"Apple-converted-space\">\u00a0\u00a0<\/span>Capit<a id=\"fnlink3\"><\/a><\/i><a href=\"#fn3\"><sup>[3]<\/sup><\/a><i>al<\/i>,<span class=\"s3\">\u00a0<span class=\"Apple-converted-space\">\u00a0\u00a0<\/span><\/span>determina<span class=\"Apple-converted-space\">\u00a0\u00a0<\/span>que<span class=\"Apple-converted-space\">\u00a0\u00a0<\/span>la<span class=\"Apple-converted-space\">\u00a0\u00a0<\/span>acumulaci\u00f3n<span class=\"Apple-converted-space\">\u00a0\u00a0<\/span>originaria<span class=\"Apple-converted-space\">\u00a0\u00a0<\/span>sucedi\u00f3<span class=\"Apple-converted-space\">\u00a0\u00a0<\/span>durante<span class=\"Apple-converted-space\">\u00a0\u00a0<\/span>el colonialismo, y que este proceso fue continuo hasta siglos despu\u00e9s; por otro lado, describe el trabajo como el intercambio metab\u00f3lico entre los humanos y el mundo externo, donde la naturaleza y los conquistados,\u00a0<i>seres sin alma (que supera la clasificaci\u00f3n racial)<\/i>, eran parte de aquel. Visto as\u00ed, el patriarcado<span class=\"Apple-converted-space\">\u00a0\u00a0<\/span>y<span class=\"Apple-converted-space\">\u00a0\u00a0<\/span>la<span class=\"Apple-converted-space\">\u00a0\u00a0<\/span>supremac\u00eda<span class=\"Apple-converted-space\">\u00a0\u00a0<\/span>blanca,<span class=\"Apple-converted-space\">\u00a0\u00a0<\/span>el<span class=\"Apple-converted-space\">\u00a0\u00a0<\/span>poder<span class=\"Apple-converted-space\">\u00a0\u00a0<\/span>y<span class=\"Apple-converted-space\">\u00a0\u00a0<\/span>la<span class=\"Apple-converted-space\">\u00a0\u00a0<\/span>autoridad,<span class=\"Apple-converted-space\">\u00a0\u00a0<\/span>el<span class=\"Apple-converted-space\">\u00a0\u00a0<\/span>Estado<span class=\"Apple-converted-space\">\u00a0\u00a0<\/span>y<span class=\"Apple-converted-space\">\u00a0\u00a0<\/span>la<span class=\"Apple-converted-space\">\u00a0\u00a0<\/span>dominaci\u00f3n,<span class=\"Apple-converted-space\">\u00a0\u00a0<\/span>la subjetividad y el conocimiento, son productos del trabajo colonial y son tambi\u00e9n las condiciones en las<span class=\"Apple-converted-space\">\u00a0\u00a0<\/span>cuales<span class=\"Apple-converted-space\">\u00a0\u00a0<\/span>se<span class=\"Apple-converted-space\">\u00a0\u00a0<\/span>da<span class=\"Apple-converted-space\">\u00a0\u00a0<\/span>el<span class=\"Apple-converted-space\">\u00a0\u00a0<\/span>trabajo<span class=\"Apple-converted-space\">\u00a0\u00a0<\/span>mismo.<span class=\"Apple-converted-space\">\u00a0\u00a0<\/span>Constantemente<span class=\"Apple-converted-space\">\u00a0\u00a0<\/span>nos<span class=\"Apple-converted-space\">\u00a0\u00a0<\/span>estamos<span class=\"Apple-converted-space\">\u00a0\u00a0<\/span>relacionando<span class=\"Apple-converted-space\">\u00a0\u00a0<\/span>con<span class=\"Apple-converted-space\">\u00a0\u00a0<\/span>el<span class=\"Apple-converted-space\">\u00a0\u00a0<\/span>mundo, cambiado el mundo y transform\u00e1ndonos nosotros mismos a trav\u00e9s de nuestro trabajo \u201cmetab\u00f3lico\u201d.<\/p>\n<p class=\"p19\">As\u00ed<span class=\"Apple-converted-space\">\u00a0\u00a0<\/span>pues,<span class=\"Apple-converted-space\">\u00a0\u00a0<\/span>el<span class=\"Apple-converted-space\">\u00a0\u00a0<\/span>patriarcado<span class=\"Apple-converted-space\">\u00a0\u00a0<\/span>y<span class=\"Apple-converted-space\">\u00a0\u00a0<\/span>el<span class=\"Apple-converted-space\">\u00a0\u00a0<\/span>racismo,<span class=\"Apple-converted-space\">\u00a0\u00a0<\/span>como<span class=\"Apple-converted-space\">\u00a0\u00a0<\/span>todas<span class=\"Apple-converted-space\">\u00a0\u00a0<\/span>las<span class=\"Apple-converted-space\">\u00a0\u00a0<\/span>relaciones<span class=\"Apple-converted-space\">\u00a0\u00a0<\/span>sociales<span class=\"Apple-converted-space\">\u00a0\u00a0<\/span>del<span class=\"Apple-converted-space\">\u00a0\u00a0<\/span>trabajo, cambian y se transforman. La lucha por la liberaci\u00f3n tiene que incluir el colonialismo y todas las relaciones<span class=\"Apple-converted-space\">\u00a0\u00a0<\/span>que<span class=\"Apple-converted-space\">\u00a0\u00a0<\/span>lo<span class=\"Apple-converted-space\">\u00a0\u00a0<\/span>componen:<span class=\"Apple-converted-space\">\u00a0\u00a0<\/span>lo<span class=\"Apple-converted-space\">\u00a0\u00a0<\/span>particular<span class=\"Apple-converted-space\">\u00a0\u00a0<\/span>y<span class=\"Apple-converted-space\">\u00a0\u00a0<\/span>lo<span class=\"Apple-converted-space\">\u00a0\u00a0<\/span>universal,<span class=\"Apple-converted-space\">\u00a0\u00a0<\/span>la<span class=\"Apple-converted-space\">\u00a0\u00a0<\/span>pr\u00e1ctica<span class=\"Apple-converted-space\">\u00a0\u00a0<\/span>y<span class=\"Apple-converted-space\">\u00a0\u00a0<\/span>la<span class=\"Apple-converted-space\">\u00a0\u00a0<\/span>teor\u00eda,<span class=\"Apple-converted-space\">\u00a0\u00a0<\/span>la<span class=\"Apple-converted-space\">\u00a0\u00a0<\/span>realidad<span class=\"Apple-converted-space\">\u00a0\u00a0<\/span>y<span class=\"Apple-converted-space\">\u00a0\u00a0<\/span>el conocimiento, el fetichismo y la esencia. Hay que desarrollar y avanzar en todos los flancos de las contradicciones.\u00a0<span class=\"Apple-converted-space\">\u00a0\u00a0<\/span>En\u00a0<span class=\"Apple-converted-space\">\u00a0\u00a0<\/span>fin,\u00a0<span class=\"Apple-converted-space\">\u00a0\u00a0<\/span>no\u00a0<span class=\"Apple-converted-space\">\u00a0\u00a0<\/span>hay\u00a0<span class=\"Apple-converted-space\">\u00a0\u00a0<\/span>decolonizaci\u00f3n\u00a0<span class=\"Apple-converted-space\">\u00a0\u00a0<\/span>(conciencia,\u00a0<span class=\"Apple-converted-space\">\u00a0\u00a0<\/span>conocimiento,\u00a0<span class=\"Apple-converted-space\">\u00a0\u00a0<\/span>subjetividad)\u00a0<span class=\"Apple-converted-space\">\u00a0\u00a0<\/span>sin descolonizaci\u00f3n, ni hay fin del capitalismo sin descolonizaci\u00f3n. Y esa ser\u00e1 otra autoconstrucci\u00f3n, un nuevo<span class=\"Apple-converted-space\">\u00a0\u00a0<\/span>ethos<span class=\"Apple-converted-space\">\u00a0\u00a0<\/span>desde<span class=\"Apple-converted-space\">\u00a0\u00a0<\/span>la<span class=\"Apple-converted-space\">\u00a0\u00a0<\/span>autodeterminaci\u00f3n,<span class=\"Apple-converted-space\">\u00a0\u00a0<\/span>que<span class=\"Apple-converted-space\">\u00a0\u00a0<\/span>va<span class=\"Apple-converted-space\">\u00a0\u00a0<\/span>siendo<span class=\"Apple-converted-space\">\u00a0\u00a0<\/span>forjado<span class=\"Apple-converted-space\">\u00a0\u00a0<\/span>en<span class=\"Apple-converted-space\">\u00a0\u00a0<\/span>la<span class=\"Apple-converted-space\">\u00a0\u00a0<\/span>lucha<span class=\"Apple-converted-space\">\u00a0\u00a0<\/span>y<span class=\"Apple-converted-space\">\u00a0\u00a0<\/span>que<span class=\"Apple-converted-space\">\u00a0\u00a0<\/span>hoy<span class=\"Apple-converted-space\">\u00a0\u00a0<\/span>la<span class=\"Apple-converted-space\">\u00a0\u00a0<\/span>est\u00e1n protagonizando los pueblos originarios contra el nuevo despojo colonial.<\/p>\n<p class=\"p19\">Quijano se centra en el an\u00e1lisis del poder, que para Marx deriva de las relaciones sociales de producci\u00f3n,<span class=\"Apple-converted-space\">\u00a0\u00a0<\/span>cuya<span class=\"Apple-converted-space\">\u00a0\u00a0<\/span>divisi\u00f3n<span class=\"Apple-converted-space\">\u00a0\u00a0<\/span>en<span class=\"Apple-converted-space\">\u00a0\u00a0<\/span>los<span class=\"Apple-converted-space\">\u00a0\u00a0<\/span>planos<span class=\"Apple-converted-space\">\u00a0\u00a0<\/span>econ\u00f3mico,<span class=\"Apple-converted-space\">\u00a0\u00a0<\/span>pol\u00edtico,<span class=\"Apple-converted-space\">\u00a0\u00a0<\/span>ideol\u00f3gico,<span class=\"Apple-converted-space\">\u00a0\u00a0<\/span>saber,<span class=\"Apple-converted-space\">\u00a0\u00a0<\/span>hacer,<span class=\"Apple-converted-space\">\u00a0\u00a0<\/span>etc.,<span class=\"Apple-converted-space\">\u00a0\u00a0<\/span>es anal\u00edtica, mas no est\u00e1 en la naturaleza de las cosas (como m\u00e1s adelante veremos). En este mismo sentido,<span class=\"Apple-converted-space\">\u00a0\u00a0<\/span>la<span class=\"Apple-converted-space\">\u00a0\u00a0<\/span>distinci\u00f3n<span class=\"Apple-converted-space\">\u00a0\u00a0<\/span>que<span class=\"Apple-converted-space\">\u00a0\u00a0<\/span>Foucault<span class=\"Apple-converted-space\">\u00a0\u00a0<\/span>hace<span class=\"Apple-converted-space\">\u00a0\u00a0<\/span>entre<span class=\"Apple-converted-space\">\u00a0\u00a0<\/span>violencia<span class=\"Apple-converted-space\">\u00a0\u00a0<\/span>y<span class=\"Apple-converted-space\">\u00a0\u00a0<\/span>poder<span class=\"Apple-converted-space\">\u00a0\u00a0<\/span>se<span class=\"Apple-converted-space\">\u00a0\u00a0<\/span>funda<span class=\"Apple-converted-space\">\u00a0\u00a0<\/span>precisamente<span class=\"Apple-converted-space\">\u00a0\u00a0<\/span>en<span class=\"Apple-converted-space\">\u00a0\u00a0<\/span>una diferencia: mientras que la violencia se realiza sobre las cosas o sobre los cuerpos para destruir o someter,<span class=\"Apple-converted-space\">\u00a0\u00a0<\/span>el<span class=\"Apple-converted-space\">\u00a0\u00a0<\/span>poder<span class=\"Apple-converted-space\">\u00a0\u00a0<\/span>supone<span class=\"Apple-converted-space\">\u00a0\u00a0<\/span>el<span class=\"Apple-converted-space\">\u00a0\u00a0<\/span>reconocimiento<span class=\"Apple-converted-space\">\u00a0\u00a0<\/span>del<span class=\"Apple-converted-space\">\u00a0\u00a0<\/span>otro<span class=\"Apple-converted-space\">\u00a0\u00a0<\/span>como<span class=\"Apple-converted-space\">\u00a0\u00a0<\/span>alguien<span class=\"Apple-converted-space\">\u00a0\u00a0<\/span>que<span class=\"Apple-converted-space\">\u00a0\u00a0<\/span>act\u00faa<span class=\"Apple-converted-space\">\u00a0\u00a0<\/span>o<span class=\"Apple-converted-space\">\u00a0\u00a0<\/span>que<span class=\"Apple-converted-space\">\u00a0\u00a0<\/span>es<span class=\"Apple-converted-space\">\u00a0\u00a0<\/span>capaz<span class=\"Apple-converted-space\">\u00a0\u00a0<\/span>de\u00a0<span class=\"s1\">actuar.<\/span><\/p>\n<p class=\"p20\">En<span class=\"Apple-converted-space\">\u00a0\u00a0<\/span>ese<span class=\"Apple-converted-space\">\u00a0\u00a0<\/span>razonamiento,<span class=\"Apple-converted-space\">\u00a0\u00a0<\/span>gobernar<span class=\"Apple-converted-space\">\u00a0\u00a0<\/span>es<span class=\"Apple-converted-space\">\u00a0\u00a0<\/span>incidir<span class=\"Apple-converted-space\">\u00a0\u00a0<\/span>sobre<span class=\"Apple-converted-space\">\u00a0\u00a0<\/span>el<span class=\"Apple-converted-space\">\u00a0\u00a0<\/span>campo<span class=\"Apple-converted-space\">\u00a0\u00a0<\/span>de<span class=\"Apple-converted-space\">\u00a0\u00a0<\/span>acci\u00f3n<span class=\"Apple-converted-space\">\u00a0\u00a0<\/span>real<span class=\"Apple-converted-space\">\u00a0\u00a0<\/span>o<span class=\"Apple-converted-space\">\u00a0\u00a0<\/span>posible<span class=\"Apple-converted-space\">\u00a0\u00a0<\/span>de<span class=\"Apple-converted-space\">\u00a0\u00a0<\/span>los otros.<span class=\"Apple-converted-space\">\u00a0\u00a0<\/span>De<span class=\"Apple-converted-space\">\u00a0\u00a0<\/span>ah\u00ed<span class=\"Apple-converted-space\">\u00a0\u00a0<\/span>la<span class=\"Apple-converted-space\">\u00a0\u00a0<\/span>c\u00e9lebre<span class=\"Apple-converted-space\">\u00a0\u00a0<\/span>reiteraci\u00f3n<span class=\"Apple-converted-space\">\u00a0\u00a0<\/span>de<span class=\"Apple-converted-space\">\u00a0\u00a0<\/span>Foucault<span class=\"Apple-converted-space\">\u00a0\u00a0<\/span>seg\u00fan<span class=\"Apple-converted-space\">\u00a0\u00a0<\/span>la<span class=\"Apple-converted-space\">\u00a0\u00a0<\/span>cual,<span class=\"Apple-converted-space\">\u00a0\u00a0<\/span>ejercer<span class=\"Apple-converted-space\">\u00a0\u00a0<\/span>el<span class=\"Apple-converted-space\">\u00a0\u00a0<\/span>poder<span class=\"Apple-converted-space\">\u00a0\u00a0<\/span>no<span class=\"Apple-converted-space\">\u00a0\u00a0<\/span>es<span class=\"Apple-converted-space\">\u00a0\u00a0<\/span>m\u00e1s<span class=\"Apple-converted-space\">\u00a0\u00a0<\/span>que\u00a0<i>conducir conductas<\/i>, es decir, la posibilidad de ampliar o restringir el campo de acci\u00f3n de los otros. De<span class=\"Apple-converted-space\">\u00a0\u00a0<\/span>esos<span class=\"Apple-converted-space\">\u00a0\u00a0<\/span>otros<span class=\"Apple-converted-space\">\u00a0\u00a0<\/span>a<span class=\"Apple-converted-space\">\u00a0\u00a0<\/span>quienes<span class=\"Apple-converted-space\">\u00a0\u00a0<\/span>se<span class=\"Apple-converted-space\">\u00a0\u00a0<\/span>reconoce<span class=\"Apple-converted-space\">\u00a0\u00a0<\/span>como<span class=\"Apple-converted-space\">\u00a0\u00a0<\/span>actuantes<span class=\"Apple-converted-space\">\u00a0\u00a0<\/span>y<span class=\"Apple-converted-space\">\u00a0\u00a0<\/span>responsables:<span class=\"Apple-converted-space\">\u00a0\u00a0<\/span>como<span class=\"Apple-converted-space\">\u00a0\u00a0<\/span>capaces<span class=\"Apple-converted-space\">\u00a0\u00a0<\/span>de<span class=\"Apple-converted-space\">\u00a0\u00a0<\/span>actuar<span class=\"Apple-converted-space\">\u00a0\u00a0<\/span>y, sobre todo, de responder. Las relaciones coloniales se basaron al inicio en la predominancia de la violencia sobre el poder, pero sucesivamente se impondr\u00e1 la dominaci\u00f3n bajo una relaci\u00f3n de poder. A m\u00e1s resistencia, m\u00e1s violencia; y tambi\u00e9n a menor resistencia, mayor ser\u00e1 el poder. Constituido el ser colonial entre el arriba y el abajo, tendremos una mayor\u00eda patriarcal, cat\u00f3lica, legitimadora de las clases, del poder, de la producci\u00f3n, del conocimiento. Sin embargo, como siempre ha ocurrido en la historia universal de la lucha de clases y la dominaci\u00f3n, quedaron grietas de rebeld\u00eda cuando aumentaba<span class=\"Apple-converted-space\">\u00a0\u00a0<\/span>la<span class=\"Apple-converted-space\">\u00a0\u00a0<\/span>explotaci\u00f3n,<span class=\"Apple-converted-space\">\u00a0\u00a0<\/span>o<span class=\"Apple-converted-space\">\u00a0\u00a0<\/span>la<span class=\"Apple-converted-space\">\u00a0\u00a0<\/span>extrema<span class=\"Apple-converted-space\">\u00a0\u00a0<\/span>destrucci\u00f3n<span class=\"Apple-converted-space\">\u00a0\u00a0<\/span>de<span class=\"Apple-converted-space\">\u00a0\u00a0<\/span>la<span class=\"Apple-converted-space\">\u00a0\u00a0<\/span>naturaleza,<span class=\"Apple-converted-space\">\u00a0\u00a0<\/span>de<span class=\"Apple-converted-space\">\u00a0\u00a0<\/span>su<span class=\"Apple-converted-space\">\u00a0\u00a0<\/span>Pachamama<span class=\"Apple-converted-space\">\u00a0\u00a0<\/span>(madre tierra)<span class=\"s1\">.<\/span><\/p>\n<p class=\"p21\">En<span class=\"Apple-converted-space\">\u00a0\u00a0<\/span>pa\u00edses<span class=\"Apple-converted-space\">\u00a0\u00a0<\/span>latinoamericanos<span class=\"Apple-converted-space\">\u00a0\u00a0<\/span>de<span class=\"Apple-converted-space\">\u00a0\u00a0<\/span>mayoritaria<span class=\"Apple-converted-space\">\u00a0\u00a0<\/span>presencia<span class=\"Apple-converted-space\">\u00a0\u00a0<\/span>ind\u00edgena<span class=\"Apple-converted-space\">\u00a0\u00a0<\/span>como<span class=\"Apple-converted-space\">\u00a0\u00a0<\/span>M\u00e9xico,<span class=\"Apple-converted-space\">\u00a0\u00a0<\/span>Guatemala, Bolivia,<span class=\"Apple-converted-space\">\u00a0\u00a0<\/span>Ecuador<span class=\"Apple-converted-space\">\u00a0\u00a0<\/span>y<span class=\"Apple-converted-space\">\u00a0\u00a0<\/span>Per\u00fa,<span class=\"Apple-converted-space\">\u00a0\u00a0<\/span>o<span class=\"Apple-converted-space\">\u00a0\u00a0<\/span>en<span class=\"Apple-converted-space\">\u00a0\u00a0<\/span>otros<span class=\"Apple-converted-space\">\u00a0\u00a0<\/span>con<span class=\"Apple-converted-space\">\u00a0\u00a0<\/span>importantes<span class=\"Apple-converted-space\">\u00a0\u00a0<\/span>poblaciones<span class=\"Apple-converted-space\">\u00a0\u00a0<\/span>ind\u00edgenas<span class=\"Apple-converted-space\">\u00a0\u00a0<\/span>negadas<span class=\"Apple-converted-space\">\u00a0\u00a0<\/span>como<span class=\"Apple-converted-space\">\u00a0\u00a0<\/span>Chile, Panam\u00e1,<span class=\"Apple-converted-space\">\u00a0\u00a0<\/span>Colombia<span class=\"Apple-converted-space\">\u00a0\u00a0<\/span>o<span class=\"Apple-converted-space\">\u00a0\u00a0<\/span>Argentina,<span class=\"Apple-converted-space\">\u00a0\u00a0<\/span>los<span class=\"Apple-converted-space\">\u00a0\u00a0<\/span>movimientos<span class=\"Apple-converted-space\">\u00a0\u00a0<\/span>de<span class=\"Apple-converted-space\">\u00a0\u00a0<\/span>estas<span class=\"Apple-converted-space\">\u00a0\u00a0<\/span>etnias<span class=\"Apple-converted-space\">\u00a0\u00a0<\/span>han<span class=\"Apple-converted-space\">\u00a0\u00a0<\/span>pasado<span class=\"Apple-converted-space\">\u00a0\u00a0<\/span>de<span class=\"Apple-converted-space\">\u00a0\u00a0<\/span>ser<span class=\"Apple-converted-space\">\u00a0\u00a0<\/span>luchadores, guerrilleros y acompa\u00f1antes vanguardias autonombradas, a asumir la defensa de territorios, recursos naturales\u00a0<span class=\"Apple-converted-space\">\u00a0\u00a0<\/span>y\u00a0<span class=\"Apple-converted-space\">\u00a0\u00a0<\/span>estrat\u00e9gicos,\u00a0<span class=\"Apple-converted-space\">\u00a0\u00a0<\/span>enfrent\u00e1ndose\u00a0<span class=\"Apple-converted-space\">\u00a0\u00a0<\/span>sistem\u00e1ticamente\u00a0<span class=\"Apple-converted-space\">\u00a0\u00a0<\/span>a\u00a0<span class=\"Apple-converted-space\">\u00a0\u00a0<\/span>las\u00a0<span class=\"Apple-converted-space\">\u00a0\u00a0<\/span>pol\u00edticas\u00a0<span class=\"Apple-converted-space\">\u00a0\u00a0<\/span>recolonizadoras extractivistas y de megaproyectos de los Estados, as\u00ed como a las pol\u00edticas neoliberales de despojo y saqueo<span class=\"Apple-converted-space\">\u00a0\u00a0<\/span>por<span class=\"Apple-converted-space\">\u00a0\u00a0<\/span>parte<span class=\"Apple-converted-space\">\u00a0\u00a0<\/span>de<span class=\"Apple-converted-space\">\u00a0\u00a0<\/span>las<span class=\"Apple-converted-space\">\u00a0\u00a0<\/span>corporaciones<span class=\"Apple-converted-space\">\u00a0\u00a0<\/span>transnacionales.<span class=\"Apple-converted-space\">\u00a0\u00a0<\/span>De<span class=\"Apple-converted-space\">\u00a0\u00a0<\/span>tal<span class=\"Apple-converted-space\">\u00a0\u00a0<\/span>manera<span class=\"Apple-converted-space\">\u00a0\u00a0<\/span>que<span class=\"Apple-converted-space\">\u00a0\u00a0<\/span>se<span class=\"Apple-converted-space\">\u00a0\u00a0<\/span>han<span class=\"Apple-converted-space\">\u00a0\u00a0<\/span>constituido<span class=\"Apple-converted-space\">\u00a0\u00a0<\/span>en protagonistas<span class=\"Apple-converted-space\">\u00a0\u00a0<\/span>persistentes<span class=\"Apple-converted-space\">\u00a0\u00a0<\/span>en<span class=\"Apple-converted-space\">\u00a0\u00a0<\/span>la<span class=\"Apple-converted-space\">\u00a0\u00a0<\/span>ca\u00edda<span class=\"Apple-converted-space\">\u00a0\u00a0<\/span>de<span class=\"Apple-converted-space\">\u00a0\u00a0<\/span>gobiernos;<span class=\"Apple-converted-space\">\u00a0\u00a0<\/span>para<span class=\"Apple-converted-space\">\u00a0\u00a0<\/span>luego<span class=\"Apple-converted-space\">\u00a0\u00a0<\/span>ser<span class=\"Apple-converted-space\">\u00a0\u00a0<\/span>recuperados<span class=\"Apple-converted-space\">\u00a0\u00a0<\/span>y<span class=\"Apple-converted-space\">\u00a0\u00a0<\/span>asimilados,<span class=\"Apple-converted-space\">\u00a0\u00a0<\/span>sin embargo, por los gobiernos progresistas como instrumentos clientelares y electorales, reelaborando un\u00a0<i>neoliberalismo progresista.<\/i><\/p>\n<p class=\"p22\">Gilberto L\u00f3pez y Rivas se\u00f1ala un elemento que necesita ser discutido, como todo el texto mencionado en la nota<a id=\"fnlink4\"><\/a><a href=\"#fn4\"><sup>[4]<\/sup><\/a>.<span class=\"s3\"><span class=\"Apple-converted-space\">\u00a0\u00a0<\/span><\/span>Considera que a los movimientos autonomistas, como el zapatista, no les basta la autodeterminaci\u00f3n pol\u00edtica de la naci\u00f3n y la igualdad jur\u00eddico-formal, pues en esta etapa de transnacionalizaci\u00f3n\u00a0<span class=\"Apple-converted-space\">\u00a0\u00a0<\/span>del\u00a0<span class=\"Apple-converted-space\">\u00a0\u00a0<\/span>Estado\u00a0<span class=\"Apple-converted-space\">\u00a0\u00a0<\/span>la\u00a0<span class=\"Apple-converted-space\">\u00a0\u00a0<\/span>independencia\u00a0<span class=\"Apple-converted-space\">\u00a0\u00a0<\/span>nacional\u00a0<span class=\"Apple-converted-space\">\u00a0\u00a0<\/span>se\u00a0<span class=\"Apple-converted-space\">\u00a0\u00a0<\/span>encuentra\u00a0<span class=\"Apple-converted-space\">\u00a0\u00a0<\/span>sujeta\u00a0<span class=\"Apple-converted-space\">\u00a0\u00a0<\/span>a\u00a0<span class=\"Apple-converted-space\">\u00a0\u00a0<\/span>profundos cuestionamientos, ya que la soberan\u00eda pol\u00edtica, econ\u00f3mica y militar -capacidad fundamental de la autodeterminaci\u00f3n- es restringida por las necesidades de la actual forma de reproducci\u00f3n del capital. En consecuencia, piensa que es necesario asumir la constituci\u00f3n interna de la naci\u00f3n, su direcci\u00f3n clasista, la independencia en lo econ\u00f3mico y la democratizaci\u00f3n de la sociedad en el sentido de un ejercicio<span class=\"Apple-converted-space\">\u00a0\u00a0<\/span>de<span class=\"Apple-converted-space\">\u00a0\u00a0<\/span>la<span class=\"Apple-converted-space\">\u00a0\u00a0<\/span>soberan\u00eda<span class=\"Apple-converted-space\">\u00a0\u00a0<\/span>popular,<span class=\"Apple-converted-space\">\u00a0\u00a0<\/span>esto<span class=\"Apple-converted-space\">\u00a0\u00a0<\/span>es,<span class=\"Apple-converted-space\">\u00a0\u00a0<\/span>el<span class=\"Apple-converted-space\">\u00a0\u00a0<\/span>establecimiento<span class=\"Apple-converted-space\">\u00a0\u00a0<\/span>de<span class=\"Apple-converted-space\">\u00a0\u00a0<\/span>la<span class=\"Apple-converted-space\">\u00a0\u00a0<\/span>hegemon\u00eda<span class=\"Apple-converted-space\">\u00a0\u00a0<\/span>de<span class=\"Apple-converted-space\">\u00a0\u00a0<\/span>las<span class=\"Apple-converted-space\">\u00a0\u00a0<\/span>clases subalternas\u00a0<span class=\"Apple-converted-space\">\u00a0\u00a0<\/span>que\u00a0<span class=\"Apple-converted-space\">\u00a0\u00a0<\/span>otorgue\u00a0<span class=\"Apple-converted-space\">\u00a0\u00a0<\/span>esa\u00a0<span class=\"Apple-converted-space\">\u00a0\u00a0<\/span>direccionalidad\u00a0<span class=\"Apple-converted-space\">\u00a0\u00a0<\/span>democr\u00e1tica\u00a0<span class=\"Apple-converted-space\">\u00a0\u00a0<\/span>popular\u00a0<span class=\"Apple-converted-space\">\u00a0\u00a0<\/span>a\u00a0<span class=\"Apple-converted-space\">\u00a0\u00a0<\/span>la\u00a0<span class=\"Apple-converted-space\">\u00a0\u00a0<\/span>naci\u00f3n,\u00a0<span class=\"Apple-converted-space\">\u00a0\u00a0<\/span>as\u00ed\u00a0<span class=\"Apple-converted-space\">\u00a0\u00a0<\/span>como\u00a0<span class=\"Apple-converted-space\">\u00a0\u00a0<\/span>el establecimiento efectivo de la pluralidad \u00e9tnico-cultural a trav\u00e9s de las autonom\u00edas.<\/p>\n<p class=\"p22\">Es una propuesta quiz\u00e1s v\u00e1lida, si hablamos de las autonom\u00edas europeas, por ejemplo. O si consideramos las etnias como pueblos aislados y minoritarios. Pero si definimos a nuestros pa\u00edses como<span class=\"Apple-converted-space\">\u00a0\u00a0<\/span>mayoritariamente<span class=\"Apple-converted-space\">\u00a0\u00a0<\/span>ind\u00edgenas<span class=\"Apple-converted-space\">\u00a0\u00a0<\/span>y<span class=\"Apple-converted-space\">\u00a0\u00a0<\/span>populares,<span class=\"Apple-converted-space\">\u00a0\u00a0<\/span>sometidos<span class=\"Apple-converted-space\">\u00a0\u00a0<\/span>a<span class=\"Apple-converted-space\">\u00a0\u00a0<\/span>la<span class=\"Apple-converted-space\">\u00a0\u00a0<\/span>recolonizaci\u00f3n<span class=\"Apple-converted-space\">\u00a0\u00a0<\/span>por<span class=\"Apple-converted-space\">\u00a0\u00a0<\/span>oligarqu\u00edas<span class=\"Apple-converted-space\">\u00a0\u00a0<\/span>y trasnacionales, creemos que podemos hablar de autodeterminaci\u00f3n y liberaci\u00f3n nacional. Desde la\u00a0<span class=\"s1\">perspectiva y lenguaje de L\u00f3pez y Rivas, es posible pensar en replantear una reconstrucci\u00f3n de la<\/span>\u00a0naci\u00f3n \u201cdesde abajo\u201d, desde las clases subalternas, m\u00e1s a partir de vincularse estrechamente con los problemas y las demandas de las grandes mayor\u00edas populares, con la historia y realidad nacional, con las tradiciones de lucha y resistencia de los diversos sectores del pueblo, esto es, enraizarse y nutrirse del espacio y tiempo nacionales.<\/p>\n<p class=\"p19\">La<span class=\"Apple-converted-space\">\u00a0\u00a0<\/span>cuesti\u00f3n<span class=\"Apple-converted-space\">\u00a0\u00a0<\/span>nacional<span class=\"Apple-converted-space\">\u00a0\u00a0<\/span>-otro<span class=\"Apple-converted-space\">\u00a0\u00a0<\/span>tema<span class=\"Apple-converted-space\">\u00a0\u00a0<\/span>a<span class=\"Apple-converted-space\">\u00a0\u00a0<\/span>discutir-<span class=\"Apple-converted-space\">\u00a0\u00a0<\/span>est\u00e1<span class=\"Apple-converted-space\">\u00a0\u00a0<\/span>conformada<span class=\"Apple-converted-space\">\u00a0\u00a0<\/span>por<span class=\"Apple-converted-space\">\u00a0\u00a0<\/span>su<span class=\"Apple-converted-space\">\u00a0\u00a0<\/span>diversidad<span class=\"Apple-converted-space\">\u00a0\u00a0<\/span>\u00e9tnico- nacional, atravesada por las clases y la subordinaci\u00f3n de car\u00e1cter neocolonial; de ah\u00ed que la disputa por<span class=\"Apple-converted-space\">\u00a0\u00a0<\/span>la<span class=\"Apple-converted-space\">\u00a0\u00a0<\/span>naci\u00f3n<span class=\"Apple-converted-space\">\u00a0\u00a0<\/span>sea<span class=\"Apple-converted-space\">\u00a0\u00a0<\/span>el<span class=\"Apple-converted-space\">\u00a0\u00a0<\/span>espacio<span class=\"Apple-converted-space\">\u00a0\u00a0<\/span>donde<span class=\"Apple-converted-space\">\u00a0\u00a0<\/span>tienen<span class=\"Apple-converted-space\">\u00a0\u00a0<\/span>lugar<span class=\"Apple-converted-space\">\u00a0\u00a0<\/span>las<span class=\"Apple-converted-space\">\u00a0\u00a0<\/span>resistencias<span class=\"Apple-converted-space\">\u00a0\u00a0<\/span>contra<span class=\"Apple-converted-space\">\u00a0\u00a0<\/span>el<span class=\"Apple-converted-space\">\u00a0\u00a0<\/span>imperialismo<span class=\"Apple-converted-space\">\u00a0\u00a0<\/span>y<span class=\"Apple-converted-space\">\u00a0\u00a0<\/span>la explotaci\u00f3n de clase. Estas batallas suponen la defensa de la diversidad \u00e9tnica, regional, nacional y cultural,<span class=\"Apple-converted-space\">\u00a0\u00a0<\/span>y<span class=\"Apple-converted-space\">\u00a0\u00a0<\/span>el<span class=\"Apple-converted-space\">\u00a0\u00a0<\/span>fortalecimiento<span class=\"Apple-converted-space\">\u00a0\u00a0<\/span>de<span class=\"Apple-converted-space\">\u00a0\u00a0<\/span>las<span class=\"Apple-converted-space\">\u00a0\u00a0<\/span>m\u00faltiples<span class=\"Apple-converted-space\">\u00a0\u00a0<\/span>diferencias<span class=\"Apple-converted-space\">\u00a0\u00a0<\/span>unidas<span class=\"Apple-converted-space\">\u00a0\u00a0<\/span>por<span class=\"Apple-converted-space\">\u00a0\u00a0<\/span>la<span class=\"Apple-converted-space\">\u00a0\u00a0<\/span>clase:<span class=\"Apple-converted-space\">\u00a0\u00a0<\/span>ciudadan\u00eda,<span class=\"Apple-converted-space\">\u00a0\u00a0<\/span>\u00e9tnia, militancia pol\u00edtica, g\u00e9nero. En la cimentaci\u00f3n de una naci\u00f3n libre y democr\u00e1tica, la construcci\u00f3n de una<span class=\"Apple-converted-space\">\u00a0\u00a0<\/span>nueva<span class=\"Apple-converted-space\">\u00a0\u00a0<\/span>cultura<span class=\"Apple-converted-space\">\u00a0\u00a0<\/span>de<span class=\"Apple-converted-space\">\u00a0\u00a0<\/span>los<span class=\"Apple-converted-space\">\u00a0\u00a0<\/span>pueblos<span class=\"Apple-converted-space\">\u00a0\u00a0<\/span>en<span class=\"Apple-converted-space\">\u00a0\u00a0<\/span>sus<span class=\"Apple-converted-space\">\u00a0\u00a0<\/span>distintas<span class=\"Apple-converted-space\">\u00a0\u00a0<\/span>diferenciaciones<span class=\"Apple-converted-space\">\u00a0\u00a0<\/span>\u00e9tnicas,<span class=\"Apple-converted-space\">\u00a0\u00a0<\/span>regionales,<span class=\"Apple-converted-space\">\u00a0\u00a0<\/span>de<span class=\"Apple-converted-space\">\u00a0\u00a0<\/span>g\u00e9nero, con orientaci\u00f3n de clase, se transforma en un efectivo instrumento de transformaci\u00f3n social y de resistencia<span class=\"Apple-converted-space\">\u00a0\u00a0<\/span>a<span class=\"Apple-converted-space\">\u00a0\u00a0<\/span>la<span class=\"Apple-converted-space\">\u00a0\u00a0<\/span>propia<span class=\"Apple-converted-space\">\u00a0\u00a0<\/span>opresi\u00f3n<span class=\"Apple-converted-space\">\u00a0\u00a0<\/span>cultural,<span class=\"Apple-converted-space\">\u00a0\u00a0<\/span>ideol\u00f3gica<span class=\"Apple-converted-space\">\u00a0\u00a0<\/span>y<span class=\"Apple-converted-space\">\u00a0\u00a0<\/span>pol\u00edtica.<span class=\"Apple-converted-space\">\u00a0\u00a0<\/span>Es<span class=\"Apple-converted-space\">\u00a0\u00a0<\/span>la<span class=\"Apple-converted-space\">\u00a0\u00a0<\/span>nueva<span class=\"Apple-converted-space\">\u00a0\u00a0<\/span>cultura<span class=\"Apple-converted-space\">\u00a0\u00a0<\/span>democr\u00e1tica, emancipatoria, pr\u00e1ctica y te\u00f3rica, de recuperaci\u00f3n de los viejos aportes de saberes y subjetividades \u00e9tnicas contrahegem\u00f3nicas.<\/p>\n<p class=\"p22\">Como<span class=\"Apple-converted-space\">\u00a0\u00a0<\/span>vemos,<span class=\"Apple-converted-space\">\u00a0\u00a0<\/span>estamos<span class=\"Apple-converted-space\">\u00a0\u00a0<\/span>ante<span class=\"Apple-converted-space\">\u00a0\u00a0<\/span>un<span class=\"Apple-converted-space\">\u00a0\u00a0<\/span>tema<span class=\"Apple-converted-space\">\u00a0\u00a0<\/span>sumamente<span class=\"Apple-converted-space\">\u00a0\u00a0<\/span>complejo,<span class=\"Apple-converted-space\">\u00a0\u00a0<\/span>multidimensional,<span class=\"Apple-converted-space\">\u00a0\u00a0<\/span>que<span class=\"Apple-converted-space\">\u00a0\u00a0<\/span>abarca para<span class=\"Apple-converted-space\">\u00a0\u00a0<\/span>su<span class=\"Apple-converted-space\">\u00a0\u00a0<\/span>estudio<span class=\"Apple-converted-space\">\u00a0\u00a0<\/span>desde<span class=\"Apple-converted-space\">\u00a0\u00a0<\/span>las<span class=\"Apple-converted-space\">\u00a0\u00a0<\/span>disciplinas<span class=\"Apple-converted-space\">\u00a0\u00a0<\/span>sociales<span class=\"Apple-converted-space\">\u00a0\u00a0<\/span>hasta<span class=\"Apple-converted-space\">\u00a0\u00a0<\/span>la<span class=\"Apple-converted-space\">\u00a0\u00a0<\/span>filosof\u00eda,<span class=\"Apple-converted-space\">\u00a0\u00a0<\/span>desde<span class=\"Apple-converted-space\">\u00a0\u00a0<\/span>la<span class=\"Apple-converted-space\">\u00a0\u00a0<\/span>antropolog\u00eda<span class=\"Apple-converted-space\">\u00a0\u00a0<\/span>e<span class=\"Apple-converted-space\">\u00a0\u00a0<\/span>historia, hasta<span class=\"Apple-converted-space\">\u00a0\u00a0<\/span>la<span class=\"Apple-converted-space\">\u00a0\u00a0<\/span>segunda<span class=\"Apple-converted-space\">\u00a0\u00a0<\/span>mirada<span class=\"Apple-converted-space\">\u00a0\u00a0<\/span>por<span class=\"Apple-converted-space\">\u00a0\u00a0<\/span>la<span class=\"Apple-converted-space\">\u00a0\u00a0<\/span>ontolog\u00eda<span class=\"Apple-converted-space\">\u00a0\u00a0<\/span>y<span class=\"Apple-converted-space\">\u00a0\u00a0<\/span>epistemolog\u00eda.<span class=\"Apple-converted-space\">\u00a0\u00a0<\/span>Incluidos<span class=\"Apple-converted-space\">\u00a0\u00a0<\/span>los<span class=\"Apple-converted-space\">\u00a0\u00a0<\/span>debates<span class=\"Apple-converted-space\">\u00a0\u00a0<\/span>y<span class=\"Apple-converted-space\">\u00a0\u00a0<\/span>enfoques<span class=\"Apple-converted-space\">\u00a0\u00a0<\/span>m\u00e1s dis\u00edmiles,<span class=\"Apple-converted-space\">\u00a0\u00a0<\/span>que<span class=\"Apple-converted-space\">\u00a0\u00a0<\/span>incluyen<span class=\"Apple-converted-space\">\u00a0\u00a0<\/span>al<span class=\"Apple-converted-space\">\u00a0\u00a0<\/span>proyecto<span class=\"Apple-converted-space\">\u00a0\u00a0<\/span>vanguardista<span class=\"Apple-converted-space\">\u00a0\u00a0<\/span>y<span class=\"Apple-converted-space\">\u00a0\u00a0<\/span>obrerista<span class=\"Apple-converted-space\">\u00a0\u00a0<\/span>trotskista<span class=\"Apple-converted-space\">\u00a0\u00a0<\/span>o<span class=\"Apple-converted-space\">\u00a0\u00a0<\/span>a<span class=\"Apple-converted-space\">\u00a0\u00a0<\/span>quienes<span class=\"Apple-converted-space\">\u00a0\u00a0<\/span>buscan<span class=\"Apple-converted-space\">\u00a0\u00a0<\/span>un paradigma<span class=\"Apple-converted-space\">\u00a0\u00a0<\/span>mao\u00edsta<span class=\"Apple-converted-space\">\u00a0\u00a0<\/span>u<span class=\"Apple-converted-space\">\u00a0\u00a0<\/span>otro,<span class=\"Apple-converted-space\">\u00a0\u00a0<\/span>que<span class=\"Apple-converted-space\">\u00a0\u00a0<\/span>ha<span class=\"Apple-converted-space\">\u00a0\u00a0<\/span>llevado<span class=\"Apple-converted-space\">\u00a0\u00a0<\/span>a<span class=\"Apple-converted-space\">\u00a0\u00a0<\/span>desastrosos<span class=\"Apple-converted-space\">\u00a0\u00a0<\/span>errores<span class=\"Apple-converted-space\">\u00a0\u00a0<\/span>pol\u00edticos<span class=\"Apple-converted-space\">\u00a0\u00a0<\/span>a<span class=\"Apple-converted-space\">\u00a0\u00a0<\/span>los<span class=\"Apple-converted-space\">\u00a0\u00a0<\/span>movimientos revolucionarios. Y as\u00ed volvemos a nuestro autor en cuesti\u00f3n, An\u00edbal Quijano, quien cada vez m\u00e1s alejado de su pueblo andino, Yungay, observ\u00f3 desde Lima, Santiago de Chile o M\u00e9xico<a id=\"fnlink5\"><\/a><a href=\"#fn5\"><sup>[5]<\/sup><\/a>,<span class=\"s2\"><span class=\"Apple-converted-space\">\u00a0\u00a0<\/span><\/span>la llegada de la modernidad industrial remeciendo al mundo ind\u00edgena. Es decir, observ\u00f3 este fen\u00f3meno desde la exterioridad, se asombr\u00f3 de la cholificaci\u00f3n, y qued\u00f3 convencido de la desintegraci\u00f3n cultural de los pueblos ind\u00edgenas, vi\u00e9ndolos como productos del mestizaje biol\u00f3gico y cultural impuesto con violencia por los grupos olig\u00e1rquicos. El capitalismo se impon\u00eda, y crey\u00f3 ver nost\u00e1lgicos escritores en autores como Jos\u00e9 Mar\u00eda Arguedas, por ejemplo, que habr\u00edan sido incapaces de entender, redimir\u00a0<span class=\"s1\">o expresar literariamente este proceso<a id=\"fnlink6\"><\/a><a href=\"#fn6\"><sup>[6]<\/sup><\/a>.<\/span><\/p>\n<p class=\"p22\"><span class=\"s4\">La<\/span>\u00a0novela<span class=\"Apple-converted-space\">\u00a0\u00a0<\/span><i>Todas<span class=\"Apple-converted-space\">\u00a0\u00a0<\/span>las<span class=\"Apple-converted-space\">\u00a0\u00a0<\/span>Sangres<span class=\"Apple-converted-space\">\u00a0\u00a0<\/span><\/i>tiene<span class=\"Apple-converted-space\">\u00a0\u00a0<\/span>una<span class=\"Apple-converted-space\">\u00a0\u00a0<\/span>relevancia<span class=\"Apple-converted-space\">\u00a0\u00a0<\/span>aun<span class=\"Apple-converted-space\">\u00a0\u00a0<\/span>no<span class=\"Apple-converted-space\">\u00a0\u00a0<\/span>reivindicada.<span class=\"Apple-converted-space\">\u00a0\u00a0<\/span>Creemos<span class=\"Apple-converted-space\">\u00a0\u00a0<\/span>que<span class=\"Apple-converted-space\">\u00a0\u00a0<\/span>la consolidaci\u00f3n del capitalismo colonial tiene seis d\u00e9cadas, de 1960 a 1990 la primera, y de 1991 a la fecha (2020), no distinguir estos momentos de los m\u00e1s de cuatro siglos anteriores altera cualquier visi\u00f3n<span class=\"Apple-converted-space\">\u00a0\u00a0<\/span>de<span class=\"Apple-converted-space\">\u00a0\u00a0<\/span>la<span class=\"Apple-converted-space\">\u00a0\u00a0<\/span>realidad,<span class=\"Apple-converted-space\">\u00a0\u00a0<\/span>hasta<span class=\"Apple-converted-space\">\u00a0\u00a0<\/span>afirmar<span class=\"Apple-converted-space\">\u00a0\u00a0<\/span>como<span class=\"Apple-converted-space\">\u00a0\u00a0<\/span>hace<span class=\"Apple-converted-space\">\u00a0\u00a0<\/span>Quijano<span class=\"Apple-converted-space\">\u00a0\u00a0<\/span>que<span class=\"Apple-converted-space\">\u00a0\u00a0<\/span>desde<span class=\"Apple-converted-space\">\u00a0\u00a0<\/span>el<span class=\"Apple-converted-space\">\u00a0\u00a0<\/span>siglo<span class=\"Apple-converted-space\">\u00a0\u00a0<\/span>XVI<span class=\"Apple-converted-space\">\u00a0\u00a0<\/span>el<span class=\"Apple-converted-space\">\u00a0\u00a0<\/span>Per\u00fa<span class=\"Apple-converted-space\">\u00a0\u00a0<\/span>era capitalista.\u00a0<span class=\"Apple-converted-space\">\u00a0\u00a0<\/span>Ambos\u00a0<span class=\"Apple-converted-space\">\u00a0\u00a0<\/span>analizan\u00a0<span class=\"Apple-converted-space\">\u00a0\u00a0<\/span>parte\u00a0<span class=\"Apple-converted-space\">\u00a0\u00a0<\/span>del\u00a0<span class=\"Apple-converted-space\">\u00a0\u00a0<\/span>primer\u00a0<span class=\"Apple-converted-space\">\u00a0\u00a0<\/span>periodo\u00a0<span class=\"Apple-converted-space\">\u00a0\u00a0<\/span>y\u00a0<span class=\"Apple-converted-space\">\u00a0\u00a0<\/span>los\u00a0<span class=\"Apple-converted-space\">\u00a0\u00a0<\/span>dos\u00a0<span class=\"Apple-converted-space\">\u00a0\u00a0<\/span>encuentran\u00a0<span class=\"Apple-converted-space\">\u00a0\u00a0<\/span>tendencias complementarias,<span class=\"Apple-converted-space\">\u00a0\u00a0<\/span>pero<span class=\"Apple-converted-space\">\u00a0\u00a0<\/span>bajo<span class=\"Apple-converted-space\">\u00a0\u00a0<\/span>diferente<span class=\"Apple-converted-space\">\u00a0\u00a0<\/span>concepci\u00f3n.<span class=\"Apple-converted-space\">\u00a0\u00a0<\/span>El<span class=\"Apple-converted-space\">\u00a0\u00a0<\/span>m\u00e1s<span class=\"Apple-converted-space\">\u00a0\u00a0<\/span>certero<span class=\"Apple-converted-space\">\u00a0\u00a0<\/span>en<span class=\"Apple-converted-space\">\u00a0\u00a0<\/span>ver<span class=\"Apple-converted-space\">\u00a0\u00a0<\/span>las<span class=\"Apple-converted-space\">\u00a0\u00a0<\/span>tendencias<span class=\"Apple-converted-space\">\u00a0\u00a0<\/span>ser\u00e1 Arguedas, quien examina en su novela como se da la expansi\u00f3n extractivista minera en los andes a trav\u00e9s<span class=\"Apple-converted-space\">\u00a0\u00a0<\/span>de<span class=\"Apple-converted-space\">\u00a0\u00a0<\/span>las<span class=\"Apple-converted-space\">\u00a0\u00a0<\/span>trasnacionales<span class=\"Apple-converted-space\">\u00a0\u00a0<\/span>que<span class=\"Apple-converted-space\">\u00a0\u00a0<\/span>cuentan<span class=\"Apple-converted-space\">\u00a0\u00a0<\/span>con<span class=\"Apple-converted-space\">\u00a0\u00a0<\/span>la<span class=\"Apple-converted-space\">\u00a0\u00a0<\/span>complicidad<span class=\"Apple-converted-space\">\u00a0\u00a0<\/span>de<span class=\"Apple-converted-space\">\u00a0\u00a0<\/span>las<span class=\"Apple-converted-space\">\u00a0\u00a0<\/span>autoridades<span class=\"Apple-converted-space\">\u00a0\u00a0<\/span>corruptas.<\/p>\n<p class=\"p22\">Estas empresas se presentan como una fuerza desintegradora a las que solo les interesa las ganancias, sin importarle la\u00a0<span class=\"Apple-converted-space\">\u00a0\u00a0<\/span>destrucci\u00f3n ecocida ni el desastre\u00a0<span class=\"Apple-converted-space\">\u00a0\u00a0<\/span>que causa a los pobladores y la f\u00e9rrea resistencia\u00a0<span class=\"s1\">campesina<span class=\"Apple-converted-space\">\u00a0\u00a0<\/span>liderada<span class=\"Apple-converted-space\">\u00a0\u00a0<\/span>por<span class=\"Apple-converted-space\">\u00a0\u00a0<\/span>migrantes<span class=\"Apple-converted-space\">\u00a0\u00a0<\/span>que<span class=\"Apple-converted-space\">\u00a0\u00a0<\/span>vuelven<span class=\"Apple-converted-space\">\u00a0\u00a0<\/span>a<span class=\"Apple-converted-space\">\u00a0\u00a0<\/span>sus<span class=\"Apple-converted-space\">\u00a0\u00a0<\/span>tierras<span class=\"Apple-converted-space\">\u00a0 \u00a0\u00a0<\/span>y<span class=\"Apple-converted-space\">\u00a0\u00a0<\/span>se<span class=\"Apple-converted-space\">\u00a0\u00a0<\/span>encuentran<span class=\"Apple-converted-space\">\u00a0\u00a0<\/span>con<span class=\"Apple-converted-space\">\u00a0\u00a0<\/span>el<span class=\"Apple-converted-space\">\u00a0\u00a0<\/span>despojo<span class=\"Apple-converted-space\">\u00a0\u00a0<\/span>deterritorios, aguas y todo lo que necesitan para el saqueo minero<a id=\"fnlink7\"><\/a><a href=\"#fn7\"><sup>[7]<\/sup><\/a>.<\/span><\/p>\n<p class=\"p22\"><span class=\"s1\">Es la imagen de un pa\u00eds sometido<\/span><span class=\"s5\">\u00a0<\/span>a la expansi\u00f3n imperialista y la modernidad atentando contra la cultura ind\u00edgena y el aun presente sentido<span class=\"Apple-converted-space\">\u00a0\u00a0<\/span>colectivista,<span class=\"Apple-converted-space\">\u00a0\u00a0<\/span>de<span class=\"Apple-converted-space\">\u00a0\u00a0<\/span>reciprocidad<span class=\"Apple-converted-space\">\u00a0\u00a0<\/span>y<span class=\"Apple-converted-space\">\u00a0\u00a0<\/span>una<span class=\"Apple-converted-space\">\u00a0\u00a0<\/span>eticidad<span class=\"Apple-converted-space\">\u00a0\u00a0<\/span>que<span class=\"Apple-converted-space\">\u00a0\u00a0<\/span>se<span class=\"Apple-converted-space\">\u00a0\u00a0<\/span>van<span class=\"Apple-converted-space\">\u00a0\u00a0<\/span>perdiendo.<span class=\"Apple-converted-space\">\u00a0\u00a0<\/span>La<span class=\"Apple-converted-space\">\u00a0\u00a0<\/span>alternativa<span class=\"Apple-converted-space\">\u00a0\u00a0<\/span>es<span class=\"Apple-converted-space\">\u00a0\u00a0<\/span>un proyecto<span class=\"Apple-converted-space\">\u00a0\u00a0<\/span>ind\u00edgena<span class=\"Apple-converted-space\">\u00a0\u00a0<\/span>andino,<span class=\"Apple-converted-space\">\u00a0\u00a0<\/span>campesino,<span class=\"Apple-converted-space\">\u00a0\u00a0<\/span>que<span class=\"Apple-converted-space\">\u00a0\u00a0<\/span>propone<span class=\"Apple-converted-space\">\u00a0\u00a0<\/span>construir<span class=\"Apple-converted-space\">\u00a0\u00a0<\/span>un<span class=\"Apple-converted-space\">\u00a0\u00a0<\/span>nuevo<span class=\"Apple-converted-space\">\u00a0\u00a0<\/span>ethos<span class=\"Apple-converted-space\">\u00a0\u00a0<\/span>y<span class=\"Apple-converted-space\">\u00a0\u00a0<\/span>una<span class=\"Apple-converted-space\">\u00a0\u00a0<\/span>eticidad sustentada en las subsistentes relaciones comunales, que desconf\u00eda y hasta rechaza la participaci\u00f3n de los privilegiados obreros, cuestionando las vanguardias pol\u00edticas, m\u00e1s a\u00fan la de los partidos.<\/p>\n<p class=\"p19\">Seg\u00fan la perspectiva de Quijano y de su opuesta opci\u00f3n, la del Partido Comunista Peruano (SL) y el Movimiento Revolucionario Tupac Amaru (MRTA), los campesinos ind\u00edgenas, a lo sumo, pod\u00edan<span class=\"Apple-converted-space\">\u00a0\u00a0<\/span>ser<span class=\"Apple-converted-space\">\u00a0\u00a0<\/span>convocados<span class=\"Apple-converted-space\">\u00a0\u00a0<\/span>como<span class=\"Apple-converted-space\">\u00a0\u00a0<\/span>aliados<span class=\"Apple-converted-space\">\u00a0\u00a0<\/span>subalternos<span class=\"Apple-converted-space\">\u00a0\u00a0<\/span>en<span class=\"Apple-converted-space\">\u00a0\u00a0<\/span>una<span class=\"Apple-converted-space\">\u00a0\u00a0<\/span>insurrecci\u00f3n<span class=\"Apple-converted-space\">\u00a0\u00a0<\/span>obrera<span class=\"Apple-converted-space\">\u00a0\u00a0<\/span>o<span class=\"Apple-converted-space\">\u00a0\u00a0<\/span>en<span class=\"Apple-converted-space\">\u00a0\u00a0<\/span>una<span class=\"Apple-converted-space\">\u00a0\u00a0<\/span>guerra popular.<span class=\"Apple-converted-space\">\u00a0\u00a0<\/span>Arguedas,<span class=\"Apple-converted-space\">\u00a0\u00a0<\/span>primero<span class=\"Apple-converted-space\">\u00a0\u00a0<\/span>opt\u00f3<span class=\"Apple-converted-space\">\u00a0\u00a0<\/span>por<span class=\"Apple-converted-space\">\u00a0\u00a0<\/span>la<span class=\"Apple-converted-space\">\u00a0\u00a0<\/span>v\u00eda<span class=\"Apple-converted-space\">\u00a0\u00a0<\/span>de<span class=\"Apple-converted-space\">\u00a0\u00a0<\/span>la<span class=\"Apple-converted-space\">\u00a0\u00a0<\/span>violencia<span class=\"Apple-converted-space\">\u00a0\u00a0<\/span>y<span class=\"Apple-converted-space\">\u00a0\u00a0<\/span>m\u00e1s<span class=\"Apple-converted-space\">\u00a0\u00a0<\/span>tarde,<span class=\"Apple-converted-space\">\u00a0\u00a0<\/span>junto<span class=\"Apple-converted-space\">\u00a0\u00a0<\/span>al<span class=\"Apple-converted-space\">\u00a0\u00a0<\/span>insigne<span class=\"Apple-converted-space\">\u00a0\u00a0<\/span>Hugo Blanco<a id=\"fnlink8\"><\/a><a href=\"#fn8\"><sup>[8]<\/sup><\/a>, se decidieron por la v\u00eda parlamentaria. Mientras que su segunda esposa una d\u00e9cada m\u00e1s tarde se acercara al Partido Comunista (SL) en la perspectiva de desatar una guerra popular.<\/p>\n<p class=\"p22\">Transcurridas tres d\u00e9cadas de estas observaciones, y ya en pleno siglo XXI, en medio del estupor que le produce un movimiento obrero paralizado y corrompido, un desconcertado An\u00edbal Quijano confirma lo que fue la esperanza de Arguedas: el avance de movimientos ind\u00edgenas y la reconstituci\u00f3n comunitaria, con que ahora s\u00ed puede vislumbrarse una crisis de la colonialidad del poder. Quijano se hab\u00eda alejado, parcialmente, del eurocentrismo, que provocaba un desencuentro en el siglo XX entre el imaginario hist\u00f3rico-cr\u00edtico y la experiencia hist\u00f3rica concreta. Quijano no reconoce<span class=\"Apple-converted-space\">\u00a0\u00a0<\/span>haber<span class=\"Apple-converted-space\">\u00a0\u00a0<\/span>sufrido<span class=\"Apple-converted-space\">\u00a0\u00a0<\/span>la<span class=\"Apple-converted-space\">\u00a0\u00a0<\/span>tensi\u00f3n<span class=\"Apple-converted-space\">\u00a0\u00a0<\/span>entre<span class=\"Apple-converted-space\">\u00a0\u00a0<\/span>la<span class=\"Apple-converted-space\">\u00a0\u00a0<\/span>versi\u00f3n<span class=\"Apple-converted-space\">\u00a0\u00a0<\/span>m\u00e1s<span class=\"Apple-converted-space\">\u00a0\u00a0<\/span>euroc\u00e9ntrica<span class=\"Apple-converted-space\">\u00a0\u00a0<\/span>de<span class=\"Apple-converted-space\">\u00a0\u00a0<\/span>la<span class=\"Apple-converted-space\">\u00a0\u00a0<\/span>herencia<span class=\"Apple-converted-space\">\u00a0\u00a0<\/span>de<span class=\"Apple-converted-space\">\u00a0\u00a0<\/span>Marx:<span class=\"Apple-converted-space\">\u00a0\u00a0<\/span>el\u00a0<span class=\"s1\">trotskismo<span class=\"Apple-converted-space\">\u00a0\u00a0<\/span>dirigido<span class=\"Apple-converted-space\">\u00a0\u00a0<\/span>al<span class=\"Apple-converted-space\">\u00a0\u00a0<\/span>control<span class=\"Apple-converted-space\">\u00a0\u00a0<\/span>del<span class=\"Apple-converted-space\">\u00a0\u00a0<\/span>Estado<span class=\"Apple-converted-space\">\u00a0\u00a0<\/span>y<span class=\"Apple-converted-space\">\u00a0\u00a0<\/span>las<span class=\"Apple-converted-space\">\u00a0\u00a0<\/span>experiencias<span class=\"Apple-converted-space\">\u00a0\u00a0<\/span>hist\u00f3ricas<span class=\"Apple-converted-space\">\u00a0\u00a0<\/span>que<span class=\"Apple-converted-space\">\u00a0\u00a0<\/span>desde<span class=\"Apple-converted-space\">\u00a0\u00a0<\/span>Arguedas<\/span>\u00a0demandaban la \u201cautorreproducci\u00f3n democr\u00e1tica de la sociedad\u201d, en una que el mismo particip\u00f3: la CUAVES. Seg\u00fan \u00e9l, despu\u00e9s de la derrota de SL y el MRTA, la violenta y exitosa contrarrevoluci\u00f3n impidi\u00f3 que estos movimientos establecieran un firme imaginario alternativo.<span class=\"Apple-converted-space\">\u00a0\u00a0<\/span>Sin embargo, viendo la<span class=\"Apple-converted-space\">\u00a0\u00a0<\/span>experiencia<span class=\"Apple-converted-space\">\u00a0\u00a0<\/span>zapatista<span class=\"Apple-converted-space\">\u00a0\u00a0<\/span>y<span class=\"Apple-converted-space\">\u00a0\u00a0<\/span>los<span class=\"Apple-converted-space\">\u00a0\u00a0<\/span>movimientos<span class=\"Apple-converted-space\">\u00a0\u00a0<\/span>ind\u00edgenas<span class=\"Apple-converted-space\">\u00a0\u00a0<\/span>en<span class=\"Apple-converted-space\">\u00a0\u00a0<\/span>Ecuador<span class=\"Apple-converted-space\">\u00a0\u00a0<\/span>y<span class=\"Apple-converted-space\">\u00a0\u00a0<\/span>Bolivia,<span class=\"Apple-converted-space\">\u00a0\u00a0<\/span>que<span class=\"Apple-converted-space\">\u00a0\u00a0<\/span>reafirmaban<span class=\"Apple-converted-space\">\u00a0\u00a0<\/span>la visi\u00f3n de Arguedas, ego-c\u00e9ntricamente se\u00f1ala que de acuerdo a sus investigaciones se cumpl\u00edan sus predicciones<span class=\"Apple-converted-space\">\u00a0\u00a0<\/span>sobre<span class=\"Apple-converted-space\">\u00a0\u00a0<\/span>la<span class=\"Apple-converted-space\">\u00a0\u00a0<\/span>llegada<span class=\"Apple-converted-space\">\u00a0\u00a0<\/span>de<span class=\"Apple-converted-space\">\u00a0\u00a0<\/span>las<span class=\"Apple-converted-space\">\u00a0\u00a0<\/span>luchas<span class=\"Apple-converted-space\">\u00a0\u00a0<\/span>por<span class=\"Apple-converted-space\">\u00a0\u00a0<\/span>la<span class=\"Apple-converted-space\">\u00a0\u00a0<\/span>des\/colonialidad<span class=\"Apple-converted-space\">\u00a0\u00a0<\/span>del<span class=\"Apple-converted-space\">\u00a0\u00a0<\/span>poder.<span class=\"Apple-converted-space\">\u00a0\u00a0<\/span>No<span class=\"Apple-converted-space\">\u00a0\u00a0<\/span>conocemos movimiento ind\u00edgena que haya hablado de este concepto, pero s\u00ed de descolonizaci\u00f3n. Para concluir, pensamos<span class=\"Apple-converted-space\">\u00a0\u00a0<\/span>que<span class=\"Apple-converted-space\">\u00a0\u00a0<\/span>la<span class=\"Apple-converted-space\">\u00a0\u00a0<\/span>suma<span class=\"Apple-converted-space\">\u00a0\u00a0<\/span>de<span class=\"Apple-converted-space\">\u00a0\u00a0<\/span>la<span class=\"Apple-converted-space\">\u00a0\u00a0<\/span>experiencia<span class=\"Apple-converted-space\">\u00a0\u00a0<\/span>de<span class=\"Apple-converted-space\">\u00a0\u00a0<\/span>la<span class=\"Apple-converted-space\">\u00a0\u00a0<\/span>CUAVES<span class=\"Apple-converted-space\">\u00a0\u00a0<\/span>despojada<span class=\"Apple-converted-space\">\u00a0\u00a0<\/span>de<span class=\"Apple-converted-space\">\u00a0\u00a0<\/span>los<span class=\"Apple-converted-space\">\u00a0\u00a0<\/span>l\u00edmites<span class=\"Apple-converted-space\">\u00a0\u00a0<\/span>institucionales impuestos por el Estado y permitidos por sus dirigentes y la propuesta arguediana de impulsar una nueva\u00a0<span class=\"Apple-converted-space\">\u00a0\u00a0<\/span>cultura\u00a0<span class=\"Apple-converted-space\">\u00a0\u00a0<\/span>y\u00a0<span class=\"Apple-converted-space\">\u00a0\u00a0<\/span>eticidad\u00a0<span class=\"Apple-converted-space\">\u00a0\u00a0<\/span>desde\u00a0<span class=\"Apple-converted-space\">\u00a0\u00a0<\/span>el\u00a0<span class=\"Apple-converted-space\">\u00a0\u00a0<\/span>mundo\u00a0<span class=\"Apple-converted-space\">\u00a0\u00a0<\/span>andino,\u00a0<span class=\"Apple-converted-space\">\u00a0\u00a0<\/span>la\u00a0<span class=\"Apple-converted-space\">\u00a0\u00a0<\/span>resistencia\u00a0<span class=\"Apple-converted-space\">\u00a0\u00a0<\/span>y\u00a0<span class=\"Apple-converted-space\">\u00a0\u00a0<\/span>creaci\u00f3n\u00a0<span class=\"Apple-converted-space\">\u00a0\u00a0<\/span>de\u00a0<span class=\"Apple-converted-space\">\u00a0\u00a0<\/span>un\u00a0<span class=\"Apple-converted-space\">\u00a0\u00a0<\/span>pueblo autorganizado<span class=\"Apple-converted-space\">\u00a0\u00a0<\/span>hubiese<span class=\"Apple-converted-space\">\u00a0\u00a0<\/span>podido<span class=\"Apple-converted-space\">\u00a0\u00a0<\/span>resistir<span class=\"Apple-converted-space\">\u00a0\u00a0<\/span>al<span class=\"Apple-converted-space\">\u00a0\u00a0<\/span>neoliberalismo.<span class=\"Apple-converted-space\">\u00a0\u00a0<\/span>Curiosamente<span class=\"Apple-converted-space\">\u00a0\u00a0<\/span>la<span class=\"Apple-converted-space\">\u00a0\u00a0<\/span>Izquierda<span class=\"Apple-converted-space\">\u00a0\u00a0<\/span>Unida<span class=\"Apple-converted-space\">\u00a0\u00a0<\/span>y<span class=\"Apple-converted-space\">\u00a0\u00a0<\/span>el Estado<span class=\"Apple-converted-space\">\u00a0\u00a0<\/span>destruyeron<span class=\"Apple-converted-space\">\u00a0\u00a0<\/span>la<span class=\"Apple-converted-space\">\u00a0\u00a0<\/span>propuesta<span class=\"Apple-converted-space\">\u00a0\u00a0<\/span>de<span class=\"Apple-converted-space\">\u00a0\u00a0<\/span>la<span class=\"Apple-converted-space\">\u00a0\u00a0<\/span>Cuaves<span class=\"Apple-converted-space\">\u00a0\u00a0<\/span>y<span class=\"Apple-converted-space\">\u00a0\u00a0<\/span>Quijano<span class=\"Apple-converted-space\">\u00a0\u00a0<\/span>y<span class=\"Apple-converted-space\">\u00a0\u00a0<\/span>los<span class=\"Apple-converted-space\">\u00a0\u00a0<\/span>intelectuales<span class=\"Apple-converted-space\">\u00a0\u00a0<\/span>afines<span class=\"Apple-converted-space\">\u00a0\u00a0<\/span>destruyeron<span class=\"Apple-converted-space\">\u00a0\u00a0<\/span>la propuesta de Arguedas.<\/p>\n<p class=\"p19\">La\u00a0<span class=\"Apple-converted-space\">\u00a0\u00a0<\/span>experiencia\u00a0<span class=\"Apple-converted-space\">\u00a0\u00a0<\/span>hist\u00f3rica\u00a0<span class=\"Apple-converted-space\">\u00a0\u00a0<\/span>nos\u00a0<span class=\"Apple-converted-space\">\u00a0\u00a0<\/span>muestra,\u00a0<span class=\"Apple-converted-space\">\u00a0\u00a0<\/span>precisamente,\u00a0<span class=\"Apple-converted-space\">\u00a0\u00a0<\/span>que\u00a0<span class=\"Apple-converted-space\">\u00a0\u00a0<\/span>las\u00a0<span class=\"Apple-converted-space\">\u00a0\u00a0<\/span>luchas\u00a0<span class=\"Apple-converted-space\">\u00a0\u00a0<\/span>populares latinoamericanas,<span class=\"Apple-converted-space\">\u00a0\u00a0<\/span>durante<span class=\"Apple-converted-space\">\u00a0\u00a0<\/span>cinco<span class=\"Apple-converted-space\">\u00a0\u00a0<\/span>siglos,<span class=\"Apple-converted-space\">\u00a0\u00a0<\/span>fueron<span class=\"Apple-converted-space\">\u00a0\u00a0<\/span>principalmente<span class=\"Apple-converted-space\">\u00a0\u00a0<\/span>anticoloniales,<span class=\"Apple-converted-space\">\u00a0\u00a0<\/span>aunque<span class=\"Apple-converted-space\">\u00a0\u00a0<\/span>tuviesen distintos ropajes. Tambi\u00e9n, que las luchas ind\u00edgenas del \u00faltimo ciclo \u2013el neoliberal, en particular, en pa\u00edses con este tipo de mayor\u00edas\u2013 se inician con lo oposici\u00f3n al despojo neoliberal recolonizador, por<span class=\"Apple-converted-space\">\u00a0\u00a0<\/span>lo<span class=\"Apple-converted-space\">\u00a0\u00a0<\/span>que<span class=\"Apple-converted-space\">\u00a0\u00a0<\/span>aparecen<span class=\"Apple-converted-space\">\u00a0\u00a0<\/span>rasgos<span class=\"Apple-converted-space\">\u00a0\u00a0<\/span>emancipatorios<span class=\"Apple-converted-space\">\u00a0\u00a0<\/span>contra<span class=\"Apple-converted-space\">\u00a0\u00a0<\/span>el<span class=\"Apple-converted-space\">\u00a0\u00a0<\/span>capitalismo<span class=\"Apple-converted-space\">\u00a0\u00a0<\/span>colonial;<span class=\"Apple-converted-space\">\u00a0\u00a0<\/span>al<span class=\"Apple-converted-space\">\u00a0\u00a0<\/span>hacerlo,<span class=\"Apple-converted-space\">\u00a0\u00a0<\/span>cuestionan, entre otros aspectos, lo que Quijano denomina \u201ccolonialidad del poder\u201d. Veamos.<\/p>\n<p class=\"p22\">El concepto de \u201ccolonialidad del poder\u201d debe haber sido vivido, en la larga vida intelectual de An\u00edbal Quijano, tal vez como su mayor aporte al pensamiento sociol\u00f3gico y pol\u00edtico de la regi\u00f3n. Y es que este concepto sintetiza su existencia toda: una prolongada reflexi\u00f3n desde una ambigua experiencia, primero, como militante trotskista en la capital peruana, y luego en convivencia con la intelectualidad<span class=\"Apple-converted-space\">\u00a0\u00a0<\/span>latinoamericana.<span class=\"Apple-converted-space\">\u00a0\u00a0<\/span>En<span class=\"Apple-converted-space\">\u00a0\u00a0<\/span>suma,<span class=\"Apple-converted-space\">\u00a0\u00a0<\/span>una<span class=\"Apple-converted-space\">\u00a0\u00a0<\/span>variada<span class=\"Apple-converted-space\">\u00a0\u00a0<\/span>destreza<span class=\"Apple-converted-space\">\u00a0\u00a0<\/span>pol\u00edtica<span class=\"Apple-converted-space\">\u00a0\u00a0<\/span>e<span class=\"Apple-converted-space\">\u00a0\u00a0<\/span>intelectual,<span class=\"Apple-converted-space\">\u00a0\u00a0<\/span>siempre apegada al pensamiento euroc\u00e9ntrico, y en sus \u00faltimos a\u00f1os al academicismo m\u00e1s ilustrado del Per\u00fa (v\u00eda el Instituto de Estudios Peruanos-IEP) y Latinoam\u00e9rica (v\u00eda el Centro de Estudio para Am\u00e9rica Latina,<span class=\"Apple-converted-space\">\u00a0\u00a0<\/span>CEPAL);<span class=\"Apple-converted-space\">\u00a0\u00a0<\/span>que<span class=\"Apple-converted-space\">\u00a0\u00a0<\/span>culmina<span class=\"Apple-converted-space\">\u00a0\u00a0<\/span>trabajando<span class=\"Apple-converted-space\">\u00a0\u00a0<\/span>para<span class=\"Apple-converted-space\">\u00a0\u00a0<\/span>la<span class=\"Apple-converted-space\">\u00a0\u00a0<\/span>Universidad<span class=\"Apple-converted-space\">\u00a0\u00a0<\/span>de<span class=\"Apple-converted-space\">\u00a0\u00a0<\/span>Binghamton<span class=\"Apple-converted-space\">\u00a0\u00a0<\/span>con<span class=\"Apple-converted-space\">\u00a0\u00a0<\/span>Immanuel Wallerstein, siguiendo los pasos y uni\u00e9ndose al pensador poscolonial argentino Walter Mignolo de la Universidad de Duke, y al<span class=\"Apple-converted-space\">\u00a0\u00a0<\/span>colombiano Arturo Escobar, en la Universidad de Carolina del Norte; todos ellos dedicados a los estudios culturales desde los Estados Unidos.<\/p>\n<p class=\"p22\">El<span class=\"Apple-converted-space\">\u00a0\u00a0<\/span>debate<span class=\"Apple-converted-space\">\u00a0\u00a0<\/span>entre<span class=\"Apple-converted-space\">\u00a0\u00a0<\/span>insurrecci\u00f3n<span class=\"Apple-converted-space\">\u00a0\u00a0<\/span>y<span class=\"Apple-converted-space\">\u00a0\u00a0<\/span>guerra<span class=\"Apple-converted-space\">\u00a0\u00a0<\/span>popular<span class=\"Apple-converted-space\">\u00a0\u00a0<\/span>marc\u00f3<span class=\"Apple-converted-space\">\u00a0\u00a0<\/span>su<span class=\"Apple-converted-space\">\u00a0\u00a0<\/span>derrotero<span class=\"Apple-converted-space\">\u00a0\u00a0<\/span>en<span class=\"Apple-converted-space\">\u00a0\u00a0<\/span>plenos<span class=\"Apple-converted-space\">\u00a0\u00a0<\/span>a\u00f1os<span class=\"Apple-converted-space\">\u00a0\u00a0<\/span>setenta;pues las ortodoxias vanguardistas de esa \u00e9poca buscaban la toma del poder y part\u00edan, para\u00a0<span class=\"Apple-converted-space\">\u00a0\u00a0<\/span>dise\u00f1arsu<span class=\"Apple-converted-space\">\u00a0\u00a0<\/span>estrategia,<span class=\"Apple-converted-space\">\u00a0\u00a0<\/span>de<span class=\"Apple-converted-space\">\u00a0\u00a0<\/span>una<span class=\"Apple-converted-space\">\u00a0\u00a0<\/span>caracterizaci\u00f3n<span class=\"Apple-converted-space\">\u00a0\u00a0<\/span>de<span class=\"Apple-converted-space\">\u00a0\u00a0<\/span>la<span class=\"Apple-converted-space\">\u00a0\u00a0<\/span>sociedad<span class=\"Apple-converted-space\">\u00a0\u00a0<\/span>peruana<span class=\"Apple-converted-space\">\u00a0\u00a0<\/span>para<span class=\"Apple-converted-space\">\u00a0\u00a0<\/span>tomar<span class=\"Apple-converted-space\">\u00a0\u00a0<\/span>una<span class=\"Apple-converted-space\">\u00a0\u00a0<\/span>u<span class=\"Apple-converted-space\">\u00a0\u00a0<\/span>otra<span class=\"Apple-converted-space\">\u00a0\u00a0<\/span>opci\u00f3n<a id=\"fnlink9\"><\/a><a href=\"#fn9\"><sup>[9]<\/sup><\/a>.<span class=\"s2\">\u00a0<span class=\"Apple-converted-space\">\u00a0\u00a0<\/span><\/span>Los mao\u00edstas<span class=\"Apple-converted-space\">\u00a0\u00a0<\/span>sosten\u00edan<span class=\"Apple-converted-space\">\u00a0\u00a0<\/span>que<span class=\"Apple-converted-space\">\u00a0\u00a0<\/span>el<span class=\"Apple-converted-space\">\u00a0\u00a0<\/span>Per\u00fa<span class=\"Apple-converted-space\">\u00a0\u00a0<\/span>era<span class=\"Apple-converted-space\">\u00a0\u00a0<\/span>semifeudal<span class=\"Apple-converted-space\">\u00a0\u00a0<\/span>y<span class=\"Apple-converted-space\">\u00a0\u00a0<\/span>semicolonial,<span class=\"Apple-converted-space\">\u00a0\u00a0<\/span>y<span class=\"Apple-converted-space\">\u00a0\u00a0<\/span>los<span class=\"Apple-converted-space\">\u00a0\u00a0<\/span>trotskistas<span class=\"Apple-converted-space\">\u00a0\u00a0<\/span>asum\u00edan<span class=\"Apple-converted-space\">\u00a0\u00a0<\/span>que<span class=\"Apple-converted-space\">\u00a0\u00a0<\/span>era capitalista.<span class=\"Apple-converted-space\">\u00a0\u00a0<\/span>Esta<span class=\"Apple-converted-space\">\u00a0\u00a0<\/span>disyuntiva<span class=\"Apple-converted-space\">\u00a0\u00a0<\/span>se<span class=\"Apple-converted-space\">\u00a0\u00a0<\/span>expres\u00f3,<span class=\"Apple-converted-space\">\u00a0\u00a0<\/span>en<span class=\"Apple-converted-space\">\u00a0\u00a0<\/span>Quijano,<span class=\"Apple-converted-space\">\u00a0\u00a0<\/span>en<span class=\"Apple-converted-space\">\u00a0\u00a0<\/span>su<span class=\"Apple-converted-space\">\u00a0\u00a0<\/span>cr\u00edtica<span class=\"Apple-converted-space\">\u00a0\u00a0<\/span>a<span class=\"Apple-converted-space\">\u00a0\u00a0<\/span>Jos\u00e9<span class=\"Apple-converted-space\">\u00a0\u00a0<\/span>Mar\u00eda Arguedas<span class=\"Apple-converted-space\">\u00a0\u00a0<\/span>-que<span class=\"Apple-converted-space\">\u00a0\u00a0<\/span>no participaba<span class=\"Apple-converted-space\">\u00a0\u00a0<\/span>de<span class=\"Apple-converted-space\">\u00a0\u00a0<\/span>ese<span class=\"Apple-converted-space\">\u00a0\u00a0<\/span>debate<span class=\"Apple-converted-space\">\u00a0\u00a0<\/span>y<span class=\"Apple-converted-space\">\u00a0\u00a0<\/span>solo<span class=\"Apple-converted-space\">\u00a0\u00a0<\/span>mostraba<span class=\"Apple-converted-space\">\u00a0\u00a0<\/span>la<span class=\"Apple-converted-space\">\u00a0\u00a0<\/span>visi\u00f3n<span class=\"Apple-converted-space\">\u00a0\u00a0<\/span>del<span class=\"Apple-converted-space\">\u00a0\u00a0<\/span>mundo<span class=\"Apple-converted-space\">\u00a0\u00a0<\/span>andino<span class=\"Apple-converted-space\">\u00a0\u00a0<\/span>expuesta<span class=\"Apple-converted-space\">\u00a0\u00a0<\/span>en<span class=\"Apple-converted-space\">\u00a0\u00a0<\/span><i>Todas<span class=\"Apple-converted-space\">\u00a0\u00a0<\/span>las sangres<\/i>,<span class=\"Apple-converted-space\">\u00a0\u00a0<\/span>a<span class=\"Apple-converted-space\">\u00a0\u00a0<\/span>quien<span class=\"Apple-converted-space\">\u00a0\u00a0<\/span>acus\u00f3<span class=\"Apple-converted-space\">\u00a0\u00a0<\/span>de<span class=\"Apple-converted-space\">\u00a0\u00a0<\/span>ignorancia<span class=\"Apple-converted-space\">\u00a0\u00a0<\/span>al<span class=\"Apple-converted-space\">\u00a0\u00a0<\/span>no<span class=\"Apple-converted-space\">\u00a0\u00a0<\/span>entender<span class=\"Apple-converted-space\">\u00a0\u00a0<\/span>la<span class=\"Apple-converted-space\">\u00a0\u00a0<\/span>modernidad<span class=\"Apple-converted-space\">\u00a0\u00a0<\/span>capitalista.<span class=\"Apple-converted-space\">\u00a0\u00a0<\/span>Una<span class=\"Apple-converted-space\">\u00a0\u00a0<\/span>agresiva acusaci\u00f3n<span class=\"Apple-converted-space\">\u00a0\u00a0<\/span>que<span class=\"Apple-converted-space\">\u00a0\u00a0<\/span>contribuy\u00f3<span class=\"Apple-converted-space\">\u00a0\u00a0<\/span>a<span class=\"Apple-converted-space\">\u00a0\u00a0<\/span>las<span class=\"Apple-converted-space\">\u00a0\u00a0<\/span>tendencias<span class=\"Apple-converted-space\">\u00a0\u00a0<\/span>suicidas<span class=\"Apple-converted-space\">\u00a0\u00a0<\/span>al<span class=\"Apple-converted-space\">\u00a0\u00a0<\/span>depresivo<span class=\"Apple-converted-space\">\u00a0\u00a0<\/span>gran<span class=\"Apple-converted-space\">\u00a0\u00a0<\/span>escritor,<span class=\"Apple-converted-space\">\u00a0\u00a0<\/span>antecedente<span class=\"Apple-converted-space\">\u00a0\u00a0<\/span>que determin\u00f3 a su vez un hundimiento emocional<span class=\"Apple-converted-space\">\u00a0\u00a0<\/span>que<span class=\"Apple-converted-space\">\u00a0\u00a0<\/span>acompa\u00f1\u00f3 a Quijano toda su vida.<\/p>\n<p class=\"p22\">Despu\u00e9s de su participaci\u00f3n en un intento de ir a la praxis, como asesor en\u00a0<i>Villa El Salvador<\/i>\u00a0durante los a\u00f1os setenta (experiencia que lo llev\u00f3 a la c\u00e1rcel), apareci\u00f3 el PCP-Sendero Luminoso, en<span class=\"Apple-converted-space\">\u00a0\u00a0<\/span>los<span class=\"Apple-converted-space\">\u00a0\u00a0<\/span>ochenta,<span class=\"Apple-converted-space\">\u00a0\u00a0<\/span>con<span class=\"Apple-converted-space\">\u00a0\u00a0<\/span>su<span class=\"Apple-converted-space\">\u00a0\u00a0<\/span>guerra<span class=\"Apple-converted-space\">\u00a0\u00a0<\/span>popular<span class=\"Apple-converted-space\">\u00a0\u00a0<\/span>obrero-campesina<span class=\"Apple-converted-space\">\u00a0\u00a0<\/span>inspirada<span class=\"Apple-converted-space\">\u00a0\u00a0<\/span>en<span class=\"Apple-converted-space\">\u00a0\u00a0<\/span>una<span class=\"Apple-converted-space\">\u00a0\u00a0<\/span>tensa<span class=\"Apple-converted-space\">\u00a0\u00a0<\/span>relaci\u00f3n<span class=\"Apple-converted-space\">\u00a0\u00a0<\/span>entre<span class=\"Apple-converted-space\">\u00a0\u00a0<\/span>el pensamiento de Jos\u00e9 Carlos Mari\u00e1tegui y el de Mao Tse Tung. Quijano condenar\u00e1 este proceso en bloque,<span class=\"Apple-converted-space\">\u00a0\u00a0<\/span>y<span class=\"Apple-converted-space\">\u00a0\u00a0<\/span>querr\u00e1<span class=\"Apple-converted-space\">\u00a0\u00a0<\/span>aportar<span class=\"Apple-converted-space\">\u00a0\u00a0<\/span>intelectualmente<span class=\"Apple-converted-space\">\u00a0\u00a0<\/span>a<span class=\"Apple-converted-space\">\u00a0\u00a0<\/span>sus<span class=\"Apple-converted-space\">\u00a0\u00a0<\/span>seguidores<span class=\"Apple-converted-space\">\u00a0\u00a0<\/span>haciendo<span class=\"Apple-converted-space\">\u00a0\u00a0<\/span>una<span class=\"Apple-converted-space\">\u00a0\u00a0<\/span>lectura<span class=\"Apple-converted-space\">\u00a0\u00a0<\/span>diferente<span class=\"Apple-converted-space\">\u00a0\u00a0<\/span>de Mari\u00e1tegui<span class=\"Apple-converted-space\">\u00a0\u00a0<\/span>a<span class=\"Apple-converted-space\">\u00a0\u00a0<\/span>la<span class=\"Apple-converted-space\">\u00a0\u00a0<\/span>realizada<span class=\"Apple-converted-space\">\u00a0\u00a0<\/span>por<span class=\"Apple-converted-space\">\u00a0\u00a0<\/span>el<span class=\"Apple-converted-space\">\u00a0\u00a0<\/span><i>fil\u00f3sofo<span class=\"Apple-converted-space\">\u00a0\u00a0<\/span>provinciano<span class=\"Apple-converted-space\">\u00a0\u00a0<\/span><\/i>Abimael<span class=\"Apple-converted-space\">\u00a0\u00a0<\/span>Guzm<a id=\"fnlink10\"><\/a><a href=\"#fn10\"><sup>[10]<\/sup><\/a>\u00e1n.<span class=\"Apple-converted-space\">\u00a0\u00a0<\/span>Una<span class=\"Apple-converted-space\">\u00a0\u00a0<\/span>tarea<span class=\"Apple-converted-space\">\u00a0\u00a0<\/span>dif\u00edcil,<span class=\"Apple-converted-space\">\u00a0\u00a0<\/span>sin embargo, pues el primero queda convencido de que, para el Amauta, el Per\u00fa de los a\u00f1os veinte era semicolonial<span class=\"Apple-converted-space\">\u00a0\u00a0<\/span>y<span class=\"Apple-converted-space\">\u00a0\u00a0<\/span>semifeudal,<span class=\"Apple-converted-space\">\u00a0\u00a0<\/span>y<span class=\"Apple-converted-space\">\u00a0\u00a0<\/span>no<span class=\"Apple-converted-space\">\u00a0\u00a0<\/span>pod\u00eda<span class=\"Apple-converted-space\">\u00a0\u00a0<\/span>darse<span class=\"Apple-converted-space\">\u00a0\u00a0<\/span>la<span class=\"Apple-converted-space\">\u00a0\u00a0<\/span>revoluci\u00f3n<span class=\"Apple-converted-space\">\u00a0\u00a0<\/span>sin<span class=\"Apple-converted-space\">\u00a0\u00a0<\/span>la<span class=\"Apple-converted-space\">\u00a0\u00a0<\/span>participaci\u00f3n<span class=\"Apple-converted-space\">\u00a0\u00a0<\/span>de<span class=\"Apple-converted-space\">\u00a0\u00a0<\/span>campesinos<span class=\"Apple-converted-space\">\u00a0\u00a0<\/span>e ind\u00edgenas.<span class=\"Apple-converted-space\">\u00a0\u00a0<\/span>Luego,<span class=\"Apple-converted-space\">\u00a0\u00a0<\/span>justamente<span class=\"Apple-converted-space\">\u00a0\u00a0<\/span>despu\u00e9s<span class=\"Apple-converted-space\">\u00a0\u00a0<\/span>de<span class=\"Apple-converted-space\">\u00a0\u00a0<\/span>la<span class=\"Apple-converted-space\">\u00a0\u00a0<\/span>derrota<span class=\"Apple-converted-space\">\u00a0\u00a0<\/span>de<span class=\"Apple-converted-space\">\u00a0\u00a0<\/span>SL,<span class=\"Apple-converted-space\">\u00a0\u00a0<\/span>en<span class=\"Apple-converted-space\">\u00a0\u00a0<\/span>1994<span class=\"Apple-converted-space\">\u00a0\u00a0<\/span>aparecer\u00e1<span class=\"Apple-converted-space\">\u00a0\u00a0<\/span>el<span class=\"Apple-converted-space\">\u00a0\u00a0<\/span>movimiento zapatista<span class=\"Apple-converted-space\">\u00a0\u00a0<\/span>de<span class=\"Apple-converted-space\">\u00a0\u00a0<\/span>liberaci\u00f3n<span class=\"Apple-converted-space\">\u00a0\u00a0<\/span>nacional,<span class=\"Apple-converted-space\">\u00a0\u00a0<\/span>y<span class=\"Apple-converted-space\">\u00a0\u00a0<\/span>poco<span class=\"Apple-converted-space\">\u00a0\u00a0<\/span>despu\u00e9s<span class=\"Apple-converted-space\">\u00a0\u00a0<\/span>los<span class=\"Apple-converted-space\">\u00a0\u00a0<\/span>triunfos<span class=\"Apple-converted-space\">\u00a0\u00a0<\/span>electorales<span class=\"Apple-converted-space\">\u00a0\u00a0<\/span>populares<span class=\"Apple-converted-space\">\u00a0\u00a0<\/span>en<span class=\"Apple-converted-space\">\u00a0\u00a0<\/span>pa\u00edses<span class=\"Apple-converted-space\">\u00a0\u00a0<\/span>de mayor\u00eda ind\u00edgena que colocaron gobiernos progresistas en Ecuador y Bolivia. Esta serie de procesos llevaron a Quijano a convencerse m\u00e1s sobre la validez de la idea de la colonialidad del poder, y su opuesto la decolonialidad.<\/p>\n<p class=\"p22\">Veamos m\u00e1s de cerca este el\u00edptico aporte te\u00f3rico. La colonialidad del poder se constituyepor dos elementos centrales: la idea de \u201craza\u201d, como el fundamento de todo un nuevo sistema de dominaci\u00f3n social, y el otro, es la articulaci\u00f3n de los modos de producci\u00f3n del capitalismo. En esta concepci\u00f3n<span class=\"Apple-converted-space\">\u00a0\u00a0<\/span>resalta<span class=\"Apple-converted-space\">\u00a0\u00a0<\/span>la<span class=\"Apple-converted-space\">\u00a0\u00a0<\/span>importancia<span class=\"Apple-converted-space\">\u00a0\u00a0<\/span>de<span class=\"Apple-converted-space\">\u00a0\u00a0<\/span>la<span class=\"Apple-converted-space\">\u00a0\u00a0<\/span>subjetividad<span class=\"Apple-converted-space\">\u00a0\u00a0<\/span>en<span class=\"Apple-converted-space\">\u00a0\u00a0<\/span>las<span class=\"Apple-converted-space\">\u00a0\u00a0<\/span>relaciones<span class=\"Apple-converted-space\">\u00a0\u00a0<\/span>de<span class=\"Apple-converted-space\">\u00a0\u00a0<\/span>mando<span class=\"Apple-converted-space\">\u00a0\u00a0<\/span>y<span class=\"Apple-converted-space\">\u00a0\u00a0<\/span>obediencia. Retoma<span class=\"Apple-converted-space\">\u00a0\u00a0<\/span>el<span class=\"Apple-converted-space\">\u00a0\u00a0<\/span>eurocentrismo<span class=\"Apple-converted-space\">\u00a0\u00a0<\/span>ya<span class=\"Apple-converted-space\">\u00a0\u00a0<\/span>criticado<span class=\"Apple-converted-space\">\u00a0\u00a0<\/span>por<span class=\"Apple-converted-space\">\u00a0\u00a0<\/span>Samir<span class=\"Apple-converted-space\">\u00a0\u00a0<\/span>Amin,<span class=\"Apple-converted-space\">\u00a0\u00a0<\/span>Edward<span class=\"Apple-converted-space\">\u00a0\u00a0<\/span>Said<span class=\"Apple-converted-space\">\u00a0\u00a0<\/span>y<span class=\"Apple-converted-space\">\u00a0\u00a0<\/span>otros,<span class=\"Apple-converted-space\">\u00a0\u00a0<\/span>agreg\u00e1ndole<span class=\"Apple-converted-space\">\u00a0\u00a0<\/span>el\u00a0<span class=\"s1\">concepto<span class=\"Apple-converted-space\">\u00a0\u00a0<\/span>colonial<span class=\"Apple-converted-space\">\u00a0\u00a0<\/span>reci\u00e9n<span class=\"Apple-converted-space\">\u00a0\u00a0<\/span>aceptado<span class=\"Apple-converted-space\">\u00a0\u00a0<\/span>por<span class=\"Apple-converted-space\">\u00a0\u00a0<\/span>la<span class=\"Apple-converted-space\">\u00a0\u00a0<\/span>intelectualidad<span class=\"Apple-converted-space\">\u00a0\u00a0<\/span>latinoamericana,<span class=\"Apple-converted-space\">\u00a0\u00a0<\/span>despu\u00e9s<span class=\"Apple-converted-space\">\u00a0\u00a0<\/span>de<span class=\"Apple-converted-space\">\u00a0\u00a0<\/span>d\u00e9cadas<span class=\"Apple-converted-space\">\u00a0\u00a0<\/span>de<\/span>\u00a0haber sido analizado por Jos\u00e9 Carlos Mari\u00e1tegui, Franz Fanon y muchos m\u00e1s. Habr\u00eda que apartarse de<span class=\"Apple-converted-space\">\u00a0\u00a0<\/span>cierta<span class=\"Apple-converted-space\">\u00a0\u00a0<\/span>ortodoxia<span class=\"Apple-converted-space\">\u00a0\u00a0<\/span>y<span class=\"Apple-converted-space\">\u00a0\u00a0<\/span>examinar<span class=\"Apple-converted-space\">\u00a0\u00a0<\/span>el<span class=\"Apple-converted-space\">\u00a0\u00a0<\/span>control<span class=\"Apple-converted-space\">\u00a0\u00a0<\/span>de<span class=\"Apple-converted-space\">\u00a0\u00a0<\/span>la<span class=\"Apple-converted-space\">\u00a0\u00a0<\/span>intersubjetividad,<span class=\"Apple-converted-space\">\u00a0\u00a0<\/span>desde<span class=\"Apple-converted-space\">\u00a0\u00a0<\/span>el<span class=\"Apple-converted-space\">\u00a0\u00a0<\/span>imaginario<span class=\"Apple-converted-space\">\u00a0\u00a0<\/span>social,<span class=\"Apple-converted-space\">\u00a0\u00a0<\/span>la memoria hist\u00f3rica, hasta la producci\u00f3n de conocimientos: una colonialidad del saber subordinada a las exigencias de dominio y explotaci\u00f3n del capitalismo colonizador de perpetuar y naturalizar su poder. Sin embargo, nuestro autor descuida el examen del poderoso capitalismo colonial ingl\u00e9s que se<span class=\"Apple-converted-space\">\u00a0\u00a0<\/span>apropia<span class=\"Apple-converted-space\">\u00a0\u00a0<\/span>de<span class=\"Apple-converted-space\">\u00a0\u00a0<\/span>mares<span class=\"Apple-converted-space\">\u00a0\u00a0<\/span>y<span class=\"Apple-converted-space\">\u00a0\u00a0<\/span>m\u00e1s<span class=\"Apple-converted-space\">\u00a0\u00a0<\/span>de<span class=\"Apple-converted-space\">\u00a0\u00a0<\/span>medio<span class=\"Apple-converted-space\">\u00a0\u00a0<\/span>territorio<span class=\"Apple-converted-space\">\u00a0\u00a0<\/span>del<span class=\"Apple-converted-space\">\u00a0\u00a0<\/span>mundo,<span class=\"Apple-converted-space\">\u00a0\u00a0<\/span>y<span class=\"Apple-converted-space\">\u00a0\u00a0<\/span>sus<span class=\"Apple-converted-space\">\u00a0\u00a0<\/span>bi\u00f3logos<span class=\"Apple-converted-space\">\u00a0\u00a0<\/span>ofrecen<span class=\"Apple-converted-space\">\u00a0\u00a0<\/span>sustento cientificista<span class=\"Apple-converted-space\">\u00a0\u00a0<\/span>a<span class=\"Apple-converted-space\">\u00a0\u00a0<\/span>la<span class=\"Apple-converted-space\">\u00a0\u00a0<\/span>idea<span class=\"Apple-converted-space\">\u00a0\u00a0<\/span>de<span class=\"Apple-converted-space\">\u00a0\u00a0<\/span>raza.<span class=\"Apple-converted-space\">\u00a0\u00a0<\/span>As\u00ed<span class=\"Apple-converted-space\">\u00a0\u00a0<\/span>es<span class=\"Apple-converted-space\">\u00a0\u00a0<\/span>c\u00f3mo<span class=\"Apple-converted-space\">\u00a0\u00a0<\/span>se<span class=\"Apple-converted-space\">\u00a0\u00a0<\/span>expande<span class=\"Apple-converted-space\">\u00a0\u00a0<\/span>el<span class=\"Apple-converted-space\">\u00a0\u00a0<\/span>capitalismo<span class=\"Apple-converted-space\">\u00a0\u00a0<\/span>colonial,<span class=\"Apple-converted-space\">\u00a0\u00a0<\/span>impidiendo<span class=\"Apple-converted-space\">\u00a0\u00a0<\/span>la autodeterminaci\u00f3n republicana, que despu\u00e9s ser\u00e1 imitado por otras potencias que llegaron tarde al\u00a0<span class=\"s1\">reparto.<\/span><\/p>\n<p class=\"p24\">De acuerdo con Quijano, la idea de raza, como primera categor\u00eda social de la modernidad, ha desempe\u00f1ado un papel central dentro de las nuevas identidades geo-culturales globales que se constituyeron\u00a0<span class=\"Apple-converted-space\">\u00a0\u00a0<\/span>con\u00a0<span class=\"Apple-converted-space\">\u00a0\u00a0<\/span>el\u00a0<span class=\"Apple-converted-space\">\u00a0\u00a0<\/span>colonialismo\u00a0<span class=\"Apple-converted-space\">\u00a0\u00a0<\/span>hisp\u00e1nico,\u00a0<span class=\"Apple-converted-space\">\u00a0\u00a0<\/span>a\u00a0<span class=\"Apple-converted-space\">\u00a0\u00a0<\/span>principios\u00a0<span class=\"Apple-converted-space\">\u00a0\u00a0<\/span>del\u00a0<span class=\"Apple-converted-space\">\u00a0\u00a0<\/span>siglo\u00a0<span class=\"Apple-converted-space\">\u00a0\u00a0<\/span>XVI;\u00a0<span class=\"Apple-converted-space\">\u00a0\u00a0<\/span>para\u00a0<span class=\"Apple-converted-space\">\u00a0\u00a0<\/span>articularse, posteriormente, con otras formas de an\u00e1lisis social basadas en los conceptos de clase y de g\u00e9nero\/ sexualidad.<\/p>\n<p class=\"p19\">Como veremos, y como ocurre con el concepto de poder, no queda clara la concepci\u00f3n de raza\u00a0<span class=\"Apple-converted-space\">\u00a0\u00a0<\/span>ni\u00a0<span class=\"Apple-converted-space\">\u00a0\u00a0<\/span>el\u00a0<span class=\"Apple-converted-space\">\u00a0\u00a0<\/span>concepto\u00a0<span class=\"Apple-converted-space\">\u00a0\u00a0<\/span>de\u00a0<span class=\"Apple-converted-space\">\u00a0\u00a0<\/span>capitalismo,\u00a0<span class=\"Apple-converted-space\">\u00a0\u00a0<\/span>y\u00a0<span class=\"Apple-converted-space\">\u00a0\u00a0<\/span>tampoco\u00a0<span class=\"Apple-converted-space\">\u00a0\u00a0<\/span>el\u00a0<span class=\"Apple-converted-space\">\u00a0\u00a0<\/span>por\u00a0<span class=\"Apple-converted-space\">\u00a0\u00a0<\/span>qu\u00e9\u00a0<span class=\"Apple-converted-space\">\u00a0\u00a0<\/span>no\u00a0<span class=\"Apple-converted-space\">\u00a0\u00a0<\/span>considera\u00a0<span class=\"Apple-converted-space\">\u00a0\u00a0<\/span>la\u00a0<span class=\"Apple-converted-space\">\u00a0\u00a0<\/span>prelaci\u00f3n\u00a0<span class=\"Apple-converted-space\">\u00a0\u00a0<\/span>del patriarcalismo frente a la clasificaci\u00f3n racial. Por otra parte, es discutible la idea que las diferentes culturas est\u00e1n asociadas a tales desigualdades biol\u00f3gicas y que no son, por lo tanto, producto de la historia<span class=\"Apple-converted-space\">\u00a0\u00a0<\/span>de<span class=\"Apple-converted-space\">\u00a0\u00a0<\/span>las<span class=\"Apple-converted-space\">\u00a0\u00a0<\/span>relaciones<span class=\"Apple-converted-space\">\u00a0\u00a0<\/span>sociales.<span class=\"Apple-converted-space\">\u00a0\u00a0<\/span>La<span class=\"Apple-converted-space\">\u00a0\u00a0<\/span>dominaci\u00f3n<span class=\"Apple-converted-space\">\u00a0\u00a0<\/span>colonial,<span class=\"Apple-converted-space\">\u00a0\u00a0<\/span>en<span class=\"Apple-converted-space\">\u00a0\u00a0<\/span>pa\u00edses<span class=\"Apple-converted-space\">\u00a0\u00a0<\/span>que<span class=\"Apple-converted-space\">\u00a0\u00a0<\/span>nunca<span class=\"Apple-converted-space\">\u00a0\u00a0<\/span>lograron<span class=\"Apple-converted-space\">\u00a0\u00a0<\/span>ser poscoloniales,\u00a0<span class=\"Apple-converted-space\">\u00a0\u00a0<\/span>al\u00a0<span class=\"Apple-converted-space\">\u00a0\u00a0<\/span>imponer\u00a0<span class=\"Apple-converted-space\">\u00a0\u00a0<\/span>su\u00a0<span class=\"Apple-converted-space\">\u00a0\u00a0<\/span>poder\u00a0<span class=\"Apple-converted-space\">\u00a0\u00a0<\/span>dominio\u00a0<span class=\"Apple-converted-space\">\u00a0\u00a0<\/span>de\u00a0<span class=\"Apple-converted-space\">\u00a0\u00a0<\/span>unos\u00a0<span class=\"Apple-converted-space\">\u00a0\u00a0<\/span>colonizadores\u00a0<span class=\"Apple-converted-space\">\u00a0\u00a0<\/span>sobre\u00a0<span class=\"Apple-converted-space\">\u00a0\u00a0<\/span>los\u00a0<span class=\"Apple-converted-space\">\u00a0\u00a0<\/span>colonizados, codificaron identidades\u00a0<i>\u00e9tnicas o nacionales<\/i>. De manera conjunta se fue configurando un ethos, una cultura,<span class=\"Apple-converted-space\">\u00a0\u00a0<\/span>un<span class=\"Apple-converted-space\">\u00a0\u00a0<\/span>molde<span class=\"Apple-converted-space\">\u00a0\u00a0<\/span>de<span class=\"Apple-converted-space\">\u00a0\u00a0<\/span>ideas,<span class=\"Apple-converted-space\">\u00a0\u00a0<\/span>de<span class=\"Apple-converted-space\">\u00a0\u00a0<\/span>imaginarios,<span class=\"Apple-converted-space\">\u00a0\u00a0<\/span>memorias,<span class=\"Apple-converted-space\">\u00a0\u00a0<\/span>valores,<span class=\"Apple-converted-space\">\u00a0\u00a0<\/span>actitudes,<span class=\"Apple-converted-space\">\u00a0\u00a0<\/span><i>habitus<\/i>,<span class=\"Apple-converted-space\">\u00a0\u00a0<\/span>pr\u00e1cticas<span class=\"Apple-converted-space\">\u00a0\u00a0<\/span>que penetran en todas las relaciones sociales.<\/p>\n<p class=\"p25\">Para An\u00edbal Quijano, las ideas raciales han configurado, profunda y duraderamente, todo un complejo cultural, una matriz de ideas, de im\u00e1genes, de valores, de actitudes, de pr\u00e1cticas sociales, que<span class=\"Apple-converted-space\">\u00a0\u00a0<\/span>llegan<span class=\"Apple-converted-space\">\u00a0\u00a0<\/span>a<span class=\"Apple-converted-space\">\u00a0\u00a0<\/span>ser<span class=\"Apple-converted-space\">\u00a0\u00a0<\/span>compartidas<span class=\"Apple-converted-space\">\u00a0\u00a0<\/span>inclusive<span class=\"Apple-converted-space\">\u00a0\u00a0<\/span>cuando<span class=\"Apple-converted-space\">\u00a0\u00a0<\/span>las<span class=\"Apple-converted-space\">\u00a0\u00a0<\/span>relaciones<span class=\"Apple-converted-space\">\u00a0\u00a0<\/span>pol\u00edticas<span class=\"Apple-converted-space\">\u00a0\u00a0<\/span>coloniales<span class=\"Apple-converted-space\">\u00a0\u00a0<\/span>ya<span class=\"Apple-converted-space\">\u00a0\u00a0<\/span>han<span class=\"Apple-converted-space\">\u00a0\u00a0<\/span>sido canceladas. El problema que no ve, por sobrevalorar la idea de raza, es que las relaciones coloniales son parte de una cultura y nunca fueron canceladas: m\u00e1s bien, a una forma colonial se sobrepuso otra, y despu\u00e9s otra m\u00e1s, sin que se elimine a las anteriores. La matriz y el objetivo no era el poder racial,<span class=\"Apple-converted-space\">\u00a0\u00a0<\/span>sino<span class=\"Apple-converted-space\">\u00a0\u00a0<\/span>la<span class=\"Apple-converted-space\">\u00a0\u00a0<\/span>apropiaci\u00f3n<span class=\"Apple-converted-space\">\u00a0\u00a0<\/span>de<span class=\"Apple-converted-space\">\u00a0\u00a0<\/span>las<span class=\"Apple-converted-space\">\u00a0\u00a0<\/span>riquezas:<span class=\"Apple-converted-space\">\u00a0\u00a0<\/span>minas,<span class=\"Apple-converted-space\">\u00a0\u00a0<\/span>haciendas<span class=\"Apple-converted-space\">\u00a0\u00a0<\/span>laneras<span class=\"Apple-converted-space\">\u00a0\u00a0<\/span>y<span class=\"Apple-converted-space\">\u00a0\u00a0<\/span>de<span class=\"Apple-converted-space\">\u00a0\u00a0<\/span>fibras,<span class=\"Apple-converted-space\">\u00a0\u00a0<\/span>guano,<span class=\"Apple-converted-space\">\u00a0\u00a0<\/span>salitre, caucho,<span class=\"Apple-converted-space\">\u00a0\u00a0<\/span>hidrocarburos,<span class=\"Apple-converted-space\">\u00a0\u00a0<\/span>minas,<span class=\"Apple-converted-space\">\u00a0\u00a0<\/span>tierras,<span class=\"Apple-converted-space\">\u00a0\u00a0<\/span>aguas,<span class=\"Apple-converted-space\">\u00a0\u00a0<\/span>peces,<span class=\"Apple-converted-space\">\u00a0\u00a0<\/span>etc.<span class=\"Apple-converted-space\">\u00a0\u00a0<\/span>La<span class=\"Apple-converted-space\">\u00a0\u00a0<\/span>idea<span class=\"Apple-converted-space\">\u00a0\u00a0<\/span>de<span class=\"Apple-converted-space\">\u00a0\u00a0<\/span>raza<span class=\"Apple-converted-space\">\u00a0\u00a0<\/span>la<span class=\"Apple-converted-space\">\u00a0\u00a0<\/span>asocia<span class=\"Apple-converted-space\">\u00a0\u00a0<\/span>al<span class=\"Apple-converted-space\">\u00a0\u00a0<\/span>concepto<span class=\"Apple-converted-space\">\u00a0\u00a0<\/span>de \u201ceurocentrismo\u201d y al de trabajo, concebido como un modo de producci\u00f3n y control de relaciones intersubjetivas dependientes, tanto de las exigencias del capitalismo como de la necesidad de los colonizadores<span class=\"Apple-converted-space\">\u00a0\u00a0<\/span>de<span class=\"Apple-converted-space\">\u00a0\u00a0<\/span>perpetuar<span class=\"Apple-converted-space\">\u00a0\u00a0<\/span>y<span class=\"Apple-converted-space\">\u00a0\u00a0<\/span>naturalizar<span class=\"Apple-converted-space\">\u00a0\u00a0<\/span>su<span class=\"Apple-converted-space\">\u00a0\u00a0<\/span>dominaci\u00f3n.<span class=\"Apple-converted-space\">\u00a0\u00a0<\/span>El<span class=\"Apple-converted-space\">\u00a0\u00a0<\/span>rasgo<span class=\"Apple-converted-space\">\u00a0\u00a0<\/span>m\u00e1s<span class=\"Apple-converted-space\">\u00a0\u00a0<\/span>potente<span class=\"Apple-converted-space\">\u00a0\u00a0<\/span>es,<span class=\"Apple-converted-space\">\u00a0\u00a0<\/span>sin<span class=\"Apple-converted-space\">\u00a0\u00a0<\/span>duda,<span class=\"Apple-converted-space\">\u00a0\u00a0<\/span>la imposici\u00f3n de un enfoque distorsionado sobre los dominados, que lleva a los de abajo a verse conlos<span class=\"Apple-converted-space\">\u00a0\u00a0<\/span>ojos<span class=\"Apple-converted-space\">\u00a0\u00a0<\/span>del<span class=\"Apple-converted-space\">\u00a0\u00a0<\/span>dominador,<span class=\"Apple-converted-space\">\u00a0\u00a0<\/span>lo<span class=\"Apple-converted-space\">\u00a0\u00a0<\/span>cual<span class=\"Apple-converted-space\">\u00a0\u00a0<\/span>bloquea<span class=\"Apple-converted-space\">\u00a0\u00a0<\/span>y<span class=\"Apple-converted-space\">\u00a0\u00a0<\/span>encubre<span class=\"Apple-converted-space\">\u00a0\u00a0<\/span>las<span class=\"Apple-converted-space\">\u00a0\u00a0<\/span>potencialidades<span class=\"Apple-converted-space\">\u00a0\u00a0<\/span>y<span class=\"Apple-converted-space\">\u00a0\u00a0<\/span>perspectivas<span class=\"Apple-converted-space\">\u00a0\u00a0<\/span>hist\u00f3rico- culturales de autonom\u00eda de los dominados bajo el patr\u00f3n de poder vigente.<\/p>\n<p class=\"p26\">Bien vistos, todos los elementos materiales y subjetivos antes enumerados est\u00e1n conectados: desde<span class=\"Apple-converted-space\">\u00a0\u00a0<\/span>la<span class=\"Apple-converted-space\">\u00a0\u00a0<\/span>econom\u00eda<span class=\"Apple-converted-space\">\u00a0\u00a0<\/span>colonial<span class=\"Apple-converted-space\">\u00a0\u00a0<\/span>hasta<span class=\"Apple-converted-space\">\u00a0\u00a0<\/span>la<span class=\"Apple-converted-space\">\u00a0\u00a0<\/span>cultura,<span class=\"Apple-converted-space\">\u00a0\u00a0<\/span>la<span class=\"Apple-converted-space\">\u00a0\u00a0<\/span>memoria,<span class=\"Apple-converted-space\">\u00a0\u00a0<\/span>imaginario,<span class=\"Apple-converted-space\">\u00a0\u00a0<\/span>valores,<span class=\"Apple-converted-space\">\u00a0\u00a0<\/span>saberes,<span class=\"Apple-converted-space\">\u00a0\u00a0<\/span>actitudes, pr\u00e1cticas, tradiciones, religi\u00f3n, ideas de origen europeo y nativo, etc, forman el ethos colonial, la econom\u00eda,<span class=\"Apple-converted-space\">\u00a0\u00a0<\/span>pol\u00edtica<span class=\"Apple-converted-space\">\u00a0\u00a0<\/span>y<span class=\"Apple-converted-space\">\u00a0\u00a0<\/span>cultura<span class=\"Apple-converted-space\">\u00a0\u00a0<\/span>colonial<span class=\"Apple-converted-space\">\u00a0\u00a0<\/span>que<span class=\"Apple-converted-space\">\u00a0\u00a0<\/span>nos<span class=\"Apple-converted-space\">\u00a0\u00a0<\/span>acompa\u00f1a<span class=\"Apple-converted-space\">\u00a0\u00a0<\/span>hasta<span class=\"Apple-converted-space\">\u00a0\u00a0<\/span>hoy.<span class=\"Apple-converted-space\">\u00a0\u00a0<\/span>Son<span class=\"Apple-converted-space\">\u00a0\u00a0<\/span>formas<span class=\"Apple-converted-space\">\u00a0\u00a0<\/span>de<span class=\"Apple-converted-space\">\u00a0\u00a0<\/span>dominaci\u00f3n social, material e intersubjetiva. Es por ello que la posici\u00f3n subalterna de los pueblos sometidos por este espec\u00edfico e hist\u00f3rico patr\u00f3n de dominaci\u00f3n ser\u00e1 vista por Quijano, no como el resultado de un conflicto<span class=\"Apple-converted-space\">\u00a0\u00a0<\/span>de<span class=\"Apple-converted-space\">\u00a0\u00a0<\/span>poder,<span class=\"Apple-converted-space\">\u00a0\u00a0<\/span>sino<span class=\"Apple-converted-space\">\u00a0\u00a0<\/span>como<span class=\"Apple-converted-space\">\u00a0\u00a0<\/span>imposici\u00f3n<span class=\"Apple-converted-space\">\u00a0\u00a0<\/span>y<span class=\"Apple-converted-space\">\u00a0\u00a0<\/span>derivaci\u00f3n<span class=\"Apple-converted-space\">\u00a0\u00a0<\/span>l\u00f3gica<span class=\"Apple-converted-space\">\u00a0\u00a0<\/span>de<span class=\"Apple-converted-space\">\u00a0\u00a0<\/span>una<span class=\"Apple-converted-space\">\u00a0\u00a0<\/span>inferioridad<span class=\"Apple-converted-space\">\u00a0\u00a0<\/span>esencial<span class=\"Apple-converted-space\">\u00a0\u00a0<\/span>en<span class=\"Apple-converted-space\">\u00a0\u00a0<\/span>su naturaleza biol\u00f3gica.<\/p>\n<p class=\"p27\"><span class=\"s1\">Si retomamos el concepto\u00a0<i>sistema mundo<\/i>, veremos que la concepci\u00f3n de Wallerstein sobreel<span class=\"Apple-converted-space\">\u00a0\u00a0<\/span>mism<a id=\"fnlink11\"><\/a><a href=\"#fn11\"><span class=\"s6\"><sup>[11]<\/sup><\/span><\/a>o<\/span><span class=\"s7\">\u00a0<\/span><span class=\"s1\">se<span class=\"Apple-converted-space\">\u00a0\u00a0<\/span>adecuaba<span class=\"Apple-converted-space\">\u00a0\u00a0<\/span>perfectamente<span class=\"Apple-converted-space\">\u00a0\u00a0<\/span>al<span class=\"Apple-converted-space\">\u00a0\u00a0<\/span>pensamiento<span class=\"Apple-converted-space\">\u00a0\u00a0<\/span>trotskista<span class=\"Apple-converted-space\">\u00a0\u00a0<\/span>sobre<span class=\"Apple-converted-space\">\u00a0\u00a0<\/span>el<span class=\"Apple-converted-space\">\u00a0\u00a0<\/span>desarrollo<span class=\"Apple-converted-space\">\u00a0\u00a0<\/span>desigual<span class=\"Apple-converted-space\">\u00a0\u00a0<\/span>y<\/span><\/p>\n<p class=\"p28\">combinado, y a una supuesta preponderancia del capitalismo en el Per\u00fa y Am\u00e9rica Latina. Se refiere a un patr\u00f3n de poder global surgido con el descubrimiento y posterior dominio europeo de Am\u00e9rica, caracterizado<span class=\"Apple-converted-space\">\u00a0\u00a0<\/span>por<span class=\"Apple-converted-space\">\u00a0\u00a0<\/span>el<span class=\"Apple-converted-space\">\u00a0\u00a0<\/span>establecimiento<span class=\"Apple-converted-space\">\u00a0\u00a0<\/span>del<span class=\"Apple-converted-space\">\u00a0\u00a0<\/span>sistema<span class=\"Apple-converted-space\">\u00a0\u00a0<\/span>de<span class=\"Apple-converted-space\">\u00a0\u00a0<\/span>dominaci\u00f3n<span class=\"Apple-converted-space\">\u00a0\u00a0<\/span>colonial<span class=\"Apple-converted-space\">\u00a0\u00a0<\/span>y<span class=\"Apple-converted-space\">\u00a0\u00a0<\/span>el<span class=\"Apple-converted-space\">\u00a0\u00a0<\/span>mercado<span class=\"Apple-converted-space\">\u00a0\u00a0<\/span>mundial capitalista, ambos controlados por las potencias europeas. El capitalismo y el colonialismo tendr\u00e1n desarrollos\u00a0<span class=\"Apple-converted-space\">\u00a0\u00a0<\/span>a\u00a0<span class=\"Apple-converted-space\">\u00a0\u00a0<\/span>veces\u00a0<span class=\"Apple-converted-space\">\u00a0\u00a0<\/span>entrelazados\u00a0<span class=\"Apple-converted-space\">\u00a0\u00a0<\/span>y\u00a0<span class=\"Apple-converted-space\">\u00a0\u00a0<\/span>otros\u00a0<span class=\"Apple-converted-space\">\u00a0\u00a0<\/span>paralelos;\u00a0<span class=\"Apple-converted-space\">\u00a0\u00a0<\/span>mientras\u00a0<span class=\"Apple-converted-space\">\u00a0\u00a0<\/span>el\u00a0<span class=\"Apple-converted-space\">\u00a0\u00a0<\/span>primero\u00a0<span class=\"Apple-converted-space\">\u00a0\u00a0<\/span>tardar\u00e1\u00a0<span class=\"Apple-converted-space\">\u00a0\u00a0<\/span>siglos\u00a0<span class=\"Apple-converted-space\">\u00a0\u00a0<\/span>en generalizarse,<span class=\"Apple-converted-space\">\u00a0\u00a0<\/span>la<span class=\"Apple-converted-space\">\u00a0\u00a0<\/span>relaci\u00f3n<span class=\"Apple-converted-space\">\u00a0\u00a0<\/span>colonial<span class=\"Apple-converted-space\">\u00a0\u00a0<\/span>ser\u00e1<span class=\"Apple-converted-space\">\u00a0\u00a0<\/span>una<span class=\"Apple-converted-space\">\u00a0\u00a0<\/span>constante,<span class=\"Apple-converted-space\">\u00a0\u00a0<\/span>que<span class=\"Apple-converted-space\">\u00a0\u00a0<\/span>va<span class=\"Apple-converted-space\">\u00a0\u00a0<\/span>m\u00e1s<span class=\"Apple-converted-space\">\u00a0\u00a0<\/span>all\u00e1<span class=\"Apple-converted-space\">\u00a0\u00a0<\/span>del<span class=\"Apple-converted-space\">\u00a0\u00a0<\/span>dominio<span class=\"Apple-converted-space\">\u00a0\u00a0<\/span>del<span class=\"Apple-converted-space\">\u00a0\u00a0<\/span>modo<span class=\"Apple-converted-space\">\u00a0\u00a0<\/span>de producci\u00f3n<span class=\"Apple-converted-space\">\u00a0\u00a0<\/span>capitalista.<span class=\"Apple-converted-space\">\u00a0\u00a0<\/span>Con<span class=\"Apple-converted-space\">\u00a0\u00a0<\/span>Quijano,<span class=\"Apple-converted-space\">\u00a0\u00a0<\/span>ambos<span class=\"Apple-converted-space\">\u00a0\u00a0<\/span>procesos<span class=\"Apple-converted-space\">\u00a0\u00a0<\/span>son<span class=\"Apple-converted-space\">\u00a0\u00a0<\/span>uno<span class=\"Apple-converted-space\">\u00a0\u00a0<\/span>solo;<span class=\"Apple-converted-space\">\u00a0\u00a0<\/span>sin<span class=\"Apple-converted-space\">\u00a0\u00a0<\/span>embargo,<span class=\"Apple-converted-space\">\u00a0\u00a0<\/span>no<span class=\"Apple-converted-space\">\u00a0\u00a0<\/span>habla<span class=\"Apple-converted-space\">\u00a0\u00a0<\/span>de<span class=\"Apple-converted-space\">\u00a0\u00a0<\/span>la categor\u00eda \u201ccapitalismo colonial\u201d hasta sus \u00faltimos a\u00f1os, sino de capitalismo con resabios coloniales. Desde<span class=\"Apple-converted-space\">\u00a0\u00a0<\/span>nuestra<span class=\"Apple-converted-space\">\u00a0\u00a0<\/span>lectura<span class=\"Apple-converted-space\">\u00a0\u00a0<\/span>hist\u00f3rica<span class=\"Apple-converted-space\">\u00a0\u00a0<\/span>-repetimos-<span class=\"Apple-converted-space\">\u00a0\u00a0<\/span>el<span class=\"Apple-converted-space\">\u00a0\u00a0<\/span>capitalismo<span class=\"Apple-converted-space\">\u00a0\u00a0<\/span>colonial<span class=\"Apple-converted-space\">\u00a0\u00a0<\/span>no<span class=\"Apple-converted-space\">\u00a0\u00a0<\/span>se<span class=\"Apple-converted-space\">\u00a0\u00a0<\/span>consolida<span class=\"Apple-converted-space\">\u00a0\u00a0<\/span>en<span class=\"Apple-converted-space\">\u00a0\u00a0<\/span>vastas regiones latinoamericanas sino hasta el siglo XX.<\/p>\n<p class=\"p22\">Retomemos<span class=\"Apple-converted-space\">\u00a0\u00a0<\/span>nuevamente<span class=\"Apple-converted-space\">\u00a0\u00a0<\/span>a<span class=\"Apple-converted-space\">\u00a0\u00a0<\/span>L\u00f3pez<span class=\"Apple-converted-space\">\u00a0\u00a0<\/span>y<span class=\"Apple-converted-space\">\u00a0\u00a0<\/span>Rivas,<span class=\"Apple-converted-space\">\u00a0\u00a0<\/span>y<span class=\"Apple-converted-space\">\u00a0\u00a0<\/span>su<span class=\"Apple-converted-space\">\u00a0\u00a0<\/span>visi\u00f3n<span class=\"Apple-converted-space\">\u00a0\u00a0<\/span>hist\u00f3rica<span class=\"Apple-converted-space\">\u00a0\u00a0<\/span>y<span class=\"Apple-converted-space\">\u00a0\u00a0<\/span>conceptual<span class=\"Apple-converted-space\">\u00a0\u00a0<\/span>acerca<span class=\"Apple-converted-space\">\u00a0\u00a0<\/span>del Estado, la naci\u00f3n, las nacionalidades, las etnias, las clases. Este antrop\u00f3logo -que cuando parte de definiciones<span class=\"Apple-converted-space\">\u00a0\u00a0<\/span>y<span class=\"Apple-converted-space\">\u00a0\u00a0<\/span>no<span class=\"Apple-converted-space\">\u00a0\u00a0<\/span>del<span class=\"Apple-converted-space\">\u00a0\u00a0<\/span>movimiento<span class=\"Apple-converted-space\">\u00a0\u00a0<\/span>real<span class=\"Apple-converted-space\">\u00a0\u00a0<\/span>tiende<span class=\"Apple-converted-space\">\u00a0\u00a0<\/span>a<span class=\"Apple-converted-space\">\u00a0\u00a0<\/span>confundirse-<span class=\"Apple-converted-space\">\u00a0\u00a0<\/span>establece<span class=\"Apple-converted-space\">\u00a0\u00a0<\/span>que<span class=\"Apple-converted-space\">\u00a0\u00a0<\/span>el<span class=\"Apple-converted-space\">\u00a0\u00a0<\/span>Estado-naci\u00f3n<span class=\"Apple-converted-space\">\u00a0\u00a0<\/span>se constituye como la organizaci\u00f3n jur\u00eddico-pol\u00edtica que, en un territorio determinado y por medio de un<span class=\"Apple-converted-space\">\u00a0\u00a0<\/span>aparato<span class=\"Apple-converted-space\">\u00a0\u00a0<\/span>burocr\u00e1tico-administrativo-represivo,<span class=\"Apple-converted-space\">\u00a0\u00a0<\/span>impone<span class=\"Apple-converted-space\">\u00a0\u00a0<\/span>un<span class=\"Apple-converted-space\">\u00a0\u00a0<\/span>sistema<span class=\"Apple-converted-space\">\u00a0\u00a0<\/span>de<span class=\"Apple-converted-space\">\u00a0\u00a0<\/span>hegemon\u00eda;<span class=\"Apple-converted-space\">\u00a0\u00a0<\/span>esto<span class=\"Apple-converted-space\">\u00a0\u00a0<\/span>es,<span class=\"Apple-converted-space\">\u00a0\u00a0<\/span>el\u00a0<span class=\"s1\">predominio<span class=\"Apple-converted-space\">\u00a0\u00a0<\/span>pol\u00edtico,<span class=\"Apple-converted-space\">\u00a0\u00a0<\/span>econ\u00f3mico,<span class=\"Apple-converted-space\">\u00a0\u00a0<\/span>social,<span class=\"Apple-converted-space\">\u00a0\u00a0<\/span>cultural,<span class=\"Apple-converted-space\">\u00a0\u00a0<\/span>de<span class=\"Apple-converted-space\">\u00a0\u00a0<\/span>una<span class=\"Apple-converted-space\">\u00a0\u00a0<\/span>clase<span class=\"Apple-converted-space\">\u00a0\u00a0<\/span>constituida<span class=\"Apple-converted-space\">\u00a0\u00a0<\/span>como<span class=\"Apple-converted-space\">\u00a0\u00a0<\/span>nacionalidad<\/span>\u00a0dominante sobre los distintos agrupamientos nacionales, \u00e9tnicos o minoritarios que conviven en ese territorio.\u00a0<span class=\"Apple-converted-space\">\u00a0 \u00a0\u00a0<\/span>Hasta<span class=\"Apple-converted-space\">\u00a0\u00a0<\/span>aqu\u00ed,<span class=\"Apple-converted-space\">\u00a0\u00a0<\/span>podemos<span class=\"Apple-converted-space\">\u00a0\u00a0<\/span>constatar<span class=\"Apple-converted-space\">\u00a0\u00a0<\/span>que<span class=\"Apple-converted-space\">\u00a0\u00a0<\/span>ni<span class=\"Apple-converted-space\">\u00a0\u00a0<\/span>siquiera<span class=\"Apple-converted-space\">\u00a0\u00a0<\/span>roza<span class=\"Apple-converted-space\">\u00a0\u00a0<\/span>la<span class=\"Apple-converted-space\">\u00a0\u00a0<\/span>categor\u00eda<span class=\"Apple-converted-space\">\u00a0\u00a0<\/span>\u201ccolonialidad\u201d<span class=\"Apple-converted-space\">\u00a0\u00a0<\/span>de Quijano,<span class=\"Apple-converted-space\">\u00a0\u00a0<\/span>menos<span class=\"Apple-converted-space\">\u00a0\u00a0<\/span>a\u00fan<span class=\"Apple-converted-space\">\u00a0\u00a0<\/span>la<span class=\"Apple-converted-space\">\u00a0\u00a0<\/span>de<span class=\"Apple-converted-space\">\u00a0\u00a0<\/span>\u201ccolonialismo<span class=\"Apple-converted-space\">\u00a0\u00a0<\/span>interno\u201d<span class=\"Apple-converted-space\">\u00a0\u00a0<\/span>de<span class=\"Apple-converted-space\">\u00a0\u00a0<\/span>Gonz\u00e1lez<span class=\"Apple-converted-space\">\u00a0\u00a0<\/span>Casanova<span class=\"Apple-converted-space\">\u00a0\u00a0<\/span>o<span class=\"Apple-converted-space\">\u00a0\u00a0<\/span>la<span class=\"Apple-converted-space\">\u00a0\u00a0<\/span>de<span class=\"Apple-converted-space\">\u00a0\u00a0<\/span>\u201ccapitalismo colonial\u201d<span class=\"Apple-converted-space\">\u00a0\u00a0<\/span>de<span class=\"Apple-converted-space\">\u00a0\u00a0<\/span>Sempat<span class=\"Apple-converted-space\">\u00a0\u00a0<\/span>Assadurian,<span class=\"Apple-converted-space\">\u00a0\u00a0<\/span>Ciro<span class=\"Apple-converted-space\">\u00a0\u00a0<\/span>Cardoso,<span class=\"Apple-converted-space\">\u00a0\u00a0<\/span>Sergi\u00f3<span class=\"Apple-converted-space\">\u00a0\u00a0<\/span>Bag\u00fa<span class=\"Apple-converted-space\">\u00a0\u00a0<\/span>y<span class=\"Apple-converted-space\">\u00a0\u00a0<\/span>otros.<span class=\"Apple-converted-space\">\u00a0\u00a0<\/span>Al<span class=\"Apple-converted-space\">\u00a0\u00a0<\/span>hablar<span class=\"Apple-converted-space\">\u00a0\u00a0<\/span>de<span class=\"Apple-converted-space\">\u00a0\u00a0<\/span>una<span class=\"Apple-converted-space\">\u00a0\u00a0<\/span>clase constituida<span class=\"Apple-converted-space\">\u00a0\u00a0<\/span>como<span class=\"Apple-converted-space\">\u00a0\u00a0<\/span>nacionalidad<span class=\"Apple-converted-space\">\u00a0\u00a0<\/span>dominante<span class=\"Apple-converted-space\">\u00a0\u00a0<\/span>y<span class=\"Apple-converted-space\">\u00a0\u00a0<\/span>de<span class=\"Apple-converted-space\">\u00a0\u00a0<\/span>etnias<span class=\"Apple-converted-space\">\u00a0\u00a0<\/span>minoritarias,<span class=\"Apple-converted-space\">\u00a0\u00a0<\/span>est\u00e1<span class=\"Apple-converted-space\">\u00a0\u00a0<\/span>pensando<span class=\"Apple-converted-space\">\u00a0\u00a0<\/span>en<span class=\"Apple-converted-space\">\u00a0\u00a0<\/span>M\u00e9xico<span class=\"Apple-converted-space\">\u00a0\u00a0<\/span>y Chiapas, y este pa\u00eds es visto como una entidad globalizada y no como pa\u00eds recolonizado. Si M\u00e9xico fuese<span class=\"Apple-converted-space\">\u00a0\u00a0<\/span>visto<span class=\"Apple-converted-space\">\u00a0\u00a0<\/span>como<span class=\"Apple-converted-space\">\u00a0\u00a0<\/span>pa\u00eds<span class=\"Apple-converted-space\">\u00a0\u00a0<\/span>de<span class=\"Apple-converted-space\">\u00a0\u00a0<\/span>mayor\u00eda<span class=\"Apple-converted-space\">\u00a0\u00a0<\/span>ind\u00edgena<span class=\"Apple-converted-space\">\u00a0\u00a0<\/span>recolonizado,<span class=\"Apple-converted-space\">\u00a0\u00a0<\/span>donde<span class=\"Apple-converted-space\">\u00a0\u00a0<\/span>unas<span class=\"Apple-converted-space\">\u00a0\u00a0<\/span>minor\u00edas<span class=\"Apple-converted-space\">\u00a0\u00a0<\/span>de<span class=\"Apple-converted-space\">\u00a0\u00a0<\/span>origen<span class=\"Apple-converted-space\">\u00a0\u00a0<\/span>criollo est\u00e1n al mando, estar\u00eda reconociendo que la autodeterminaci\u00f3n de una sociedad configurada como un mosaico \u00e9tnico ind\u00edgena es necesaria. Pero tambi\u00e9n cae en el error de considerar la hegemon\u00eda como una imposici\u00f3n permanente, y no es as\u00ed: al inicio s\u00ed lo es, recurriendo a la deshumanizaci\u00f3n y genocidio de los pueblos originarios, pero luego ser\u00e1 una larga construcci\u00f3n compartida y, por ello justamente, hegem\u00f3nica .No<span class=\"Apple-converted-space\">\u00a0\u00a0<\/span>es<span class=\"Apple-converted-space\">\u00a0\u00a0<\/span>cierto<span class=\"Apple-converted-space\">\u00a0\u00a0<\/span>que<span class=\"Apple-converted-space\">\u00a0\u00a0<\/span>el<span class=\"Apple-converted-space\">\u00a0\u00a0<\/span>Estado<span class=\"Apple-converted-space\">\u00a0\u00a0<\/span>ejerce<span class=\"Apple-converted-space\">\u00a0\u00a0<\/span>su<span class=\"Apple-converted-space\">\u00a0\u00a0<\/span>soberan\u00eda,<span class=\"Apple-converted-space\">\u00a0\u00a0<\/span>ni<span class=\"Apple-converted-space\">\u00a0\u00a0<\/span>tampoco<span class=\"Apple-converted-space\">\u00a0\u00a0<\/span>que<span class=\"Apple-converted-space\">\u00a0\u00a0<\/span>sea<span class=\"Apple-converted-space\">\u00a0\u00a0<\/span>integrador<span class=\"Apple-converted-space\">\u00a0\u00a0<\/span>de<span class=\"Apple-converted-space\">\u00a0\u00a0<\/span>la\u00a0<span class=\"s1\">nacionalidad<span class=\"Apple-converted-space\">\u00a0\u00a0<\/span>mayoritaria:<span class=\"Apple-converted-space\">\u00a0\u00a0<\/span>esas<span class=\"Apple-converted-space\">\u00a0\u00a0<\/span>son<span class=\"Apple-converted-space\">\u00a0\u00a0<\/span>apariencias<span class=\"Apple-converted-space\">\u00a0\u00a0<\/span>legitimadas<span class=\"Apple-converted-space\">\u00a0\u00a0<\/span>por<span class=\"Apple-converted-space\">\u00a0\u00a0<\/span>dos<span class=\"Apple-converted-space\">\u00a0\u00a0<\/span>revoluciones.<span class=\"Apple-converted-space\">\u00a0\u00a0<\/span>La<span class=\"Apple-converted-space\">\u00a0\u00a0<\/span>construcci\u00f3n<\/span><span class=\"s5\">\u00a0<\/span><span class=\"s1\">estatal,<span class=\"Apple-converted-space\">\u00a0\u00a0<\/span>con<span class=\"Apple-converted-space\">\u00a0\u00a0<\/span>sus<span class=\"Apple-converted-space\">\u00a0\u00a0<\/span>diversos<span class=\"Apple-converted-space\">\u00a0\u00a0<\/span>aparatos<span class=\"Apple-converted-space\">\u00a0\u00a0<\/span>coercitivos<a id=\"fnlink12\"><\/a><a href=\"#fn12\"><span class=\"s8\"><sup>[12]<\/sup><\/span><\/a><\/span><span class=\"s9\">1<\/span><span class=\"s1\">se<span class=\"Apple-converted-space\">\u00a0\u00a0<\/span>deriva<span class=\"Apple-converted-space\">\u00a0\u00a0<\/span>de<span class=\"Apple-converted-space\">\u00a0\u00a0<\/span>las<span class=\"Apple-converted-space\">\u00a0\u00a0<\/span>necesidades<span class=\"Apple-converted-space\">\u00a0\u00a0<\/span>de<span class=\"Apple-converted-space\">\u00a0\u00a0<\/span>despojo<span class=\"Apple-converted-space\">\u00a0\u00a0<\/span>y<\/span><\/p>\n<p class=\"p28\">obediencia, secundadas por formas jur\u00eddicas, administrativas y de monopolio de la violencia, para constituir<span class=\"Apple-converted-space\">\u00a0\u00a0<\/span>el<span class=\"Apple-converted-space\">\u00a0\u00a0<\/span>orden<span class=\"Apple-converted-space\">\u00a0\u00a0<\/span>que<span class=\"Apple-converted-space\">\u00a0\u00a0<\/span>requiere<span class=\"Apple-converted-space\">\u00a0\u00a0<\/span>la<span class=\"Apple-converted-space\">\u00a0\u00a0<\/span>disposici\u00f3n<span class=\"Apple-converted-space\">\u00a0\u00a0<\/span>colonial<span class=\"Apple-converted-space\">\u00a0\u00a0<\/span>para<span class=\"Apple-converted-space\">\u00a0\u00a0<\/span>su<span class=\"Apple-converted-space\">\u00a0\u00a0<\/span>sobrevivencia<span class=\"Apple-converted-space\">\u00a0\u00a0<\/span>y<span class=\"Apple-converted-space\">\u00a0\u00a0<\/span>reproducci\u00f3n.<span class=\"Apple-converted-space\">\u00a0\u00a0<\/span>En este<span class=\"Apple-converted-space\">\u00a0\u00a0<\/span>sentido,<span class=\"Apple-converted-space\">\u00a0\u00a0<\/span>la<span class=\"Apple-converted-space\">\u00a0\u00a0<\/span>naci\u00f3n,<span class=\"Apple-converted-space\">\u00a0\u00a0<\/span>el<span class=\"Apple-converted-space\">\u00a0\u00a0<\/span>capitalismo<span class=\"Apple-converted-space\">\u00a0\u00a0<\/span>y<span class=\"Apple-converted-space\">\u00a0\u00a0<\/span>el<span class=\"Apple-converted-space\">\u00a0\u00a0<\/span>liberalismo,<span class=\"Apple-converted-space\">\u00a0\u00a0<\/span>son<span class=\"Apple-converted-space\">\u00a0\u00a0<\/span>ficciones<span class=\"Apple-converted-space\">\u00a0\u00a0<\/span>ideol\u00f3gicas<span class=\"Apple-converted-space\">\u00a0\u00a0<\/span>que<span class=\"Apple-converted-space\">\u00a0\u00a0<\/span>dotan<span class=\"Apple-converted-space\">\u00a0\u00a0<\/span>de identidad<span class=\"Apple-converted-space\">\u00a0\u00a0<\/span>al<span class=\"Apple-converted-space\">\u00a0\u00a0<\/span>Estado<span class=\"Apple-converted-space\">\u00a0\u00a0<\/span>a<span class=\"Apple-converted-space\">\u00a0\u00a0<\/span>trav\u00e9s<span class=\"Apple-converted-space\">\u00a0\u00a0<\/span>de<span class=\"Apple-converted-space\">\u00a0\u00a0<\/span>patrones<span class=\"Apple-converted-space\">\u00a0\u00a0<\/span>culturales<span class=\"Apple-converted-space\">\u00a0\u00a0<\/span>provenientes<span class=\"Apple-converted-space\">\u00a0\u00a0<\/span>de<span class=\"Apple-converted-space\">\u00a0\u00a0<\/span>la<span class=\"Apple-converted-space\">\u00a0\u00a0<\/span>clase-etnia<span class=\"Apple-converted-space\">\u00a0\u00a0<\/span>dominante.<span class=\"Apple-converted-space\">\u00a0\u00a0<\/span>La historia\u00a0<span class=\"Apple-converted-space\">\u00a0\u00a0<\/span>oficial,\u00a0<span class=\"Apple-converted-space\">\u00a0\u00a0<\/span>las\u00a0<span class=\"Apple-converted-space\">\u00a0\u00a0<\/span>instituciones\u00a0<span class=\"Apple-converted-space\">\u00a0\u00a0<\/span>educativas\u00a0<span class=\"Apple-converted-space\">\u00a0\u00a0<\/span>y\u00a0<span class=\"Apple-converted-space\">\u00a0\u00a0<\/span>hasta\u00a0<span class=\"Apple-converted-space\">\u00a0\u00a0<\/span>los\u00a0<span class=\"Apple-converted-space\">\u00a0\u00a0<\/span>mitos\u00a0<span class=\"Apple-converted-space\">\u00a0\u00a0<\/span>fundacionales,\u00a0<span class=\"Apple-converted-space\">\u00a0\u00a0<\/span>los\u00a0<span class=\"Apple-converted-space\">\u00a0\u00a0<\/span>emblemas religiosos,<span class=\"Apple-converted-space\">\u00a0\u00a0<\/span>la<span class=\"Apple-converted-space\">\u00a0\u00a0<\/span>lengua<span class=\"Apple-converted-space\">\u00a0\u00a0<\/span>dominante,<span class=\"Apple-converted-space\">\u00a0\u00a0<\/span>las<span class=\"Apple-converted-space\">\u00a0\u00a0<\/span>fronteras<span class=\"Apple-converted-space\">\u00a0\u00a0<\/span>pol\u00edticas<span class=\"Apple-converted-space\">\u00a0\u00a0<\/span>provenientes<span class=\"Apple-converted-space\">\u00a0\u00a0<\/span>de<span class=\"Apple-converted-space\">\u00a0\u00a0<\/span>guerras<span class=\"Apple-converted-space\">\u00a0\u00a0<\/span>y<span class=\"Apple-converted-space\">\u00a0\u00a0<\/span>despojos,<span class=\"Apple-converted-space\">\u00a0\u00a0<\/span>los denominados<span class=\"Apple-converted-space\">\u00a0\u00a0<\/span>s\u00edmbolos<span class=\"Apple-converted-space\">\u00a0\u00a0<\/span>patrios,<span class=\"Apple-converted-space\">\u00a0\u00a0<\/span>recogen<span class=\"Apple-converted-space\">\u00a0\u00a0<\/span>los<span class=\"Apple-converted-space\">\u00a0\u00a0<\/span>contenidos<span class=\"Apple-converted-space\">\u00a0\u00a0<\/span>de<span class=\"Apple-converted-space\">\u00a0\u00a0<\/span>la<span class=\"Apple-converted-space\">\u00a0\u00a0<\/span>cultura<span class=\"Apple-converted-space\">\u00a0\u00a0<\/span>y<span class=\"Apple-converted-space\">\u00a0\u00a0<\/span>la<span class=\"Apple-converted-space\">\u00a0\u00a0<\/span>identidad<span class=\"Apple-converted-space\">\u00a0\u00a0<\/span>de<span class=\"Apple-converted-space\">\u00a0\u00a0<\/span>quienes dominan, pero lo hacen sobre una base cultural derruida, aunque en resistencia permanente.<\/p>\n<p class=\"p19\">El sistema hegem\u00f3nico, estructurado por las pr\u00e1cticas de las clases dominantes -que incluye aliados internos-, no es est\u00e1tico, sino tendencial y contradictorio; entre otras razones, porque para constituirse debe movilizar a los grupos subalternos y opuestos a esa dominaci\u00f3n. Involucra siempre una disputa por un campo com\u00fan: el campo de lo nacional. Con la advertencia de que las etnias no son\u00a0<span class=\"Apple-converted-space\">\u00a0\u00a0<\/span>producto\u00a0<span class=\"Apple-converted-space\">\u00a0\u00a0<\/span>de\u00a0<span class=\"Apple-converted-space\">\u00a0\u00a0<\/span>una\u00a0<span class=\"Apple-converted-space\">\u00a0\u00a0<\/span>continuidad\u00a0<span class=\"Apple-converted-space\">\u00a0\u00a0<\/span>milenaria,\u00a0<span class=\"Apple-converted-space\">\u00a0\u00a0<\/span>sino\u00a0<span class=\"Apple-converted-space\">\u00a0\u00a0<\/span>de\u00a0<span class=\"Apple-converted-space\">\u00a0\u00a0<\/span>las\u00a0<span class=\"Apple-converted-space\">\u00a0\u00a0<\/span>m\u00faltiples\u00a0<span class=\"Apple-converted-space\">\u00a0\u00a0<\/span>adaptaciones\u00a0<span class=\"Apple-converted-space\">\u00a0\u00a0<\/span>y refuncionalizaciones a la cambiante realidad colonial, incluyendo los procesos nacionalitarios. Los pueblos ind\u00edgenas resisten a un\u00a0<i>proyecto confederativo hegem\u00f3nico,\u00a0<\/i>que solo puede ser confrontado exitosamente v\u00eda un\u00a0<i>proyecto nacional contrahegem\u00f3nico alternativo<\/i>, emancip\u00e0torio. La soluci\u00f3n de la problem\u00e1tica \u00e9tnica implica la acci\u00f3n pol\u00edtica de los ind\u00edgenas como sujetos hist\u00f3ricos, como\u00a0<span class=\"s1\">protagonistas pol\u00edticos y constructores de su propio futuro, en conjunci\u00f3n con las luchas de otros<\/span>\u00a0sectores<span class=\"Apple-converted-space\">\u00a0\u00a0<\/span>explotados.<span class=\"Apple-converted-space\">\u00a0\u00a0<\/span>Las<span class=\"Apple-converted-space\">\u00a0\u00a0<\/span>etnias<span class=\"Apple-converted-space\">\u00a0\u00a0<\/span>son,<span class=\"Apple-converted-space\">\u00a0\u00a0<\/span>desde<span class=\"Apple-converted-space\">\u00a0\u00a0<\/span>el<span class=\"Apple-converted-space\">\u00a0\u00a0<\/span>punto<span class=\"Apple-converted-space\">\u00a0\u00a0<\/span>de<span class=\"Apple-converted-space\">\u00a0\u00a0<\/span>vista<span class=\"Apple-converted-space\">\u00a0\u00a0<\/span>de<span class=\"Apple-converted-space\">\u00a0\u00a0<\/span>su<span class=\"Apple-converted-space\">\u00a0\u00a0<\/span>aparici\u00f3n<span class=\"Apple-converted-space\">\u00a0\u00a0<\/span>hist\u00f3rica<span class=\"Apple-converted-space\">\u00a0\u00a0<\/span>en<span class=\"Apple-converted-space\">\u00a0\u00a0<\/span>las formaciones sociales, previas a la aparici\u00f3n de las naciones. Por ello, lo \u00e9tnico se presenta como contrapuesto<span class=\"Apple-converted-space\">\u00a0\u00a0<\/span>a<span class=\"Apple-converted-space\">\u00a0\u00a0<\/span>lo<span class=\"Apple-converted-space\">\u00a0\u00a0<\/span>nacional<b>.<span class=\"Apple-converted-space\">\u00a0\u00a0<\/span><\/b>Sin<span class=\"Apple-converted-space\">\u00a0\u00a0<\/span>embargo,<span class=\"Apple-converted-space\">\u00a0\u00a0<\/span>las<span class=\"Apple-converted-space\">\u00a0\u00a0<\/span>nacionalidades<span class=\"Apple-converted-space\">\u00a0\u00a0<\/span>constituyen<span class=\"Apple-converted-space\">\u00a0\u00a0<\/span>unidades<span class=\"Apple-converted-space\">\u00a0\u00a0<\/span>socioculturales m\u00e1s grandes y con capacidad de disputa, a pesar de que est\u00e1n org\u00e1nicamente debilitadas y dispersas en la totalidad del territorio \u201cnacional\u201d, y fuertemente diferenciadas en sus estructuras clasistas.<\/p>\n<p class=\"p19\">Aqu\u00ed coinciden Quijano y L\u00f3pez y Rivas, en que el capitalismo y el Estado-naci\u00f3n son los ejes del actual patr\u00f3n de poder que se manifiesta globalmente desde sus comienzos, aunque no de modo<span class=\"Apple-converted-space\">\u00a0\u00a0<\/span>hist\u00f3rico<span class=\"Apple-converted-space\">\u00a0\u00a0<\/span>homog\u00e9neo.<span class=\"Apple-converted-space\">\u00a0\u00a0<\/span>Por<span class=\"Apple-converted-space\">\u00a0\u00a0<\/span>el<span class=\"Apple-converted-space\">\u00a0\u00a0<\/span>contrario,<span class=\"Apple-converted-space\">\u00a0\u00a0<\/span>debido<span class=\"Apple-converted-space\">\u00a0\u00a0<\/span>a<span class=\"Apple-converted-space\">\u00a0\u00a0<\/span>su<span class=\"Apple-converted-space\">\u00a0\u00a0<\/span>propio<span class=\"Apple-converted-space\">\u00a0\u00a0<\/span>car\u00e1cter,<span class=\"Apple-converted-space\">\u00a0\u00a0<\/span>el<span class=\"Apple-converted-space\">\u00a0\u00a0<\/span>capitalismo<span class=\"Apple-converted-space\">\u00a0\u00a0<\/span>articula diferentes formas de explotaci\u00f3n en m\u00faltiples contextos hist\u00f3rico y estructuralmente heterog\u00e9neos, configurando con todos ellos un \u00fanico orden mundial capitalista. Se impone sobre los dominados un espejo distorsionante que les obligar\u00e1, en adelante, a verse con los ojos del dominador: bloqueando y<span class=\"Apple-converted-space\">\u00a0\u00a0<\/span>encubriendo<span class=\"Apple-converted-space\">\u00a0\u00a0<\/span>la<span class=\"Apple-converted-space\">\u00a0\u00a0<\/span>perspectiva<span class=\"Apple-converted-space\">\u00a0\u00a0<\/span>hist\u00f3rica<span class=\"Apple-converted-space\">\u00a0\u00a0<\/span>y<span class=\"Apple-converted-space\">\u00a0\u00a0<\/span>cultural<span class=\"Apple-converted-space\">\u00a0\u00a0<\/span>aut\u00f3noma<span class=\"Apple-converted-space\">\u00a0\u00a0<\/span>de<span class=\"Apple-converted-space\">\u00a0\u00a0<\/span>los<span class=\"Apple-converted-space\">\u00a0\u00a0<\/span>dominados<span class=\"Apple-converted-space\">\u00a0\u00a0<\/span>bajo<span class=\"Apple-converted-space\">\u00a0\u00a0<\/span>el<span class=\"Apple-converted-space\">\u00a0\u00a0<\/span>patr\u00f3n<span class=\"Apple-converted-space\">\u00a0\u00a0<\/span>de\u00a0<span class=\"s1\">poder.<\/span><\/p>\n<p class=\"p24\">De esta manera, al hablar Quijano de colonialidad, esquematiza\u00a0<span class=\"Apple-converted-space\">\u00a0\u00a0<\/span>el patr\u00f3n de poder global del<span class=\"Apple-converted-space\">\u00a0\u00a0<\/span>sistema-mundo<span class=\"Apple-converted-space\">\u00a0\u00a0<\/span>moderno\/capitalista,<span class=\"Apple-converted-space\">\u00a0\u00a0<\/span>y<span class=\"Apple-converted-space\">\u00a0\u00a0<\/span>pierde<span class=\"Apple-converted-space\">\u00a0\u00a0<\/span>riqueza<span class=\"Apple-converted-space\">\u00a0\u00a0<\/span>hist\u00f3rica<span class=\"Apple-converted-space\">\u00a0\u00a0<\/span>y<span class=\"Apple-converted-space\">\u00a0\u00a0<\/span>conceptual,<span class=\"Apple-converted-space\">\u00a0\u00a0<\/span>el<span class=\"Apple-converted-space\">\u00a0\u00a0<\/span>dominio anglosaj\u00f3n\u00a0<span class=\"Apple-converted-space\">\u00a0\u00a0<\/span>imperial\u00a0<span class=\"Apple-converted-space\">\u00a0\u00a0<\/span>ingl\u00e9s\u00a0<span class=\"Apple-converted-space\">\u00a0\u00a0<\/span>del\u00a0<span class=\"Apple-converted-space\">\u00a0\u00a0<\/span>siglo\u00a0<span class=\"Apple-converted-space\">\u00a0\u00a0<\/span>XIX,\u00a0<span class=\"Apple-converted-space\">\u00a0\u00a0<\/span>y\u00a0<span class=\"Apple-converted-space\">\u00a0\u00a0<\/span>extendido\u00a0<span class=\"Apple-converted-space\">\u00a0\u00a0<\/span>con\u00a0<span class=\"Apple-converted-space\">\u00a0\u00a0<\/span>el\u00a0<span class=\"Apple-converted-space\">\u00a0\u00a0<\/span>dominio\u00a0<span class=\"Apple-converted-space\">\u00a0\u00a0<\/span>del\u00a0<span class=\"Apple-converted-space\">\u00a0\u00a0<\/span>imperialismo norteamericano y, luego, como parte de un imperialismo colectivo (Samir Amin) desde principios del<span class=\"Apple-converted-space\">\u00a0\u00a0<\/span>siglo<span class=\"Apple-converted-space\">\u00a0\u00a0<\/span>XX<span class=\"Apple-converted-space\">\u00a0\u00a0<\/span>hasta<span class=\"Apple-converted-space\">\u00a0\u00a0<\/span>hoy,<span class=\"Apple-converted-space\">\u00a0\u00a0<\/span>mediante<span class=\"Apple-converted-space\">\u00a0\u00a0<\/span>una<span class=\"Apple-converted-space\">\u00a0\u00a0<\/span>larga<span class=\"Apple-converted-space\">\u00a0\u00a0<\/span>lista<span class=\"Apple-converted-space\">\u00a0\u00a0<\/span>de<span class=\"Apple-converted-space\">\u00a0\u00a0<\/span>transformaciones<span class=\"Apple-converted-space\">\u00a0\u00a0<\/span>y<span class=\"Apple-converted-space\">\u00a0\u00a0<\/span>transmutaciones<span class=\"Apple-converted-space\">\u00a0\u00a0<\/span>de<span class=\"Apple-converted-space\">\u00a0\u00a0<\/span>las dimensiones<span class=\"Apple-converted-space\">\u00a0\u00a0<\/span>subjetivas<span class=\"Apple-converted-space\">\u00a0\u00a0<\/span>y<span class=\"Apple-converted-space\">\u00a0\u00a0<\/span>materiales<span class=\"Apple-converted-space\">\u00a0\u00a0<\/span>de<span class=\"Apple-converted-space\">\u00a0\u00a0<\/span>este<span class=\"Apple-converted-space\">\u00a0\u00a0<\/span>patr\u00f3n.<span class=\"Apple-converted-space\">\u00a0\u00a0<\/span>Es<span class=\"Apple-converted-space\">\u00a0\u00a0<\/span>desde<span class=\"Apple-converted-space\">\u00a0\u00a0<\/span>este<span class=\"Apple-converted-space\">\u00a0\u00a0<\/span>modelo,<span class=\"Apple-converted-space\">\u00a0\u00a0<\/span>sin<span class=\"Apple-converted-space\">\u00a0\u00a0<\/span>sujetos<span class=\"Apple-converted-space\">\u00a0\u00a0<\/span>y<span class=\"Apple-converted-space\">\u00a0\u00a0<\/span>sin particularidades, pero con diferentes apariciones y formas hist\u00f3ricas, que es posible hablar de una matriz colonial del poder, y hasta afirmar que, con la independencia latinoamericana, a principios del siglo XIX, se inicia un proceso de descolonizaci\u00f3n, pero no de descolonialidad. Es decir, los nuevos estados-naciones quedan articulados bajo el manto de la diferencia colonial y el control del trabajo<span class=\"Apple-converted-space\">\u00a0\u00a0<\/span>por<span class=\"Apple-converted-space\">\u00a0\u00a0<\/span>medio<span class=\"Apple-converted-space\">\u00a0\u00a0<\/span>del<span class=\"Apple-converted-space\">\u00a0\u00a0<\/span>capitalismo.<span class=\"Apple-converted-space\">\u00a0\u00a0<\/span>\u00bfCon<span class=\"Apple-converted-space\">\u00a0\u00a0<\/span>esto<span class=\"Apple-converted-space\">\u00a0\u00a0<\/span>nos<span class=\"Apple-converted-space\">\u00a0\u00a0<\/span>est\u00e1<span class=\"Apple-converted-space\">\u00a0\u00a0<\/span>diciendo<span class=\"Apple-converted-space\">\u00a0\u00a0<\/span>que<span class=\"Apple-converted-space\">\u00a0\u00a0<\/span>el<span class=\"Apple-converted-space\">\u00a0\u00a0<\/span>capitalismo<span class=\"Apple-converted-space\">\u00a0\u00a0<\/span>ingl\u00e9s<span class=\"Apple-converted-space\">\u00a0\u00a0<\/span>y norteamericano<span class=\"Apple-converted-space\">\u00a0\u00a0<\/span>no<span class=\"Apple-converted-space\">\u00a0\u00a0<\/span>fueron<span class=\"Apple-converted-space\">\u00a0\u00a0<\/span>imperios<span class=\"Apple-converted-space\">\u00a0\u00a0<\/span>coloniales<span class=\"Apple-converted-space\">\u00a0\u00a0<\/span>o<span class=\"Apple-converted-space\">\u00a0\u00a0<\/span>no<span class=\"Apple-converted-space\">\u00a0\u00a0<\/span>ejercieron<span class=\"Apple-converted-space\">\u00a0\u00a0<\/span>un<span class=\"Apple-converted-space\">\u00a0\u00a0<\/span>dominio<span class=\"Apple-converted-space\">\u00a0\u00a0<\/span>colonial<span class=\"Apple-converted-space\">\u00a0\u00a0<\/span>sino<span class=\"Apple-converted-space\">\u00a0\u00a0<\/span>como resabio subjetivo inscrito en la colonialidad?<\/p>\n<p class=\"p29\">Su<span class=\"Apple-converted-space\">\u00a0\u00a0<\/span>ambici\u00f3n<span class=\"Apple-converted-space\">\u00a0\u00a0<\/span>por<span class=\"Apple-converted-space\">\u00a0\u00a0<\/span>abarcar<span class=\"Apple-converted-space\">\u00a0\u00a0<\/span>el<span class=\"Apple-converted-space\">\u00a0\u00a0<\/span>mundo<span class=\"Apple-converted-space\">\u00a0\u00a0<\/span>y<span class=\"Apple-converted-space\">\u00a0\u00a0<\/span>establecer<span class=\"Apple-converted-space\">\u00a0\u00a0<\/span>una<span class=\"Apple-converted-space\">\u00a0\u00a0<\/span>relaci\u00f3n<span class=\"Apple-converted-space\">\u00a0\u00a0<\/span>universal,<span class=\"Apple-converted-space\">\u00a0\u00a0<\/span>lo<span class=\"Apple-converted-space\">\u00a0\u00a0<\/span>conduce<span class=\"Apple-converted-space\">\u00a0\u00a0<\/span>a generalizar<span class=\"Apple-converted-space\">\u00a0\u00a0<\/span>y<span class=\"Apple-converted-space\">\u00a0\u00a0<\/span>uniformizar<span class=\"Apple-converted-space\">\u00a0\u00a0<\/span>lo<span class=\"Apple-converted-space\">\u00a0\u00a0<\/span>tremendamente<span class=\"Apple-converted-space\">\u00a0\u00a0<\/span>diverso,<span class=\"Apple-converted-space\">\u00a0\u00a0<\/span>la<span class=\"Apple-converted-space\">\u00a0\u00a0<\/span>formaci\u00f3n<span class=\"Apple-converted-space\">\u00a0\u00a0<\/span>de<span class=\"Apple-converted-space\">\u00a0\u00a0<\/span>los<span class=\"Apple-converted-space\">\u00a0\u00a0<\/span>nacientes<span class=\"Apple-converted-space\">\u00a0\u00a0<\/span>Estados latinoamericanos con econom\u00edas y Estados capitalistas (aunque reconoce que tal proceso se da con mayor<span class=\"Apple-converted-space\">\u00a0\u00a0<\/span>lentitud<span class=\"Apple-converted-space\">\u00a0\u00a0<\/span>en<span class=\"Apple-converted-space\">\u00a0\u00a0<\/span>ciertos<span class=\"Apple-converted-space\">\u00a0\u00a0<\/span>espacios,<span class=\"Apple-converted-space\">\u00a0\u00a0<\/span>pero<span class=\"Apple-converted-space\">\u00a0\u00a0<\/span>que<span class=\"Apple-converted-space\">\u00a0\u00a0<\/span>finalmente<span class=\"Apple-converted-space\">\u00a0\u00a0<\/span>se<span class=\"Apple-converted-space\">\u00a0\u00a0<\/span>generaliza<span class=\"Apple-converted-space\">\u00a0\u00a0<\/span>la<span class=\"Apple-converted-space\">\u00a0\u00a0<\/span>econom\u00eda<span class=\"Apple-converted-space\">\u00a0\u00a0<\/span>y<span class=\"Apple-converted-space\">\u00a0\u00a0<\/span>el<span class=\"Apple-converted-space\">\u00a0\u00a0<\/span>Estado capitalista).<span class=\"Apple-converted-space\">\u00a0\u00a0<\/span>En<span class=\"Apple-converted-space\">\u00a0\u00a0<\/span>el<span class=\"Apple-converted-space\">\u00a0\u00a0<\/span>caso<span class=\"Apple-converted-space\">\u00a0\u00a0<\/span>de Am\u00e9rica<span class=\"Apple-converted-space\">\u00a0\u00a0<\/span>Latina,<span class=\"Apple-converted-space\">\u00a0\u00a0<\/span>la<span class=\"Apple-converted-space\">\u00a0\u00a0<\/span>formaci\u00f3n<span class=\"Apple-converted-space\">\u00a0\u00a0<\/span>de<span class=\"Apple-converted-space\">\u00a0\u00a0<\/span>los<span class=\"Apple-converted-space\">\u00a0\u00a0<\/span>Estados-Naci\u00f3n<span class=\"Apple-converted-space\">\u00a0\u00a0<\/span>y<span class=\"Apple-converted-space\">\u00a0\u00a0<\/span>las<span class=\"Apple-converted-space\">\u00a0\u00a0<\/span>identidades nacionales son relaciones que se construyen desde fuera y desde arriba, se imponen los saberes y una cultura de car\u00e1cter colonial, sobre la base del modelo de clasificaci\u00f3n racial e imitaci\u00f3n de los modelos<span class=\"Apple-converted-space\">\u00a0\u00a0<\/span>culturales<span class=\"Apple-converted-space\">\u00a0\u00a0<\/span>europeos.<span class=\"Apple-converted-space\">\u00a0\u00a0<\/span>De<span class=\"Apple-converted-space\">\u00a0\u00a0<\/span>acuerdo<span class=\"Apple-converted-space\">\u00a0\u00a0<\/span>con<span class=\"Apple-converted-space\">\u00a0\u00a0<\/span>Quijano,<span class=\"Apple-converted-space\">\u00a0\u00a0<\/span>la<span class=\"Apple-converted-space\">\u00a0\u00a0<\/span>idea<span class=\"Apple-converted-space\">\u00a0\u00a0<\/span>de<span class=\"Apple-converted-space\">\u00a0\u00a0<\/span>raza<span class=\"Apple-converted-space\">\u00a0\u00a0<\/span>se<span class=\"Apple-converted-space\">\u00a0\u00a0<\/span>impone<span class=\"Apple-converted-space\">\u00a0\u00a0<\/span>respecto<span class=\"Apple-converted-space\">\u00a0\u00a0<\/span>a<span class=\"Apple-converted-space\">\u00a0\u00a0<\/span>una supuesta<span class=\"Apple-converted-space\">\u00a0\u00a0<\/span>inferioridad<span class=\"Apple-converted-space\">\u00a0\u00a0<\/span>biol\u00f3gica<span class=\"Apple-converted-space\">\u00a0\u00a0<\/span>y<span class=\"Apple-converted-space\">\u00a0\u00a0<\/span>cultural,<span class=\"Apple-converted-space\">\u00a0\u00a0<\/span>que<span class=\"Apple-converted-space\">\u00a0\u00a0<\/span>impregna<span class=\"Apple-converted-space\">\u00a0\u00a0<\/span>todos<span class=\"Apple-converted-space\">\u00a0\u00a0<\/span>y<span class=\"Apple-converted-space\">\u00a0\u00a0<\/span>cada<span class=\"Apple-converted-space\">\u00a0\u00a0<\/span>uno<span class=\"Apple-converted-space\">\u00a0\u00a0<\/span>de<span class=\"Apple-converted-space\">\u00a0\u00a0<\/span>los<span class=\"Apple-converted-space\">\u00a0\u00a0<\/span>\u00e1mbitos<span class=\"Apple-converted-space\">\u00a0\u00a0<\/span>de existencia<span class=\"Apple-converted-space\">\u00a0\u00a0<\/span>social<span class=\"Apple-converted-space\">\u00a0\u00a0<\/span>y<span class=\"Apple-converted-space\">\u00a0\u00a0<\/span>constituyen,<span class=\"Apple-converted-space\">\u00a0\u00a0<\/span>para<span class=\"Apple-converted-space\">\u00a0\u00a0<\/span>\u00e9l,<span class=\"Apple-converted-space\">\u00a0\u00a0<\/span>la<span class=\"Apple-converted-space\">\u00a0\u00a0<\/span>m\u00e1s<span class=\"Apple-converted-space\">\u00a0\u00a0<\/span>profunda<span class=\"Apple-converted-space\">\u00a0\u00a0<\/span>y<span class=\"Apple-converted-space\">\u00a0\u00a0<\/span>eficaz<span class=\"Apple-converted-space\">\u00a0\u00a0<\/span>forma<span class=\"Apple-converted-space\">\u00a0\u00a0<\/span>de<span class=\"Apple-converted-space\">\u00a0\u00a0<\/span>dominaci\u00f3n<span class=\"Apple-converted-space\">\u00a0\u00a0<\/span>social,material e intersubjetiva, a la que se van agregando otras formas de clasificaci\u00f3n social basadas en las ideas de clase y g\u00e9nero\/sexualidad. Se conforma as\u00ed, todo un complejo cultural, una matriz de ideas, im\u00e1genes, valores, actitudes y pr\u00e1cticas sociales implicadas en todas las relaciones sociales, inclusive cuando las relaciones pol\u00edtico-coloniales, seg\u00fan este autor, ya han sido canceladas.<\/p>\n<p class=\"p19\">El<span class=\"Apple-converted-space\">\u00a0\u00a0<\/span>segundo<span class=\"Apple-converted-space\">\u00a0\u00a0<\/span>eje<span class=\"Apple-converted-space\">\u00a0\u00a0<\/span>de<span class=\"Apple-converted-space\">\u00a0\u00a0<\/span>la<span class=\"Apple-converted-space\">\u00a0\u00a0<\/span>colonialidad,<span class=\"Apple-converted-space\">\u00a0\u00a0<\/span>como<span class=\"Apple-converted-space\">\u00a0\u00a0<\/span>actual<span class=\"Apple-converted-space\">\u00a0\u00a0<\/span>patr\u00f3n<span class=\"Apple-converted-space\">\u00a0\u00a0<\/span>de<span class=\"Apple-converted-space\">\u00a0\u00a0<\/span>poder,<span class=\"Apple-converted-space\">\u00a0\u00a0<\/span>est\u00e1<span class=\"Apple-converted-space\">\u00a0\u00a0<\/span>compuesto<span class=\"Apple-converted-space\">\u00a0\u00a0<\/span>por<span class=\"Apple-converted-space\">\u00a0\u00a0<\/span>un sistema de relaciones sociales que comienza a gestarse paralelamente: un nuevo sistema de control del<span class=\"Apple-converted-space\">\u00a0\u00a0<\/span>trabajo,<span class=\"Apple-converted-space\">\u00a0\u00a0<\/span>que<span class=\"Apple-converted-space\">\u00a0\u00a0<\/span>consiste<span class=\"Apple-converted-space\">\u00a0\u00a0<\/span>en<span class=\"Apple-converted-space\">\u00a0\u00a0<\/span>la<span class=\"Apple-converted-space\">\u00a0\u00a0<\/span>articulaci\u00f3n<span class=\"Apple-converted-space\">\u00a0\u00a0<\/span>de<span class=\"Apple-converted-space\">\u00a0\u00a0<\/span>todas<span class=\"Apple-converted-space\">\u00a0\u00a0<\/span>las<span class=\"Apple-converted-space\">\u00a0\u00a0<\/span>formas<span class=\"Apple-converted-space\">\u00a0\u00a0<\/span>conocidas<span class=\"Apple-converted-space\">\u00a0\u00a0<\/span>de<span class=\"Apple-converted-space\">\u00a0\u00a0<\/span>explotaci\u00f3n<span class=\"Apple-converted-space\">\u00a0\u00a0<\/span>en<span class=\"Apple-converted-space\">\u00a0\u00a0<\/span>una \u00fanica estructura de producci\u00f3n de mercanc\u00edas para el mercado mundial, alrededor de la hegemon\u00eda del<span class=\"Apple-converted-space\">\u00a0\u00a0<\/span>capital:<span class=\"Apple-converted-space\">\u00a0\u00a0<\/span>el<span class=\"Apple-converted-space\">\u00a0\u00a0<\/span>capitalismo<span class=\"Apple-converted-space\">\u00a0\u00a0<\/span>que<span class=\"Apple-converted-space\">\u00a0 \u00a0 \u00a0\u00a0<\/span>desintegra<span class=\"Apple-converted-space\">\u00a0\u00a0<\/span>todas<span class=\"Apple-converted-space\">\u00a0\u00a0<\/span>las<span class=\"Apple-converted-space\">\u00a0\u00a0<\/span>formas<span class=\"Apple-converted-space\">\u00a0\u00a0<\/span>de<span class=\"Apple-converted-space\">\u00a0\u00a0<\/span>explotaci\u00f3n<span class=\"Apple-converted-space\">\u00a0\u00a0<\/span>en<span class=\"Apple-converted-space\">\u00a0\u00a0<\/span>m\u00faltiples<span class=\"Apple-converted-space\">\u00a0\u00a0<\/span>y heterog\u00e9neos<span class=\"Apple-converted-space\">\u00a0\u00a0<\/span>contextos<span class=\"Apple-converted-space\">\u00a0\u00a0<\/span>hist\u00f3ricos<span class=\"Apple-converted-space\">\u00a0\u00a0<\/span>a<span class=\"Apple-converted-space\">\u00a0\u00a0<\/span>nivel<span class=\"Apple-converted-space\">\u00a0\u00a0<\/span>global. Al<span class=\"Apple-converted-space\">\u00a0\u00a0<\/span>otorgarle<span class=\"Apple-converted-space\">\u00a0\u00a0<\/span>un<span class=\"Apple-converted-space\">\u00a0\u00a0<\/span>car\u00e1cter<span class=\"Apple-converted-space\">\u00a0\u00a0<\/span>estructural<span class=\"Apple-converted-space\">\u00a0\u00a0<\/span>y<span class=\"Apple-converted-space\">\u00a0\u00a0<\/span>evolutivo, Quijano pretende haber creado una categor\u00eda universal de uso indispensable para todo \u201ccient\u00edfico social\u201d.<span class=\"Apple-converted-space\">\u00a0\u00a0<\/span>Se<span class=\"Apple-converted-space\">\u00a0\u00a0<\/span>tratar\u00eda<span class=\"Apple-converted-space\">\u00a0\u00a0<\/span>del<span class=\"Apple-converted-space\">\u00a0\u00a0<\/span>capitalismo<span class=\"Apple-converted-space\">\u00a0\u00a0<\/span>globalizado<span class=\"Apple-converted-space\">\u00a0\u00a0<\/span>con<span class=\"Apple-converted-space\">\u00a0\u00a0<\/span>esas<span class=\"Apple-converted-space\">\u00a0\u00a0<\/span>singularidades<span class=\"Apple-converted-space\">\u00a0\u00a0<\/span>racializadas<span class=\"Apple-converted-space\">\u00a0\u00a0<\/span>y<span class=\"Apple-converted-space\">\u00a0\u00a0<\/span>formas precapitalistas al servicio del capital. Sin embargo, como se\u00f1ala Alain Bihr:<\/p>\n<p class=\"p30\"><i>De hecho, la noci\u00f3n de econom\u00eda-mundo propuesta por Braudel corresponde, en el mejor de los casos, al concepto de lo que he llamado un mundo mercantil precapitalista. El error fundamental\u00a0<span class=\"Apple-converted-space\">\u00a0\u00a0<\/span>de\u00a0<span class=\"Apple-converted-space\">\u00a0\u00a0<\/span>Braudel\u00a0<span class=\"Apple-converted-space\">\u00a0\u00a0<\/span>es\u00a0<span class=\"Apple-converted-space\">\u00a0\u00a0<\/span>haber\u00a0<span class=\"Apple-converted-space\">\u00a0\u00a0<\/span>aplicado\u00a0<span class=\"Apple-converted-space\">\u00a0\u00a0<\/span>este\u00a0<span class=\"Apple-converted-space\">\u00a0\u00a0<\/span>concepto\u00a0<span class=\"Apple-converted-space\">\u00a0\u00a0<\/span>al\u00a0<span class=\"Apple-converted-space\">\u00a0\u00a0<\/span>an\u00e1lisis\u00a0<span class=\"Apple-converted-space\">\u00a0\u00a0<\/span>del\u00a0<span class=\"Apple-converted-space\">\u00a0\u00a0<\/span>mundo protocapitalista, muy diferente. Error que remite a la reducci\u00f3n del capital a s\u00f3lo el capital mercantil,<span class=\"Apple-converted-space\">\u00a0\u00a0<\/span>como<span class=\"Apple-converted-space\">\u00a0\u00a0<\/span>hace<span class=\"Apple-converted-space\">\u00a0\u00a0<\/span>Braudel,<span class=\"Apple-converted-space\">\u00a0\u00a0<\/span>que<span class=\"Apple-converted-space\">\u00a0\u00a0<\/span>no<span class=\"Apple-converted-space\">\u00a0\u00a0<\/span>le<span class=\"Apple-converted-space\">\u00a0\u00a0<\/span>permite<span class=\"Apple-converted-space\">\u00a0\u00a0<\/span>comprender<span class=\"Apple-converted-space\">\u00a0\u00a0<\/span>la<span class=\"Apple-converted-space\">\u00a0\u00a0<\/span>especificidad<span class=\"Apple-converted-space\">\u00a0\u00a0<\/span>de<span class=\"Apple-converted-space\">\u00a0\u00a0<\/span>los problemas<span class=\"Apple-converted-space\">\u00a0\u00a0<\/span>que<span class=\"Apple-converted-space\">\u00a0\u00a0<\/span>plantea<span class=\"Apple-converted-space\">\u00a0\u00a0<\/span>la<span class=\"Apple-converted-space\">\u00a0\u00a0<\/span>transici\u00f3n<span class=\"Apple-converted-space\">\u00a0\u00a0<\/span>del<span class=\"Apple-converted-space\">\u00a0\u00a0<\/span>predominio<span class=\"Apple-converted-space\">\u00a0\u00a0<\/span>del<span class=\"Apple-converted-space\">\u00a0\u00a0<\/span>capital<span class=\"Apple-converted-space\">\u00a0\u00a0<\/span>mercantil<span class=\"Apple-converted-space\">\u00a0\u00a0<\/span>al<span class=\"Apple-converted-space\">\u00a0\u00a0<\/span>del<span class=\"Apple-converted-space\">\u00a0\u00a0<\/span>capital industrial.<span class=\"Apple-converted-space\">\u00a0\u00a0<\/span>Donde<span class=\"Apple-converted-space\">\u00a0\u00a0<\/span>se<span class=\"Apple-converted-space\">\u00a0\u00a0<\/span>vuelve<span class=\"Apple-converted-space\">\u00a0\u00a0<\/span>a<span class=\"Apple-converted-space\">\u00a0\u00a0<\/span>encontrar<span class=\"Apple-converted-space\">\u00a0\u00a0<\/span>una<span class=\"Apple-converted-space\">\u00a0\u00a0<\/span>vez<span class=\"Apple-converted-space\">\u00a0\u00a0<\/span>m\u00e1s<span class=\"Apple-converted-space\">\u00a0\u00a0<\/span>el<span class=\"Apple-converted-space\">\u00a0\u00a0<\/span>desconocimiento<span class=\"Apple-converted-space\">\u00a0\u00a0<\/span>(de<span class=\"Apple-converted-space\">\u00a0\u00a0<\/span>hecho,<span class=\"Apple-converted-space\">\u00a0\u00a0<\/span>la incomprensi\u00f3n)\u00a0<span class=\"Apple-converted-space\">\u00a0\u00a0<\/span>de\u00a0<span class=\"Apple-converted-space\">\u00a0\u00a0<\/span>Braudel\u00a0<span class=\"Apple-converted-space\">\u00a0\u00a0<\/span>de\u00a0<span class=\"Apple-converted-space\">\u00a0\u00a0<\/span>las\u00a0<span class=\"Apple-converted-space\">\u00a0\u00a0<\/span>especificidades\u00a0<span class=\"Apple-converted-space\">\u00a0\u00a0<\/span>de\u00a0<span class=\"Apple-converted-space\">\u00a0\u00a0<\/span>la\u00a0<span class=\"Apple-converted-space\">\u00a0\u00a0<\/span>relaci\u00f3n\u00a0<span class=\"Apple-converted-space\">\u00a0\u00a0<\/span>capitalista\u00a0<span class=\"Apple-converted-space\">\u00a0\u00a0<\/span>de prod<a id=\"fnlink13\"><\/a><\/i><a href=\"#fn13\"><sup>[13]<\/sup><\/a><i>ucci\u00f3n.<\/i><\/p>\n<p class=\"p19\">Al<span class=\"Apple-converted-space\">\u00a0\u00a0<\/span>luchador<span class=\"Apple-converted-space\">\u00a0\u00a0<\/span>Quijano,<span class=\"Apple-converted-space\">\u00a0\u00a0<\/span>deportado<span class=\"Apple-converted-space\">\u00a0\u00a0<\/span>en<span class=\"Apple-converted-space\">\u00a0\u00a0<\/span>1974<span class=\"Apple-converted-space\">\u00a0\u00a0<\/span>por<span class=\"Apple-converted-space\">\u00a0\u00a0<\/span>defender<span class=\"Apple-converted-space\">\u00a0\u00a0<\/span>el<span class=\"Apple-converted-space\">\u00a0\u00a0<\/span>autonomismo<span class=\"Apple-converted-space\">\u00a0\u00a0<\/span>en<span class=\"Apple-converted-space\">\u00a0\u00a0<\/span>la<span class=\"Apple-converted-space\">\u00a0\u00a0<\/span>Comunidad Urbana Autogestionada de Villa El Salvador (CUAVES), cuya experiencia popular dura hasta 1983 y marca una \u00e9poca, va perdi\u00e9ndosele de vista hasta el siglo XXI cuando vuelve a escribir sobre las luchas populares antiimperialistas y muestra su confianza en los movimientos ind\u00edgenas y populares como se puede ver en sus escritos publicados por Am\u00e9rica Latina en Movimiento- ALA<a id=\"fnlink14\"><\/a><a href=\"#fn14\"><sup>[14]<\/sup><\/a>I.<\/p>\n<p class=\"p31\">El<span class=\"Apple-converted-space\">\u00a0\u00a0<\/span>Per\u00fa<span class=\"Apple-converted-space\">\u00a0\u00a0<\/span>viv\u00eda<span class=\"Apple-converted-space\">\u00a0\u00a0<\/span>desde<span class=\"Apple-converted-space\">\u00a0\u00a0<\/span>los<span class=\"Apple-converted-space\">\u00a0\u00a0<\/span>a\u00f1os<span class=\"Apple-converted-space\">\u00a0\u00a0<\/span>cincuenta<span class=\"Apple-converted-space\">\u00a0\u00a0<\/span>una<span class=\"Apple-converted-space\">\u00a0\u00a0<\/span>nueva<span class=\"Apple-converted-space\">\u00a0\u00a0<\/span>gran<span class=\"Apple-converted-space\">\u00a0\u00a0<\/span>transformaci\u00f3n,<span class=\"Apple-converted-space\">\u00a0\u00a0<\/span>aparecieron<span class=\"Apple-converted-space\">\u00a0\u00a0<\/span>las<span class=\"Apple-converted-space\">\u00a0\u00a0<\/span>guerrillas contra la gran hacienda y la miner\u00eda que no hac\u00edan m\u00e1s que saquear al pa\u00eds y desfalcar al Estado, estancando<span class=\"Apple-converted-space\">\u00a0\u00a0<\/span>la<span class=\"Apple-converted-space\">\u00a0\u00a0<\/span>econom\u00eda<span class=\"Apple-converted-space\">\u00a0\u00a0<\/span>y<span class=\"Apple-converted-space\">\u00a0\u00a0<\/span>obligando<span class=\"Apple-converted-space\">\u00a0\u00a0<\/span>a<span class=\"Apple-converted-space\">\u00a0\u00a0<\/span>los<span class=\"Apple-converted-space\">\u00a0\u00a0<\/span>campesinos<span class=\"Apple-converted-space\">\u00a0\u00a0<\/span>a<span class=\"Apple-converted-space\">\u00a0\u00a0<\/span>migrar<span class=\"Apple-converted-space\">\u00a0\u00a0<\/span>a<span class=\"Apple-converted-space\">\u00a0\u00a0<\/span>las<span class=\"Apple-converted-space\">\u00a0\u00a0<\/span>grandes<span class=\"Apple-converted-space\">\u00a0\u00a0<\/span>ciudades,<span class=\"Apple-converted-space\">\u00a0\u00a0<\/span>esta <span class=\"s10\">\u00a0<\/span>destrucci\u00f3n<span class=\"Apple-converted-space\">\u00a0\u00a0<\/span>del<span class=\"Apple-converted-space\">\u00a0\u00a0<\/span>mundo<span class=\"Apple-converted-space\">\u00a0\u00a0<\/span>andino<span class=\"Apple-converted-space\">\u00a0\u00a0<\/span>llegaba<span class=\"Apple-converted-space\">\u00a0\u00a0<\/span>a<span class=\"Apple-converted-space\">\u00a0\u00a0<\/span>su<span class=\"Apple-converted-space\">\u00a0\u00a0<\/span>l\u00edmite<span class=\"Apple-converted-space\">\u00a0\u00a0<\/span>y<span class=\"Apple-converted-space\">\u00a0\u00a0<\/span>se<span class=\"Apple-converted-space\">\u00a0\u00a0<\/span>expresaba<span class=\"Apple-converted-space\">\u00a0\u00a0<\/span>en<span class=\"Apple-converted-space\">\u00a0\u00a0<\/span>la<span class=\"Apple-converted-space\">\u00a0\u00a0<\/span>b\u00fasqueda<span class=\"Apple-converted-space\">\u00a0\u00a0<\/span>de<span class=\"Apple-converted-space\">\u00a0\u00a0<\/span>alternativas desde la derecha y tambi\u00e9n de la izquierda, fragmentada en diversidad de organizaciones.<\/p>\n<p class=\"p26\">La<span class=\"Apple-converted-space\">\u00a0\u00a0<\/span>experiencia<span class=\"Apple-converted-space\">\u00a0\u00a0<\/span>de<span class=\"Apple-converted-space\">\u00a0\u00a0<\/span>CUAVES,<span class=\"Apple-converted-space\">\u00a0\u00a0<\/span>inspirada<span class=\"Apple-converted-space\">\u00a0\u00a0<\/span>en<span class=\"Apple-converted-space\">\u00a0\u00a0<\/span>la<span class=\"Apple-converted-space\">\u00a0\u00a0<\/span>Comuna<span class=\"Apple-converted-space\">\u00a0\u00a0<\/span>de<span class=\"Apple-converted-space\">\u00a0\u00a0<\/span>Par\u00eds,<span class=\"Apple-converted-space\">\u00a0\u00a0<\/span>fue<span class=\"Apple-converted-space\">\u00a0\u00a0<\/span>notable<span class=\"Apple-converted-space\">\u00a0\u00a0<\/span>por<span class=\"Apple-converted-space\">\u00a0\u00a0<\/span>sus intenciones comunalistas, a pesar de que constru\u00edan, sin ser su intenci\u00f3n, instituciones paralelas a las del Estado y que convivieron con ellas, que adem\u00e1s \u2013 tambi\u00e9n involuntariamente-<span class=\"Apple-converted-space\">\u00a0\u00a0<\/span>incentivaron las migraciones.<\/p>\n<p class=\"p30\"><i>Finalmente<span class=\"Apple-converted-space\">\u00a0\u00a0<\/span>la<span class=\"Apple-converted-space\">\u00a0\u00a0<\/span>importancia<span class=\"Apple-converted-space\">\u00a0\u00a0<\/span>hist\u00f3rica<span class=\"Apple-converted-space\">\u00a0\u00a0<\/span>de<span class=\"Apple-converted-space\">\u00a0\u00a0<\/span>esta<span class=\"Apple-converted-space\">\u00a0\u00a0<\/span>experiencia,<span class=\"Apple-converted-space\">\u00a0\u00a0<\/span>en<span class=\"Apple-converted-space\">\u00a0\u00a0<\/span>el<span class=\"Apple-converted-space\">\u00a0\u00a0<\/span>contexto<span class=\"Apple-converted-space\">\u00a0\u00a0<\/span>de<span class=\"Apple-converted-space\">\u00a0\u00a0<\/span>sociedades complejas y heterog\u00e9neas como las de Am\u00e9rica Latina, es que muestra el surgimiento de una<span class=\"Apple-converted-space\">\u00a0\u00a0<\/span>esfera<span class=\"Apple-converted-space\">\u00a0\u00a0<\/span>institucional<span class=\"Apple-converted-space\">\u00a0\u00a0<\/span>p\u00fablica,<span class=\"Apple-converted-space\">\u00a0\u00a0<\/span>que<span class=\"Apple-converted-space\">\u00a0\u00a0<\/span>a<span class=\"Apple-converted-space\">\u00a0\u00a0<\/span>diferencia<span class=\"Apple-converted-space\">\u00a0\u00a0<\/span>de<span class=\"Apple-converted-space\">\u00a0\u00a0<\/span>la<span class=\"Apple-converted-space\">\u00a0\u00a0<\/span>esfera<span class=\"Apple-converted-space\">\u00a0\u00a0<\/span>p\u00fablica<span class=\"Apple-converted-space\">\u00a0\u00a0<\/span>\u201coficial\u201d,<span class=\"Apple-converted-space\">\u00a0\u00a0<\/span>no<span class=\"Apple-converted-space\">\u00a0\u00a0<\/span>se convierte<span class=\"Apple-converted-space\">\u00a0\u00a0<\/span>en<span class=\"Apple-converted-space\">\u00a0\u00a0<\/span>\u201cun<span class=\"Apple-converted-space\">\u00a0\u00a0<\/span>aparato<span class=\"Apple-converted-space\">\u00a0\u00a0<\/span>institucional<span class=\"Apple-converted-space\">\u00a0\u00a0<\/span>separado<span class=\"Apple-converted-space\">\u00a0\u00a0<\/span>de<span class=\"Apple-converted-space\">\u00a0\u00a0<\/span>las<span class=\"Apple-converted-space\">\u00a0\u00a0<\/span>pr\u00e1cticas<span class=\"Apple-converted-space\">\u00a0\u00a0<\/span>sociales<span class=\"Apple-converted-space\">\u00a0\u00a0<\/span>y<span class=\"Apple-converted-space\">\u00a0\u00a0<\/span>de<span class=\"Apple-converted-space\">\u00a0\u00a0<\/span>la<span class=\"Apple-converted-space\">\u00a0\u00a0<\/span>vida cotidiana de la sociedad y se coloca por sobre ella\u201d, sino una esfera \u201cp\u00fablica-social\u201d que, como expresi\u00f3n de relaciones e interacciones, solidarias y democr\u00e1ticas, \u201cno se constituye como poder estatal, sino como un poder en la sociedad<a id=\"fnlink15\"><\/a><\/i><a href=\"#fn15\"><sup>[15]<\/sup><\/a><i>.<\/i><\/p>\n<p class=\"p19\">En<span class=\"Apple-converted-space\">\u00a0\u00a0<\/span>este<span class=\"Apple-converted-space\">\u00a0\u00a0<\/span>periodo<span class=\"Apple-converted-space\">\u00a0\u00a0<\/span>convergieron<span class=\"Apple-converted-space\">\u00a0\u00a0<\/span>las<span class=\"Apple-converted-space\">\u00a0\u00a0<\/span>opciones<span class=\"Apple-converted-space\">\u00a0\u00a0<\/span>que<span class=\"Apple-converted-space\">\u00a0\u00a0<\/span>hasta<span class=\"Apple-converted-space\">\u00a0\u00a0<\/span>hoy<span class=\"Apple-converted-space\">\u00a0\u00a0<\/span>est\u00e1n<span class=\"Apple-converted-space\">\u00a0\u00a0<\/span>vigentes<span class=\"Apple-converted-space\">\u00a0\u00a0<\/span>en<span class=\"Apple-converted-space\">\u00a0\u00a0<\/span>el<span class=\"Apple-converted-space\">\u00a0\u00a0<\/span>debate:<span class=\"Apple-converted-space\">\u00a0\u00a0<\/span>1. Velasco Alvarado con su propuesta militar nacionalista contrainsurgente, coercitiva, vertical y anti- olig\u00e1rquica, 2. Morales Berm\u00fadez, militar con influencia aprista que revirti\u00f3 lo hecho por Velasco, reprimi\u00f3 a toda la izquierda y reestableci\u00f3 las tendencias capitalistas coloniales previas, sentando las bases del neoliberalismo iniciado por Belaunde Terry y que se instal\u00f3 plenamente desde 1990 con Alberto Fujimori 3. La Izquierda Unida, la verdadera causante de la derrota de este proyecto, con<span class=\"Apple-converted-space\">\u00a0\u00a0<\/span>su<span class=\"Apple-converted-space\">\u00a0\u00a0<\/span>propuesta<span class=\"Apple-converted-space\">\u00a0\u00a0<\/span>electoralista,<span class=\"Apple-converted-space\">\u00a0\u00a0<\/span>4.<span class=\"Apple-converted-space\">\u00a0\u00a0<\/span>La<span class=\"Apple-converted-space\">\u00a0\u00a0<\/span>aparici\u00f3n<span class=\"Apple-converted-space\">\u00a0\u00a0<\/span>de<span class=\"Apple-converted-space\">\u00a0\u00a0<\/span>la<span class=\"Apple-converted-space\">\u00a0\u00a0<\/span>guerra<span class=\"Apple-converted-space\">\u00a0\u00a0<\/span>popular<span class=\"Apple-converted-space\">\u00a0\u00a0<\/span>dirigida<span class=\"Apple-converted-space\">\u00a0\u00a0<\/span>por<span class=\"Apple-converted-space\">\u00a0\u00a0<\/span>el<span class=\"Apple-converted-space\">\u00a0\u00a0<\/span>Partido Comunista<span class=\"Apple-converted-space\">\u00a0\u00a0<\/span>Peruano<span class=\"Apple-converted-space\">\u00a0\u00a0<\/span>(PCP)<span class=\"Apple-converted-space\">\u00a0\u00a0<\/span>y<span class=\"Apple-converted-space\">\u00a0\u00a0<\/span>la<span class=\"Apple-converted-space\">\u00a0\u00a0<\/span>tendencia<span class=\"Apple-converted-space\">\u00a0\u00a0<\/span>insurreccionalista<span class=\"Apple-converted-space\">\u00a0\u00a0<\/span>y<span class=\"Apple-converted-space\">\u00a0\u00a0<\/span>guerrillera<span class=\"Apple-converted-space\">\u00a0\u00a0<\/span>con<span class=\"Apple-converted-space\">\u00a0\u00a0<\/span>el<span class=\"Apple-converted-space\">\u00a0\u00a0<\/span>Movimiento Revolucionario Tupac Amaru (MRTA). La opci\u00f3n 4 qued\u00f3 en el discurso y en grupos aislados sin mayor trascendencia.<\/p>\n<p class=\"p22\">Acad\u00e9micos,<span class=\"Apple-converted-space\">\u00a0\u00a0<\/span>escritores<span class=\"Apple-converted-space\">\u00a0\u00a0<\/span>y<span class=\"Apple-converted-space\">\u00a0\u00a0<\/span>muchos<span class=\"Apple-converted-space\">\u00a0\u00a0<\/span>artistas,<span class=\"Apple-converted-space\">\u00a0\u00a0<\/span>como<span class=\"Apple-converted-space\">\u00a0\u00a0<\/span>el<span class=\"Apple-converted-space\">\u00a0\u00a0<\/span>antrop\u00f3logo<span class=\"Apple-converted-space\">\u00a0\u00a0<\/span>y<span class=\"Apple-converted-space\">\u00a0\u00a0<\/span>novelista<span class=\"Apple-converted-space\">\u00a0\u00a0<\/span>Jos\u00e9<span class=\"Apple-converted-space\">\u00a0\u00a0<\/span>Mar\u00eda Arguedas y muchos otros, con su enorme sensibilidad, fueron impactados por estos cambios y por la evidente nueva destrucci\u00f3n cultural de los pueblos ind\u00edgenas y lo expresaron en sus obras. Quijano buscaba respuestas desde la ciudad y las encontr\u00f3 en los avances de la expansi\u00f3n capitalista, lo que luego lo llev\u00f3 a participar de modo protagonista en Villa el Salvador hasta la derrota del Cuaves y su exilio.\u00a0<span class=\"Apple-converted-space\">\u00a0\u00a0<\/span>Dos visiones que no se encontraron, unos desde el campo y los otros desde la ciudad, unos desde la destrucci\u00f3n cultural del campesinado ind\u00edgena y otros preocupados por la migraci\u00f3n y los inicios de la implantaci\u00f3n de la industria. Arguedas muri\u00f3 en medio de una confusi\u00f3n ecl\u00e9ctica sobre las alternativas y Quijano por su parte, amplio sus estudios sobre Am\u00e9rica Latina (CEPAL)<\/p>\n<p class=\"p32\"><span class=\"s1\">sobre los temas relacionadas a la econom\u00eda migraci\u00f3n, trabajo, polo marginal, cholificaci\u00f3n, hasta<\/span><\/p>\n<p class=\"p29\">otros<span class=\"Apple-converted-space\">\u00a0\u00a0<\/span>de<span class=\"Apple-converted-space\">\u00a0\u00a0<\/span>orden<span class=\"Apple-converted-space\">\u00a0\u00a0<\/span>pol\u00edtico,<span class=\"Apple-converted-space\">\u00a0\u00a0<\/span>repensando<span class=\"Apple-converted-space\">\u00a0\u00a0<\/span>muchas<span class=\"Apple-converted-space\">\u00a0\u00a0<\/span>veces<span class=\"Apple-converted-space\">\u00a0\u00a0<\/span>a<span class=\"Apple-converted-space\">\u00a0\u00a0<\/span>Mari\u00e1tegui<span class=\"Apple-converted-space\">\u00a0\u00a0<\/span>y<span class=\"Apple-converted-space\">\u00a0\u00a0<\/span>al<span class=\"Apple-converted-space\">\u00a0\u00a0<\/span>propio<span class=\"Apple-converted-space\">\u00a0\u00a0<\/span>Arguedas:<span class=\"Apple-converted-space\">\u00a0\u00a0<\/span>Estado, ciudadan\u00eda,<span class=\"Apple-converted-space\">\u00a0\u00a0<\/span>democracia,<span class=\"Apple-converted-space\">\u00a0\u00a0<\/span>lo<span class=\"Apple-converted-space\">\u00a0\u00a0<\/span>p\u00fablico<span class=\"Apple-converted-space\">\u00a0\u00a0<\/span>y<span class=\"Apple-converted-space\">\u00a0\u00a0<\/span>lo<span class=\"Apple-converted-space\">\u00a0\u00a0<\/span>privado,<span class=\"Apple-converted-space\">\u00a0\u00a0<\/span>critica<span class=\"Apple-converted-space\">\u00a0\u00a0<\/span>la<span class=\"Apple-converted-space\">\u00a0\u00a0<\/span>democracia<span class=\"Apple-converted-space\">\u00a0\u00a0<\/span>burguesa<span class=\"Apple-converted-space\">\u00a0\u00a0<\/span>y<span class=\"Apple-converted-space\">\u00a0\u00a0<\/span>a<span class=\"Apple-converted-space\">\u00a0\u00a0<\/span>los<span class=\"Apple-converted-space\">\u00a0\u00a0<\/span>pa\u00edses socialistas hasta llegar a fines de los noventa al concepto de sistema mundo, colonialidad del poder y las alternativas, que las encontr\u00f3 en la democratizaci\u00f3n v\u00eda la deconstrucci\u00f3n del eurocentrismo y el\u00a0<span class=\"Apple-converted-space\">\u00a0\u00a0<\/span>racismo.\u00a0<span class=\"Apple-converted-space\">\u00a0\u00a0<\/span>Habiendo\u00a0<span class=\"Apple-converted-space\">\u00a0\u00a0<\/span>dejado\u00a0<span class=\"Apple-converted-space\">\u00a0\u00a0<\/span>de\u00a0<span class=\"Apple-converted-space\">\u00a0\u00a0<\/span>lado\u00a0<span class=\"Apple-converted-space\">\u00a0\u00a0<\/span>los\u00a0<span class=\"Apple-converted-space\">\u00a0\u00a0<\/span>conceptos\u00a0<span class=\"Apple-converted-space\">\u00a0\u00a0<\/span>de\u00a0<span class=\"Apple-converted-space\">\u00a0\u00a0<\/span>imperialismo,\u00a0<span class=\"Apple-converted-space\">\u00a0\u00a0<\/span>colonialismo, autodeterminaci\u00f3n y poder pol\u00edtico -como muchos posmarxistas y nueva izquierda- en el siglo XXI los vuelve a recuperar, ya que los\u00a0<i>intelectuales\u00a0<\/i>ya lo hab\u00edan hecho.<\/p>\n<hr \/>\n<p class=\"p33\"><a id=\"fn1\"><\/a><a href=\"#fnlink1\">[1]<\/a>\u00a0In 1979 Braudel published his work \u00ab Material Civilization, Economy and Capitalism \u00bbcalls<span class=\"Apple-converted-space\">\u00a0\u00a0<\/span>\u00abworld<span class=\"Apple-converted-space\">\u00a0\u00a0<\/span>economy.\u00bb<span class=\"Apple-converted-space\">\u00a0\u00a0<\/span>Going<span class=\"Apple-converted-space\">\u00a0\u00a0<\/span>so<span class=\"Apple-converted-space\">\u00a0\u00a0<\/span>far<span class=\"Apple-converted-space\">\u00a0\u00a0<\/span>as<span class=\"Apple-converted-space\">\u00a0\u00a0<\/span>to<span class=\"Apple-converted-space\">\u00a0\u00a0<\/span>say<span class=\"Apple-converted-space\">\u00a0\u00a0<\/span>that<span class=\"Apple-converted-space\">\u00a0\u00a0<\/span>in<span class=\"Apple-converted-space\">\u00a0\u00a0<\/span>the<span class=\"Apple-converted-space\">\u00a0\u00a0<\/span>sixteenth<span class=\"Apple-converted-space\">\u00a0\u00a0<\/span>century<span class=\"Apple-converted-space\">\u00a0\u00a0<\/span>Europe<span class=\"Apple-converted-space\">\u00a0\u00a0<\/span>begets<span class=\"Apple-converted-space\">\u00a0\u00a0<\/span>world capitalism<span class=\"Apple-converted-space\">\u00a0\u00a0<\/span>as<span class=\"Apple-converted-space\">\u00a0\u00a0<\/span>we<span class=\"Apple-converted-space\">\u00a0\u00a0<\/span>know<span class=\"Apple-converted-space\">\u00a0\u00a0<\/span>it<span class=\"Apple-converted-space\">\u00a0\u00a0<\/span>now.<span class=\"Apple-converted-space\">\u00a0\u00a0<\/span>The<span class=\"Apple-converted-space\">\u00a0\u00a0<\/span>\u00abnew<span class=\"Apple-converted-space\">\u00a0\u00a0<\/span>left\u00bb<span class=\"Apple-converted-space\">\u00a0\u00a0<\/span>flying<span class=\"Apple-converted-space\">\u00a0\u00a0<\/span>guidelines<span class=\"Apple-converted-space\">\u00a0\u00a0<\/span>of<span class=\"Apple-converted-space\">\u00a0\u00a0<\/span>the<span class=\"Apple-converted-space\">\u00a0\u00a0<\/span>Sao<span class=\"Apple-converted-space\">\u00a0\u00a0<\/span>Paulo<span class=\"Apple-converted-space\">\u00a0\u00a0<\/span>forum<span class=\"Apple-converted-space\">\u00a0\u00a0<\/span>were enthusiastic about<span class=\"Apple-converted-space\">\u00a0 \u00a0 \u00a0\u00a0<\/span>electoral processes, anti-racist, feminist, minority identitarians, greens, those who defend the freedom of sexual choice in which their spontaneism and lack of cohesionstand out. These historical experiences allow Quijano to say that from the 1960s onwards there was a demand for<span class=\"Apple-converted-space\">\u00a0\u00a0<\/span>the<span class=\"Apple-converted-space\">\u00a0\u00a0<\/span>democratic<span class=\"Apple-converted-space\">\u00a0\u00a0<\/span>self-preservation<span class=\"Apple-converted-space\">\u00a0\u00a0<\/span>of<span class=\"Apple-converted-space\">\u00a0\u00a0<\/span>society<span class=\"Apple-converted-space\">\u00a0\u00a0<\/span>that<span class=\"Apple-converted-space\">\u00a0\u00a0<\/span>assumes<span class=\"Apple-converted-space\">\u00a0\u00a0<\/span>it<span class=\"Apple-converted-space\">\u00a0\u00a0<\/span>as<span class=\"Apple-converted-space\">\u00a0\u00a0<\/span>his<span class=\"Apple-converted-space\">\u00a0\u00a0<\/span>own<span class=\"Apple-converted-space\">\u00a0\u00a0<\/span>under<span class=\"Apple-converted-space\">\u00a0\u00a0<\/span>the<span class=\"Apple-converted-space\">\u00a0\u00a0<\/span>name<span class=\"Apple-converted-space\">\u00a0\u00a0<\/span>of eurocentrism decoloniality.\u00a0<span class=\"Apple-converted-space\">\u00a0\u00a0<\/span>At the same time, another self-destructive movement of a new culture slowly emerges, from below that tries to combine its efforts against neoliberal capitalism, offering emerging emancipatory responses that define its paths.<\/p>\n<p class=\"p34\"><span class=\"s11\"><a id=\"fn2\"><\/a><a href=\"#fnlink2\">[2]<\/a>\u00a0<\/span>La<span class=\"Apple-converted-space\">\u00a0\u00a0<\/span>raza<span class=\"Apple-converted-space\">\u00a0\u00a0<\/span>de<span class=\"Apple-converted-space\">\u00a0\u00a0<\/span>acuerdo<span class=\"Apple-converted-space\">\u00a0\u00a0<\/span>con<span class=\"Apple-converted-space\">\u00a0\u00a0<\/span>la<span class=\"Apple-converted-space\">\u00a0\u00a0<\/span>RAE<span class=\"Apple-converted-space\">\u00a0\u00a0<\/span>son<span class=\"Apple-converted-space\">\u00a0\u00a0<\/span>grupos<span class=\"Apple-converted-space\">\u00a0\u00a0<\/span>en<span class=\"Apple-converted-space\">\u00a0\u00a0<\/span>que<span class=\"Apple-converted-space\">\u00a0\u00a0<\/span>se<span class=\"Apple-converted-space\">\u00a0\u00a0<\/span>subdividen<span class=\"Apple-converted-space\">\u00a0\u00a0<\/span>algunas<span class=\"Apple-converted-space\">\u00a0\u00a0<\/span>especies<span class=\"Apple-converted-space\">\u00a0\u00a0<\/span>biol\u00f3gicas<span class=\"Apple-converted-space\">\u00a0\u00a0<\/span>y<span class=\"Apple-converted-space\">\u00a0\u00a0<\/span>cuyos<span class=\"Apple-converted-space\">\u00a0\u00a0<\/span>caracteres diferenciales<span class=\"Apple-converted-space\">\u00a0\u00a0<\/span>se<span class=\"Apple-converted-space\">\u00a0\u00a0<\/span>perpet\u00faan<span class=\"Apple-converted-space\">\u00a0\u00a0<\/span>por<span class=\"Apple-converted-space\">\u00a0\u00a0<\/span>herencia.<span class=\"Apple-converted-space\">\u00a0\u00a0<\/span>La<span class=\"Apple-converted-space\">\u00a0\u00a0<\/span>aplicaci\u00f3n<span class=\"Apple-converted-space\">\u00a0\u00a0<\/span>al<span class=\"Apple-converted-space\">\u00a0\u00a0<\/span>mundo<span class=\"Apple-converted-space\">\u00a0\u00a0<\/span>humano<span class=\"Apple-converted-space\">\u00a0\u00a0<\/span>es<span class=\"Apple-converted-space\">\u00a0\u00a0<\/span>una<span class=\"Apple-converted-space\">\u00a0\u00a0<\/span>falsedad<span class=\"Apple-converted-space\">\u00a0\u00a0<\/span>que<span class=\"Apple-converted-space\">\u00a0\u00a0<\/span>ha<span class=\"Apple-converted-space\">\u00a0\u00a0<\/span>logrado<span class=\"Apple-converted-space\">\u00a0\u00a0<\/span>aceptaci\u00f3n<span class=\"Apple-converted-space\">\u00a0\u00a0<\/span>y legitimidad.<span class=\"Apple-converted-space\">\u00a0\u00a0<\/span>Con<span class=\"Apple-converted-space\">\u00a0\u00a0<\/span>la<span class=\"Apple-converted-space\">\u00a0\u00a0<\/span>conquista<span class=\"Apple-converted-space\">\u00a0\u00a0<\/span>de Am\u00e9rica<span class=\"Apple-converted-space\">\u00a0\u00a0<\/span>las<span class=\"Apple-converted-space\">\u00a0\u00a0<\/span>poblaciones<span class=\"Apple-converted-space\">\u00a0\u00a0<\/span>a<span class=\"Apple-converted-space\">\u00a0\u00a0<\/span>colonizar<span class=\"Apple-converted-space\">\u00a0\u00a0<\/span>fueron<span class=\"Apple-converted-space\">\u00a0\u00a0<\/span>vistas<span class=\"Apple-converted-space\">\u00a0\u00a0<\/span>m\u00e1s<span class=\"Apple-converted-space\">\u00a0\u00a0<\/span>como<span class=\"Apple-converted-space\">\u00a0\u00a0<\/span>no<span class=\"Apple-converted-space\">\u00a0\u00a0<\/span>humanas,<span class=\"Apple-converted-space\">\u00a0\u00a0<\/span>que<span class=\"Apple-converted-space\">\u00a0\u00a0<\/span>como razas. En el siglo XVI, con la colonizaci\u00f3n de extensas \u00e1reas alrededor del mundo por un conjunto de naciones europeas se va generalizando el uso de la palabra \u201craza\u201d. La clasificaci\u00f3n de los humanos en distintas \u201crazas\u201d habr\u00eda sido hecha reci\u00e9n por Francois Bernier (1684). Fue a fines del siglo XIX cuando las \u201cciencias\u201d, gracias al enorme prestigio concedido a la biolog\u00eda, en una nueva epistemolog\u00eda relegan a las poblaciones no europeas al final en las jerarqu\u00edas naturales del grupo<span class=\"Apple-converted-space\">\u00a0\u00a0<\/span>hom\u00ednido,<span class=\"Apple-converted-space\">\u00a0\u00a0<\/span>clasificaci\u00f3n<span class=\"Apple-converted-space\">\u00a0\u00a0<\/span>racial<span class=\"Apple-converted-space\">\u00a0\u00a0<\/span>que,<span class=\"Apple-converted-space\">\u00a0\u00a0<\/span>a<span class=\"Apple-converted-space\">\u00a0\u00a0<\/span>su<span class=\"Apple-converted-space\">\u00a0\u00a0<\/span>vez,<span class=\"Apple-converted-space\">\u00a0\u00a0<\/span>establec\u00eda<span class=\"Apple-converted-space\">\u00a0\u00a0<\/span>la<span class=\"Apple-converted-space\">\u00a0\u00a0<\/span>l\u00f3gica<span class=\"Apple-converted-space\">\u00a0\u00a0<\/span>econ\u00f3mica<span class=\"Apple-converted-space\">\u00a0\u00a0<\/span>del<span class=\"Apple-converted-space\">\u00a0\u00a0<\/span>imperialismo<span class=\"Apple-converted-space\">\u00a0\u00a0<\/span>occidental,<span class=\"Apple-converted-space\">\u00a0\u00a0<\/span>la<span class=\"Apple-converted-space\">\u00a0\u00a0<\/span>raza blanca ser\u00eda el m\u00e1s evolucionado ser humano que a trav\u00e9s del progreso saca de la barbarie a pueblos animalizados. Para que<span class=\"Apple-converted-space\">\u00a0\u00a0<\/span>parezca<span class=\"Apple-converted-space\">\u00a0\u00a0<\/span>indiscutible,<span class=\"Apple-converted-space\">\u00a0\u00a0<\/span>se<span class=\"Apple-converted-space\">\u00a0\u00a0<\/span>presenta<span class=\"Apple-converted-space\">\u00a0\u00a0<\/span>como<span class=\"Apple-converted-space\">\u00a0\u00a0<\/span>resultado<span class=\"Apple-converted-space\">\u00a0\u00a0<\/span>de<span class=\"Apple-converted-space\">\u00a0\u00a0<\/span>leyes<span class=\"Apple-converted-space\">\u00a0\u00a0<\/span>cient\u00edficas<span class=\"Apple-converted-space\">\u00a0\u00a0<\/span>irrevocables<span class=\"Apple-converted-space\">\u00a0\u00a0<\/span>asociadas<span class=\"Apple-converted-space\">\u00a0\u00a0<\/span>a<span class=\"Apple-converted-space\">\u00a0\u00a0<\/span>una<span class=\"Apple-converted-space\">\u00a0\u00a0<\/span>nueva<span class=\"Apple-converted-space\">\u00a0\u00a0<\/span>versi\u00f3n racionalizada de la visi\u00f3n religiosa del multicultural mito del pueblo elegido. Sin embargo, ni el concepto, ni esta visi\u00f3n biologicista, es seriamente refutada por Quijano, m\u00e1s all\u00e1 de su connotaci\u00f3n colonial. El hecho de que la idea de que la raza<span class=\"Apple-converted-space\">\u00a0\u00a0<\/span>no<span class=\"Apple-converted-space\">\u00a0\u00a0<\/span>est\u00e1<span class=\"Apple-converted-space\">\u00a0\u00a0<\/span>reflejada<span class=\"Apple-converted-space\">\u00a0\u00a0<\/span>en<span class=\"Apple-converted-space\">\u00a0\u00a0<\/span>los<span class=\"Apple-converted-space\">\u00a0\u00a0<\/span>genes<span class=\"Apple-converted-space\">\u00a0\u00a0<\/span>de<span class=\"Apple-converted-space\">\u00a0\u00a0<\/span>una<span class=\"Apple-converted-space\">\u00a0\u00a0<\/span>persona<span class=\"Apple-converted-space\">\u00a0\u00a0<\/span>confirma<span class=\"Apple-converted-space\">\u00a0\u00a0<\/span>lo<span class=\"Apple-converted-space\">\u00a0\u00a0<\/span>que<span class=\"Apple-converted-space\">\u00a0\u00a0<\/span>han<span class=\"Apple-converted-space\">\u00a0\u00a0<\/span>venido<span class=\"Apple-converted-space\">\u00a0\u00a0<\/span>afirmando<span class=\"Apple-converted-space\">\u00a0\u00a0<\/span>los<span class=\"Apple-converted-space\">\u00a0\u00a0<\/span>cient\u00edficos<span class=\"Apple-converted-space\">\u00a0\u00a0<\/span>por<span class=\"Apple-converted-space\">\u00a0\u00a0<\/span>mucho tiempo: que la raza carece de significado gen\u00e9tico. Desde principios del siglo XX (el antrop\u00f3logo Franz Boas) hasta la actualidad<span class=\"Apple-converted-space\">\u00a0\u00a0<\/span>(el<span class=\"Apple-converted-space\">\u00a0\u00a0<\/span>ge\u00f3grafo<span class=\"Apple-converted-space\">\u00a0\u00a0<\/span>David<span class=\"Apple-converted-space\">\u00a0\u00a0<\/span>Harvey,<span class=\"Apple-converted-space\">\u00a0\u00a0<\/span>pasando<span class=\"Apple-converted-space\">\u00a0\u00a0<\/span>por<span class=\"Apple-converted-space\">\u00a0\u00a0<\/span>bi\u00f3logos,<span class=\"Apple-converted-space\">\u00a0\u00a0<\/span>zo\u00f3logos,<span class=\"Apple-converted-space\">\u00a0\u00a0<\/span>genetistas,<span class=\"Apple-converted-space\">\u00a0\u00a0<\/span>etc.)<span class=\"Apple-converted-space\">\u00a0\u00a0<\/span>el<span class=\"Apple-converted-space\">\u00a0\u00a0<\/span>concepto<span class=\"Apple-converted-space\">\u00a0\u00a0<\/span>de<span class=\"Apple-converted-space\">\u00a0\u00a0<\/span>raza<span class=\"Apple-converted-space\">\u00a0\u00a0<\/span>ser\u00e1 seriamente<span class=\"Apple-converted-space\">\u00a0\u00a0<\/span>cuestionado<span class=\"Apple-converted-space\">\u00a0\u00a0<\/span>y<span class=\"Apple-converted-space\">\u00a0\u00a0<\/span>ser\u00e1<span class=\"Apple-converted-space\">\u00a0\u00a0<\/span>visto<span class=\"Apple-converted-space\">\u00a0\u00a0<\/span>como<span class=\"Apple-converted-space\">\u00a0\u00a0<\/span>una<span class=\"Apple-converted-space\">\u00a0\u00a0<\/span>construcci\u00f3n<span class=\"Apple-converted-space\">\u00a0\u00a0<\/span>ideol\u00f3gica<span class=\"Apple-converted-space\">\u00a0\u00a0<\/span>y<span class=\"Apple-converted-space\">\u00a0\u00a0<\/span>m\u00edtica<span class=\"Apple-converted-space\">\u00a0\u00a0<\/span>para<span class=\"Apple-converted-space\">\u00a0\u00a0<\/span>ocultar<span class=\"Apple-converted-space\">\u00a0\u00a0<\/span>la<span class=\"Apple-converted-space\">\u00a0\u00a0<\/span>lucha<span class=\"Apple-converted-space\">\u00a0\u00a0<\/span>de<span class=\"Apple-converted-space\">\u00a0\u00a0<\/span>clases<span class=\"Apple-converted-space\">\u00a0\u00a0<\/span>y<span class=\"Apple-converted-space\">\u00a0\u00a0<\/span>los conflictos \u00e9tnico-clasistas.<\/p>\n<p class=\"p35\"><a id=\"fn3\"><\/a><a href=\"#fnlink3\"><span class=\"s11\">[3]<\/span><\/a><span class=\"s11\">\u00a0<\/span>Carlos Marx, El Capital, Vol. I, Cap. XXIII, XXIV. FCE, M\u00e9xico.<\/p>\n<p class=\"p36\"><a id=\"fn4\"><\/a><a href=\"#fnlink4\"><span class=\"s11\">[4]<\/span><\/a><span class=\"s11\">\u00a0<\/span>Gilberto<span class=\"Apple-converted-space\">\u00a0\u00a0<\/span>L\u00f3pez<span class=\"Apple-converted-space\">\u00a0\u00a0<\/span>y<span class=\"Apple-converted-space\">\u00a0\u00a0<\/span>Rivas,<span class=\"Apple-converted-space\">\u00a0\u00a0<\/span><i>Etnomarxismo<span class=\"Apple-converted-space\">\u00a0\u00a0<\/span>y<span class=\"Apple-converted-space\">\u00a0\u00a0<\/span>cuesti\u00f3n<span class=\"Apple-converted-space\">\u00a0\u00a0<\/span>\u00e9tnico-nacional<span class=\"Apple-converted-space\">\u00a0\u00a0<\/span>en<span class=\"Apple-converted-space\">\u00a0\u00a0<\/span>Am\u00e9rica<span class=\"Apple-converted-space\">\u00a0\u00a0<\/span>Latina<\/i>,<span class=\"Apple-converted-space\">\u00a0\u00a0<\/span><span class=\"s12\">https:\/\/vocesenlucha.com\/<\/span><\/p>\n<p class=\"p37\"><span class=\"s13\">etnomarxismo-y-cuestion-etnico-nacional-en-america-latina<\/span><\/p>\n<p class=\"p38\"><span class=\"s12\"><a id=\"fn5\"><\/a><a href=\"#fnlink5\"><span class=\"s14\">[5]<\/span><\/a><\/span><span class=\"s15\">\u00a0<\/span><i>Nacionalismo,<span class=\"Apple-converted-space\">\u00a0\u00a0<\/span>neoimperialismo<span class=\"Apple-converted-space\">\u00a0\u00a0<\/span>y<span class=\"Apple-converted-space\">\u00a0\u00a0<\/span>militarismo<span class=\"Apple-converted-space\">\u00a0\u00a0<\/span>en<span class=\"Apple-converted-space\">\u00a0\u00a0<\/span>el<span class=\"Apple-converted-space\">\u00a0\u00a0<\/span>Per\u00fa<\/i>,<span class=\"Apple-converted-space\">\u00a0\u00a0<\/span>Buenos Aires,<span class=\"Apple-converted-space\">\u00a0\u00a0<\/span>Periferia,<span class=\"Apple-converted-space\">\u00a0\u00a0<\/span>1971;<span class=\"Apple-converted-space\">\u00a0\u00a0<\/span><i>Crisis<span class=\"Apple-converted-space\">\u00a0\u00a0<\/span>imperialista<span class=\"Apple-converted-space\">\u00a0\u00a0<\/span>y<span class=\"Apple-converted-space\">\u00a0\u00a0<\/span>clase obrera en Am\u00e9rica Latina,\u00a0<\/i>Lima, Edici\u00f3n del autor, 1974;\u00a0<i>Imperialismo y marginalidad en Am\u00e9rica Latina.\u00a0<\/i>Lima, Mosca Azul Ediciones, 1977;\u00a0<i>Dominaci\u00f3n y cultura. Lo cholo y el conflicto cultural en el Per\u00fa<\/i>, Lima, Mosca azul editores, 1980;\u00a0<i>Modernidad, identidad y utop\u00eda en Am\u00e9rica Latina,\u00a0<\/i>Lima, Sociedad y Pol\u00edtica Ediciones, 1988.<\/p>\n<p class=\"p38\"><a id=\"fn6\"><\/a><a href=\"#fnlink6\"><span class=\"s11\">[6]<\/span><\/a><span class=\"s11\">\u00a0<\/span><span class=\"s1\">El<span class=\"Apple-converted-space\">\u00a0\u00a0<\/span>23<span class=\"Apple-converted-space\">\u00a0\u00a0<\/span>de<span class=\"Apple-converted-space\">\u00a0\u00a0<\/span>junio<span class=\"Apple-converted-space\">\u00a0\u00a0<\/span>de<span class=\"Apple-converted-space\">\u00a0\u00a0<\/span>1965<span class=\"Apple-converted-space\">\u00a0\u00a0<\/span>escrib\u00eda<span class=\"Apple-converted-space\">\u00a0\u00a0<\/span>Arguedas<span class=\"Apple-converted-space\">\u00a0\u00a0<\/span>despu\u00e9s<span class=\"Apple-converted-space\">\u00a0\u00a0<\/span>de<span class=\"Apple-converted-space\">\u00a0\u00a0<\/span>la<span class=\"Apple-converted-space\">\u00a0\u00a0<\/span>presentaci\u00f3n<span class=\"Apple-converted-space\">\u00a0\u00a0<\/span>de<span class=\"Apple-converted-space\">\u00a0\u00a0<\/span>su<span class=\"Apple-converted-space\">\u00a0\u00a0<\/span>Libro<span class=\"Apple-converted-space\">\u00a0\u00a0<\/span><i>Todas<span class=\"Apple-converted-space\">\u00a0\u00a0<\/span>las<span class=\"Apple-converted-space\">\u00a0\u00a0<\/span>Sangres<span class=\"Apple-converted-space\">\u00a0\u00a0<\/span><\/i>:\u201c\u2026.casi<\/span>\u00a0demostrado por dos sabios soci\u00f3logos y un economista, de que mi libro Todas las sangres es negativo para el pa\u00eds, no tengo<span class=\"Apple-converted-space\">\u00a0\u00a0<\/span>qu\u00e9<span class=\"Apple-converted-space\">\u00a0\u00a0<\/span>hacer<span class=\"Apple-converted-space\">\u00a0\u00a0<\/span>en<span class=\"Apple-converted-space\">\u00a0\u00a0<\/span>este<span class=\"Apple-converted-space\">\u00a0\u00a0<\/span>mundo\u201d.<span class=\"Apple-converted-space\">\u00a0\u00a0<\/span><a href=\"http:\/\/www.librosperuanos.com\/libros\/detalle\/3287\/Las-cartas-de-Arguedas\"><span class=\"s16\">http:\/\/www.librosperuanos.com\/libros\/detalle\/3287\/Las-cartas-de-Arguedas<\/span><\/a><span class=\"s16\">.\u00a0<span class=\"Apple-converted-space\">\u00a0\u00a0<\/span><\/span><span class=\"s17\"><span class=\"Apple-converted-space\">\u00a0\u00a0<\/span><\/span>Poco despu\u00e9s, perseguido por la idea de\u00a0<i>ser incapaz de entender la realidad peruana\u00a0<\/i>y con un fondo de problemas de otra \u00edndole marcados desde su infancia, intent\u00f3 suicidarse en 1966, hasta lograrlo en 1969.<\/p>\n<p class=\"p38\"><a id=\"fn7\"><\/a><a href=\"#fnlink7\"><span class=\"s11\">[7]<\/span><\/a><span class=\"s11\">\u00a0<\/span>La segunda etapa es la neoliberal de 1990 a la fecha, inaugurada por Fujimori, que luego de la derrota de las guerrillas de Sendero y el MRTA privatiza las empresas m\u00e1s rentables, abre las puertas del pa\u00eds a la inversi\u00f3n privada y potencia el extractivismo minero hasta sus extremos, impulsa la agroindustria exportadora, depreda el mar y los r\u00edos, destruye los bosques,<span class=\"Apple-converted-space\">\u00a0\u00a0<\/span>financiariza<span class=\"Apple-converted-space\">\u00a0\u00a0<\/span>y<span class=\"Apple-converted-space\">\u00a0\u00a0<\/span>mercantiliza<span class=\"Apple-converted-space\">\u00a0\u00a0<\/span>la<span class=\"Apple-converted-space\">\u00a0\u00a0<\/span>econom\u00eda,<span class=\"Apple-converted-space\">\u00a0\u00a0<\/span>etc.\u00a0<span class=\"Apple-converted-space\">\u00a0 \u00a0\u00a0<\/span>consolidando<span class=\"Apple-converted-space\">\u00a0\u00a0<\/span>el<span class=\"Apple-converted-space\">\u00a0\u00a0<\/span>capitalismo<span class=\"Apple-converted-space\">\u00a0\u00a0<\/span>colonial<span class=\"Apple-converted-space\">\u00a0\u00a0<\/span>y<span class=\"Apple-converted-space\">\u00a0\u00a0<\/span>generalizando<span class=\"Apple-converted-space\">\u00a0\u00a0<\/span>una resistencia ind\u00edgena y campesina aun dispersa, pero muchas veces contundente.<\/p>\n<p class=\"p38\"><a id=\"fn8\"><\/a><a href=\"#fnlink8\"><span class=\"s11\">[8]<\/span><\/a><span class=\"s11\">\u00a0<\/span>Jorge Lora Cam, Una rebeli\u00f3n Campesina en Am\u00e9rica Latina, Hugo Blanco 1958-1964, BUAP, 2003<\/p>\n<p class=\"p39\"><a id=\"fn9\"><\/a><a href=\"#fnlink9\"><span class=\"s11\">[9]<\/span><\/a><span class=\"s11\">\u00a0<\/span>Dejaremos a un lado el debate acerca de considerar o no el marxismo como ciencia, la necesidad de quienes lo conciben as\u00ed, el debate acerca del monopolio de conocimiento de una realidad por un partido y sobre cuyos l\u00edderes, de esa supuesta vanguardia, ostentan dicho privilegio porque cuentan con la capacidad de definir la l\u00ednea correcta a seguir y concretarla mediante estrategias y t\u00e1cticas tambi\u00e9n definidas por ellos. Las agrupaciones partidarias y sus te\u00f3ricos de aquella \u00e9poca\u00a0<span class=\"s18\">\u2014\u00a0<\/span>que permanecen en la mente de muchos hasta hoy<span class=\"s18\">\u2014\u00a0<\/span>compet\u00edan entre s\u00ed. An\u00edbal Quijano asumi\u00f3 la perspectiva trotskista despojada<span class=\"Apple-converted-space\">\u00a0\u00a0<\/span>de<span class=\"Apple-converted-space\">\u00a0\u00a0<\/span>violencia<span class=\"Apple-converted-space\">\u00a0\u00a0<\/span>y<span class=\"Apple-converted-space\">\u00a0\u00a0<\/span>Abimael<span class=\"Apple-converted-space\">\u00a0\u00a0<\/span>Guzm\u00e1n,<span class=\"Apple-converted-space\">\u00a0\u00a0<\/span>otra<span class=\"Apple-converted-space\">\u00a0\u00a0<\/span>desde<span class=\"Apple-converted-space\">\u00a0\u00a0<\/span>el<span class=\"Apple-converted-space\">\u00a0\u00a0<\/span>mao\u00edsmo<span class=\"Apple-converted-space\">\u00a0\u00a0<\/span>en<span class=\"Apple-converted-space\">\u00a0\u00a0<\/span>tensi\u00f3n<span class=\"Apple-converted-space\">\u00a0\u00a0<\/span>con<span class=\"Apple-converted-space\">\u00a0\u00a0<\/span>el<span class=\"Apple-converted-space\">\u00a0\u00a0<\/span>supuesto<span class=\"Apple-converted-space\">\u00a0\u00a0<\/span>camino<span class=\"Apple-converted-space\">\u00a0\u00a0<\/span>marcado<span class=\"Apple-converted-space\">\u00a0\u00a0<\/span>por Mari\u00e1tegui. El primero ser\u00e1 una influencia entre los intelectuales m\u00e1s acad\u00e9micos de universidades e institutos privados (VR, PUM y otros), y el otro entre universitarios principalmente de la universidad p\u00fablica e intelectuales, escritores y artistas<span class=\"Apple-converted-space\">\u00a0\u00a0<\/span>ligados<span class=\"Apple-converted-space\">\u00a0\u00a0<\/span>a<span class=\"Apple-converted-space\">\u00a0\u00a0<\/span>universidades<span class=\"Apple-converted-space\">\u00a0\u00a0<\/span>nacionales<span class=\"Apple-converted-space\">\u00a0\u00a0<\/span>de<span class=\"Apple-converted-space\">\u00a0\u00a0<\/span>la<span class=\"Apple-converted-space\">\u00a0\u00a0<\/span>capital<span class=\"Apple-converted-space\">\u00a0\u00a0<\/span>y<span class=\"Apple-converted-space\">\u00a0\u00a0<\/span>provincia.<span class=\"Apple-converted-space\">\u00a0\u00a0<\/span>El<span class=\"Apple-converted-space\">\u00a0\u00a0<\/span>Movimiento<span class=\"Apple-converted-space\">\u00a0\u00a0<\/span>Revolucionario<span class=\"Apple-converted-space\">\u00a0\u00a0<\/span>T\u00fapac<span class=\"Apple-converted-space\">\u00a0\u00a0<\/span>Amaru<span class=\"Apple-converted-space\">\u00a0\u00a0<\/span>&#8211; MRTA- ser\u00e1 una tercera visi\u00f3n m\u00e1s pragm\u00e1tica cercana a la URSS y a Cuba, incluyendo los manuales \u201ccient\u00edficos\u201d de la academia sovi\u00e9tica y la experiencia cubana<\/p>\n<p class=\"p38\"><a id=\"fn10\"><\/a><a href=\"#fnlink10\"><span class=\"s11\">[10]<\/span><\/a><span class=\"s11\">\u00a0<\/span>Mari\u00e1tegui indianiz\u00f3 la lucha de clases, e indianiz\u00f3 la lucha antiimperialista. Asimismo, plante\u00f3 la necesidad de hacer otro<span class=\"Apple-converted-space\">\u00a0\u00a0<\/span>tanto<span class=\"Apple-converted-space\">\u00a0\u00a0<\/span>en<span class=\"Apple-converted-space\">\u00a0\u00a0<\/span>cualquier<span class=\"Apple-converted-space\">\u00a0\u00a0<\/span>pa\u00eds<span class=\"Apple-converted-space\">\u00a0\u00a0<\/span>o<span class=\"Apple-converted-space\">\u00a0\u00a0<\/span>regi\u00f3n<span class=\"Apple-converted-space\">\u00a0\u00a0<\/span>donde<span class=\"Apple-converted-space\">\u00a0\u00a0<\/span>hubiera<span class=\"Apple-converted-space\">\u00a0\u00a0<\/span>poblaciones<span class=\"Apple-converted-space\">\u00a0\u00a0<\/span>colonizadas,<span class=\"Apple-converted-space\">\u00a0\u00a0<\/span>etnias,<span class=\"Apple-converted-space\">\u00a0\u00a0<\/span>pueblos<span class=\"Apple-converted-space\">\u00a0\u00a0<\/span>oprimidos,<span class=\"Apple-converted-space\">\u00a0\u00a0<\/span>minor\u00edas<span class=\"Apple-converted-space\">\u00a0\u00a0<\/span>o nacionalidades<span class=\"Apple-converted-space\">\u00a0\u00a0<\/span>en<span class=\"Apple-converted-space\">\u00a0\u00a0<\/span>condiciones<span class=\"Apple-converted-space\">\u00a0\u00a0<\/span>de<span class=\"Apple-converted-space\">\u00a0\u00a0<\/span>explotaci\u00f3n,<span class=\"Apple-converted-space\">\u00a0\u00a0<\/span>discriminaci\u00f3n<span class=\"Apple-converted-space\">\u00a0\u00a0<\/span>y<span class=\"Apple-converted-space\">\u00a0\u00a0<\/span>dominaci\u00f3n.<span class=\"Apple-converted-space\">\u00a0\u00a0<\/span>En<span class=\"Apple-converted-space\">\u00a0\u00a0<\/span>esta<span class=\"Apple-converted-space\">\u00a0\u00a0<\/span>relaci\u00f3n<span class=\"Apple-converted-space\">\u00a0\u00a0<\/span>tambi\u00e9n<span class=\"Apple-converted-space\">\u00a0\u00a0<\/span>distingue<span class=\"Apple-converted-space\">\u00a0\u00a0<\/span>a<span class=\"Apple-converted-space\">\u00a0\u00a0<\/span>los trabajadores de las etnias dominantes, o \u201casimilados\u201d, frente a los trabajadores de las etnias dominadas, discriminadas, excluidas, que forma parte del concepto de colonialismo interno<\/p>\n<p class=\"p38\"><a id=\"fn11\"><\/a><a href=\"#fnlink11\"><span class=\"s11\">[11]<\/span><\/a><span class=\"s11\">\u00a0<\/span><span class=\"s1\">Wallerstein<span class=\"Apple-converted-space\">\u00a0\u00a0<\/span>concibe<span class=\"Apple-converted-space\">\u00a0\u00a0<\/span>el<span class=\"Apple-converted-space\">\u00a0\u00a0<\/span>r\u00e9gimen<span class=\"Apple-converted-space\">\u00a0\u00a0<\/span>del<span class=\"Apple-converted-space\">\u00a0\u00a0<\/span>\u2018sistema-mundo\u2019<span class=\"Apple-converted-space\">\u00a0\u00a0<\/span>como<span class=\"Apple-converted-space\">\u00a0\u00a0<\/span>un<span class=\"Apple-converted-space\">\u00a0\u00a0<\/span>sistema<span class=\"Apple-converted-space\">\u00a0\u00a0<\/span>social<span class=\"Apple-converted-space\">\u00a0\u00a0<\/span>con<span class=\"Apple-converted-space\">\u00a0\u00a0<\/span>un<span class=\"Apple-converted-space\">\u00a0\u00a0<\/span>conjunto<span class=\"Apple-converted-space\">\u00a0\u00a0<\/span>de<span class=\"Apple-converted-space\">\u00a0\u00a0<\/span>mecanismos<\/span><\/p>\n<p class=\"p40\">estructurales que redistribuyen los recursos desde la \u2018periferia\u2019 al \u2018centro\u2019 del imperio, cuyo origen lo sit\u00faa en el siglo XVI con centro en la Europa occidental. De este modo, Wallerstein se aproxima a una morfolog\u00eda cuyos esquemas se llenan con datos de manera amplia y rigurosa. Un acopio pasivo, sin mayor aportaci\u00f3n personal, y ser\u00e1 la informaci\u00f3n y datos de otros<span class=\"Apple-converted-space\">\u00a0\u00a0<\/span>investigadores<span class=\"Apple-converted-space\">\u00a0\u00a0<\/span>los<span class=\"Apple-converted-space\">\u00a0\u00a0<\/span>que<span class=\"Apple-converted-space\">\u00a0\u00a0<\/span>encaja<span class=\"Apple-converted-space\">\u00a0\u00a0<\/span>en<span class=\"Apple-converted-space\">\u00a0\u00a0<\/span>el<span class=\"Apple-converted-space\">\u00a0\u00a0<\/span>esquema<span class=\"Apple-converted-space\">\u00a0\u00a0<\/span>te\u00f3rico<span class=\"Apple-converted-space\">\u00a0\u00a0<\/span>positivista<span class=\"Apple-converted-space\">\u00a0\u00a0<\/span>previo.<span class=\"Apple-converted-space\">\u00a0\u00a0<\/span>No<span class=\"Apple-converted-space\">\u00a0\u00a0<\/span>puede<span class=\"Apple-converted-space\">\u00a0\u00a0<\/span>ser<span class=\"Apple-converted-space\">\u00a0\u00a0<\/span>considerado<span class=\"Apple-converted-space\">\u00a0\u00a0<\/span>marxista<span class=\"Apple-converted-space\">\u00a0\u00a0<\/span>aun cuando usa sus categor\u00edas, es m\u00e1s cercano al determinismo econ\u00f3mico, a la\u00a0<i>social history\u00a0<\/i>o al eclecticismo acad\u00e9mico de la escuela de Annales de Braudel. Muy simplista al examinar los aspectos sociales y muchas veces err\u00f3neo desde el punto de vista hist\u00f3rico. Es as\u00ed que no contribuye a comprender ni a conocer las formas concretas que adquieren los sistemas de explotaci\u00f3n del trabajo (con sus discontinuidades y sus rupturas, con sus diversos actores sociales), ni el rol del capital mercantil<span class=\"Apple-converted-space\">\u00a0\u00a0<\/span>como<span class=\"Apple-converted-space\">\u00a0\u00a0<\/span>nexo<span class=\"Apple-converted-space\">\u00a0\u00a0<\/span>entre<span class=\"Apple-converted-space\">\u00a0\u00a0<\/span>esas<span class=\"Apple-converted-space\">\u00a0\u00a0<\/span>diversas<span class=\"Apple-converted-space\">\u00a0\u00a0<\/span>formas<span class=\"Apple-converted-space\">\u00a0\u00a0<\/span>y<span class=\"Apple-converted-space\">\u00a0\u00a0<\/span>como<span class=\"Apple-converted-space\">\u00a0\u00a0<\/span>elemento<span class=\"Apple-converted-space\">\u00a0\u00a0<\/span>clave<span class=\"Apple-converted-space\">\u00a0\u00a0<\/span>para<span class=\"Apple-converted-space\">\u00a0\u00a0<\/span>la<span class=\"Apple-converted-space\">\u00a0\u00a0<\/span>extorsi\u00f3n<span class=\"Apple-converted-space\">\u00a0\u00a0<\/span>y<span class=\"Apple-converted-space\">\u00a0\u00a0<\/span>la<span class=\"Apple-converted-space\">\u00a0\u00a0<\/span>vehiculizaci\u00f3n<span class=\"Apple-converted-space\">\u00a0\u00a0<\/span>del excedente,<span class=\"Apple-converted-space\">\u00a0\u00a0<\/span>tanto<span class=\"Apple-converted-space\">\u00a0\u00a0<\/span>entre<span class=\"Apple-converted-space\">\u00a0\u00a0<\/span>campo<span class=\"Apple-converted-space\">\u00a0\u00a0<\/span>y<span class=\"Apple-converted-space\">\u00a0\u00a0<\/span>ciudad,<span class=\"Apple-converted-space\">\u00a0\u00a0<\/span>como<span class=\"Apple-converted-space\">\u00a0\u00a0<\/span>entre<span class=\"Apple-converted-space\">\u00a0\u00a0<\/span>diversos<span class=\"Apple-converted-space\">\u00a0\u00a0<\/span>n\u00facleos<span class=\"Apple-converted-space\">\u00a0\u00a0<\/span>urbanos,<span class=\"Apple-converted-space\">\u00a0\u00a0<\/span>o<span class=\"Apple-converted-space\">\u00a0\u00a0<\/span>entre<span class=\"Apple-converted-space\">\u00a0\u00a0<\/span>periferia<span class=\"Apple-converted-space\">\u00a0\u00a0<\/span>y<span class=\"Apple-converted-space\">\u00a0\u00a0<\/span>centro<span class=\"Apple-converted-space\">\u00a0\u00a0<\/span>del<span class=\"Apple-converted-space\">\u00a0\u00a0<\/span>sistema mundial.<\/p>\n<p class=\"p40\"><a id=\"fn12\"><\/a><a href=\"#fnlink12\"><span class=\"s11\">[12]<\/span><\/a><span class=\"s11\">\u00a0<\/span>Ej\u00e9rcito e iglesia, un orden jur\u00eddico que establece las relaciones de propiedad y de explotaci\u00f3n de la fuerza de trabajo, la instrucci\u00f3n p\u00fablica en espa\u00f1ol y una inventada historia nacional desde arriba, una administraci\u00f3n centralizada, pesos y medidas, ciudadan\u00eda, etc., esto es, una imposici\u00f3n jur\u00eddica, ling\u00fc\u00edstico cultural sobre todos, incluyendo los muchas veces diseminados agrupamientos socio \u00e9tnicos<\/p>\n<p class=\"p38\"><a id=\"fn13\"><\/a><a href=\"#fnlink13\"><span class=\"s11\">[13]<\/span><\/a><span class=\"s11\">\u00a0<\/span>Debate: la econom\u00eda-mundo seg\u00fan Braudel,\u00a0<i>Consideraciones cr\u00edticas<\/i>, 22\/10\/2019; Alain Bihr<i>,\u00a0<\/i><span class=\"s12\"><i>https:\/\/vientosur.info\/<\/i><\/span><\/p>\n<p class=\"p41\"><span class=\"s13\"><i>spip.php?article15225<\/i><\/span><\/p>\n<p class=\"p41\"><span class=\"s13\"><i><a id=\"fn14\"><\/a><\/i><a href=\"#fnlink14\"><span class=\"s14\">[14]<\/span><\/a><\/span><span class=\"s14\">\u00a0<\/span><span class=\"s19\">An\u00edbal<span class=\"Apple-converted-space\">\u00a0\u00a0<\/span>Quijano,<span class=\"Apple-converted-space\">\u00a0\u00a0<\/span><\/span><span class=\"s13\">\u00bfUn<span class=\"Apple-converted-space\">\u00a0\u00a0<\/span>Nuevo<span class=\"Apple-converted-space\">\u00a0\u00a0<\/span>Comienzo?<\/span>\u00a0<span class=\"Apple-converted-space\">\u00a0 \u00a0 \u00a0 \u00a0\u00a0<\/span><span class=\"s19\">26\/02\/2009,<span class=\"Apple-converted-space\">\u00a0\u00a0<\/span><\/span><span class=\"s13\">Otro<span class=\"Apple-converted-space\">\u00a0\u00a0<\/span>horizonte<span class=\"Apple-converted-space\">\u00a0\u00a0<\/span>de<span class=\"Apple-converted-space\">\u00a0\u00a0<\/span>sentido<span class=\"Apple-converted-space\">\u00a0\u00a0<\/span>hist\u00f3rico<\/span>\u00a0<span class=\"Apple-converted-space\">\u00a0 \u00a0 \u00a0 \u00a0\u00a0<\/span><span class=\"s19\">25\/02\/2009,<span class=\"Apple-converted-space\">\u00a0\u00a0<\/span><\/span><span class=\"s13\">Des\/<\/span>\u00a0<span class=\"s13\">colonialidad del poder: el horizonte alternativo<\/span><span class=\"Apple-converted-space\">\u00a0 \u00a0 \u00a0\u00a0<\/span><span class=\"s19\">16\/05\/2008,\u00a0<\/span><span class=\"s13\">Emergencia en Hait\u00ed<\/span><span class=\"Apple-converted-space\">\u00a0 \u00a0 \u00a0\u00a0<\/span><span class=\"s19\">09\/04\/2008\u00a0<\/span><span class=\"s13\">De la resistencia a la<\/span>\u00a0<span class=\"s13\">alternativa<\/span>\u00a0<span class=\"Apple-converted-space\">\u00a0 \u00a0 \u00a0 \u00a0\u00a0<\/span><span class=\"s19\">29\/10\/2007,\u00a0<\/span><span class=\"s13\">Allende<span class=\"Apple-converted-space\">\u00a0\u00a0<\/span>otra<span class=\"Apple-converted-space\">\u00a0\u00a0<\/span>vez:<span class=\"Apple-converted-space\">\u00a0\u00a0<\/span>En<span class=\"Apple-converted-space\">\u00a0\u00a0<\/span>el<span class=\"Apple-converted-space\">\u00a0\u00a0<\/span>umbral<span class=\"Apple-converted-space\">\u00a0\u00a0<\/span>de<span class=\"Apple-converted-space\">\u00a0\u00a0<\/span>un<span class=\"Apple-converted-space\">\u00a0\u00a0<\/span>nuevo<span class=\"Apple-converted-space\">\u00a0\u00a0<\/span>periodo<span class=\"Apple-converted-space\">\u00a0\u00a0<\/span>hist\u00f3rico<\/span>\u00a0<span class=\"Apple-converted-space\">\u00a0 \u00a0 \u00a0 \u00a0 \u00a0\u00a0<\/span><span class=\"s13\">El<span class=\"Apple-converted-space\">\u00a0\u00a0<\/span>nuevo<span class=\"Apple-converted-space\">\u00a0\u00a0<\/span>imaginario<\/span>\u00a0<span class=\"s13\">anticapitalista<\/span><span class=\"Apple-converted-space\">\u00a0 \u00a0\u00a0<\/span><span class=\"s19\">08\/04\/2002\u00a0<\/span><span class=\"s13\">\u00bfEntre la Guerra Santa y la Cruzada?<\/span><span class=\"Apple-converted-space\">\u00a0 \u00a0\u00a0<\/span><span class=\"s19\">17\/10\/2001.\u00a0<\/span><span class=\"s13\">https:\/<a href=\"http:\/\/www.alainet.org\/es\/active\/37936\">\/www.alainet.org\/es\/active\/37936<\/a><\/span><\/p>\n<p class=\"p39\"><span class=\"s12\"><a id=\"fn15\"><\/a><a href=\"#fnlink15\"><span class=\"s14\">[15]<\/span><\/a><a href=\"http:\/\/www.alainet.org\/es\/active\/37936\"><span class=\"s14\">\u00a0<\/span><\/a><\/span>Jaime<span class=\"Apple-converted-space\">\u00a0\u00a0<\/span>Coronado<span class=\"Apple-converted-space\">\u00a0\u00a0<\/span>del<span class=\"Apple-converted-space\">\u00a0\u00a0<\/span>Valle,<span class=\"Apple-converted-space\">\u00a0\u00a0<\/span>Ram\u00f3n<span class=\"Apple-converted-space\">\u00a0\u00a0<\/span>Pajuelo<span class=\"Apple-converted-space\">\u00a0\u00a0<\/span>(Coordinadores)<span class=\"Apple-converted-space\">\u00a0\u00a0<\/span>\u201cLa<span class=\"Apple-converted-space\">\u00a0\u00a0<\/span>estructura<span class=\"Apple-converted-space\">\u00a0\u00a0<\/span>de<span class=\"Apple-converted-space\">\u00a0\u00a0<\/span>autoridad<span class=\"Apple-converted-space\">\u00a0\u00a0<\/span>y<span class=\"Apple-converted-space\">\u00a0\u00a0<\/span>representaci\u00f3n<span class=\"Apple-converted-space\">\u00a0\u00a0<\/span>en<span class=\"Apple-converted-space\">\u00a0\u00a0<\/span>una comunidad urbana: la experiencia de las CUAVES 1971-1990\u201d, primera parte de un libro m\u00e1s extenso\u00a0<i>Villa El Salvador: Poder\u00a0<span class=\"Apple-converted-space\">\u00a0\u00a0<\/span>y\u00a0<span class=\"Apple-converted-space\">\u00a0\u00a0<\/span>Comunidad<\/i>,\u00a0<span class=\"Apple-converted-space\">\u00a0\u00a0<\/span>Cecosan-CEIS,\u00a0<span class=\"Apple-converted-space\">\u00a0\u00a0<\/span>Lima,\u00a0<span class=\"Apple-converted-space\">\u00a0\u00a0<\/span>1996.<span class=\"Apple-converted-space\">\u00a0 \u00a0 \u00a0 \u00a0\u00a0<\/span><a href=\"http:\/\/elblogdecuaves.blogspot.com\/2016\/02\/estudios-sobre-\"><span class=\"s12\">http:\/\/elblogdecuaves.blogspot.com\/2016\/02\/estudios-sobre-<\/span><span class=\"s20\">\u00a0<\/span><span class=\"s12\">cuaves.htm<\/span><\/a><\/p>\n","protected":false},"excerpt":{"rendered":"<p>Los \u00faltimos 50 a\u00f1os marcan a la izquierda latinoamericana en el debate acerca de la transici\u00f3n al capitalismo y la<\/p>\n","protected":false},"author":9,"featured_media":8260,"comment_status":"open","ping_status":"open","sticky":false,"template":"","format":"standard","meta":{"footnotes":""},"categories":[32,14,1555,36,38],"tags":[1600,1508,1531,1602,1601],"class_list":["post-8259","post","type-post","status-publish","format-standard","has-post-thumbnail","hentry","category-america-latina","category-democracia-republica","category-imperialismo","category-movimiento-popular-poder-popular","category-partidos-instituciones-politica","tag-colonialidad-del-poder","tag-colonialismo","tag-ethos","tag-raza","tag-sistema-mundo"],"aioseo_notices":[],"_links":{"self":[{"href":"https:\/\/espai-marx.net\/index.php?rest_route=\/wp\/v2\/posts\/8259","targetHints":{"allow":["GET"]}}],"collection":[{"href":"https:\/\/espai-marx.net\/index.php?rest_route=\/wp\/v2\/posts"}],"about":[{"href":"https:\/\/espai-marx.net\/index.php?rest_route=\/wp\/v2\/types\/post"}],"author":[{"embeddable":true,"href":"https:\/\/espai-marx.net\/index.php?rest_route=\/wp\/v2\/users\/9"}],"replies":[{"embeddable":true,"href":"https:\/\/espai-marx.net\/index.php?rest_route=%2Fwp%2Fv2%2Fcomments&post=8259"}],"version-history":[{"count":0,"href":"https:\/\/espai-marx.net\/index.php?rest_route=\/wp\/v2\/posts\/8259\/revisions"}],"wp:featuredmedia":[{"embeddable":true,"href":"https:\/\/espai-marx.net\/index.php?rest_route=\/wp\/v2\/media\/8260"}],"wp:attachment":[{"href":"https:\/\/espai-marx.net\/index.php?rest_route=%2Fwp%2Fv2%2Fmedia&parent=8259"}],"wp:term":[{"taxonomy":"category","embeddable":true,"href":"https:\/\/espai-marx.net\/index.php?rest_route=%2Fwp%2Fv2%2Fcategories&post=8259"},{"taxonomy":"post_tag","embeddable":true,"href":"https:\/\/espai-marx.net\/index.php?rest_route=%2Fwp%2Fv2%2Ftags&post=8259"}],"curies":[{"name":"wp","href":"https:\/\/api.w.org\/{rel}","templated":true}]}}