{"id":8360,"date":"2020-10-07T05:00:32","date_gmt":"2020-10-07T04:00:32","guid":{"rendered":"https:\/\/espai-marx.net\/?p=8360"},"modified":"2020-10-20T11:46:18","modified_gmt":"2020-10-20T10:46:18","slug":"podcast-nueva-sesion-del-seminario-fenomenologia-del-espiritu-de-hegel-28-9-2020","status":"publish","type":"post","link":"https:\/\/espai-marx.net\/?p=8360","title":{"rendered":"Podcast: Nueva sesi\u00f3n del seminario \u201cFenomenolog\u00eda del esp\u00edritu\u201d de Hegel (28\/9\/2020)"},"content":{"rendered":"<p>Nueva sesi\u00f3n sobre sobre la <em>Fenomenolog\u00eda del esp\u00edritu<\/em> de Hegel, dentro del <a href=\"https:\/\/espai-marx.net\/?p=3969\">seminario de Espai Marx<\/a>.<\/p>\n<p><a href=\"https:\/\/espai-marx.net\/wp-content\/uploads\/2020\/01\/espaipodcastlogo3-e1580122784874.jpg\"><img loading=\"lazy\" decoding=\"async\" class=\"alignleft size-full wp-image-3960\" src=\"https:\/\/espai-marx.net\/wp-content\/uploads\/2020\/01\/espaipodcastlogo3-e1580122784874.jpg\" alt=\"\" width=\"120\" height=\"131\" \/><\/a><\/p>\n<div class=\"powerpress_player\" id=\"powerpress_player_1320\"><audio class=\"wp-audio-shortcode\" id=\"audio-8360-1\" preload=\"none\" style=\"width: 100%;\" controls=\"controls\"><source type=\"audio\/mpeg\" src=\"https:\/\/espai-marx.net\/wp-content\/uploads\/2020\/10\/28-de-set.-17.45.mp3?_=1\" \/><a href=\"https:\/\/espai-marx.net\/wp-content\/uploads\/2020\/10\/28-de-set.-17.45.mp3\">https:\/\/espai-marx.net\/wp-content\/uploads\/2020\/10\/28-de-set.-17.45.mp3<\/a><\/audio><\/div><p class=\"powerpress_links powerpress_links_mp3\" style=\"margin-bottom: 1px !important;\">Podcast: <a href=\"https:\/\/espai-marx.net\/wp-content\/uploads\/2020\/10\/28-de-set.-17.45.mp3\" class=\"powerpress_link_pinw\" target=\"_blank\" title=\"Reproducir en una nueva ventana\" onclick=\"return powerpress_pinw('https:\/\/espai-marx.net\/?powerpress_pinw=8360-podcast');\" rel=\"nofollow\">Reproducir en una nueva ventana<\/a> | <a href=\"https:\/\/espai-marx.net\/wp-content\/uploads\/2020\/10\/28-de-set.-17.45.mp3\" class=\"powerpress_link_d\" title=\"Descargar\" rel=\"nofollow\" download=\"28-de-set.-17.45.mp3\">Descargar<\/a> | <a href=\"#\" class=\"powerpress_link_e\" title=\"Incrustar\" onclick=\"return powerpress_show_embed('8360-podcast');\" rel=\"nofollow\">Incrustar<\/a><\/p><p class=\"powerpress_embed_box\" id=\"powerpress_embed_8360-podcast\" style=\"display: none;\"><input id=\"powerpress_embed_8360-podcast_t\" type=\"text\" value=\"&lt;iframe width=&quot;320&quot; height=&quot;30&quot; src=&quot;https:\/\/espai-marx.net\/?powerpress_embed=8360-podcast&amp;amp;powerpress_player=mediaelement-audio&quot; title=&quot;Blubrry Podcast Player&quot; frameborder=&quot;0&quot; scrolling=&quot;no&quot;&gt;&lt;\/iframe&gt;\" onclick=\"javascript: this.select();\" onfocus=\"javascript: this.select();\" style=\"width: 70%;\" readOnly><\/p><p class=\"powerpress_links powerpress_subscribe_links\">Suscr\u00edbete: <a href=\"https:\/\/www.youtube.com\/@PodcastdeEspaiMarx-ht2uc\" class=\"powerpress_link_subscribe powerpress_link_subscribe_youtube\" target=\"_blank\" title=\"Suscr\u00edbete a YouTube Music\" rel=\"nofollow\">YouTube Music<\/a> | <a href=\"https:\/\/espai-marx.net\/?feed=podcast\" class=\"powerpress_link_subscribe powerpress_link_subscribe_rss\" target=\"_blank\" title=\"Suscr\u00edbete v\u00eda RSS\" rel=\"nofollow\">RSS<\/a><\/p>","protected":false},"excerpt":{"rendered":"<p>Nueva sesi\u00f3n sobre sobre la Fenomenolog\u00eda del esp\u00edritu de Hegel, dentro del seminario de Espai Marx.<\/p>\n","protected":false},"author":5,"featured_media":0,"comment_status":"open","ping_status":"open","sticky":false,"template":"","format":"standard","meta":{"footnotes":""},"categories":[883,8,856,869],"tags":[],"class_list":["post-8360","post","type-post","status-publish","format-standard","hentry","category-filosofia-del-espiritu-de-g-w-f-hegel","category-filosofia","category-podcast","category-seminarios"],"aioseo_notices":[],"_links":{"self":[{"href":"https:\/\/espai-marx.net\/index.php?rest_route=\/wp\/v2\/posts\/8360","targetHints":{"allow":["GET"]}}],"collection":[{"href":"https:\/\/espai-marx.net\/index.php?rest_route=\/wp\/v2\/posts"}],"about":[{"href":"https:\/\/espai-marx.net\/index.php?rest_route=\/wp\/v2\/types\/post"}],"author":[{"embeddable":true,"href":"https:\/\/espai-marx.net\/index.php?rest_route=\/wp\/v2\/users\/5"}],"replies":[{"embeddable":true,"href":"https:\/\/espai-marx.net\/index.php?rest_route=%2Fwp%2Fv2%2Fcomments&post=8360"}],"version-history":[{"count":0,"href":"https:\/\/espai-marx.net\/index.php?rest_route=\/wp\/v2\/posts\/8360\/revisions"}],"wp:attachment":[{"href":"https:\/\/espai-marx.net\/index.php?rest_route=%2Fwp%2Fv2%2Fmedia&parent=8360"}],"wp:term":[{"taxonomy":"category","embeddable":true,"href":"https:\/\/espai-marx.net\/index.php?rest_route=%2Fwp%2Fv2%2Fcategories&post=8360"},{"taxonomy":"post_tag","embeddable":true,"href":"https:\/\/espai-marx.net\/index.php?rest_route=%2Fwp%2Fv2%2Ftags&post=8360"}],"curies":[{"name":"wp","href":"https:\/\/api.w.org\/{rel}","templated":true}]}}