{"id":8371,"date":"2020-10-10T05:00:06","date_gmt":"2020-10-10T04:00:06","guid":{"rendered":"https:\/\/espai-marx.net\/?p=8371"},"modified":"2020-10-10T10:35:56","modified_gmt":"2020-10-10T09:35:56","slug":"los-yunteros-de-extremadura-1936","status":"publish","type":"post","link":"https:\/\/espai-marx.net\/?p=8371","title":{"rendered":"Los yunteros de Extremadura (1936)"},"content":{"rendered":"<p><iframe loading=\"lazy\" title=\"LOS YUNTEROS DE EXTREMADURA (1936).\" width=\"800\" height=\"600\" src=\"https:\/\/www.youtube.com\/embed\/jMDsnqwPX5M?feature=oembed\" frameborder=\"0\" allow=\"accelerometer; autoplay; clipboard-write; encrypted-media; gyroscope; picture-in-picture; web-share\" referrerpolicy=\"strict-origin-when-cross-origin\" allowfullscreen><\/iframe><\/p>\n<p class=\"article-text\" style=\"padding-left: 120px;\">\u201cCurtidos en el campo, del color de la tierra, rudos, veteranos (\u2026) Solo a fuerza de labrar una y otra vez la yunta deja la tierra en condiciones de producir\u201d.<\/p>\n<p class=\"article-text\">As\u00ed describe la pel\u00edcula<strong> \u2018Los Yunteros de Extremadura\u2019<\/strong> las duras condiciones de vida de los jornaleros de los a\u00f1os 30. Se trata de un trabajo documental in\u00e9dito, perdido y desconocido hasta 2012, que grab\u00f3 Francisco Gonz\u00e1lez de la Riva, Marqu\u00e9s de Villa-Alc\u00e1zar, para el <strong>Instituto de Reforma Agraria de la Segunda Rep\u00fablica.<\/strong><\/p>\n<p class=\"article-text\">Tiene un gran valor hist\u00f3rico porque es el \u00fanico documento audiovisual de la \u00e9poca del que se tiene constancia que trate la problem\u00e1tica de los yunteros. <strong>Aborda el conflicto latente del campo extreme\u00f1o y lo hace con un af\u00e1n did\u00e1ctico.<\/strong> \u201cSe dirige a un p\u00fablico analfabeto para mostrar la miseria, el hambre que se pasa en el campo extreme\u00f1o, explica <strong>\u00c1ngel Olmedo, de la Asociaci\u00f3n para la Recuperaci\u00f3n de la Memoria Hist\u00f3rica en Extremadura.<\/strong><\/p>\n<p class=\"article-text\"><strong>La Diputaci\u00f3n de Badajoz y la asociaci\u00f3n de memoria extreme\u00f1a proyectan este documento in\u00e9dito en 10 localidades de la provincia,<\/strong> dentro del proyecto \u00abExtremadura en el espejo de la memoria\u00bb. La iniciativa conmemora el 80 aniversario de la Guerra Civil espa\u00f1ola y la recuperaci\u00f3n, conservaci\u00f3n y difusi\u00f3n del documental ha sido posible gracias a la <strong>Filmoteca de Extremadura.<\/strong><\/p>\n<p class=\"article-text\"><strong>\u00bfC\u00f3mo aparece? <\/strong><\/p>\n<p class=\"article-text\">Durante la guerra civil la oficina de propaganda republicana en Par\u00eds pidi\u00f3 material audiovisual para la defensa de la causa republicana. Parece que \u201cLos Yunteros de Extremadura\u201d fue uno de los documentales enviado, detalla el colectivo extreme\u00f1o de memoria hist\u00f3rica. Al finalizar la guerra es probable que fuera depositado en la Embajada rusa en Par\u00eds y posteriormente enviada desde all\u00ed a <strong>Mosc\u00fa.<\/strong><\/p>\n<p class=\"article-text\">En 2012 <strong>la Universidad Estatal Rusa de Humanidades entreg\u00f3 a la Xunta de Galicia un DVD<\/strong> con el t\u00edtulo \u2018The Documentary Film-chronicle of Spain (1936-1939)\u2019. Un documento de 36 minutos de im\u00e1genes que conten\u00eda dentro el documental de los yunteros extreme\u00f1os, que aparece sin los cr\u00e9ditos finales.<\/p>\n<p class=\"article-text\"><strong>\u00bfQu\u00e9 muestra?<\/strong><\/p>\n<p class=\"article-text\">Ofrece una visi\u00f3n antropol\u00f3gica del problema de la tierra en Extremadura. Se rod\u00f3 entre marzo y mayo de 1936 y aborda la dureza de la vida en el campo y el hambre.<\/p>\n<p class=\"article-text\">As\u00ed muestra detalles de las viviendas y de las carencias de los jornaleros para fijarse en la vida de ni\u00f1os y ancianos. Una de las escenas muestra la alegr\u00eda de una familia que va a comer carne porque han encontrado un cerdo muerto de rabia.<\/p>\n<p class=\"article-text\">Narra tambi\u00e9n la presencia de nueve matrimonios que habitan en la misma casa de la Extremadura rural, acompa\u00f1ados de un viejo candil y un agujero como modo de ventilaci\u00f3n. Otros que lo hacen directamente lo hacen en chozos, \u201ccomo los pastores de la Biblia\u201d.<\/p>\n<p class=\"article-text\">El trabajo audiovisual aborda cuestiones como la distribuci\u00f3n de las rentas obtenida de la tierra, y c\u00f3mo <strong>los beneficios se van fuera de la regi\u00f3n, a manos de grandes terratenientes.<\/strong> En el an\u00e1lisis, m\u00e1s detalles como las herramientas de los labradores, con yuntas completamente rudimentarias, los mismos aperos que dos milenios atr\u00e1s utilizaban los romanos.<\/p>\n<p class=\"article-text\">Analiza las causas de tanta miseria, para fijar la mirada en aquellos pueblos metidos en grandes fincas abandonadas, que no se labran y que solo sirven para alimentar a los animales, mientras \u201cel pueblo sin jornales, ahogado por falta de tierra vive en la miseria\u201d.<\/p>\n<figure><picture class=\"news-image\"><source srcset=\"https:\/\/static.eldiario.es\/clip\/83edc6fc-40f0-47b7-a036-733c9e283d07_16-9-aspect-ratio_50p_0.jpg\" media=\"(max-width: 576px)\" data-srcset=\"https:\/\/static.eldiario.es\/clip\/83edc6fc-40f0-47b7-a036-733c9e283d07_16-9-aspect-ratio_50p_0.jpg\" \/><source srcset=\"https:\/\/static.eldiario.es\/clip\/83edc6fc-40f0-47b7-a036-733c9e283d07_16-9-aspect-ratio_75p_0.jpg\" media=\"(max-width: 768px)\" data-srcset=\"https:\/\/static.eldiario.es\/clip\/83edc6fc-40f0-47b7-a036-733c9e283d07_16-9-aspect-ratio_75p_0.jpg\" \/><source srcset=\"https:\/\/static.eldiario.es\/clip\/83edc6fc-40f0-47b7-a036-733c9e283d07_16-9-aspect-ratio_default_0.jpg\" media=\"(min-width: 769px)\" data-srcset=\"https:\/\/static.eldiario.es\/clip\/83edc6fc-40f0-47b7-a036-733c9e283d07_16-9-aspect-ratio_default_0.jpg\" \/><img class=\"lazy loaded\" alt=\"\" data-was-processed=\"true\" \/> <\/picture><\/figure>\n<p class=\"article-text\"><strong>Una visi\u00f3n institucional del problema<\/strong><\/p>\n<p class=\"article-text\">Algunos han hecho comparaciones con este documento con <strong>\u2018Tierra sin pan\u2019, que graba Luis Bu\u00f1uel en Las Hurdes,<\/strong> aunque no son documentos comparables porque el de los yunteros lo graba un organismo oficial, en este caso la II Rep\u00fablica.<\/p>\n<p class=\"article-text\">As\u00ed lo explica el historiador \u00c1ngel Olmedo, que apunta que aunque s\u00ed se muestra la problem\u00e1tica del campo, no hace lo mismo con las reivindicaciones que se dan en aquella \u00e9poca en el campo. El documental no hace alusi\u00f3n a las<strong> ocupaciones de los campesinos y la lucha por cambiar la situaci\u00f3n de miseria que se est\u00e1 narrando.<\/strong><\/p>\n<p class=\"article-text\">Siendo un documento elaborado por la II Rep\u00fablica,<strong> no deja de ofrecer una visi\u00f3n institucional del problema, sin mostrar por ejemplo las ocupaciones colectivas del 25 de marzo<\/strong> de miles de yunteros que se echan al campo. Sin embargo es un trabajo que coincide en el tiempo con las ocupaciones campesinas.<\/p>\n<p class=\"article-text\">Hay que tener en cuenta que en este contexto se trata de una cuesti\u00f3n que desborda los cauces institucionales.<\/p>\n<p class=\"article-text\"><strong>Perdido hasta 2012<\/strong><\/p>\n<p class=\"article-text\" style=\"text-align: left;\">\u2018Los Yunteros de Extremadura\u2019 es un documento perdido hasta 2012 y un trabajo completamente desconocido hasta entonces. De hecho su autor, <strong>Francisco Gonz\u00e1lez de la Riva, Marqu\u00e9s de Villa-Alc\u00e1zar,<\/strong> ni siquiera reivindica su autor\u00eda. Quiz\u00e1s tambi\u00e9n porque poco tiempo despu\u00e9s \u00e9ste se pas\u00f3 al bando de los sublevados cuando comenz\u00f3 la guerra, y con ellos continu\u00f3 realizando documentales durante la dictadura franquista.<\/p>\n<p class=\"article-text\" style=\"text-align: left;\">La Asociaci\u00f3n de Memoria Hist\u00f3rica de Extremadura recuerda las palabras del autor, que se\u00f1alaba que no hace pel\u00edculas como espect\u00e1culo, sino como \u201cense\u00f1anza\u201d. Otros de sus trabajos son Abonos (1934), Semillas (1934), El Barbecho (1935), Seda en Espa\u00f1a, 1941, Lana de Espa\u00f1a, 1943, Industrias l\u00e1cteas, 1945, Abejas y colmenas, 1948, El Jerez (1959) [se pueden visionar en <a href=\"https:\/\/www.mapa.gob.es\/es\/ministerio\/archivos-bibliotecas-mediateca\/mediateca\/documentales-marques.aspx\">este enlace<\/a> del Ministerio de Agricultura].<\/p>\n<p>Fuente del texto: <a href=\"https:\/\/www.eldiario.es\/extremadura\/cultura\/yunteros-extremadura-documental-inedito-miseria_1_3712950.html\">Art\u00edculo de prensa de Jes\u00fas Conde en Eldiario.es<\/a> (27\/11\/2016).<\/p>\n","protected":false},"excerpt":{"rendered":"<p>\u201cCurtidos en el campo, del color de la tierra, rudos, veteranos (\u2026) Solo a fuerza de labrar una y otra<\/p>\n","protected":false},"author":5,"featured_media":8378,"comment_status":"open","ping_status":"open","sticky":false,"template":"","format":"standard","meta":{"footnotes":""},"categories":[1567,1558,17,833],"tags":[1616],"class_list":["post-8371","post","type-post","status-publish","format-standard","has-post-thumbnail","hentry","category-campesinado","category-condiciones-de-vida-sociedad","category-historia","category-videos","tag-extremadura"],"aioseo_notices":[],"_links":{"self":[{"href":"https:\/\/espai-marx.net\/index.php?rest_route=\/wp\/v2\/posts\/8371","targetHints":{"allow":["GET"]}}],"collection":[{"href":"https:\/\/espai-marx.net\/index.php?rest_route=\/wp\/v2\/posts"}],"about":[{"href":"https:\/\/espai-marx.net\/index.php?rest_route=\/wp\/v2\/types\/post"}],"author":[{"embeddable":true,"href":"https:\/\/espai-marx.net\/index.php?rest_route=\/wp\/v2\/users\/5"}],"replies":[{"embeddable":true,"href":"https:\/\/espai-marx.net\/index.php?rest_route=%2Fwp%2Fv2%2Fcomments&post=8371"}],"version-history":[{"count":0,"href":"https:\/\/espai-marx.net\/index.php?rest_route=\/wp\/v2\/posts\/8371\/revisions"}],"wp:featuredmedia":[{"embeddable":true,"href":"https:\/\/espai-marx.net\/index.php?rest_route=\/wp\/v2\/media\/8378"}],"wp:attachment":[{"href":"https:\/\/espai-marx.net\/index.php?rest_route=%2Fwp%2Fv2%2Fmedia&parent=8371"}],"wp:term":[{"taxonomy":"category","embeddable":true,"href":"https:\/\/espai-marx.net\/index.php?rest_route=%2Fwp%2Fv2%2Fcategories&post=8371"},{"taxonomy":"post_tag","embeddable":true,"href":"https:\/\/espai-marx.net\/index.php?rest_route=%2Fwp%2Fv2%2Ftags&post=8371"}],"curies":[{"name":"wp","href":"https:\/\/api.w.org\/{rel}","templated":true}]}}