{"id":8429,"date":"2020-10-22T05:00:35","date_gmt":"2020-10-22T04:00:35","guid":{"rendered":"https:\/\/espai-marx.net\/?p=8429"},"modified":"2020-10-19T03:10:04","modified_gmt":"2020-10-19T02:10:04","slug":"anibal-quijano-una-vida-tras-una-discutible-categoria-iv-final","status":"publish","type":"post","link":"https:\/\/espai-marx.net\/?p=8429","title":{"rendered":"Anibal Quijano: Una vida tras una discutible categor\u00eda (IV- Final)"},"content":{"rendered":"<h1>Conclusiones<\/h1>\n<p>Quijano propone el paso de la resistencia al capitalismo colonial y al imperialismo a la alternativa, que es la descolonialidad, la emancipaci\u00f3n del eurocentrismo, primero la subjetividad y luego la existencia social, es la democratizaci\u00f3n de la sociedad, la producci\u00f3n de sociedad alejada del multiculturalismo liberal euroc\u00e9ntrico, recupera el buen vivir y la interculturalidad, como proyecto pol\u00edtico articulado desde la diferencia colonial, apunta hacia la pluri-versalidad y la pluri- nacionalidad. Dice as\u00ed:<\/p>\n<p>Ha comenzado as\u00ed un proceso de des\/colonialidad de la existencia social. Eso implica, en primer t\u00e9rmino, nuestra emancipaci\u00f3n del Eurocentrismo, esa forma de producir subjetividad (imaginario social, memoria hist\u00f3rica y conocimiento) de modo distorsionado y distorsionante, que, aparte de la violencia, es el m\u00e1s eficaz instrumento de control que el capitalismo colonial\/moderno tiene para mantener la existencia social de la especie humana dentro de este patr\u00f3n de poder. Esa emancipaci\u00f3n es, precisamente, lo que esta ocurriendo; eso es lo que significa descubrir que los recursos de sobrevivencia de los \u201cind\u00edgenas\u201d del mundo son los mismos recursos de la vida en el planeta, y descubrir al mismo tiempo, en el mismo movimiento de nuestras luchas, que ya tenemos la tecnolog\u00eda social para prescindir del capitalismo.<\/p>\n<p>Aprenderemos tambi\u00e9n a organizarnos y a movilizarnos desde esa misma perspectiva: produciendo ya nuestras propias formas de existencia social, liberadas de dominaci\u00f3n, de discriminaci\u00f3n racista\/etnicista\/sexista; produciendo nuevas formas de comunidad, como nuestra autoridad pol\u00edtica; produciendo libertad y autonom\u00eda para cada individuo como una expresi\u00f3n de la diversidad social y de la solidaridad; decidiendo democr\u00e1ticamente lo que necesitamos y queremos producir; acudiendo a y usando los m\u00e1ximos niveles de la tecnolog\u00eda para producir los bienes y valores que necesitemos; expandiendo la reciprocidad en la distribuci\u00f3n de trabajo, de productos, de servicios; produciendo desde ese piso social la \u00e9tica social alternativa a la del mercado y del lucro colonial\/capitalista. Eso es lo que significa la producci\u00f3n democr\u00e1tica de una sociedad democr\u00e1tica.<\/p>\n<p>Como podemos apreciar, estamos frente a un cambio de propuesta con la que seguramente hubiese estado de acuerdo Arguedas. Sin embargo, creemos que Quijano siempre vivi\u00f3 la tensi\u00f3n entre ser regido por la concepci\u00f3n cientificista de la pol\u00edtica que viene del liberalismo, para el cual el \u00e1mbito de la pol\u00edtica son las instituciones denominadas \u201cEstado\u201d y solo participan quienes saben de pol\u00edtica; y la opuesta, seg\u00fan la cual la pol\u00edtica es un acto de creatividad generado por la comunidad y la aparici\u00f3n de un hacer antes inexistente, el ethos, en un sentido antropol\u00f3gico (las costumbres, las formas y expectativas de consumo, de formas de vida, de hacer lo correcto en la relaci\u00f3n comunitaria), producto de la deliberaci\u00f3n creativa de la comunidad, y no creaci\u00f3n impuesta. El capitalismo en las \u00faltimas siete d\u00e9cadas molde\u00f3 las vidas cotidianas de las clases subalternas, en torno al individualismo y el consumismo, acabando con la autonom\u00eda cultural de las clases subalternas, comunidades que comparten y reproducen una cultura material de vida, en cuyo interior se pueden producir luchas y tensiones, pero que es aceptada y constituye el marco hegem\u00f3nico de poder de una clase. Por tanto, se trata de producir a la vez un Sujeto soberano activo que controle en comunidad la actividad que genera, y un orden cultural nuevo, creado por ese hacer en com\u00fan democr\u00e1tico, autoconstruido. La libertad individual es la influencia liberal de John Rawls y otros en los a\u00f1os setenta, que arremete contra la prioridad ontol\u00f3gica de la comunidad sobre el individuo, influenciando sobre la izquierda acad\u00e9mica que recurre a privatizar el ethos, entregar la polis a la privacidad, al poder de los poderosos, el socialismo ahora es una mejora y un desarrollo del capitalismo y su cultura, no una alternativa de civilizaci\u00f3n. Se extraen conclusiones pol\u00edticas ad hoc para la comodidad de los intelectuales.<\/p>\n<p>Es cierto que vienen aumentando las luchas anti raciales, feministas contra el patriarcado y por derechos, por derechos humanos, por mejores salarios y contra la precarizaci\u00f3n, tambi\u00e9n crecen los conflictos \u00e9tnicos y por los territorios, pero todas estas resistencias son dispersas, espont\u00e1neas y c\u00edclicas; en menor medida crecen las luchas contra el capitalismo neoliberal, el imperialismo y sus poderes concretados en el extractivismo, el despojo, la deuda, el individualismo y el consumismo, la financiarizaci\u00f3n de los pa\u00edses y de la vida cotidiana, el control de los poderes del Estado, la corrupci\u00f3n, la sumisi\u00f3n electoral, etc. Estas luchas solo pueden adquirir sentido de futuro desde un proyecto emancipatorio, desde abajo, desde las alianzas de clase y \u00e9tnicas.<\/p>\n<p>Las tendencias pol\u00edticas sobre alternativas de la izquierda los a\u00f1os 60 a\u00fan subsisten en Am\u00e9rica Latina y el Per\u00fa, en particular. Las luchas por la tierra y territorio de las guerrillas, desde el MIR hasta el PCP-SL reaparecen en las FARC-ELN y en el zapatismo; el nacionalismo de Velasco, Torres, Torrijos, etc. renace por ejemplo en los hermanos Humala que terminaron siendo neoliberales; el proyecto de Izquierda Unida prosigue en el Foro de Sao Paulo, los gobiernos progresistas neoliberales y una izquierda atomizada y resignada ante el liberalismo e integrada al Estado; los de la experiencia comunal de los luchadores migrantes y Quijano, ahora est\u00e1n dedicados a la especulaci\u00f3n epistemol\u00f3gica decolonial y antieuroc\u00e9ntrica en centros de investigaci\u00f3n y en sus congresos. Las luchas democr\u00e1ticas anticoloniales por la autonom\u00eda y la autodeterminaci\u00f3n a\u00fan sond\u00e9biles y localizadas, pero potencialmente podr\u00e1n derivar en los combates emancipatorios en un mediano plazo.<\/p>\n<p>En suma, sigue siendo necesaria una pr\u00e1ctica y un conocimiento desde las especificidades locales y regionales a partir de trabajos hist\u00f3ricos mucho m\u00e1s espec\u00edficos, ubic\u00e1ndonos en el momento hist\u00f3rico que vivimos. Parece necesario replantear el papel que juega la noci\u00f3n de raza en dicho entramado te\u00f3rico por hacer, como tambi\u00e9n sobre su supuesto origen en la dominaci\u00f3n colonial en Am\u00e9rica. Dicha cuesti\u00f3n parece ser una de las principales dificultades en el pensamiento y trayectoria te\u00f3rica de An\u00edbal Quijano: entender el ethos colonial en toda su complejidad pol\u00edtica, econ\u00f3mica y cultural, as\u00ed como pensar no desde ni para, sino con los pueblos ind\u00edgenas la salida de este entramado de poder reiteradamente colonial y ya entrados al siglo XXI. En suerte de colof\u00f3n, y considerando la detallada argumentaci\u00f3n expuesta, no solo cabe reafirmar que la obra y el pensamiento cr\u00edticos de Jos\u00e9 Mar\u00eda Arguedas super\u00f3 en su visi\u00f3n de lo ind\u00edgena al de su arrogante contendor, desde aquella ya lejana mesa del IEP (1965), sino que dicha senda la contin\u00faan todos quienes aporten desde las luchas de los pueblos al an\u00e1lisis e imaginaci\u00f3n para la aut\u00e9ntica emancipaci\u00f3n y transformaci\u00f3n democr\u00e1tico-popular de las duras realidades vividas a diario por los pueblos latinoamericanos. En dicho camino y esperanza, sobre bases hist\u00f3ricas concretas, se inscribe el presente trabajo.<\/p>\n<h3>Bibliograf\u00eda<\/h3>\n<p>Araya, Alejandra \u201c\u00bfCastas o razas?: imaginario sociopol\u00edtico y cuerpos mezclados en la Am\u00e9rica colonial. Una propuesta desde los cuadros de castas\u201d, en Hilderman Cardona y Sandra Pedraza (Comp.), Al otro lado del cuerpo. Estudios biopol\u00edticos en Am\u00e9rica Latina, Universidad de los Andes\/Universidad de Medell\u00edn, Colombia, 2014, pp. 53-77.<br \/>\nAeguedas, Jos\u00e9 Mar\u00eda, http:\/\/www.librosperuanos.com\/libros\/detalle\/3287\/Las-cartas-de- Arguedas.<br \/>\nAlain Bihr, \u201cDebate: la econom\u00eda-mundo seg\u00fan Braudel\u201d, Consideraciones cr\u00edticas, 22\/10\/2019, https:\/\/vientosur.info\/spip.php?article15225<br \/>\nBautista, Rafael. (2014). Reflexiones des-coloniales. La Paz: Rinc\u00f3n Ediciones.<\/p>\n<p>Clavijero, Francisco Javier, Historia antigua de M\u00e9xico, 2 tomos, M\u00e9xico, Editorial Delf\u00edn, Cl\u00e1sicos de Historia de Am\u00e9rica, 1944.<\/p>\n<p>Fontana Josep, Historia. An\u00e1lisis del pasado y proyecto social, Cr\u00edtica, Barcelona, 1982.<\/p>\n<p>Gilberto L\u00f3pez y Rivas, Etnomarxismo y cuesti\u00f3n \u00e9tnico-nacional en Am\u00e9rica Latina, 2020: https:\/\/vocesenlucha.com\/etnomarxismo-y-cuestion-etnico-nacional-en-america-latina\/<\/p>\n<p>Gonz\u00e1lez Casanova, Pablo, El colonialismo interno, http:\/\/biblioteca.clacso.edu.ar\/gsdl\/collect\/clacso\/index\/assoc\/D8782.dir\/colonia.pdf<\/p>\n<p>Gonz\u00e1lez Casanova, Pablo, Colonialismo interno (una redefinici\u00f3n), Universidad Nacional Aut\u00f3noma de M\u00e9xico Instituto de Investigaciones Sociales, 2003: http:\/\/ conceptos.sociales.unam.mx\/conceptos_final\/412trabajo.pdfGhrosfoguel, Ram\u00f3n, (2012), \u201cEl concepto de \u00abracismo\u00bb en Michel Foucault y Frantz Fanon:\u00bfteorizar desde la zona del ser o desde la zona del no-ser?\u201d Tabula Rasa no.16 Bogot\u00e1 Jan.\/ June 2012, http:\/\/www.scielo.org.co\/scielo.php?script=sci_arttext&amp;pid=S179424892012000100006&amp;lng=en&amp;nrm=iso&amp;tlng=es<\/p>\n<p>Kogan, Andres, El D\u00eda Mundial de la Tierra: \u201cEn los \u00faltimos siglos se ha intentado hacer creer que estamos por encima de ella\u201d, 2020: https:\/\/www.eldesconcierto.cl\/2020\/04\/22\/andres-kogan-y-el- dia-mundial-de-la-tierra-en-los-ultimos-siglos-se-ha-intentado-hacer-creer-que-estamos-por- encima-de-ella\/<br \/>\nLugones, Mar\u00eda, \u201cColonialidad y g\u00e9nero\u201d, Tabula Rasa, n\u00fam. 9, julio-diciembre, 2008, pp. 73-101. Le\u00f3n-Portilla, Miguel, El indio vivo visto por los frailes en el siglo XVI, Palabras de fray Tom\u00e1s<br \/>\nOrtiz registradas por Pedro M\u00e1rtir de Anglu\u00eda, D\u00e9cadas del Nuevo Mundo, 2v., S\u00e9ptima d\u00e9cada,<br \/>\nescrita en 1524, M\u00e9xico, Jos\u00e9 Porr\u00faa e hijos, 1965, t. II, p. 609. Tomado de : http:\/\/www.scielo.org.mx\/scielo.php?script=sci_arttext&amp;pid=S0071-16752010000100012<\/p>\n<p>Lewis Hanke, Bartolom\u00e9 de las Casas, EUDEBA, Buenos Aires, 1968, p. 16. Citado por OswaldoAlbornoz Peralta, Justificaci\u00f3n de la conquista ydominaci\u00f3n de los ind\u00edgenas americanos, https:\/\/www.uv.es\/~pla\/solidaritat\/justconq.htm<\/p>\n<p>Mari\u00e1tegui, Jos\u00e9 Carlos, Siete ensayos de interpretaci\u00f3n de la realidad peruana, Obras completas, Vol. 2, Ed. Amauta. Lima, Per\u00fa, 1975.<br \/>\nDefensa del marxismo, Obras completas, Vol. 5. Ed. Amauta, 1973.<br \/>\nPeruanicemos al Per\u00fa, Obras completas, Vol. 11. Ed. Amauta, 1975<br \/>\nIdeolog\u00eda y pol\u00edtica, Obras completas, Vol. 13. Ed. Amauta, 1975.<\/p>\n<p>Mart\u00ednez Andrade, Luis, \u201cLa reconfiguraci\u00f3n de la colonialidad del poder y la construcci\u00f3n del Estado-naci\u00f3n en Am\u00e9rica Latina\u201d, Am\u00e9rique Latine Histoire et M\u00e9moire. Les Cahiers ALHIM, en l\u00ednea, 15, 2008, Publicado el 29 junio 2009, URL: http:\/\/journals.openedition.org\/alhim\/2878<\/p>\n<p>Miras Albarr\u00e1n, https:\/\/rebelion.org\/ethos-es-la-denominacion-para-el-saber-practico-que-ponemos- constantemente-en-obra-no-puede-existir-ni-actividad-humana-ni-sociedad-sin-el\/<\/p>\n<p>Miras Albarran, Joaqu\u00edn. En Cazarabet conversa con\u2026 Joaqu\u00edn Miras, autor de Praxis pol\u00edtica y Estado republicano. Cr\u00edtica del republicanismo liberal: http:\/\/www.cazarabet.com\/conversacon\/ fichas\/fichas1\/praxispolitica.htm<\/p>\n<p>Mendoza, Breny, La epistemolog\u00eda del sur la colonialidad de g\u00e9nero y el feminismo latinoamericano:<br \/>\nh t t p s : \/ \/ w w w . a c a d e m i a . e d u \/ 3 7 6 9 6 8 2 2 \/ Breny_Mendoza_La_epistemologia_del_sur_la_colonialidad_de_genero_y_el_feminismo_latinoam ericano<\/p>\n<p>Carlos P\u00e9rez Soto, De la relaci\u00f3n entre Hegel y Marx y sus diferencias sobre el Estado de Derecho. file:\/\/\/Users\/imac\/Desktop\/Argumentos_86.pdf.pdf<\/p>\n<p>Parraguez, Isidro, \u201cNotas cr\u00edticas sobre el uso de la noci\u00f3n de raza en la \u2018colonialidad del poder\u2019 de An\u00edbal Quijano\u201d, Observatorio Latinoamericano y Caribe\u00f1o, A\u00f1o 2019, N\u00b0 3, file:\/\/\/Volumes\/ KINGSTON\/3522-12110-1-PB.pdf.<\/p>\n<p>An\u00edbal Quijano An\u00edbal, Nacionalismo, neoimperialismo y militarismo en el Per\u00fa, Buenos Aires, Periferia, 1971.Crisis imperialista y clase obrera en Am\u00e9rica Latina, Lima, Edici\u00f3n del autor, 1974.Imperialismo y marginalidad en Am\u00e9rica Latina. Lima, Mosca Azul Ediciones, 1977.Dominaci\u00f3n y cultura. Lo cholo y el conflicto cultural en el Per\u00fa, Lima, Mosca azul editores,1980.Modernidad, identidad y utop\u00eda en Am\u00e9rica Latina, Lima, Sociedad y Pol\u00edtica Ediciones,1988.Colonialidad y modernidad\/racionalidad, Quito, FLACSO, 1992.\u201cColonialidad del poder, globalizaci\u00f3n y democracia\u201d, 2001: E n h t t p : \/ \/www.rrojasdatabank.info\/pfpc\/quijan02.pdf.<\/p>\n<p>Jos\u00e9 Carlos Mari\u00e1tegui y Europa, el otro lado del descubrimiento, Lima, Empresa Editora<br \/>\nAmauta,1993\u201cLa colonialidad del poder y la experiencia cultural latinoamericana\u201d, en Pueblo, \u00e9poca y desarrollo : la sociolog\u00eda de Am\u00e9rica Latina, Caracas, Nueva sociedad, 1998.\u201cColonialidad del poder, eurocentrismo y Am\u00e9rica Latina\u201d, en La colonialidad del saber :eurocentrismo y ciencias sociales, Buenos Aires, CLACSO 2000.<br \/>\n\u201cColonialidad del poder. Cultura y conocimiento en Am\u00e9rica Latina\u201d, en Capitalismo y geopol\u00edtica del conocimiento, Buenos Aires, Ediciones del Signo, 2001.<br \/>\nOtros art\u00edculos: \u00bfUn Nuevo Comienzo? 26\/02\/2009, Otro horizonte de sentido hist\u00f3rico 25\/02\/2009, Des\/colonialidad del poder: el horizonte alternativo 16\/05\/2008,<br \/>\n09\/04\/2008 De la resistencia a la alternativa 29\/10\/2007, Allende otra vez: En el umbral de un nuevo periodo hist\u00f3rico El nuevo imaginario anticapitalista 08\/04\/2002 \u00bfEntre la Guerra Santa y la Cruzada? 17\/10\/2001. https:\/\/www.alainet.org\/es\/active\/37936<\/p>\n<p>Rappaport, Joanne, \u201cLetramiento y mestizaje en el Nuevo Reino de Granada, siglos XVI y XVII\u201d.Di\u00e1logo Andino, 46, 2015, pp. 9-26.de Sahag\u00fan, Bernardino Historia general de las cosas de Nueva Espa\u00f1a, https:\/\/tuul.tv\/es\/cultura\/abusos-iglesia-cometio-sociedades-prehispanicas<\/p>\n<p>Trigo, Abril, \u201cUna lectura materialista de la colonialidad\u201d, Revista Alternativas, The Ohio StateUniversity. https:\/\/alternativas.osu.edu\/es\/issues\/autumn-2014\/essays2\/trigo.html<\/p>\n<p>Trigo 2012, \u201cCrisis-y-transfiguracion-de-los-estudios-culturales-latinoamericanos\u201d. santiago-cuarto- p r o p i o &#8211; 2 0 1 2 &#8211; p p &#8211; 3 1 4 &#8211; 1 2 4 3 &#8211; p a p e r \/ 9 9 B D 0 D C 2 9 F 1 A 8 1 6 0 E 1 9 2 B C 0 A 7 6 4 0 B 3 0 E , h t t p s : \/ \/ www.cambridge.org\/core\/journals\/americas\/article\/cultural-studies-abril-trigo-Wallerstein, Inmanuel, El moderno sistema mundial, 3 vols., Siglo XXI, Madrid, 2016.<\/p>\n<p>Zinn, Howard, : http:\/\/canarias-semanal.org\/art\/27281\/cristobal-colon-el-genocida-sin-escrupulos<\/p>\n","protected":false},"excerpt":{"rendered":"<p>Conclusiones Quijano propone el paso de la resistencia al capitalismo colonial y al imperialismo a la alternativa, que es la<\/p>\n","protected":false},"author":3,"featured_media":8431,"comment_status":"open","ping_status":"open","sticky":false,"template":"","format":"standard","meta":{"footnotes":""},"categories":[32,14,13,1543],"tags":[1613],"class_list":["post-8429","post","type-post","status-publish","format-standard","has-post-thumbnail","hentry","category-america-latina","category-democracia-republica","category-la-izquierda-a-debate","category-pensadores","tag-anibal-quijano"],"aioseo_notices":[],"_links":{"self":[{"href":"https:\/\/espai-marx.net\/index.php?rest_route=\/wp\/v2\/posts\/8429","targetHints":{"allow":["GET"]}}],"collection":[{"href":"https:\/\/espai-marx.net\/index.php?rest_route=\/wp\/v2\/posts"}],"about":[{"href":"https:\/\/espai-marx.net\/index.php?rest_route=\/wp\/v2\/types\/post"}],"author":[{"embeddable":true,"href":"https:\/\/espai-marx.net\/index.php?rest_route=\/wp\/v2\/users\/3"}],"replies":[{"embeddable":true,"href":"https:\/\/espai-marx.net\/index.php?rest_route=%2Fwp%2Fv2%2Fcomments&post=8429"}],"version-history":[{"count":0,"href":"https:\/\/espai-marx.net\/index.php?rest_route=\/wp\/v2\/posts\/8429\/revisions"}],"wp:featuredmedia":[{"embeddable":true,"href":"https:\/\/espai-marx.net\/index.php?rest_route=\/wp\/v2\/media\/8431"}],"wp:attachment":[{"href":"https:\/\/espai-marx.net\/index.php?rest_route=%2Fwp%2Fv2%2Fmedia&parent=8429"}],"wp:term":[{"taxonomy":"category","embeddable":true,"href":"https:\/\/espai-marx.net\/index.php?rest_route=%2Fwp%2Fv2%2Fcategories&post=8429"},{"taxonomy":"post_tag","embeddable":true,"href":"https:\/\/espai-marx.net\/index.php?rest_route=%2Fwp%2Fv2%2Ftags&post=8429"}],"curies":[{"name":"wp","href":"https:\/\/api.w.org\/{rel}","templated":true}]}}