{"id":850,"date":"2007-11-30T00:00:00","date_gmt":"2007-11-30T00:00:00","guid":{"rendered":"https:\/\/espai-marx.net\/?p=850"},"modified":"2020-02-26T08:36:10","modified_gmt":"2020-02-26T07:36:10","slug":"que-paso","status":"publish","type":"post","link":"https:\/\/espai-marx.net\/?p=850","title":{"rendered":"\u00bfQu\u00e9 pas\u00f3?"},"content":{"rendered":"<p>En contraste con lo que propala la prensa estos d\u00edas, la la 17 Cumbre Latinoamericana realizada en Santiago de Chile hace unos d\u00edas escenific\u00f3 una grave provocaci\u00f3n de los altos dignatarios espa\u00f1oles hacia los presidentes de Venezuela y de Nicaragua, en realidad hacia todos los pa\u00edses latinoamericanos que actualmente se esfuerzan por defender su soberan\u00eda y recursos frente al imperialismo, as\u00ed como mejorar las condiciones de vida de sus respectivas poblaciones y \u00e1rea geogr\u00e1fica. Cronistas independientes se\u00f1alan que estos incidentes, tristemente c\u00e9lebres ya, arrancan del discurso de Rodr\u00edguez Zapatero en la ceremonia de clausura de la Cumbre, y en particular de las siguientes palabras pronunciadas entonces: \u00abNacionalizar o renacionalizar: el hecho de que la prestaci\u00f3n de determinados servicios p\u00fablicos se realice desde el sector p\u00fablico o el privado, no garantiza nada.\u00bb Ante estas palabras, Hugo Ch\u00e1vez se apresur\u00f3 a intervenir y expuso a los restantes jefes de estado la siguiente conversaci\u00f3n mantenida con Aznar, en julio de 1999: \u00abAznar me dijo: Vengo (como presidente del estado espa\u00f1ol) a invitarte a que te unas a nuestro club, tienes petr\u00f3leo, tienes que incorporarte al primer mundo (.) Entonces, yo le hice una preguntita. \u00bfMira, Aznar, t\u00fa que opinas de Hait\u00ed, de Centroam\u00e9rica y de \u00c1frica. Pido perd\u00f3n por lo que voy a decir, Aznar me respondi\u00f3: &#8216;Esos se jodieron'(sic). Ah\u00ed mostr\u00f3 todo el rostro horrible del fascismo y del racismo (.).\u00bb. Y a continuaci\u00f3n, Ch\u00e1vez a\u00f1adi\u00f3: \u00bb (.) Se puede hablar sobre las privatizaciones. Yo no estoy de acuerdo con lo que ha dicho el presidente del gobierno espa\u00f1ol. Venezuela ten\u00eda una compa\u00f1\u00eda a\u00e9rea nacional, Viasa. Fue privatizada y la compr\u00f3 una compa\u00f1\u00eda a\u00e9rea espa\u00f1ola, que liquid\u00f3 la compa\u00f1\u00eda. Se llevaron los aviones, desmantelaron todo, despidieron a los empleados y se quedaron con las rutas internacionales \u00a1se llevaron hasta las aeromozas m\u00e1s bellas! Hoy, tenemos que pagar la jubilaci\u00f3n de los trabajadores de Viasa\u00bb Fue entonces cuando Zapatero pidi\u00f3 la palabra para defender a Aznar y cuando el Borb\u00f3n le espet\u00f3 a Ch\u00e1vez \u00ab\u00bfpor qu\u00e9 no te callas?\u00bb. Pero la presidenta cort\u00f3 el cruce de palabras y se la concedi\u00f3 a Daniel Ortega, presidente de Nicaragua, que no dud\u00f3 en se\u00f1alar: \u00abYo (tambi\u00e9n) tengo que hablar de las empresas espa\u00f1olas en Nicaragua. Uni\u00f3n Fenosa es una empresa el\u00e9ctrica espa\u00f1ola. Compraron mediante actos de corrupci\u00f3n las empresas generadoras que estaban en buen estado donde pod\u00edan sacarle utilidades y ganar lo que estaban dando por la empresa en un a\u00f1o. Hoy, tenemos cortes de electricidad todos los d\u00edas en Nicaragua. Son una mafia. Es una estructura mafiosa, t\u00e1cticas gansteriles dentro de la econom\u00eda global de las que son v\u00edctimas nuestros pa\u00edses por culpa de los (gobiernos) peleles\u00bb. A lo que se ve, estas palabras fueron m\u00e1s de lo que su borb\u00f3nica majestad pod\u00eda aguantar, y en un gesto nada diplom\u00e1tico, se levant\u00f3 y abandon\u00f3 la sala. Resulta imposible, por tanto, tratar de explicar estos \u00abincidentes\u00bb sin relacionarlos pol\u00edticamente con lo que hicieron y hacen las multinacionales espa\u00f1olas en Latinoam\u00e9rica. Porque Ch\u00e1vez y Ortega tienen raz\u00f3n, las multinacionales \u00abespa\u00f1olas\u00bb (que en un alto porcentaje son propiedad de bancos y fondos de inversi\u00f3n de los Estados Unidos) han cumplido un claro papel en Sudam\u00e9rica. Sus inversiones se han destinado al saqueo de estos pa\u00edses, llev\u00e1ndose las riquezas naturales o esquilmando a la poblaci\u00f3n con los servicios, e incluso comprando a bajo precio empresas aut\u00f3ctonas, habitualmente empresas nacionales privatizadas, para desmantelarlas y vender los activos. Repsol compr\u00f3 YPF, abandon\u00f3 todas las prospecciones de b\u00fasqueda de nuevos yacimientos, y se ha limitado a extraer el petr\u00f3leo a ritmo acelerado (los expertos dicen que en unos 7 a\u00f1os se agotar\u00e1). Iberia no s\u00f3lo desmantel\u00f3 Viasa: hizo lo mismo con Aerol\u00edneas Argentinas. Y las multinacionales de otros pa\u00edses no han hecho otra cosa. Una pr\u00e1ctica que no crea, sino que destruye empleo y riqueza. La defensa del expresidente Aznar por parte de Zapatero y los exabruptos del rey forman parte, en definitiva, de la misma l\u00ednea de actuaci\u00f3n pro-imperialista: atacar las RE-nacionalizaciones que buscan los gobiernos latinoamericanos m\u00e1s progresistas y defender los intereses de las multinacionales en esta regi\u00f3n. Es m\u00e1s, con los comportamientos mostrados en este incidente, ha vuelto a quedar patente que Juan Carlos no soporta la democracia y trata al gobierno espa\u00f1ol y a los gobiernos latinoamericanos como s\u00fabditos, aunque tambi\u00e9n \u00e9l es un s\u00fabdito de m\u00e1s altos poderes, y por eso act\u00faa como un pe\u00f3n m\u00e1s de la campa\u00f1a de desestabilizaci\u00f3n que el fascismo estadounidense organiza en v\u00edsperas del refer\u00e9ndum constitucional que Venezuela celebrar\u00e1 el pr\u00f3ximo 8 de diciembre. Un refer\u00e9ndum del que la prensa apenas cuenta otra cosa que la aspiraci\u00f3n de Ch\u00e1vez para seguir pudiendo presentarse a m\u00e1s elecciones (es decir, el mismo derecho del que gozan los pol\u00edticos aqu\u00ed en Espa\u00f1a, por ejemplo), pero que supone importantes avances sociales, como la reducci\u00f3n de la jornada laboral, la instauraci\u00f3n como principio constitucional del sector estatal de la econom\u00eda. Precisamente, no es ninguna casualidad que, junto a la campa\u00f1a encubridora de los \u00abfalsimedia\u00bb, el compartamiento de los altos dignatarios espa\u00f1oles en la cumbre de Santiago tambi\u00e9n haya recibido la m\u00e1s cordial felicitaci\u00f3n del embajador de los Estados Unidos en Espa\u00f1a, Eduardo Aguirre: \u00abEspa\u00f1a tiene un rey de lujo y un presidente que en este caso, est\u00e1 defendiendo a las instituciones espa\u00f1olas, incluyendo a Aznar, que tambi\u00e9n es un ex presidente de lujo que tiene la cortes\u00eda de agradecer a Zapatero sus comentarios (.) Espa\u00f1a se ha cubierto de gloria en este caso\u00bb. Ante todo esto, en conclusi\u00f3n, como trabajadores y como gentes de izquierdas no podemos sino felicitarnos de que Ch\u00e1vez cuestione a la CEOE y anuncie que va a vigilar a las multinacionales con sede en el Estado espa\u00f1ol, como Repsol, con las que tantas cosas nos enfrentan. Los pueblos del Estado espa\u00f1ol no tienen nada que defender en esa pol\u00edtica de las instituciones mon\u00e1rquicas y del gobierno en defensa de los intereses del imperialismo y de las multinacionales, aunque \u00e9stas tengan nombre espa\u00f1ol. Nuestros intereses deben ser muy otros. Adem\u00e1s de construir relaciones de fraternidad con los trabajadores y los pueblos implicados en la defensa de las naciones libres y soberanas de Am\u00e9rica, nuestra prioridad sigue siendo acabar con la monarqu\u00eda heredera del franquismo e instaurar la Rep\u00fablica.<\/p>\n<p>&nbsp;<\/p>\n","protected":false},"excerpt":{"rendered":"<p><P>  <\/P><\/p>\n","protected":false},"author":9,"featured_media":0,"comment_status":"open","ping_status":"open","sticky":false,"template":"","format":"standard","meta":{"footnotes":""},"categories":[32],"tags":[],"class_list":["post-850","post","type-post","status-publish","format-standard","hentry","category-america-latina"],"aioseo_notices":[],"_links":{"self":[{"href":"https:\/\/espai-marx.net\/index.php?rest_route=\/wp\/v2\/posts\/850","targetHints":{"allow":["GET"]}}],"collection":[{"href":"https:\/\/espai-marx.net\/index.php?rest_route=\/wp\/v2\/posts"}],"about":[{"href":"https:\/\/espai-marx.net\/index.php?rest_route=\/wp\/v2\/types\/post"}],"author":[{"embeddable":true,"href":"https:\/\/espai-marx.net\/index.php?rest_route=\/wp\/v2\/users\/9"}],"replies":[{"embeddable":true,"href":"https:\/\/espai-marx.net\/index.php?rest_route=%2Fwp%2Fv2%2Fcomments&post=850"}],"version-history":[{"count":0,"href":"https:\/\/espai-marx.net\/index.php?rest_route=\/wp\/v2\/posts\/850\/revisions"}],"wp:attachment":[{"href":"https:\/\/espai-marx.net\/index.php?rest_route=%2Fwp%2Fv2%2Fmedia&parent=850"}],"wp:term":[{"taxonomy":"category","embeddable":true,"href":"https:\/\/espai-marx.net\/index.php?rest_route=%2Fwp%2Fv2%2Fcategories&post=850"},{"taxonomy":"post_tag","embeddable":true,"href":"https:\/\/espai-marx.net\/index.php?rest_route=%2Fwp%2Fv2%2Ftags&post=850"}],"curies":[{"name":"wp","href":"https:\/\/api.w.org\/{rel}","templated":true}]}}