{"id":8503,"date":"2020-10-31T05:00:32","date_gmt":"2020-10-31T04:00:32","guid":{"rendered":"https:\/\/espai-marx.net\/?p=8503"},"modified":"2020-10-25T02:51:34","modified_gmt":"2020-10-25T01:51:34","slug":"50-anos-50-voces-homenaje-a-lazaro-cardenas","status":"publish","type":"post","link":"https:\/\/espai-marx.net\/?p=8503","title":{"rendered":"50 a\u00f1os, 50 voces: homenaje a L\u00e1zaro C\u00e1rdenas"},"content":{"rendered":"<p style=\"padding-left: 160px; text-align: right;\">\u00abGobierno o individuo que entrega los recursos naturales a empresas extranjeras, traiciona a la patria.\u00bb L\u00e1zaro C\u00e1rdenas<\/p>\n<p><a href=\"https:\/\/espai-marx.net\/wp-content\/uploads\/2020\/10\/la-banca-del-cardenismo.jpg\"><img loading=\"lazy\" decoding=\"async\" class=\"size-full wp-image-8507 aligncenter\" src=\"https:\/\/espai-marx.net\/wp-content\/uploads\/2020\/10\/la-banca-del-cardenismo.jpg\" alt=\"\" width=\"979\" height=\"664\" srcset=\"https:\/\/espai-marx.net\/wp-content\/uploads\/2020\/10\/la-banca-del-cardenismo.jpg 979w, https:\/\/espai-marx.net\/wp-content\/uploads\/2020\/10\/la-banca-del-cardenismo-300x203.jpg 300w, https:\/\/espai-marx.net\/wp-content\/uploads\/2020\/10\/la-banca-del-cardenismo-768x521.jpg 768w\" sizes=\"auto, (max-width: 979px) 100vw, 979px\" \/><\/a><\/p>\n<p><strong>50 A\u00d1OS, 50 VOCES<\/strong><\/p>\n<p>Hace un par de meses, nos habl\u00f3 el Presidente del Ateneo Espa\u00f1ol de M\u00e9xico, nuestro querido amigo Ernesto Casanova, se acercaba una fecha importante. Hoy 19 de octubre, hace exactamente medio siglo el pueblo de M\u00e9xico se despidi\u00f3 del General L\u00e1zaro C\u00e1rdenas del R\u00edo, un personaje del que, como nos lo coment\u00f3 Mart\u00ed Batres, \u201cse pueden llenar\u00a0bibliotecas\u201d.<\/p>\n<p>Ante la imposibilidad de organizar, como lo merece la efem\u00e9ride, un gran acto masivo, era necesario dejar alguna evidencia testimonial y para lograrlo, en esta \u00e9poca de pandemia, se pens\u00f3 utilizar alguna de las t\u00e9cnicas de conexi\u00f3n social a las que ahora estamos sometidos, dentro de nuestras prisiones domiciliarias. \u00bfC\u00f3mo abrir un espacio en directo para las tantas voces que, seguramente, querr\u00edan rendir homenaje?\u00a0\u00a0Ante la dificultad de realizar en l\u00ednea un evento en vivo, se tom\u00f3 la decisi\u00f3n de editar un video basado en las historias del General que quisieran compartirnos quienes fueron convocados.<\/p>\n<p>Y as\u00ed, con el c\u00famulo de informaci\u00f3n que nos lleg\u00f3, realizamos el trabajo \u201c50 A\u00f1os, 50 Voces\u201d, un documental que hoy se presenta para todos ustedes.<\/p>\n<p><strong>UNA ROSA BLANCA\u00a0\u00a0<\/strong><\/p>\n<p>Seguramente algunos recuerdan c\u00f3mo, en la primaria, celebr\u00e1bamos\u00a0<u>el 18 de marzo<\/u>, nuestra participaci\u00f3n infantil, a veces, consist\u00eda en recitar alg\u00fan pasaje de la gran epopeya o elaborar, para el peri\u00f3dico mural escolar, las t\u00edpicas cartulinas donde\u00a0peg\u00e1bamos las historias recortadas de los impresos de la expropiaci\u00f3n, adquiridos en las papeler\u00edas, y es que, sin duda, aquel momento, cuando se retom\u00f3 el rumbo del pa\u00eds, marc\u00f3 a todos. Esa decisi\u00f3n, tomada entonces, quiz\u00e1 como nunca,\u00a0logr\u00f3 unir al pueblo de M\u00e9xico y pienso que aquel sentir no debemos olvidarlo por ning\u00fan motivo, ni siquiera por la ahora tan sonada \u201ctesis ecol\u00f3gica\u201d de lo\u00a0peligrosa que resulta, para el mundo, la decisi\u00f3n de consumir lo que nos queda de petr\u00f3leo y aprovechar sus valiosos derivados.<\/p>\n<p>Una de esas contradicciones ideol\u00f3gicas que, respecto a este tema, vivimos en M\u00e9xico ocurri\u00f3 cuando se film\u00f3 <em>La Rosa Blanca<\/em>, en la pel\u00edcula un agricultor mexicano (Ignacio L\u00f3pez Tarso) y su esposa (Rita Macedo) fueron despojados arteramente de sus tierras por unos delincuentes industriales americanos, deseaban quedarse con el petr\u00f3leo que emerg\u00eda en aquel rancho\u00a0\u00a0con nombre de flor.\u00a0\u00a0Recuerdo que mi padre se enfurec\u00eda porque la pel\u00edcula, producida en 1961 por su amigo Roberto Gavald\u00f3n, permaneci\u00f3 enlatada durante 11 a\u00f1os. Aunque la sencilla historia de B. Traven hab\u00eda sido muy bien adaptada al cine, con un gui\u00f3n de Emilio Carballido, los sensores gubernamentales asumieron que no era conveniente enojar a nuestros vecinos del norte, ya que el film \u00abpromov\u00eda un peligroso nacionalismo\u00bb.<\/p>\n<p>Finalmente, el 20 de julio de 1972, pude asistir con mi padre al cine Roble para presenciar la tard\u00eda premier, y el evento fue emocionante, en aquel espacio abarrotado, al proyectarse la parte final de la pel\u00edcula, se escuch\u00f3 la voz de C\u00e1rdenas, por la radio, anunciando la expropiaci\u00f3n petrolera y fluyeron en la pantalla las c\u00e9lebres im\u00e1genes, se mostraba c\u00f3mo un pueblo\u00a0entusiasta llevaba su humilde aportaci\u00f3n para contribuir con tan importante acci\u00f3n nacionalizadora. En el cine, las emotivas im\u00e1genes hicieron que el p\u00fablico se levantara\u00a0de sus asientos y aplaudiera largamente para rendir un efusivo homenaje al General.<\/p>\n<p style=\"text-align: right; padding-left: 120px;\">\u00abUna econom\u00eda bien dirigida reclama como base fundamental hacer justicia a las clases trabajadoras\u00bb.<br \/>\nL\u00e1zaro C\u00e1rdenas<\/p>\n<p><strong>SENDA DE GLORIA\u00a0<\/strong><\/p>\n<p>M\u00e1s all\u00e1 de nuestro petr\u00f3leo recuperado, el legado de C\u00e1rdenas se manifiesta en otros frentes:\u00a0por su aporte al reparto agrario, por la fundaci\u00f3n de importantes instituciones educativas y, desde luego, por su decidido actuar en cuanto a su firme posici\u00f3n respecto a la tragedia fascista que se gestaba en Europa.<\/p>\n<p>Conoc\u00ed la esencia m\u00e1s profunda del General en 1987, cuando ya hab\u00edan pasado 17 a\u00f1os de su partida, en la casa de mi querido amigo,\u00a0el primer actor Arturo Beristain, ese lugar se hab\u00eda convertido en una especie de santuario del personaje ya que para imbuirse en lo que era y representaba el presidente, era necesario recrear, en su h\u00e1bitat,\u00a0de manera muy especial, su historia. En la serie televisiva \u201cSenda de gloria\u201d los \u00faltimos cap\u00edtulos fueron dedicados a la magna obra del Cardenismo y Arturo deb\u00eda mostrar a M\u00e9xico los mejores momentos de ese gobierno.\u00a0El reto era enorme, Arturo sab\u00eda que para lograr revivir a L\u00e1zaro C\u00e1rdenas deb\u00eda trabajar mucho.<\/p>\n<p>\u201cUna cosa es caracterizar un personaje y otra disfrazarse de \u00e9l, que es lo que haces si vas a una fiesta de fantas\u00eda, pero recrear a mi General requer\u00eda de un\u00a0trabajo muy especial de interpretaci\u00f3n\u201d.<\/p>\n<p>La casa de Arturo,\u00a0all\u00e1 en la Del Valle,\u00a0estaba\u00a0plagada de fotograf\u00edas, eran cientos las que invad\u00edan los pasillos, la cocina, el ba\u00f1o y hasta el techo, y s\u00ed, tambi\u00e9n hab\u00eda una encima de su cama, el lugar era\u00a0todo un espacio de culto donde Don L\u00e1zaro aparec\u00eda en cada esquina, muy vivo, de mil maneras, caminando, dando un discurso, comiendo, con encuadres de cerca, de lejos, con y sin gente a su lado. Pero lo que result\u00f3 verdaderamente interesante para m\u00ed fue que pude conocer,\u00a0en aquellas agradables sesiones, algunas de\u00a0las historias del General que, apasionadamente, me compart\u00eda Arturo, como\u00a0la de los dos relojes que acostumbraba portar,\u00a0\u201cEn la obra esto es una met\u00e1fora de semiolog\u00eda actoral visual sobre el personaje\u201d, me dice Arturo, \u201cla utilic\u00e9 para mostrar cu\u00e1l es el tiempo bueno,\u00a0el del pasado\u00a0o el del presente\u201d.<\/p>\n<p>Tambi\u00e9n supe de un problema que el General ten\u00eda en el codo, era la secuela de alguna acci\u00f3n militar que lo obligaba a mover su brazo de cierta manera,\u00a0 \u201cpor eso hac\u00eda esos movimientos\u201d me detallaba Arturo, al reproducir las escenas del video en el momento justo en que informa a los empresarios americanos que no habr\u00eda marcha atr\u00e1s en cuanto a la expropiaci\u00f3n.<\/p>\n<p>\u201cEn cierta \u00e9poca, mi General caminaba ligeramente de lado porque,\u00a0al comenzar su mandato, lo operaron del ap\u00e9ndice\u201d.<\/p>\n<p>Para representar al personaje, Arturo tuvo que subir m\u00e1s de 20 kilos, adem\u00e1s de usar botarga y camisas apretadas.<\/p>\n<p>Pero lo incre\u00edble,\u00a0respecto a este enorme esfuerzo de producci\u00f3n, organizado por Ernesto Alonso y dirigido por Raul Araiza,\u00a0es que, llegado el momento de su transmisi\u00f3n por red nacional, el gobierno y la misma Televisa\u00a0eliminaron todos los cap\u00edtulos del Cardenismo, eran \u00e9pocas de elecciones presidenciales y contend\u00edan, principalmente, Salinas de Gortari y Cuauht\u00e9moc C\u00e1rdenas,\u00a0\u00a0y entonces as\u00ed, sin argumento alguno, decidieron borrar la historia.<\/p>\n<p>Incluso si ahora buscan informaci\u00f3n en Wikipedia sobre la serie televisiva, encontrar\u00e1n que ni el presidente C\u00e1rdenas ni el actor Beristain aparecen en los cr\u00e9ditos.<\/p>\n<p>En M\u00e9xico, historias prohibidas, como las de La Rosa Blanca y Senda de Gloria, hay muchas, pero como lo dice Arturo, \u201cseguramente algo hicimos bien con nuestro trabajo, ya que la\u00a0\u00a0representaci\u00f3n del gran personaje mexicano, ir\u00f3nicamente, fue premiada en los Estados Unidos mientras que en nuestro pa\u00eds era censurada\u201d.<\/p>\n<p><a href=\"https:\/\/espai-marx.net\/wp-content\/uploads\/2020\/10\/senda-de-gloria-1.jpg\"><img loading=\"lazy\" decoding=\"async\" class=\"aligncenter size-full wp-image-8508\" src=\"https:\/\/espai-marx.net\/wp-content\/uploads\/2020\/10\/senda-de-gloria-1.jpg\" alt=\"\" width=\"985\" height=\"557\" srcset=\"https:\/\/espai-marx.net\/wp-content\/uploads\/2020\/10\/senda-de-gloria-1.jpg 985w, https:\/\/espai-marx.net\/wp-content\/uploads\/2020\/10\/senda-de-gloria-1-300x170.jpg 300w, https:\/\/espai-marx.net\/wp-content\/uploads\/2020\/10\/senda-de-gloria-1-768x434.jpg 768w\" sizes=\"auto, (max-width: 985px) 100vw, 985px\" \/><\/a><\/p>\n<p><strong>A MEDIO SIGLO\u00a0<\/strong><\/p>\n<p>Hoy, a 50 a\u00f1os de distancia, result\u00f3 conmovedora la acci\u00f3n\u00a0de aquellos que en M\u00e9xico y Espa\u00f1a\u00a0respondieron inmediatamente con los env\u00edos de sus cr\u00f3nicas, agradecimientos, an\u00e9cdotas, poemas, ah\u00ed est\u00e1, a trav\u00e9s de sus voces, la memoria viva de un general que entendi\u00f3 el sentido de la solidaridad junto con el concepto de igualdad, porque en aquellas tristes \u00e9pocas, cuando triunfaba\u00a0lo m\u00e1s bajo de la condici\u00f3n humana, lo com\u00fan no era ser antifascista. Ante el negro emerger de los retrocesos sociales en Europa, C\u00e1rdenas no se qued\u00f3 callado y denunci\u00f3 el c\u00f3mplice silencio de muchos pa\u00edses llamados \u201cdemocr\u00e1ticos\u201d.<\/p>\n<p>Cuando el crimen franquista se impuso con el apoyo de Hitler y Mussolini, una luz apareci\u00f3 del otro lado del continente.<\/p>\n<p>En un documental que realizamos para el nuevo Museo Kaluz, donde se recoge el trabajo de\u00a0los pintores del Exilio Republicano, a 80 a\u00f1os de su arribo a M\u00e9xico,\u00a0se concluye\u00a0con la\u00a0cr\u00f3nica de un emotivo homenaje que la pintora<b>\u00a0<\/b>Marta Palau Bosch\u00a0le hizo al general.\u00a0Es un creativo montaje donde coloc\u00f3, en contrapunto con sus dibujos, varios manuscritos que recab\u00f3 entre\u00a0intelectuales y artistas, en ellos se\u00a0manifiesta su sentir ante la obra del presidente C\u00e1rdenas. Al final de su interesante propuesta gr\u00e1fica,\u00a0Palau incluye un texto de Fernando Gamboa en el que se lee \u201cViaj\u00e9 a M\u00e9xico con fotograf\u00edas de lo que suced\u00eda en Espa\u00f1a y las llev\u00e9 al General, al verlas, con indignaci\u00f3n, dio un golpe en el escritorio y expreso, dile a Negr\u00edn que redoblaremos la ayuda lo m\u00e1s que nos sea posible\u201d\u2026 y as\u00ed fue.<\/p>\n<p>Joaqu\u00edn Berruecos<br \/>\nTlalpan CDMX<br \/>\n19 de octubre del 2020<br \/>\nJusto a 50 a\u00f1os de su partida<\/p>\n<div style=\"width: 640px;\" class=\"wp-video\"><video class=\"wp-video-shortcode\" id=\"video-8503-1\" width=\"640\" height=\"360\" preload=\"metadata\" controls=\"controls\"><source type=\"video\/mp4\" src=\"https:\/\/kathedra.org\/Files\/0\/1\/4\/File16030414100676770594.mp4?_=1\" \/><a href=\"https:\/\/kathedra.org\/Files\/0\/1\/4\/File16030414100676770594.mp4\">https:\/\/kathedra.org\/Files\/0\/1\/4\/File16030414100676770594.mp4<\/a><\/video><\/div>\n<p>Fuente del v\u00eddeo: <a href=\"https:\/\/kathedra.org\/cgi-bin\/KathedraDetalle?Session=011603579232324&amp;metaPCE=OynaOpOcFkOQiD35ONZk\/lfAYW43127CgEJFUlqozikw13WApS3ZAH4a57uFy5jiCh79ffXtDF3trAprRUzKTmOWF\/tdAlUgceobm1wgl9Feqqm2JIkujgJknlvfEriYyzGxRk1NLh80f4vZwagtCCy0wx==\">Kathedra<\/a><\/p>\n","protected":false},"excerpt":{"rendered":"<p>\u00abGobierno o individuo que entrega los recursos naturales a empresas extranjeras, traiciona a la patria.\u00bb L\u00e1zaro C\u00e1rdenas 50 A\u00d1OS, 50<\/p>\n","protected":false},"author":5,"featured_media":8505,"comment_status":"open","ping_status":"open","sticky":false,"template":"","format":"standard","meta":{"footnotes":""},"categories":[32,17,833],"tags":[1621,1620],"class_list":["post-8503","post","type-post","status-publish","format-standard","has-post-thumbnail","hentry","category-america-latina","category-historia","category-videos","tag-lazaro-cardenas","tag-mexico"],"aioseo_notices":[],"_links":{"self":[{"href":"https:\/\/espai-marx.net\/index.php?rest_route=\/wp\/v2\/posts\/8503","targetHints":{"allow":["GET"]}}],"collection":[{"href":"https:\/\/espai-marx.net\/index.php?rest_route=\/wp\/v2\/posts"}],"about":[{"href":"https:\/\/espai-marx.net\/index.php?rest_route=\/wp\/v2\/types\/post"}],"author":[{"embeddable":true,"href":"https:\/\/espai-marx.net\/index.php?rest_route=\/wp\/v2\/users\/5"}],"replies":[{"embeddable":true,"href":"https:\/\/espai-marx.net\/index.php?rest_route=%2Fwp%2Fv2%2Fcomments&post=8503"}],"version-history":[{"count":0,"href":"https:\/\/espai-marx.net\/index.php?rest_route=\/wp\/v2\/posts\/8503\/revisions"}],"wp:featuredmedia":[{"embeddable":true,"href":"https:\/\/espai-marx.net\/index.php?rest_route=\/wp\/v2\/media\/8505"}],"wp:attachment":[{"href":"https:\/\/espai-marx.net\/index.php?rest_route=%2Fwp%2Fv2%2Fmedia&parent=8503"}],"wp:term":[{"taxonomy":"category","embeddable":true,"href":"https:\/\/espai-marx.net\/index.php?rest_route=%2Fwp%2Fv2%2Fcategories&post=8503"},{"taxonomy":"post_tag","embeddable":true,"href":"https:\/\/espai-marx.net\/index.php?rest_route=%2Fwp%2Fv2%2Ftags&post=8503"}],"curies":[{"name":"wp","href":"https:\/\/api.w.org\/{rel}","templated":true}]}}