{"id":8513,"date":"2020-11-01T05:00:42","date_gmt":"2020-11-01T04:00:42","guid":{"rendered":"https:\/\/espai-marx.net\/?p=8513"},"modified":"2020-10-25T03:28:10","modified_gmt":"2020-10-25T02:28:10","slug":"entrevista-a-carlos-fernandez-rodriguez-sobre-los-otros-camaradas-el-pce-en-los-origenes-del-franquismo-1939-1945","status":"publish","type":"post","link":"https:\/\/espai-marx.net\/?p=8513","title":{"rendered":"Entrevista a Carlos Fern\u00e1ndez Rodr\u00edguez sobre <i>Los otros camaradas. El PCE en los or\u00edgenes del franquismo (1939-1945)<\/i>"},"content":{"rendered":"<p>Doctor en Historia por la Universidad Complutense de Madrid con la tesis titulada <em>La reorganizaci\u00f3n y la oposici\u00f3n del PCE al franquismo (1939-1946)<\/em>, Carlos Fern\u00e1ndez Rodr\u00edguez posee un curso de posgrado por la UNED en Especialista Universitario en Archiv\u00edstica. Ha trabajado en varios proyectos hist\u00f3ricos como <em>San Fernando de Henares para la recuperaci\u00f3n del Patrimonio hist\u00f3rico de la localidad<\/em> (2001-2002) y <em>Proyecto Hist\u00f3rico sobre la memoria perdida en Villamiel de Toledo<\/em> (2007-2008). Su labor de investigaci\u00f3n ha sido diversa, destacando los asuntos relacionados con la oposici\u00f3n al franquismo y la historia social en la militancia comunista.<\/p>\n<p>A lo largo de estos a\u00f1os ha escrito art\u00edculos para Congresos, pr\u00f3logo de libros, peri\u00f3dicos y revistas y tiene varias publicaciones: <em>Madrid Clandestino. La reestructuraci\u00f3n del PCE, 1939-1945<\/em> (2002), <em>La lucha es tu vida. Retrato de nueve mujeres republicanas combatientes<\/em> (2008) y <em>Yuncler, un viaje por la historia<\/em> (2017). Tambi\u00e9n ha colaborado en la obra colectiva <em>Checas: miedo y odio en Espa\u00f1a durante la Guerra Civil. La voz de los testimonios en la Causa General<\/em> (2017).<\/p>\n<p>Forma parte del grupo del proyecto de investigaci\u00f3n, <em>Madrid, una ciudad en guerra, 1936-1953<\/em> y de <em>Historia Social<\/em>, ambas de la UCM. Y en los \u00faltimos a\u00f1os ha trabajado como asesor hist\u00f3rico, archivero y documentalista en varios proyectos e investigaciones hist\u00f3ricas.<\/p>\n<p>Su \u00faltimo libro publicado es <em>Los otros camaradas. El PCE en los or\u00edgenes del franquismo (1939-1945)<\/em> (Zaragoza: Prensas de la Universidad de Zaragoza, 2020). En \u00e9l centramos nuestra conversaci\u00f3n.<\/p>\n<p>*<\/p>\n<p><strong><a href=\"https:\/\/espai-marx.net\/wp-content\/uploads\/2020\/10\/los-otros-camaradas.jpg\"><img loading=\"lazy\" decoding=\"async\" class=\"alignleft wp-image-8515 \" src=\"https:\/\/espai-marx.net\/wp-content\/uploads\/2020\/10\/los-otros-camaradas-715x1024.jpg\" alt=\"\" width=\"245\" height=\"351\" srcset=\"https:\/\/espai-marx.net\/wp-content\/uploads\/2020\/10\/los-otros-camaradas-715x1024.jpg 715w, https:\/\/espai-marx.net\/wp-content\/uploads\/2020\/10\/los-otros-camaradas-209x300.jpg 209w, https:\/\/espai-marx.net\/wp-content\/uploads\/2020\/10\/los-otros-camaradas-768x1101.jpg 768w, https:\/\/espai-marx.net\/wp-content\/uploads\/2020\/10\/los-otros-camaradas.jpg 1000w\" sizes=\"auto, (max-width: 245px) 100vw, 245px\" \/><\/a>Mi m\u00e1s sincera enhorabuena por tu libro. \u00a1Con sus mil ochenta y dos p\u00e1ginas y sus mil historias, a cu\u00e1l m\u00e1s interesante, se me van a quedar muchas preguntas en el tintero! Perm\u00edteme empezar por el t\u00edtulo: \u00bfPor qu\u00e9 Los otros camaradas? \u00bfQui\u00e9nes son esos \u201cotros camaradas\u201d?<\/strong><\/p>\n<p>El libro <em>Los otros camaradas<\/em> es un proyecto de m\u00e1s de veinte a\u00f1os de duraci\u00f3n. En la historiograf\u00eda sobre la historia del Partido Comunista de Espa\u00f1a se ha dedicado muchas p\u00e1ginas a estudiar a sus dirigentes y cuadros intermedios de los diferentes Bur\u00f3s Pol\u00edticos y Comit\u00e9s Centrales. Los \u201cotros camaradas\u201d son los miles de comunistas clandestinos que en su gran mayor\u00eda se quedaron en el pa\u00eds para reorganizar y protagonizar la principal lucha contra el franquismo, incluso antes de terminar la Guerra Civil. Aunque se trate extensamente de aquellos dirigentes, he querido dar importancia a aquellos militantes an\u00f3nimos y combatientes contra los postulados dictatoriales en el seno de la m\u00e1s dura clandestinidad y enrolados en los diferentes comit\u00e9s locales, provinciales y regionales del PCE en todo el pa\u00eds y en aquella primera y m\u00e1s dura clandestinidad. Como indico en el pr\u00f3logo del libro son centenares de peque\u00f1as historias entrelazadas y de relatos humanizados de una cultura militante clandestina extendida a lo largo de sus vidas y sus acciones.<\/p>\n<p><strong>Sobre el subt\u00edtulo: \u201cEl PCE en los or\u00edgenes del franquismo (1939-1945)\u201d. \u00bfPor qu\u00e9 hasta 1945? \u00bfPor el final de la II Guerra Mundial?<\/strong><\/p>\n<p>La investigaci\u00f3n produjo una gran cantidad de informaci\u00f3n, no s\u00f3lo de fondos documentales, sino tambi\u00e9n de historia oral. Un libro tan extenso de m\u00e1s de mil hojas ten\u00eda que tener un punto y seguido. La idea es hacer un segundo volumen que pudiera terminar con la d\u00e9cada de los a\u00f1os cuarenta del siglo pasado. El libro finaliza en los primeros meses de 1945 y va dando apuntes de lo que pasar\u00eda con el final de la II Guerra Mundial, con la separaci\u00f3n de los dos bloques enfrentados en Europa y como la coyuntura internacional tambi\u00e9n influy\u00f3 en las pol\u00edticas y directrices del PCE, no s\u00f3lo en Espa\u00f1a, sino tambi\u00e9n en Francia y en M\u00e9xico. La llegada de Santiago Carrillo y sus hombres tambi\u00e9n produjo un punto de inflexi\u00f3n en la organizaci\u00f3n clandestina con cambios de dirigentes y pol\u00edticas a desarrollar.<\/p>\n<p><strong>\u00bfA qui\u00e9n va dirigido especialmente tu libro? \u00bfA historiadores, a especialistas en la lucha antifranquista, al p\u00fablico en general?<\/strong><\/p>\n<p>Es un libro que puede ir destinado o dirigido al p\u00fablico en general, interesados en la Historia de Espa\u00f1a y m\u00e1s concretamente en la oposici\u00f3n a la dictadura, en la dura represi\u00f3n del r\u00e9gimen franquista y en la lucha y en la vida de la militancia comunista espa\u00f1ola. Dentro de ese p\u00fablico en general, est\u00e1 claro que los posibles compradores pueden ser m\u00e1s concretamente historiadores, investigadores y aficionados a este tipo de lecturas m\u00e1s concretas. Tambi\u00e9n se extiende a cientos de personas cuyos familiares son los protagonistas del libro, porque a lo largo de todos estos a\u00f1os mucha gente se puso en contacto conmigo por motivo de otras publicaciones y art\u00edculos previos que quer\u00edan saber y conocer lo que hab\u00eda pasado con sus familias. Muchos de ellos ignoraban la participaci\u00f3n de sus familiares en la lucha antifranquista en el seno del PCE y tengo el orgullo de haber hecho gran amistad con algunos de ellos.<\/p>\n<p><strong>Como dec\u00eda, m\u00e1s de mil p\u00e1ginas, m\u00e1s de 20 fuentes documentales novedosas y archivos, fuentes hemerogr\u00e1ficas, muchos testimonios orales, extensa bibliograf\u00eda,\u2026 \u00bfCu\u00e1ntos a\u00f1os de trabajo le ha llevado estudiar, pensar y escribir la obra?<\/strong><\/p>\n<p>La investigaci\u00f3n se inici\u00f3 en el primer a\u00f1o de Doctorado en 1999, estudiando el estado de la cuesti\u00f3n sobre el tema, que conllev\u00f3 a la defensa de la Memoria de Licenciatura y dio lugar a la publicaci\u00f3n de mi primer libro <em>Madrid Clandestino<\/em>. En un primer momento empec\u00e9 a investigar una tem\u00e1tica especial de la lucha antifranquista como era una guerrilla urbana madrile\u00f1a que hubo en la capital dentro de la Agrupaci\u00f3n Guerrillera del Centro. Con posterioridad y al ver la gran cantidad de documentaci\u00f3n novedosa depositada en muchos archivos ampli\u00e9 la investigaci\u00f3n al PCE.<\/p>\n<p><strong>El subt\u00edtulo habla del PCE. \u00bfIncorporas tambi\u00e9n la historia en aquellos a\u00f1os del PSUC que, en principio, era un partido distinto, ambos aceptados por la Internacional?<\/strong><\/p>\n<p>La historia trata y versa sobre el Partido Comunista de Espa\u00f1a pero a lo largo de la obra se analizan las relaciones, divisiones y disputas con otras organizaciones pol\u00edticas de izquierdas (socialistas, anarquistas, republicanos, catalanistas, etc). El PCE y el Partido Socialista Unificado de Catalu\u00f1a como bien indicas eran partidos pol\u00edticos aceptados por la Internacional Comunista con el caso especial del segundo de no querer estar bajo el mando del primero, con una organizaci\u00f3n independiente y unas complicadas relaciones desde la Guerra Civil espa\u00f1ola. Desde M\u00e9xico, Vicente Uribe hablaba de la personalidad propia y el problema del control por parte del PCE de la organizaci\u00f3n comunista catalana. Este control fue una constante entre ambos partidos a lo largo de todos esos a\u00f1os, entre militantes que optaron por estar subordinados a las directrices del PCE y otros que no estuvieron dispuestos a tener una direcci\u00f3n superior que no tuviera que ver con los postulados de los comunistas catalanes. La disputa no se produjo solamente a nivel del interior del pa\u00eds sino tambi\u00e9n y sobre todo en el exilio franc\u00e9s con la entrada de cuadros para intentar dirimir el futuro del PSUC de manera aut\u00f3noma del PCE.<\/p>\n<p><strong>En el \u201cresumen a modo de presentaci\u00f3n\u201d que abre el libro se se\u00f1ala: \u00abEl autor analiza su estructura -la del PCE- y sus organizaciones centr\u00e1ndose en la militancia de base y sus disensiones internas por el control de Partido, acusaciones y herejes y desviacionistas, as\u00ed como la ca\u00edda de los diferentes equipos provocada, en muchos casos, por las delaciones y los confidentes policiales\u00bb. \u00bfPor qu\u00e9 esa perspectiva de an\u00e1lisis? \u00bfPor qu\u00e9 has centrado tu investigaci\u00f3n en la militancia de base, en los ca\u00eddos y en las delaciones?<\/strong><\/p>\n<p>Como indiqu\u00e9 con anterioridad la militancia de base es la protagonista de la obra. Dentro de las diferentes reestructuraciones y reorganizaciones que tuvo el PCE clandestino desde el inicio del r\u00e9gimen dictatorial franquista, la oposici\u00f3n comunista era la fuerza pol\u00edtica m\u00e1s combativa y luchadora contra la dictadura y su represiva acci\u00f3n contra los vencidos del conflicto civil espa\u00f1ol. La cultura militante comunista se extendi\u00f3 entre aquellos luchadores combatientes comprometidos con la identidad colectiva de su P. como llamaban al PCE. Muchos de aquellos cuadros antifranquistas que no pudieron exiliarse sab\u00edan que algo hab\u00eda que hacer, por ello se organizaron para ayudar a los presos y a sus familias y ver en un primer momento que camaradas no hab\u00edan sido detenidos. A lo largo de todo el pa\u00eds en cada uno de los comit\u00e9s organizados clandestinamente combatieron de una u otra forma y dentro de sus posibilidades contra las imposiciones dictatoriales. Por ello la importancia de sacar del anonimato a miles de hombres y mujeres que fueron represaliados por la dictadura y olvidados por parte de la Historia y la historiograf\u00eda. En este sentido es importante el ap\u00e9ndice documental que viene adjunto a un c\u00f3digo QR en el libro con centenares de peque\u00f1as biograf\u00edas de aquellos comunistas. Debido a sus acciones y luchas produjeron divisiones internas entre las diferentes pol\u00edticas llevadas a cabo (inicio de per\u00edodos de estalinismo con acusaciones de herejes y traidores) y sus principales dirigentes, siendo detalladas a lo largo de la publicaci\u00f3n las detenciones (con casos de delaciones y confidentes que estaban al servicio de la polic\u00eda represiva franquista en la Brigada Pol\u00edtico Social), juicios y posteriores condenas sufridas.<\/p>\n<p><strong>Lo se\u00f1alas en la introducci\u00f3n cuando hablas de las fuentes orales. \u00bfPor qu\u00e9 son tan importante para ti esas fuentes? La memoria, dec\u00eda Borges, no suele acu\u00f1ar bien su memoria y menos cuando uno recuerda o intenta recordar lo sucedido hace tanto, tanto tiempo.<\/strong><\/p>\n<p>Tambi\u00e9n comentaba Ronald Fraser en su gran libro <em>Recu\u00e9rdalo t\u00fa y recu\u00e9rdaselo a otros<\/em> que la historia oral constitu\u00eda un intento de revelar el ambiente intangible de los acontecimientos y que lo que indicaban los entrevistados o individuos que vivieron aquellos acontecimientos era su verdad y lo que quer\u00edan reflejar y pensaban de lo que fueron sus vidas, constituyendo en s\u00ed un hecho hist\u00f3rico. La utilizaci\u00f3n de las fuentes orales para la reconstrucci\u00f3n del pasado ha dado lugar durante muchos a\u00f1os a debates entre los defensores y detractores de su uso dentro del \u00e1mbito acad\u00e9mico. Puedo entender que la utilizaci\u00f3n del m\u00e9todo en la historia oral plantee una serie de problemas y cr\u00edticas, pero de igual manera se puede indicar que el uso de los testimonios orales se utiliza como complementos de la historiograf\u00eda apoyada en fuentes escritas, aportando evidencias y certezas que dichos testimonios contrastan o por el contrario rechazan hip\u00f3tesis que las fuentes primarias documentales expresan. Los historiadores tenemos la obligaci\u00f3n de comparar los testimonios con las fuentes documentales en la medida que podamos. Son recuerdos de la realidad vivida por los protagonistas, sus vidas, emociones, sentimientos, etc, unificando a esas personas con la historia. Hay que demostrar la veracidad de los datos obtenidos en la metodolog\u00eda a aplicar en la investigaci\u00f3n con las herramientas disponibles para ello. La preparaci\u00f3n de las entrevistas y el m\u00e9todo a utilizar ya requiere de un tiempo y planificaci\u00f3n: documentaci\u00f3n, lectura, preparaci\u00f3n de un gui\u00f3n y un cuestionario abierto, etc. Como escribo en la introducci\u00f3n las propias fuentes escritas utilizadas para la reconstrucci\u00f3n de hechos hist\u00f3ricos en ocasiones tambi\u00e9n se puede dudar de su objetividad y veracidad, como por ejemplo en documentos elaborados por el equipo de pasos una vez que un militante pasaba a Francia, salvando su vida y escapando de la represalia franquista. Sus propios camaradas dudaban de que sus testimonios fueran reales. De igual manera que los informes realizados por la polic\u00eda con las declaraciones obtenidas de los detenidos o en otras ocasiones por confidentes. Dando lugar a unas posibles distorsiones de la realidad o que hubiera errores en la transcripci\u00f3n de una fecha o de un nombre. El hecho en s\u00ed es demostrar dentro de la mayor objetividad y procedimiento cient\u00edfico que la realidad de los testimonios recogidos en las entrevistas pueda ser contrastada con el mayor rigor posible y con la utilizaci\u00f3n de las herramientas para ello.<\/p>\n<p><strong>No recordaba que el t\u00edtulo de Fraser hiciera referencia al gran poema de Cernuda. Abres tu libro con un cap\u00edtulo dedicado a la \u201crebeli\u00f3n\u201d de Casado. \u00bfFue una traici\u00f3n, una verdadera traici\u00f3n a la Rep\u00fablica? \u00bfNegr\u00edn era una marioneta en manos de los comunistas?<\/strong><\/p>\n<p>La \u201crebeli\u00f3n\u00bb o traici\u00f3n de Casado a la II Rep\u00fablica como t\u00fa la denominas tuvo unas connotaciones superiores. Fue una conjura, un golpe de Estado y una conspiraci\u00f3n militar (por la complicidad de militares profesionales republicanos a la causa rebelde) y civil (por el apoyo de ciertos sectores anarquistas, socialistas y republicanos al golpe de Segismundo Casado). Ha habido autores que calificaron a Juan Negr\u00edn como una marioneta al servicio de los comunistas pero esta afirmaci\u00f3n no tiene sentido y en los \u00faltimos a\u00f1os las investigaciones basadas en el final de la Guerra Civil han demostrado esta tesis. Negr\u00edn quer\u00eda conseguir la ayuda y adhesi\u00f3n de Gran Breta\u00f1a y Francia a la causa republicana y para ello ten\u00edan que dejar de lado su Comit\u00e9 de No Intervenci\u00f3n, que el conflicto b\u00e9lico espa\u00f1ol se internacionalizara (algo que con posterioridad Franco utiliz\u00f3 a su favor en la II Guerra Mundial). Los comunistas que hab\u00edan demostrado ser la principal fuerza combativa dentro de las filas republicanas defend\u00edan a toda costa el discurso de resistir es vencer y no claudicar ante el enemigo. En esas directrices marcadas y pol\u00edtica de guerra llevada a cabo fueron apoyados por el presidente del Gobierno, Juan Negr\u00edn. Este entend\u00eda que la resistencia de la II Rep\u00fablica era lo mejor para la poblaci\u00f3n en un posible tratado de paz final y de esta manera evitar la represi\u00f3n sangrienta y arbitraria que al final tuvo lugar una vez termin\u00f3 la Guerra Civil. No tiene sentido indicar que los comunistas realizaron maniobras y operaciones para controlar el poder en beneficio de la Uni\u00f3n Sovi\u00e9tica. En ese marcado ambiente anticomunista es donde se conjur\u00f3 el golpe. Desde 1938 militares profesionales combatiendo en las filas republicanas se pusieron en contacto con los servicios secretos rebeldes y con la Quinta Columna, actuando de manera pasiva en la Guerra Civil, pensando que podr\u00edan reintegrarse en un futuro en sus filas. La denominada guerra civil en la propia guerra civil origin\u00f3 m\u00e1s de dos mil muertos entre los republicanos, las c\u00e1rceles llenas de comunistas que fueron fusilados con posterioridad por los franquistas y una divisi\u00f3n entre las fuerzas del Frente Popular que debilit\u00f3 y lastr\u00f3 a la futura oposici\u00f3n a la dictadura.<\/p>\n<p><strong>Describes muchos ejemplos de militantes desde los primeros d\u00edas del franquismo, incluso antes. Se lo jugaban todo: torturas salvajes, atropellos a sus familiares, condiciones inhumanas, condenas de muerte, fusilamiento\u2026 \u00bfDe qu\u00e9 pasta estaban hechos esas personas?<\/strong><\/p>\n<p>Piensa que muchos de ellos hab\u00edan sufrido muchas calamidades a lo largo de su vida: guerra civil, detenciones, a\u00f1os de c\u00e1rcel, exilio, etc. Los que no se exiliaron y a pesar de haber perdido la guerra, con lo que esto supuso, decidieron que la lucha continuar\u00eda. Fueron personas combatientes y comprometidas con sus ideales y principios que hicieron esfuerzos individuales y colectivos dentro de su espacio vital de militantes comprometidos pol\u00edticamente contra totalitarismos y ordenes autoritarios. Eran hombres y mujeres del pueblo, gente de abajo, humildes y que formaban parte de una masa popular. Todo esto les gener\u00f3 esa manera de ser combativa, esa impetuosidad y abnegaci\u00f3n en la lucha viendo desde peque\u00f1os las desigualdades sociales y econ\u00f3micas, imbuidos por los movimientos pol\u00edticos e hist\u00f3ricos que les toc\u00f3 vivir.<\/p>\n<p><strong>D\u00e9jame citarte algunos nombres. \u00bfNos podr\u00edas indicar lo que m\u00e1s te impresiona de su ejemplo, de su hacer, de su vida? Empiezo por Juana Do\u00f1a.<\/strong><\/p>\n<p>Juana Do\u00f1a es un ejemplo de vida y de lucha, una de las grandes protagonistas del papel femenino desarrollado en el seno del PCE. De esta manera hice la introducci\u00f3n sobre Juana Do\u00f1a en mi libro <em>La lucha es tu vida. Relato de nueve mujeres combatientes republicanas<\/em>: \u00abMilitante y dirigente comunista fue una mujer adelantada a su tiempo. Defensora de libertades, de causas democr\u00e1ticas y justas, estando comprometida a lo largo de su vida con sus ideales y sus principios. Enemiga ac\u00e9rrima del olvido y el silencio que mantuvo a este pa\u00eds silenciado durante muchos a\u00f1os, bajo una represi\u00f3n b\u00e1rbara de la que Juana tampoco se libr\u00f3 con sus torturas y los dieciocho a\u00f1os de prisi\u00f3n. Mujer reivindicativa donde las hubiera, heroica luchadora contra las injusticias y las imposiciones dictatoriales y autoritarias. Activista incansable, tenaz y perseverante en los cometidos planeados. Una de las dirigentes comunistas espa\u00f1olas con mayor preparaci\u00f3n pol\u00edtica e ideol\u00f3gica, cuya personalidad y car\u00e1cter fuerte, a veces le produjeron enemistades entre sus compa\u00f1eros. Fiel amante y militante de su Partido Comunista de Espa\u00f1a, le llev\u00f3 a que la denominaran \u201cla segunda dama del comunismo espa\u00f1ol\u201d, por detr\u00e1s de Dolores Ib\u00e1rruri \u201cPasionaria\u201d\u00bb.<\/p>\n<p><strong>Sigo con Matilde Landa.<\/strong><\/p>\n<p>Matilde Landa es un caso aislado dentro de la participaci\u00f3n femenina en el PCE. De familia acaudalada y con una formaci\u00f3n cultural librepensadora y cercana a la Instituci\u00f3n Libre de Ense\u00f1anza, lleg\u00f3 a estar en la Residencia de Se\u00f1oritas. Una mujer muy inteligente, capaz y con una gran dosis de trabajo, compromiso y solidaridad hacia los dem\u00e1s, por ello su participaci\u00f3n en el Socorro Rojo Internacional y en trabajos de organizaci\u00f3n de hospitales y de evacuaci\u00f3n de la poblaci\u00f3n durante la Guerra Civil. De igual manera tambi\u00e9n fue sintom\u00e1tico y peculiar su situaci\u00f3n en la Direcci\u00f3n General de Seguridad en la Puerta del Sol de Madrid cuando fue detenida, ya que no fue torturada f\u00edsicamente sino psicol\u00f3gicamente. La polic\u00eda represiva franquista y m\u00e1s en esos primeros d\u00edas despu\u00e9s de terminada la Guerra Civil fueron realmente brutales contra los militantes antifranquistas republicanos. A pesar de ello observaron en Matilde Landa una mujer muy preparada culturalmente hablando e inteligente, considerando que las torturas f\u00edsicas no valdr\u00edan nada para obtener declaraciones. Por ello utilizaron la represi\u00f3n psicol\u00f3gica mostr\u00e1ndole la descomunal paliza que le hicieron a un compa\u00f1ero de luchas e indic\u00e1ndole que su familia podr\u00eda correr la misma suerte. Otro tipo de presi\u00f3n y coacci\u00f3n a la que fue sometida con posterioridad Matilde Landa en la prisi\u00f3n de Palmas de Mallorca por parte de las mujeres de Acci\u00f3n Cat\u00f3lica para que se convirtiera al catolicismo. Ella educada en una familia no creyente y que no hab\u00eda sido bautizada al nacer, vi\u00e9ndose presionada en esa tesitura y con toda la familia lejos de su lado, decidi\u00f3 suicidarse en septiembre de 1942.<\/p>\n<p><strong>Heriberto Qui\u00f1ones: \u00bfha sido justo el PCE con Qui\u00f1ones?<\/strong><\/p>\n<p>La figura de Heriberto Qui\u00f1ones siempre ha sido muy contradictoria y discutible, no s\u00f3lo por su desconocido origen y como agente de la Internacional Comunista, sino tambi\u00e9n por su actuaci\u00f3n como m\u00e1ximo responsable de la Delegaci\u00f3n interior del PCE durante m\u00e1s de nueve meses. La actuaci\u00f3n del PCE en cuanto a sus m\u00e1ximos organismos y sus principales dirigentes ante la figura de Qui\u00f1ones y la pol\u00edtica desarrollada por este \u00faltimo en 1941 fue injusta y desproporcionada. Lo que est\u00e1 claro que tenemos que extrapolarnos al momento hist\u00f3rico de esa primera posguerra represiva: una lucha antifranquista clandestina, la divisi\u00f3n en el PCE en varios pa\u00edses y con distintos Bur\u00f3s Pol\u00edticos y la mala informaci\u00f3n de lo que realmente estaba sucediendo en el interior del pa\u00eds y en el seno de organizaci\u00f3n comunista espa\u00f1ola. Durante su presencia en Espa\u00f1a y tras su muerte, Qui\u00f1ones fue atacado y un ambiente antiqui\u00f1onista estuvo presente en aquellos a\u00f1os con todo el que hubiera estado ayudando y luchando con \u00e9l. Denuncias de traidor, agente brit\u00e1nico, hereje, chivato y sectario proced\u00edan desde diferentes \u00e1mbitos oficiales del partido desde el interior y exterior de Espa\u00f1a, incluso bastantes a\u00f1os despu\u00e9s de que fusilaran a Qui\u00f1ones en una silla de ruedas a consecuencia de las b\u00e1rbaras torturas sufridas en la Direcci\u00f3n General de Seguridad. En el d\u00eda a d\u00eda de la lucha antifranquista las mujeres y los hombres comunistas cometieron imprudencias y errores, pero, como a Qui\u00f1ones, no se les puede reprochar su valent\u00eda y decisi\u00f3n de dirigir al Partido en la clandestinidad con su l\u00ednea pol\u00edtica y la organizaci\u00f3n en todo el pa\u00eds. Como tampoco se le puede recriminar su compromiso, su lucha contra la dictadura represiva y la identidad comunista. Aunque en 1986 el PCE rehabilit\u00f3 a Qui\u00f1ones, Jes\u00fas Monz\u00f3n y otros dirigentes, creo que a\u00fan no se ha dado la importancia que tuvieron dentro de la organizaci\u00f3n comunista clandestina.<\/p>\n<p><strong>Lo mismo te pregunto sobre Jes\u00fas Monz\u00f3n, acabas de citarlo.<\/strong><\/p>\n<p>El caso de Jes\u00fas Monz\u00f3n Reparaz tiene elementos parecidos a los de Qui\u00f1ones pero algunos diferentes. Una vez terminada la Guerra Civil, Monz\u00f3n junto con los principales dirigentes del PCE salieron de Espa\u00f1a hacia diversos lugares del extranjero. Monz\u00f3n proven\u00eda de una familia burguesa y acomodada de Pamplona y estuvo inmerso en los movimientos comunistas producidos en Navarra y en el Pa\u00eds Vasco. Tambi\u00e9n fue el protagonista de la direcci\u00f3n de la organizaci\u00f3n comunista espa\u00f1ola en territorio franc\u00e9s hasta su posterior entrada en Espa\u00f1a, lo que le cost\u00f3 cr\u00edticas posteriores por parte de la siguiente direcci\u00f3n del PCE en territorio franc\u00e9s y espa\u00f1ol, liderado por Santiago Carrillo. El estalinismo estaba presente y las denuncias de herejes y agentes al servicio de los aliados era algo evidente dentro de los partidos pol\u00edticos comunistas. Las infiltraciones y provocaciones de militantes acusados de esp\u00edas en el seno de dichas organizaciones eran comunes y corrientes en aquellos a\u00f1os. Monz\u00f3n y sus seguidores no se libraron de esas acusaciones y todos aquellos militantes que estuvieron combatiendo y luchando en Francia contra los nazis y en Espa\u00f1a contra el r\u00e9gimen franquista en el interior del PCE, una vez fueron detenidos muchos de ellos, ser\u00edan calumniados e inculpados de monzonistas, como hab\u00eda ocurrido cinco a\u00f1os antes con Qui\u00f1ones. La diferencia estriba en que Monz\u00f3n una vez fue detenido logr\u00f3 que su segura condena a muerte por ser el m\u00e1ximo responsable del PCE en Francia primero y luego en Espa\u00f1a del principal partido pol\u00edtico opositor y con una pol\u00edtica armada dentro del movimiento guerrillero, se conmutara por una pena de treinta a\u00f1os, tras conseguir la ayuda e influencia, entre otros, del delegado provincial en Navarra de Excombatientes, Antonio de Lizarza e incluso del obispo de Pamplona, Marcelino Olaechea. Esta actitud incluso lleg\u00f3 a multiplicar las acusaciones sobre su persona y la pol\u00edtica llevada a cabo.<\/p>\n<p><strong>Hay una l\u00ednea pol\u00edtica que recorre las p\u00e1ginas de tu libro: la Uni\u00f3n Nacional. \u00bfFue una pol\u00edtica inteligente, ajustada a las circunstancias y a la, digamos, correlaci\u00f3n de fuerzas? \u00bfNo hay alguna similitud con la pol\u00edtica de Reconciliaci\u00f3n Nacional que defender\u00eda el PCE a\u00f1os despu\u00e9s?<\/strong><\/p>\n<p>La pol\u00edtica de Uni\u00f3n Nacional promulgada por Qui\u00f1ones y emitida en su Anticipo de Orientaci\u00f3n Pol\u00edtica solicitaba una Rep\u00fablica Popular con la legalidad de la constituci\u00f3n republicana de 1931 y la formaci\u00f3n de un Gobierno republicano en el exilio liderado por Juan Negr\u00edn. En ese sistema podr\u00edan participar todos aquellos que estuvieran en contra de la Espa\u00f1a franquista, incluidos mon\u00e1rquicos, cat\u00f3licos, derechistas y falangistas descontentos de Franco. Tambi\u00e9n solicitaba la no intervenci\u00f3n de Espa\u00f1a en la II Guerra Mundial, la libertad de los presos pol\u00edticos y sociales, el regreso de los espa\u00f1oles exiliados, el restablecimiento de los Estatutos Vasco y Catal\u00e1n y otra serie de medidas sociales y econ\u00f3micas. Los comit\u00e9s de Uni\u00f3n Nacional se extendieron por toda la geograf\u00eda espa\u00f1ola y la estructura que Qui\u00f1ones confeccion\u00f3 fue la que mejor funcion\u00f3 clandestinamente durante aquellos a\u00f1os, como casi un verdadero m\u00e1ximo organismo del PCE en el interior.<\/p>\n<p>La pol\u00edtica de Uni\u00f3n Nacional desarrollada en Francia y con posterioridad en Espa\u00f1a adaptada por Monz\u00f3n con su Junta Suprema de Uni\u00f3n Nacional (ayudado con la publicaci\u00f3n del peri\u00f3dico <em>Reconquista de Espa\u00f1a<\/em>) propon\u00eda una unificaci\u00f3n de las fuerzas democr\u00e1ticas para restablecer la legalidad republicana en un gobierno de unidad nacional, incluidas personas de derechas que estuvieran como en los a\u00f1os anteriores, cansados de Franco. No especificaban la instauraci\u00f3n de una Rep\u00fablica como solicitaba la Uni\u00f3n Nacional de Qui\u00f1ones Una vez derrocado este se proceder\u00eda a unas elecciones democr\u00e1ticamente libres y quer\u00edan evitar que Espa\u00f1a entrara en el conflicto mundial bajo el mando de Hitler. La pol\u00edtica de Uni\u00f3n Nacional desarrollada en ambos momentos hay que adaptarla a la coyuntura hist\u00f3rica y pol\u00edtica vivida. Con el establecimiento de una agrupaci\u00f3n de fuerzas democr\u00e1ticas, independientemente del sistema de Estado a implantar que se debatir\u00eda con posterioridad o se decidir\u00eda en un refer\u00e9ndum en el caso de que supuestamente Franco hubiera sido derrotado, podr\u00edan presionar a las fuerzas aliadas para que el caso espa\u00f1ol fuera tenido en cuenta a nivel internacional.<\/p>\n<p>En la pr\u00e1ctica, la Uni\u00f3n Nacional fue un organismo que \u00fanicamente englobaba a comunistas, aunque hubo alg\u00fan comit\u00e9 provincial con la presencia de socialistas y alg\u00fan anarquista, pero era inviable el restablecimiento de la II Rep\u00fablica en Espa\u00f1a, con la correlaci\u00f3n de fuerzas en el interior (hubo contactos con algunos mon\u00e1rquicos, con miembros de la Asociaci\u00f3n Nacional de Fuerzas Democr\u00e1ticas, etc) y mucho menos en el exterior, cuando una vez terminada la Segunda Guerra Mundial se formaron los dos bloques de fuerzas antag\u00f3nicos.<\/p>\n<p>La pol\u00edtica de Reconciliaci\u00f3n Nacional se expuso en la declaraci\u00f3n del Comit\u00e9 Central del PCE en junio de 1956. La oposici\u00f3n antifranquista se extend\u00eda entre los movimientos estudiantiles, sectores liberales, dem\u00f3cratas cristianos, mon\u00e1rquicos y fuerzas sociales que estaban en contra de los postulados del Movimiento Nacional La Reconciliaci\u00f3n Nacional buscaba acabar con la divisi\u00f3n existente entre las personas que lucharon en la Guerra Civil y que Franco quiso que siguiera en su propio beneficio a vista del PCE. Aquel escrito no quer\u00eda que hubiera ni vencedores ni vencidos, estos ya hab\u00edan sufrido mucha represi\u00f3n a manos del dictador y de la oligarqu\u00eda terrateniente y sectores destacados de la Iglesia espa\u00f1ola. De una manera te\u00f3rica pensaban que podr\u00edan terminar con la dictadura sin procesos violentos sino contando con miembros descontentos del propio r\u00e9gimen. El movimiento obrero se un\u00eda al estudiantil y a otras fuerzas y clases sociales que pol\u00edticamente estaban m\u00e1s cercanas al r\u00e9gimen, para luchar por las libertades y la democracia sin tener que empezar otra Guerra Civil.<\/p>\n<p>Es en ese acercamiento a sectores pol\u00edticos y sociales distintos a los de izquierda y obreros en lo que puede tener de semejanza ambas pol\u00edticas con una diferencia de a\u00f1os de m\u00e1s de una d\u00e9cada.<\/p>\n<p><strong>\u00bfQu\u00e9 relaciones mantuvieron a lo largo de estos a\u00f1os el PCE del interior y los PCE del exterior? \u00bfCooperaci\u00f3n, tensi\u00f3n, lucha por el poder, subordinaci\u00f3n? \u00bfQu\u00e9 palabras describen mejor lo sucedido?<\/strong><\/p>\n<p>Las relaciones entre las direcciones del PCE en el exterior y el interior fueron complicadas y pasaron por diferentes fases a lo largo de aquellos a\u00f1os. Uno de los primeros contactos establecidos entre comunistas del Norte de Espa\u00f1a con algunos camaradas de Francia se produjo entre finales de 1939 y primeros de 1940 con el establecimiento de un paso de fronteras entre ambos pa\u00edses. El primer contacto entre la Delegaci\u00f3n Nacional del interior y el Bur\u00f3 Pol\u00edtico en M\u00e9xico con Vicente Uribe a la cabeza se produjo a trav\u00e9s de unos barcos que llegaban primero a Lisboa y con posterioridad al norte peninsular procedentes de EE.UU. Las relaciones siempre fueron dif\u00edciles y todo ello motivado por el intento de controlar la situaci\u00f3n y el poder de la organizaci\u00f3n comunista espa\u00f1ola en el interior. A pesar de haber salido del pa\u00eds, los m\u00e1ximos organismos dirigentes del PCE en Mosc\u00fa, en Francia y en Latinoam\u00e9rica (M\u00e9xico, Cuba y Argentina) quer\u00edan recuperar el poder y la direcci\u00f3n del Partido en Espa\u00f1a. Esto gener\u00f3 muchas luchas internas, disputas y tensiones por dicho control en cada una de las Delegaciones y las direcciones de militantes que no se exiliaron en el pa\u00eds. El mismo problema se produjo con posterioridad entre los comunistas que entraron desde Francia con Monz\u00f3n a la cabeza para sustituir a la direcci\u00f3n de Carrera y la lucha de poder tuvo lugar con la primera direcci\u00f3n cuando los enviados de Carrillo sustituyeron a Monz\u00f3n y a sus compa\u00f1eros en los m\u00e1ximos organismos del PCE en el interior.<\/p>\n<p><strong>Las guerrillas armadas organizadas por el PCE durante estos a\u00f1os, \u00bffueron una locura, un acto de desesperaci\u00f3n pol\u00edtica? \u00bfFruto de la confianza en que la derrota del fascismo en Europa iba a comportar apoyos internacionales para derrotar a Franco?<\/strong><\/p>\n<p>La decisi\u00f3n de llevar a cabo una pol\u00edtica armada contra la dictadura franquista dentro del movimiento guerrillero a lo largo de casi toda la geograf\u00eda espa\u00f1ola e incluso en algunas ciudades no se puede tildar de locura ni de decisi\u00f3n pol\u00edtica desesperada. Se comprob\u00f3 durante la Guerra Civil y m\u00e1s concretamente a finales de 1937 con la creaci\u00f3n del XIV Cuerpo del Ej\u00e9rcito Guerrillero que se desarrollaban acciones guerrilleras en la retaguardia rebelde con gran \u00e9xito.<\/p>\n<p>Los primeros grupos de guerrilleros comunistas organizados (tambi\u00e9n hubo guerrilleros socialistas y anarquistas) se unieron a partidas de huidos que eran soldados republicanos que una vez terminada la Guerra Civil no quisieron entregarse a las fuerzas del orden franquistas y permanecieron durante tres y cuatro a\u00f1os en las monta\u00f1as sobreviviendo como pod\u00edan.<\/p>\n<p>El desarrollo favorable de la contienda b\u00e9lica mundial para los aliados y la presencia de republicanos espa\u00f1oles en las filas guerrilleras de la resistencia francesa contra los nazis, favoreci\u00f3 a articular al movimiento guerrillero espa\u00f1ol en diferentes Agrupaciones Guerrilleras con un sentido pol\u00edtico de lucha contra las fuerzas del orden franquistas en un intento de extender la pol\u00edtica de Uni\u00f3n Nacional y que la poblaci\u00f3n conociera la presencia de luchadores en favor de las libertades. La operaci\u00f3n principal desarrollada en octubre de 1944 conocida por Reconquista de Espa\u00f1a en el Valle de Ar\u00e1n con la presencia de miles de guerrilleros espa\u00f1oles consist\u00eda en la conquista de un peque\u00f1o territorio en Espa\u00f1a para instalar un Gobierno provisional. La decisi\u00f3n militar de los mandos guerrilleros espa\u00f1oles y la pol\u00edtica con la orden de Jes\u00fas Monz\u00f3n de realizar la operaci\u00f3n unific\u00f3 los criterios para desarrollarla.<\/p>\n<p>Como con anterioridad he ido indicando, hay que contextualizar el momento hist\u00f3rico con las pol\u00edticas antifascistas de EE.UU de acabar con los pa\u00edses de ideolog\u00eda fascista, la exaltaci\u00f3n de los guerrilleros espa\u00f1oles en el sur de Francia tras la derrota de los nazis, las noticias exageradas enviadas desde el interior de Espa\u00f1a esperanzado a los guerrilleros de que la poblaci\u00f3n espa\u00f1ola y parte de fuerzas y sectores del r\u00e9gimen les apoyar\u00eda, etc.<\/p>\n<p>Claro que hubo errores y equivocaciones pol\u00edticas y estrat\u00e9gicas en las decisiones tomadas a posteriori (desconocimiento de la realidad espa\u00f1ola con el prop\u00f3sito del levantamiento popular, idea de que las potencias aliadas una vez terminaran con los pa\u00edses totalitarios ayudar\u00edan a los republicanos a derrocar a Franco, etc). El pueblo espa\u00f1ol estaba cansado de la Guerra Civil y el sistema represivo franquista favoreci\u00f3 a que no hubiera movimientos de oposici\u00f3n al r\u00e9gimen. Pero quedaba claro que la idea de muchos de los comunistas y republicanos espa\u00f1oles en aquellos momentos era que el fin del franquismo podr\u00eda producirse una vez derrotaron al fascismo y no al contrario como al final sucedi\u00f3 con la divisi\u00f3n en dos bloques de fuerzas pol\u00edticas y que terminar\u00edan por ayudar a Franco.<\/p>\n<p><strong>Citas en ocasiones el controvertido libro de Gregorio Mor\u00e1n: <em>Miseria y grandeza del PCE<\/em> (en la reciente edici\u00f3n de Akal, con algunas modificaciones, se titula <em>Miseria, grandeza y agon\u00eda del PCE<\/em>). \u00bfQu\u00e9 opini\u00f3n te merece el ensayo del ex periodista (despedido) de <em>La Vanguardia<\/em>?<\/strong><\/p>\n<p>En un primer lugar hay que reconocer su m\u00e9rito por la dificultad de investigar en la documentaci\u00f3n del PCE sin tener \u00e9sta ning\u00fan tratamiento archiv\u00edstico. El archivo del PCE pas\u00f3 por muchas dificultades desde su primer exilio en febrero de 1939 cuando mucha documentaci\u00f3n sali\u00f3 del pa\u00eds en varios camiones en direcci\u00f3n a Francia desde Figueras. Una vez en territorio franc\u00e9s los fondos del archivo fueron retenidos por la gendarmer\u00eda francesa y el resto del archivo en Madrid fue quemado (no entero porque mucha documentaci\u00f3n fue intervenida por el Servicio de Recuperaci\u00f3n de Documentos del Ej\u00e9rcito Sublevado) para que no fuera ocupado por la fuerzas del orden franquistas. Otra parte de la documentaci\u00f3n fue depositada en los fondos de la Internacional Comunista hoy en d\u00eda custodiados en los archivos rusos. Con la ilegalizaci\u00f3n del PCE en Francia decidieron microfilmar los documentos y dividir los fondos entre distintos pa\u00edses del Este. Toda esa documentaci\u00f3n, m\u00e1s la generada en Am\u00e9rica y la que se conserv\u00f3 en el interior del pa\u00eds, fue la que consult\u00f3 Gregorio Mor\u00e1n junto a Domingo Malag\u00f3n antes de crearse el Archivo del PCE, tal y como conocemos hoy en d\u00eda y con la inestimable intervenci\u00f3n de su antigua directora Victoria Ramos. Mor\u00e1n cont\u00f3 con la ayuda de hombres y mujeres que vivieron en persona aquellos acontecimientos. Una de esas mujeres fue Josefina Amalia Villa, compa\u00f1era sentimental de Qui\u00f1ones y que tuve la suerte de entrevistarla y conocerla durante varios a\u00f1os. De sus vivencias y experiencias y la de otros militantes pudo obtener informaci\u00f3n para su libro. Estoy de acuerdo en hacer una serie de cr\u00edticas a su libro en cuanto a la falta de una aplicaci\u00f3n historiogr\u00e1fica en las fuentes consultadas, la dificultad a la hora de saber de d\u00f3nde ha sacado cierta informaci\u00f3n para contrastarla y en la manera de realizar algunos comentarios. Mor\u00e1n es un escritor que no deja a nadie indiferente ni por la forma de expresarse ni en la manera de tratar algunos militantes y pasajes del PCE, con lo cual no estoy de acuerdo en su manera de realizarlo. Tambi\u00e9n es cierto que tuvo mucha val\u00eda en escribir un libro tan extenso de la historia del PCE, a pesar de realizar una reedici\u00f3n con un pr\u00f3logo a\u00f1adido y algunos cambios y que hoy en d\u00eda est\u00e1 superado en la historiograf\u00eda sobre el tema. Estoy de acuerdo con \u00e9l en la importancia que le dio a la militancia an\u00f3nima, en aquellos comunistas no reconocidos ni valorados en publicaciones posteriores.<\/p>\n<p><strong>En las p\u00e1ginas finales, antes de las conclusiones, se\u00f1alas: \u00abEl momento cr\u00edtico para el franquismo hab\u00eda pasado tras la derrota de Alemania nazi, el final de la Segunda Guerra Mundial y el fin del aislamiento internacional. Un giro en las pol\u00edticas llevadas a cabo en el PCE tuvo lugar con el final de la oposici\u00f3n armada dando paso a una lucha de masas y a la introducci\u00f3n en los sindicatos verticales franquistas a finales de la d\u00e9cada de los cuarenta y principios de los cincuenta del siglo pasado. Pero todo esto pertenecer\u00e1 y ser\u00e1 protagonista, en el caso de que puede darse, en un segundo volumen sobre la historia del PCE, desde 1945 hasta ese cambio de t\u00e1ctica con las modificaciones en las formas de lucha y de organizaci\u00f3n clandestina\u00bb (p. 1049). \u00bfPodr\u00e1 darse? \u00bfEst\u00e1s en esta investigaci\u00f3n, en la preparaci\u00f3n y redacci\u00f3n del segundo volumen? \u00bfHasta qu\u00e9 momento piensas llegar?<\/strong><\/p>\n<p>La idea es realizar un segundo volumen de mediados de 1945 hasta el final de la d\u00e9cada de los a\u00f1os cuarenta del siglo XX, con el cambio de pol\u00edtica seguida por el PCE, abandonando la v\u00eda armada con el movimiento guerrillero para introducirse lentamente en la estructura de los Sindicatos Verticales y seguir la lucha clandestina desde el movimiento obrero. Despu\u00e9s de tantos a\u00f1os de investigaci\u00f3n he podido recopilar gran cantidad de documentaci\u00f3n y aunque en estos momentos no estoy con la redacci\u00f3n del segundo volumen, ya que estoy inmerso en otros proyectos de investigaci\u00f3n, en corto o medio plazo el plan es terminar con un segundo volumen para analizar y tratar el PCE clandestino a lo largo de toda esa d\u00e9cada.<\/p>\n<p><strong>Me quedan mil preguntas pero no abuso m\u00e1s. \u00bfAlgo esencial? \u00bfAlgo que quieras a\u00f1adir?<\/strong><\/p>\n<p>Sigo destacando la importancia que tiene en el libro la militancia de base y para entender el enfoque que he querido plasmar en esta obra es importante leerse la introducci\u00f3n. Todas aquellas esperanzas y sue\u00f1os de muchos militantes comunistas quedaron en el olvido por parte de la historia e iba siendo hora de darles el reconocimiento merecido. Aquella memoria silenciada de combatientes contra imposiciones dictatoriales que fueron reprimidos desde muchos puntos de vista (psicol\u00f3gica, f\u00edsica, ideol\u00f3gica, econ\u00f3mica, cultural, etc) ten\u00eda que ser contada, sus experiencias vitales y las demandas pol\u00edticas y sociales por las que lucharon. El conocimiento de aquellas acciones, luchas, combates y testimonios nos ayudar\u00e1n a no olvidarnos de ejemplos como los que podemos ver en el libro. Creo que ese silencio institucional querido y premeditado para que estas historias no hayan salido a la luz durante todos estos a\u00f1os, debe ser conocido por las nuevas generaciones. Y que en los colegios e institutos se deber\u00edan ense\u00f1ar y conocer desde un plan de estudios lo m\u00e1s objetivamente posible todo lo ocurrido en la Guerra Civil y en la dictadura franquista, como ocurre en otros pa\u00edses a nuestro alrededor que sufrieron unos modelos pol\u00edticos autoritarios similares al r\u00e9gimen de Franco.<\/p>\n<p>Fuente: El Viejo Topo, octubre de 2020.<\/p>\n","protected":false},"excerpt":{"rendered":"<p>Doctor en Historia por la Universidad Complutense de Madrid con la tesis titulada La reorganizaci\u00f3n y la oposici\u00f3n del PCE<\/p>\n","protected":false},"author":5,"featured_media":8518,"comment_status":"open","ping_status":"open","sticky":false,"template":"","format":"standard","meta":{"footnotes":""},"categories":[26,46,28],"tags":[1622,920,1623],"class_list":["post-8513","post","type-post","status-publish","format-standard","has-post-thumbnail","hentry","category-historia-del-comunismo","category-memoria-historica","category-siglo-xx","tag-carlos-fernandez","tag-entrevista-a-autor","tag-los-otros-camaradas"],"aioseo_notices":[],"_links":{"self":[{"href":"https:\/\/espai-marx.net\/index.php?rest_route=\/wp\/v2\/posts\/8513","targetHints":{"allow":["GET"]}}],"collection":[{"href":"https:\/\/espai-marx.net\/index.php?rest_route=\/wp\/v2\/posts"}],"about":[{"href":"https:\/\/espai-marx.net\/index.php?rest_route=\/wp\/v2\/types\/post"}],"author":[{"embeddable":true,"href":"https:\/\/espai-marx.net\/index.php?rest_route=\/wp\/v2\/users\/5"}],"replies":[{"embeddable":true,"href":"https:\/\/espai-marx.net\/index.php?rest_route=%2Fwp%2Fv2%2Fcomments&post=8513"}],"version-history":[{"count":0,"href":"https:\/\/espai-marx.net\/index.php?rest_route=\/wp\/v2\/posts\/8513\/revisions"}],"wp:featuredmedia":[{"embeddable":true,"href":"https:\/\/espai-marx.net\/index.php?rest_route=\/wp\/v2\/media\/8518"}],"wp:attachment":[{"href":"https:\/\/espai-marx.net\/index.php?rest_route=%2Fwp%2Fv2%2Fmedia&parent=8513"}],"wp:term":[{"taxonomy":"category","embeddable":true,"href":"https:\/\/espai-marx.net\/index.php?rest_route=%2Fwp%2Fv2%2Fcategories&post=8513"},{"taxonomy":"post_tag","embeddable":true,"href":"https:\/\/espai-marx.net\/index.php?rest_route=%2Fwp%2Fv2%2Ftags&post=8513"}],"curies":[{"name":"wp","href":"https:\/\/api.w.org\/{rel}","templated":true}]}}