{"id":8626,"date":"2020-11-10T05:00:45","date_gmt":"2020-11-10T04:00:45","guid":{"rendered":"https:\/\/espai-marx.net\/?p=8626"},"modified":"2020-11-10T20:47:28","modified_gmt":"2020-11-10T19:47:28","slug":"carta-de-clausura-del-instituto-lukacs","status":"publish","type":"post","link":"https:\/\/espai-marx.net\/?p=8626","title":{"rendered":"Carta de Clausura del Instituto Luk\u00e1cs"},"content":{"rendered":"<p><em>Hace unos d\u00edas se public\u00f3 en facebook una carta anunciando el cierre del Instituto Luk\u00e1cs, de Brasil (<a href=\"https:\/\/www.institutolukacs.com.br\">https:\/\/www.institutolukacs.com.br<\/a>), y explicando las razones del mismo (<a href=\"https:\/\/www.facebook.com\/institutolukacsdivulgacao\/posts\/749269948960801\">https:\/\/www.facebook.com\/institutolukacsdivulgacao\/posts\/749269948960801<\/a>)\u00a0<\/em><\/p>\n<p>Tras 8 a\u00f1os de existencia, el Instituto Luk\u00e1cs anuncia su cierre. En la \u00faltima asamblea constituida virtualmente en los d\u00edas 10, 11 y 12 de octubre de 2020, la mayor\u00eda de los miembros presentes en ella opt\u00f3 por disolverlo.<\/p>\n<p>El Instituto Luk\u00e1cs naci\u00f3 demasiado grande para existir en este mundo en que la l\u00f3gica de la mercanc\u00eda dicta los caminos de la raz\u00f3n. El IL naci\u00f3 en un escenario econ\u00f3mico y pol\u00edtico en el que la crisis del capital se agudizaba y resaltaba el agotamiento del modelo de gesti\u00f3n \u00absocial desarrollista\u00bb del Estado brasile\u00f1o, puesto en pr\u00e1ctica por el Partido de los Trabajadores. Por otro lado, sin desconocer las mediaciones, no exist\u00eda pr\u00e1cticamente un movimiento obrero activo y la izquierda revolucionaria sobreviv\u00eda como era posible dentro de la crisis te\u00f3rica del marxismo, vi\u00e9ndose cada vez m\u00e1s alejada tanto de los espacios de formaci\u00f3n de los movimientos de masas como de las propias organizaciones de la clase trabajadora. Dichos elementos tambi\u00e9n contaban con la inexistencia de espacios para publicaciones basadas en las teor\u00edas de Marx, Luk\u00e1cs y M\u00e9sz\u00e1ros, fundamentalmente, y la necesidad de difundir la teor\u00eda revolucionaria a precios asequibles para estudiantes y trabajadores.<\/p>\n<p>Fue en esta coyuntura que fue creado el Instituto Luk\u00e1cs, con una tarea herc\u00falea frente a la \u00abetapa hist\u00f3rica de profundizaci\u00f3n de la crisis estructural del capital\u00bb, a saber, \u00abla constituci\u00f3n de mediaciones fundamentales para el proceso de difusi\u00f3n y socializaci\u00f3n del legado revolucionario producido por los cl\u00e1sicos del marxismo\u00bb.\u00a0 Esta tarea esencial implicaba \u00abla necesidad fundamental de desarrollar una cultura para combatir la perspectiva reformista de la tradici\u00f3n marxiana\u00bb.<\/p>\n<p>Desde su nacimiento, el IL tuvo como punto de partida te\u00f3rico la centralidad ontol\u00f3gica del trabajo como fundamento del ser social. En el campo pol\u00edtico, sostuvimos que el proletariado ser\u00eda el portador de la condici\u00f3n hist\u00f3rica que puede revolucionar radicalmente la sociedad, ya que es la clase productora del contenido material de la riqueza. As\u00ed, debe extraer del complejo del trabajo las \u00abcondiciones fundamentales para la superaci\u00f3n del sistema del capital\u00bb y para la construcci\u00f3n de una sociedad libre y asociada, creando un sistema social basado en la igualdad sustantiva y la autodeterminaci\u00f3n de los individuos.<\/p>\n<p>El Instituto Luk\u00e1cs surgi\u00f3 con la intenci\u00f3n de librar una lucha ideol\u00f3gica en la sociedad brasile\u00f1a y latinoamericana, para exponer los l\u00edmites del camino parlamentario y recolocar en el debate pol\u00edtico-te\u00f3rico las bases ontol\u00f3gicas de la superaci\u00f3n de la propiedad privada y el patriarcado. Esta cultura de combate se hizo expl\u00edcita en el Manifiesto de Fundaci\u00f3n, en la cr\u00edtica contra \u00ablas posiciones reformistas, que favorecen la lucha de posiciones dentro de la sociedad burguesa y que hacen del parlamento el espacio preferencial de conquistas para la mejora de las condiciones de vida de la clase trabajadora\u00bb.<\/p>\n<p>Para los fundadores del IL, estaba claro que \u00abel cretinismo parlamentario, que se refugia en la pseudo-distinci\u00f3n entre gobierno y Estado como mecanismo de defensa de un gobierno nacional-popular, servir\u00eda s\u00f3lo para las siempre necesarias reformas sociales \u00abque crean nuevos patrones de expropiaci\u00f3n de la riqueza social producida por la clase trabajadora\u00bb.<\/p>\n<p>Finalmente, el IL surgi\u00f3 como un instrumento para la publicaci\u00f3n de \u00abtextos y materiales articulados con la lucha revolucionaria por la superaci\u00f3n del capital y sus diferentes manifestaciones ideol\u00f3gicas, como el posmodernismo y el neoliberalismo\u00bb. Para ello, era fundamental contar con una formaci\u00f3n te\u00f3rico-pol\u00edtica interna entre los miembros, a fin de defender una l\u00ednea editorial basada en \u00abuna ontolog\u00eda fundada en una comprensi\u00f3n dial\u00e9ctica y materialista del mundo\u00bb, contrapuesta \u00aba cualquier explicaci\u00f3n fragmentada de la realidad y que recurre a los preceptos trascendentes, propios de las manifestaciones religiosas e idealistas que dominan la subjetividad humana en tiempos de crisis estructural del capital\u00bb.<\/p>\n<p>Con todo, el Manifiesto de Fundaci\u00f3n no logr\u00f3 consolidar una orientaci\u00f3n te\u00f3rica y pol\u00edtica que, con el tiempo, sumara el trabajo colectivo y voluntario necesario para el fortalecimiento del Instituto Luk\u00e1cs. Fue entonces cuando surgieron propuestas que contemplaban la formaci\u00f3n y profundizaci\u00f3n pol\u00edtico-te\u00f3rica colectivas. Se cre\u00f3 un espacio para la publicaci\u00f3n de ensayos y discusiones pol\u00edticas en el espacio web del IL y se reconfigur\u00f3 la Asamblea General para garantizar la reflexi\u00f3n te\u00f3rica colectiva.<\/p>\n<p>Pasaron los a\u00f1os. Los estudios propuestos en las asambleas no se realizaron de manera satisfactoria y el debate pol\u00edtico interno se hizo cada vez m\u00e1s escaso, dando lugar a la aparici\u00f3n de crecientes divergencias en cuanto a la intervenci\u00f3n pol\u00edtica coyuntural y electoral entre sus integrantes. El n\u00famero de miembros se fue reduciendo debido a diferentes elecciones personales, siendo la mayor\u00eda de las salidas, durante estos 8 a\u00f1os, relacionadas con la falta de alineaci\u00f3n te\u00f3rica o con la ausencia de alineaci\u00f3n pol\u00edtica.<\/p>\n<p>El IL, como se ha explicado, surgi\u00f3 para ser mucho m\u00e1s que una editorial, aunque ser una editorial dispuesta a orientar el debate ideol\u00f3gico revolucionario, en la coyuntura actual, y con precios asequibles a los lectores, sea una tarea necesaria y grandiosa. Sin embargo, la ausencia de formaci\u00f3n y de profundizaci\u00f3n pol\u00edtico-te\u00f3rica colectivas impidi\u00f3 una concepci\u00f3n com\u00fan y consolidada en torno a las actividades colectivas voluntarias realizadas. El \u00e9xito editorial del proyecto encubri\u00f3 estos problemas durante mucho tiempo, creando una gran confusi\u00f3n sobre las causas y consecuencias de la crisis interna que viv\u00edamos, que hab\u00eda estado obstaculizando efectivamente la preservaci\u00f3n de la propuesta original del Instituto Luk\u00e1cs. R\u00e1pidamente, los esfuerzos relacionados con el mantenimiento y fortalecimiento del esp\u00edritu colectivo dieron paso al predominio de la actividad de lanzamiento de t\u00edtulos, sin la construcci\u00f3n colectiva de estrategias equivalentes para la distribuci\u00f3n de los libros para que pudieran llegar a un mayor n\u00famero de lectores.<\/p>\n<p>La continuidad del Instituto, en los moldes en que fue concebido, se fue comprometiendo progresivamente, provocando un enfriamiento de nuestra capacidad de trabajo voluntariado colectivo. La disminuci\u00f3n de la producci\u00f3n interna, provocada tambi\u00e9n por los retiros de miembros, se ha convertido en uno de los graves problemas para la concepci\u00f3n original del IL. Los problemas fueron aumentando y el progresivo desvanecimiento de la convergencia te\u00f3rica y de la concepci\u00f3n del trabajo colectivo original acab\u00f3 transform\u00e1ndose en un desgaste creciente de las relaciones personales dentro del n\u00facleo-Macei\u00f3, su \u00f3rgano m\u00e1s activo desde sus inicios. El \u00e9xito editorial del IL en la publicaci\u00f3n de grandes cl\u00e1sicos del marxismo y las obras de sus miembros no estuvo acompa\u00f1ado de la formaci\u00f3n te\u00f3rica y pol\u00edtica de sus miembros, generando un gran desgaste interno.<\/p>\n<p>La mayor\u00eda de los asistentes a la asamblea concluyeron que ser\u00eda imposible \u00abreformar\u00bb el IL, ya que la coyuntura en la que fue creado y la forma en que pudo lograr sus objetivos tienen ra\u00edces profundas; revelan las contradicciones que las organizaciones con principios revolucionarios no han podido superar en el contexto de la profundizaci\u00f3n de la crisis del capital. Por estos motivos, por mayor\u00eda, los miembros del Instituto Luk\u00e1cs decidieron, con gran pesar, finalizar su ciclo de actividades, preservar su legado de 54 publicaciones, en 8 a\u00f1os, y de organizaci\u00f3n independiente, bajo los principios del autogobierno y el trabajo voluntario del colectivo de miembros, ajenos a la l\u00f3gica del lucro. As\u00ed, queremos evitar que el IL tenga el mismo fin que arruin\u00f3 a otras editoriales e instituciones de la izquierda brasile\u00f1a impulsadas por principios revolucionarios.<\/p>\n<p>Creemos que este cierre del IL favorece la profundizaci\u00f3n de la reflexi\u00f3n sobre la verdadera naturaleza de la crisis pol\u00edtico-te\u00f3rica del marxismo, despleg\u00e1ndose en debates sobre la posibilidad de constituir organismos que puedan, de manera duradera, alinearse con los fundamentos ontol\u00f3gicos del ser social necesario para la verdadera superaci\u00f3n del capital y del trabajo alienado.<\/p>\n<p>Estaremos en funcionamiento hasta, como m\u00e1ximo, el mes de mayo de 2021, con una Junta transitoria, cuyo objetivo es concluir la publicaci\u00f3n de los \u00faltimos t\u00edtulos en 2020, la distribuci\u00f3n y el destino del stock restante de libros y proporcionar las dem\u00e1s medidas necesarias para el cierre del Instituto Luk\u00e1cs. Agradecemos el apoyo permanente recibido de los lectores. Existen y pueden surgir otras experiencias. La nuestra acaba aqu\u00ed, llena de aciertos y errores a superar en el futuro hist\u00f3rico.<\/p>\n<p>Instituto Luk\u00e1cs<br \/>\nMacei\u00f3, octubre de 2020<\/p>\n<p>Traducci\u00f3n de Gerard Mar\u00edn<\/p>\n","protected":false},"excerpt":{"rendered":"<p>Hace unos d\u00edas se public\u00f3 en facebook una carta anunciando el cierre del Instituto Luk\u00e1cs, de Brasil (https:\/\/www.institutolukacs.com.br), y explicando<\/p>\n","protected":false},"author":5,"featured_media":8627,"comment_status":"open","ping_status":"open","sticky":false,"template":"","format":"standard","meta":{"footnotes":""},"categories":[32,8,1547,1552],"tags":[1633],"class_list":["post-8626","post","type-post","status-publish","format-standard","has-post-thumbnail","hentry","category-america-latina","category-filosofia","category-georg-lukacs","category-marxismo","tag-brasil"],"aioseo_notices":[],"_links":{"self":[{"href":"https:\/\/espai-marx.net\/index.php?rest_route=\/wp\/v2\/posts\/8626","targetHints":{"allow":["GET"]}}],"collection":[{"href":"https:\/\/espai-marx.net\/index.php?rest_route=\/wp\/v2\/posts"}],"about":[{"href":"https:\/\/espai-marx.net\/index.php?rest_route=\/wp\/v2\/types\/post"}],"author":[{"embeddable":true,"href":"https:\/\/espai-marx.net\/index.php?rest_route=\/wp\/v2\/users\/5"}],"replies":[{"embeddable":true,"href":"https:\/\/espai-marx.net\/index.php?rest_route=%2Fwp%2Fv2%2Fcomments&post=8626"}],"version-history":[{"count":0,"href":"https:\/\/espai-marx.net\/index.php?rest_route=\/wp\/v2\/posts\/8626\/revisions"}],"wp:featuredmedia":[{"embeddable":true,"href":"https:\/\/espai-marx.net\/index.php?rest_route=\/wp\/v2\/media\/8627"}],"wp:attachment":[{"href":"https:\/\/espai-marx.net\/index.php?rest_route=%2Fwp%2Fv2%2Fmedia&parent=8626"}],"wp:term":[{"taxonomy":"category","embeddable":true,"href":"https:\/\/espai-marx.net\/index.php?rest_route=%2Fwp%2Fv2%2Fcategories&post=8626"},{"taxonomy":"post_tag","embeddable":true,"href":"https:\/\/espai-marx.net\/index.php?rest_route=%2Fwp%2Fv2%2Ftags&post=8626"}],"curies":[{"name":"wp","href":"https:\/\/api.w.org\/{rel}","templated":true}]}}