{"id":8653,"date":"2020-11-14T05:00:59","date_gmt":"2020-11-14T04:00:59","guid":{"rendered":"https:\/\/espai-marx.net\/?p=8653"},"modified":"2020-11-14T01:27:29","modified_gmt":"2020-11-14T00:27:29","slug":"conferencia-inaugural-del-congreso-engels-vive","status":"publish","type":"post","link":"https:\/\/espai-marx.net\/?p=8653","title":{"rendered":"Conferencia inaugural del Congreso Engels Vive"},"content":{"rendered":"<p><iframe loading=\"lazy\" title=\"Inauguraci\u00f3n del Congreso Engels Vive. Atilio Boron\" width=\"800\" height=\"450\" src=\"https:\/\/www.youtube.com\/embed\/t66oU-9LZrM?feature=oembed\" frameborder=\"0\" allow=\"accelerometer; autoplay; clipboard-write; encrypted-media; gyroscope; picture-in-picture; web-share\" referrerpolicy=\"strict-origin-when-cross-origin\" allowfullscreen><\/iframe><\/p>\n<p>La conferencia \u00abVigencia del pensamiento de Engels\u00bb de Atilio Boron abre el Congreso Internacional Engels Vive.<\/p>\n<p>Desde el martes 27 de octubre y hasta el 5 de diciembre, todas las semanas, los martes y s\u00e1bados, habr\u00e1 conferencias. Durante m\u00e1s de un mes, marxistas de diferentes pa\u00edses analizar\u00e1n la importancia de recuperar y desarrollar el trabajo de Friedrich Engels.<\/p>\n<p>Los martes a las 15:00 de Colombia, 17:00 Argentina, 21:00 Espa\u00f1a. Los s\u00e1bados a las 10:30 de Colombia, 12:30 Argentina, 16:30 Espa\u00f1a.<\/p>\n<p>El Congreso Engels Vive ha sido organizado por:<br \/>\n-Centro de Estudios y Formaci\u00f3n Marxista Hector P. Agosti, del Partido Comunista de la Argentina.<br \/>\n-C\u00edrculo de Estudios Marxistas Alfonso Cano, de la Fuerza Arternativa Revolucionaria del Com\u00fan.<br \/>\n-Fundaci\u00f3n de Investigaciones Marxistas, del Partido Comunista de Espa\u00f1a.<br \/>\n-Escuela Latinoamericana de Formaci\u00f3n Hombre Nuevo Mujer Nueva.<br \/>\n-Asociaci\u00f3n Cultural Volver a Marx.<\/p>\n<p>P\u00e1gina Web: <a href=\"https:\/\/engelsvive2020.wixsite.com\/congreso\">engelsvive2020.wixsite.com\/congreso<\/a><br \/>\nLas redes sociales del congreso:<br \/>\n-Twitter y Facebook @Engelsvive<br \/>\n-Instagram @Congresoengelsvive<br \/>\n-Youtube <a href=\"https:\/\/www.youtube.com\/channel\/UCltOthHFPT8IjMqyjL8CcKw\">Congreso Engels Vive<\/a><\/p>\n","protected":false},"excerpt":{"rendered":"<p>La conferencia \u00abVigencia del pensamiento de Engels\u00bb de Atilio Boron abre el Congreso Internacional Engels Vive. Desde el martes 27<\/p>\n","protected":false},"author":5,"featured_media":0,"comment_status":"open","ping_status":"open","sticky":false,"template":"","format":"standard","meta":{"footnotes":""},"categories":[8,17,1552,833],"tags":[998],"class_list":["post-8653","post","type-post","status-publish","format-standard","hentry","category-filosofia","category-historia","category-marxismo","category-videos","tag-friedrich-engels"],"aioseo_notices":[],"_links":{"self":[{"href":"https:\/\/espai-marx.net\/index.php?rest_route=\/wp\/v2\/posts\/8653","targetHints":{"allow":["GET"]}}],"collection":[{"href":"https:\/\/espai-marx.net\/index.php?rest_route=\/wp\/v2\/posts"}],"about":[{"href":"https:\/\/espai-marx.net\/index.php?rest_route=\/wp\/v2\/types\/post"}],"author":[{"embeddable":true,"href":"https:\/\/espai-marx.net\/index.php?rest_route=\/wp\/v2\/users\/5"}],"replies":[{"embeddable":true,"href":"https:\/\/espai-marx.net\/index.php?rest_route=%2Fwp%2Fv2%2Fcomments&post=8653"}],"version-history":[{"count":0,"href":"https:\/\/espai-marx.net\/index.php?rest_route=\/wp\/v2\/posts\/8653\/revisions"}],"wp:attachment":[{"href":"https:\/\/espai-marx.net\/index.php?rest_route=%2Fwp%2Fv2%2Fmedia&parent=8653"}],"wp:term":[{"taxonomy":"category","embeddable":true,"href":"https:\/\/espai-marx.net\/index.php?rest_route=%2Fwp%2Fv2%2Fcategories&post=8653"},{"taxonomy":"post_tag","embeddable":true,"href":"https:\/\/espai-marx.net\/index.php?rest_route=%2Fwp%2Fv2%2Ftags&post=8653"}],"curies":[{"name":"wp","href":"https:\/\/api.w.org\/{rel}","templated":true}]}}