{"id":8795,"date":"2020-12-01T05:00:24","date_gmt":"2020-12-01T04:00:24","guid":{"rendered":"https:\/\/espai-marx.net\/?p=8795"},"modified":"2020-12-01T03:04:53","modified_gmt":"2020-12-01T02:04:53","slug":"la-obra-de-referencia-sobre-el-tribunal-de-orden-publico","status":"publish","type":"post","link":"https:\/\/espai-marx.net\/?p=8795","title":{"rendered":"La obra de referencia sobre el Tribunal de Orden P\u00fablico"},"content":{"rendered":"<p class=\"subtitle\">Libro negro del franquismo. Rese\u00f1a de <i>El TOP. La represi\u00f3n de la libertad (1963-1977)<\/i>, 2\u00aa edici\u00f3n ampliada, de Juan Jos\u00e9 del \u00c1guila<\/p>\n<p>&nbsp;<\/p>\n<p class=\"has-text-align-right\" style=\"text-align: right;\"><em>\u00abHablen otros de su verg\u00fcenza. Yo hablo de la m\u00eda\u00bb<\/em>.<br \/>\nBertolt Brecht<\/p>\n<p><a href=\"https:\/\/espai-marx.net\/wp-content\/uploads\/2020\/12\/el-TOP2.jpg\"><img loading=\"lazy\" decoding=\"async\" class=\"alignleft size-medium wp-image-8796\" src=\"https:\/\/espai-marx.net\/wp-content\/uploads\/2020\/12\/el-TOP2-208x300.jpg\" alt=\"\" width=\"208\" height=\"300\" srcset=\"https:\/\/espai-marx.net\/wp-content\/uploads\/2020\/12\/el-TOP2-208x300.jpg 208w, https:\/\/espai-marx.net\/wp-content\/uploads\/2020\/12\/el-TOP2.jpg 300w\" sizes=\"auto, (max-width: 208px) 100vw, 208px\" \/><\/a>La historia del franquismo es la historia de una represi\u00f3n interminable. Desde el asesinato de Federico Garc\u00eda Lorca en agosto de 1936 hasta el fusilamiento de cinco personas en septiembre de 1975, pocas semanas antes de la muerte del dictador, el r\u00e9gimen se asent\u00f3 sobre la persecuci\u00f3n implacable de los ciudadanos de las m\u00e1s diversas orientaciones pol\u00edticas dejando tras de s\u00ed un reguero de sangre. Para sobrevivir a los cambios geopol\u00edticos, se adapt\u00f3 a las circunstancias manteniendo siempre su matriz de violencia. As\u00ed, el protegido de Hitler y Mussolini en la Guerra Civil se reconvirti\u00f3 tras la derrota del Eje en aliado de Gran Breta\u00f1a y m\u00e1s tarde de Estados Unidos aprovechando en la Guerra Fr\u00eda su acreditado anticomunismo.<\/p>\n<p>Al finalizar el per\u00edodo de autarqu\u00eda econ\u00f3mica y comenzar la etapa desarrollista basada en el turismo, las inversiones extranjeras y las remesas de los emigrantes, se cubri\u00f3 de un manto pretendidamente \u201cliberal\u201d que ha servido a los defensores del franquismo para pintar de color de rosa al viejo r\u00e9gimen represor. El exministro franquista y fundador del PP Manuel Fraga lo expres\u00f3 con su habitual contundencia: \u201cEfectivamente, Franco s\u00ed fue un dictador. Lo fue durante unos a\u00f1os. No lo fue durante toda la etapa de su r\u00e9gimen. La dictadura fue necesaria y dur\u00f3 pr\u00e1cticamente hasta principios de los a\u00f1os sesenta\u201d. Es precisamente este per\u00edodo en apariencia de suave gobierno el que estudia el presente libro a trav\u00e9s del Tribunal de Orden P\u00fablico (TOP) en vigor durante los a\u00f1os 1963-1977. Al autor del libro titulado <em>El TOP. La represi\u00f3n de la libertad (1963-1977<\/em>), 2\u00aa edici\u00f3n ampliada, el jurista malague\u00f1o Juan Jos\u00e9 del \u00c1guila, abogado laboralista de viejo cu\u00f1o, Magistrado y Doctor en Derecho, le debemos el detallado an\u00e1lisis de la formaci\u00f3n y desarrollo del TOP a trav\u00e9s de una documentaci\u00f3n exhaustiva y un minucioso estudio del conjunto de las sentencias dictadas.<\/p>\n<p><strong>Un balance siniestro<\/strong><\/p>\n<p>En un principio, se impuso en el franquismo la jurisdicci\u00f3n militar o de guerra en la que eran acusados de rebeli\u00f3n los que se hab\u00edan mantenido fieles al r\u00e9gimen republicano legalmente establecido; al t\u00e9rmino de la guerra, se persigui\u00f3 a la disidencia mediante el Tribunal de Responsabilidades Pol\u00edticas (1939-1945); m\u00e1s tarde, se cre\u00f3 el Tribunal especial para la represi\u00f3n de la Masoner\u00eda y el Comunismo (1940-1963); y por \u00faltimo, en un intento por frenar el movimiento obrero y estudiantil que dieron nuevo aliento a la oposici\u00f3n a la dictadura, surgi\u00f3 el Tribunal de Orden P\u00fablico (TOP) que permaneci\u00f3 activo hasta despu\u00e9s de la muerte de Franco. Se trataba, como apunt\u00f3 Gregorio Peces-Barba, de dotar de apariencia de Estado de Derecho a un Estado totalitario.<\/p>\n<p>Unos escuetos datos ayudar\u00e1n a comprender la inmensa carga represiva acumulada por el TOP: personas afectadas, 50.714; n\u00famero de procesados, 9.146; n\u00famero de sentencias dictadas, 3.890, el 74% de ellas condenatorias; total de tiempo de condena,11.958 a\u00f1os. De las \u00fatiles estad\u00edsticas que incluye la obra se deduce que fue la clase obrera en su conjunto la m\u00e1s castigada con el 70% de los procesados, seguida por los estudiantes con el 22%. Si tenemos en cuenta el lugar de origen y el volumen de poblaci\u00f3n, destacan por su n\u00famero los procesados del Pa\u00eds Vasco, Navarra y Asturias. Las v\u00edas por las que se llegaba al procesamiento y posterior condena eran las manifestaciones, las huelgas y las detenciones practicadas por la temida Brigada Pol\u00edtico-Social (BPS). Los delitos principales imputados eran la asociaci\u00f3n il\u00edcita (todos los partidos pol\u00edticos estaban prohibidos) y la propaganda ilegal (todas las demandas democr\u00e1ticas y las cr\u00edticas al r\u00e9gimen as\u00ed eran consideradas). Seg\u00fan los datos internos de la BPS en los a\u00f1os 1963-64, el mayor porcentaje de detenidos correspond\u00eda a los comunistas.<\/p>\n<p>Desde un punto de vista procesal, el autor formula estas oportunas cr\u00edticas al TOP: la jurisdicci\u00f3n de Orden P\u00fablico otorgaba valor prioritario a los atestados remitidos por la BPS, sesgados pol\u00edticamente, que inclu\u00edan declaraciones autoinculpatorias, denuncias de terceros y en ocasiones malos tratos; uso generalizado de la prisi\u00f3n provisional para la mayor\u00eda de los procesados; celebraci\u00f3n de determinados juicios a puerta cerrada; pr\u00e1ctica autoritaria de los presidentes del TOP que sol\u00edan coartar las intervenciones de los abogados defensores; nulo o escaso valor concedido a las pruebas practicadas en el juicio oral; arbitrario ingreso en prisi\u00f3n de los sentenciados que interpon\u00edan recurso de casaci\u00f3n; incineraci\u00f3n de las pruebas intervenidas por la BPS bajo la acusaci\u00f3n de asociaci\u00f3n il\u00edcita y propaganda ilegal \u201cque condenaba a las llamas del olvido toda prueba de disidencia\u201d.<\/p>\n<p>Encontramos en el libro algunos listados de nombres dignos de ser le\u00eddos y recordados. As\u00ed, el de los 9.146 procesados (Ap\u00e9ndice 5) y el de los abogados defensores (Ap\u00e9ndice 3). Entre estos merecen destacarse aquellos que actuaron a favor de m\u00e1s de 100 procesados: Jos\u00e9 Sol\u00e9 Barber\u00e1, Juan Mar\u00eda Bandr\u00e9s Molet, M\u00aa Cristina Almeida Castro, M\u00aa Luisa Su\u00e1rez Rold\u00e1n, Francisca Sauquillo P\u00e9rez del Arco, Antonio Rato y Rodr\u00edguez de Moldes, Gregorio Peces-Barba Mart\u00ednez, Pedro Ibarra G\u00fcell y Miguel de Castells Arteche. (Personalmente debo a\u00f1adir el nombre de mi abogado defensor, Eduardo Cierco S\u00e1nchez, desgraciadamente fallecido por el Covid-19, procesado y condenado \u00e9l mismo por denunciar los malos tratos que sufr\u00ed en la Direcci\u00f3n General de Seguridad, y el del abogado laboralista Jos\u00e9 Jim\u00e9nez de Parga y Cabrera que amablemente me visit\u00f3 en la c\u00e1rcel de Carabanchel durante la obligada ausencia de mi letrado).<\/p>\n<p><strong>Novedades de la presente edici\u00f3n<\/strong><\/p>\n<p>El nuevo libro refleja tambi\u00e9n los avatares sufridos desde la Transici\u00f3n en el lento y dif\u00edcil camino de la recuperaci\u00f3n de la memoria hist\u00f3rica. Publicado inicialmente en octubre de 2001, desapareci\u00f3 misteriosamente de las librer\u00edas impidi\u00e9ndose as\u00ed su normal circulaci\u00f3n. La frustraci\u00f3n por tan sorprendente cortocircuito comercial no ha doblegado sin embargo el \u00e1nimo de su autor que durante casi 20 a\u00f1os ha seguido trabajando en el tema, descubriendo nuevos documentos en los archivos y recuperando ochenta y seis sentencias desaparecidas del archivo judicial del TOP que conservaba el Centro Documental de la Memoria Hist\u00f3rica de Salamanca.<\/p>\n<p>Entre las novedades que aporta esta reedici\u00f3n est\u00e1n las siguientes: afloramiento de tres Juzgados Especiales (de Orden P\u00fablico, de Propaganda Ilegal y de Delitos en Centros de Ense\u00f1anza, creados en 1956, 1957 y 1968, respectivamente); rescate ya aludido de 86 sentencias; reconstrucci\u00f3n documental del caso Grimau como evidente crimen de Estado cometido con el dirigente del PCE Juli\u00e1n Grimau Garc\u00eda, fusilado el d\u00eda 20 de abril de 1963 tras un Consejo de Guerra prefabricado y lleno de irregularidades (Ap\u00e9ndice 2); un Pr\u00f3logo magistral de Mar\u00eda Emilia Casas Baamonde, Presidenta em\u00e9rita del Tribunal Constitucional, que recuerda muy oportunamente que la llamada Ley de Memoria Hist\u00f3rica (Ley 52\/2007 de 26 de diciembre) \u201cdeclar\u00f3 la ilegitimidad del TOP por ser contrario a Derecho y vulnerar las m\u00e1s elementales exigencias del derecho a un juicio justo\u201d.<\/p>\n<p>Como por fortuna editan la nueva edici\u00f3n del libro la Fundaci\u00f3n Abogados de Atocha y el Ministerio de la Presidencia, Relaciones con las Cortes y Memoria Democr\u00e1tica y colaboran el Consejo General de la Abogac\u00eda Espa\u00f1ola, el Ilustre Colegio de Abogados de Madrid y Comisiones Obreras de Madrid, esperamos una navegaci\u00f3n segura en la difusi\u00f3n de esta joya historiogr\u00e1fica.<\/p>\n<p><strong>El olvido del TOP en la estela de la desmemoria del franquismo<\/strong><\/p>\n<p>\u00bfCu\u00e1l fue el destino profesional de los magistrados, jueces y fiscales que ejercieron la represi\u00f3n pol\u00edtica a trav\u00e9s de la jurisdicci\u00f3n especial de Orden P\u00fablico? No solo no fueron sancionados o relegados por ello, sino que en la nueva etapa democr\u00e1tica siguieron escalando puestos de alto nivel llegando a integrarse en la Audiencia Nacional, el Tribunal Supremo e incluso el Tribunal Constitucional. Tomaba cuerpo as\u00ed el llamado \u201cpacto de silencio\u201d de la Transici\u00f3n que relegaba al olvido los cr\u00edmenes del franquismo y manten\u00eda en todos los niveles del estado a los funcionarios que hab\u00edan participado en los aparatos represivos del r\u00e9gimen.<\/p>\n<p>\u201cMuri\u00f3 el TOP, que nunca debi\u00f3 haber existido\u201d, escribe en el libro la Presidenta del Consejo General de la Abogac\u00eda Espa\u00f1ola, Victoria Ortega. \u00bfQu\u00e9 queda de \u00e9l en la memoria colectiva espa\u00f1ola? Nada, ni siquiera el recuerdo de un nombre siniestro en nuestra historia reciente. Quiz\u00e1 algunos de los m\u00e1s viejos conserven en la niebla del tiempo la imagen borrosa de unos jueces venales que daban apariencia de legalidad a la represi\u00f3n pol\u00edtica. Contra esa desmemoria planificada lucha ahora como cuando era joven este noble jurista andaluz haciendo suyo el verso de Brecht: \u201cQuien aun est\u00e9 vivo no diga \u00abjam\u00e1s\u00bb\u201d. Por si acaso, para los j\u00f3venes que desconocen nuestro pasado, para los juristas a quienes les ha sido vedado el estudio de las instituciones judiciales de la represi\u00f3n pol\u00edtica en el franquismo y para los ciudadanos comunes que aprecien la libertad, tiene abierto un blog que mantiene viva la llama de la memoria y que yo recomiendo visitar de vez en cuando para refrescarla: <a href=\"https:\/\/justiciaydictadura.com\/\">justiciaydictadura.com<\/a>.<\/p>\n<p>&nbsp;<\/p>\n","protected":false},"excerpt":{"rendered":"<p>Libro negro del franquismo. Rese\u00f1a de El TOP. La represi\u00f3n de la libertad (1963-1977), 2\u00aa edici\u00f3n ampliada, de Juan Jos\u00e9<\/p>\n","protected":false},"author":5,"featured_media":8798,"comment_status":"open","ping_status":"open","sticky":false,"template":"","format":"standard","meta":{"footnotes":""},"categories":[17,46],"tags":[1639,1640,917],"class_list":["post-8795","post","type-post","status-publish","format-standard","has-post-thumbnail","hentry","category-historia","category-memoria-historica","tag-el-top-la-represion-de-la-libertad-1963-1977","tag-juan-jose-del-aguila","tag-resenas"],"aioseo_notices":[],"_links":{"self":[{"href":"https:\/\/espai-marx.net\/index.php?rest_route=\/wp\/v2\/posts\/8795","targetHints":{"allow":["GET"]}}],"collection":[{"href":"https:\/\/espai-marx.net\/index.php?rest_route=\/wp\/v2\/posts"}],"about":[{"href":"https:\/\/espai-marx.net\/index.php?rest_route=\/wp\/v2\/types\/post"}],"author":[{"embeddable":true,"href":"https:\/\/espai-marx.net\/index.php?rest_route=\/wp\/v2\/users\/5"}],"replies":[{"embeddable":true,"href":"https:\/\/espai-marx.net\/index.php?rest_route=%2Fwp%2Fv2%2Fcomments&post=8795"}],"version-history":[{"count":0,"href":"https:\/\/espai-marx.net\/index.php?rest_route=\/wp\/v2\/posts\/8795\/revisions"}],"wp:featuredmedia":[{"embeddable":true,"href":"https:\/\/espai-marx.net\/index.php?rest_route=\/wp\/v2\/media\/8798"}],"wp:attachment":[{"href":"https:\/\/espai-marx.net\/index.php?rest_route=%2Fwp%2Fv2%2Fmedia&parent=8795"}],"wp:term":[{"taxonomy":"category","embeddable":true,"href":"https:\/\/espai-marx.net\/index.php?rest_route=%2Fwp%2Fv2%2Fcategories&post=8795"},{"taxonomy":"post_tag","embeddable":true,"href":"https:\/\/espai-marx.net\/index.php?rest_route=%2Fwp%2Fv2%2Ftags&post=8795"}],"curies":[{"name":"wp","href":"https:\/\/api.w.org\/{rel}","templated":true}]}}