{"id":880,"date":"2007-12-09T00:00:00","date_gmt":"2007-12-09T00:00:00","guid":{"rendered":"https:\/\/espai-marx.net\/?p=880"},"modified":"2020-02-26T08:17:34","modified_gmt":"2020-02-26T07:17:34","slug":"els-costos-democratics-de-la-monarquia","status":"publish","type":"post","link":"https:\/\/espai-marx.net\/?p=880","title":{"rendered":"Els costos democr\u00e0tics de la Monarqu\u00eda"},"content":{"rendered":"<p>Catedr\u00e0tic de Ci\u00e8ncies Pol\u00edtiques de la Universitat Pompeu Fabra<\/p>\n<p>&nbsp;<\/p>\n<p>Una actitud generalitzada en els establishments pol\u00edtics i medi\u00e0tics de Catalunya i d\u2019Espanya \u00e9s que el sistema mon\u00e0rquic en el nostre pa\u00eds est\u00e0 funcionant molt b\u00e9, aportant estabilitat pol\u00edtica i social. Segons aquesta versi\u00f3 convencional reprodu\u00efda en la major part dels mitjans d\u2019informaci\u00f3 i persuasi\u00f3 del pa\u00eds, el Monarca \u00e9s una mera figura simb\u00f2lica mancada de poders i homologable a qualsevol altra Monarca d\u2019Europa. Aquesta imatge de la Monarquia \u00e9s, a m\u00e9s d\u2019err\u00f2nia, perjudicial per a la cultura democr\u00e0tica de Catalunya i Espanya. \u00c9s, a m\u00e9s, f\u00e0cilment demostrable que no correspon a la realitat. Quants Reis europeus intervenen a les confer\u00e8ncies internacionals? Hem vist recentment la poca educaci\u00f3 democr\u00e0tica mostrada pel rei en una d\u2019aquestes confer\u00e8ncies (Santiago de Xile), quan en to altiu i arrogant, t\u00edpic de la dreta espanyola, va exigir a un altre cap d\u2019Estat que call\u00e9s (fet que, com era previsible, va mobilitzar els mitjans d\u2019informaci\u00f3 i persuasi\u00f3 del pa\u00eds per a aplaudir tal grolleria, presentant-lo com a part de l\u2019enaltiment nacional).<\/p>\n<p>Per\u00f2 els costos de tal promoci\u00f3 de la Monarquia per a la cultura democr\u00e0tica del pa\u00eds han estat molt grans. S\u2019ha promocionat el rei com el qui va portar la democr\u00e0cia a Espanya, la qual cosa, a m\u00e9s de ser fals (falsedat que \u00e9s f\u00e0cilment demostrable) oculta les causes reals de la fi de la dictadura i de l\u2019establiment de la democr\u00e0cia, que varen ser les mobilitzacions socials liderades pel moviment obrer. El 1976, any decisiu en la Transici\u00f3, hi va haver 1.438 dies de vaga per cada mil treballadors (la mitjana de la Comunitat Europea va ser de 390 dies), i en el sector industrial tal xifra va arribar als 2.085 dies (quan el promig de la CEE era de 595), situaci\u00f3 d\u2019agitaci\u00f3 obrera que es va repetir al 1977. El Rei, a trav\u00e9s del seu primer govern, va intentar reprimir aquestes protestes, perqu\u00e8 estava temor\u00f3s que \u2013tal com va indicar el seu propi Ministeri de Governaci\u00f3\u2013 trontoll\u00e9s el seu mandat. I varen ser aquelles mobilitzacions les que varen for\u00e7ar que les primeres propostes fetes pel seu govern (que intentaven establir un sistema molt poc democr\u00e0tic) hagu\u00e9s d\u2019obrir-se i acceptar un sistema democr\u00e0tic, encara que va poder imposar un ordre constitucional, que a m\u00e9s de no acceptar la plurinacionalitat de l\u2019Estat Espanyol, reprodu\u00eds el domini i privilegis d\u2019institucions tals com l\u2019Ex\u00e8rcit, l\u2019esgl\u00e9sia, la judicatura, el m\u00f3n empresarial i banquer, les Reals Acad\u00e8mies, i moltes altres institucions que constitueixen els pilars de les dretes tant espanyoles com catalanes. Aquestes forces s\u00f3n responsables del gran retard social de Catalunya i d\u2019Espanya (que tenen la despesa p\u00fablica per habitant m\u00e9s baixa de la Uni\u00f3 Europea dels 15) i de la democr\u00e0cia tant incomplerta que tenim (on les veus cr\u00edtiques al cap d\u2019Estat i al sistema que sost\u00e9 s\u00f3n molt poques, moltes menys, per cert, que les veus cr\u00edtiques al cap d\u2019Estat de Vene\u00e7uela en el seu pa\u00eds, al qual el rei va criticar intentant donar-li lli\u00e7ons de comportament democr\u00e0tic).<\/p>\n","protected":false},"excerpt":{"rendered":"<p><P>Els costos democr&agrave;tics de la Monarquia<\/P><P> <\/P><P>Vicen&ccedil; Navarro. Catedr&agrave;tic de Ci&egrave;ncies Pol&iacute;tiques de la Universitat Pompeu Fabra<\/P><P> <\/P><P>Una actitud generalitzada en els establishments pol&iacute;tics i medi&agrave;tics de Catalunya i d&rsquo;Espanya &eacute;s que el sistema mon&agrave;rquic en el nostre pa&iacute;s est&agrave; funcionant molt b&eacute;, aportant estabilitat pol&iacute;tica i social. Segons aquesta versi&oacute; convencional reprodu&iuml;da en la major part dels mitjans d&rsquo;informaci&oacute; i persuasi&oacute; del pa&iacute;s, el Monarca &eacute;s una mera figura simb&ograve;lica mancada de poders i homologable a qualsevol altra Monarca d&rsquo;Europa. Aquesta imatge de la Monarquia &eacute;s, a m&eacute;s d&rsquo;err&ograve;nia, perjudicial per a la cultura democr&agrave;tica de Catalunya i Espanya. &Eacute;s, a m&eacute;s, f&agrave;cilment demostrable que no correspon a la realitat. Quants Reis europeus intervenen a les confer&egrave;ncies internacionals? Hem vist recentment la poca educaci&oacute; democr&agrave;tica mostrada pel rei en una d&rsquo;aquestes confer&egrave;ncies (Santiago de Xile), quan en to altiu i arrogant, t&iacute;pic de la dreta espanyola, va exigir a un altre cap d&rsquo;Estat que call&eacute;s (fet que, com era previsible, va mobilitzar els mitjans d&rsquo;informaci&oacute; i persuasi&oacute; del pa&iacute;s per a aplaudir tal grolleria, presentant-lo com a part de l&rsquo;enaltiment nacional). Per&ograve; els costos de tal promoci&oacute; de la Monarquia per a la cultura democr&agrave;tica del pa&iacute;s han estat molt grans. S&rsquo;ha promocionat el rei com el qui va portar la democr&agrave;cia a Espanya, la qual cosa, a m&eacute;s de ser fals (falsedat que &eacute;s f&agrave;cilment demostrable) oculta les causes reals de la fi de la dictadura i de l&rsquo;establiment de la democr&agrave;cia, que varen ser les mobilitzacions socials liderades pel moviment obrer. El 1976, any decisiu en la Transici&oacute;, hi va haver 1.438 dies de vaga per cada mil treballadors (la mitjana de la Comunitat Europea va ser de 390 dies), i en el sector industrial tal xifra va arribar als 2.085 dies (quan el promig de la CEE era de 595), situaci&oacute; d&rsquo;agitaci&oacute; obrera que es va repetir al 1977. El Rei, a trav&eacute;s del seu primer govern, va intentar reprimir aquestes protestes, perqu&egrave; estava temor&oacute;s que &ndash;tal com va indicar el seu propi Ministeri de Governaci&oacute;&ndash; trontoll&eacute;s el seu mandat. I varen ser aquelles mobilitzacions les que varen for&ccedil;ar que les primeres propostes fetes pel seu govern (que intentaven establir un sistema molt poc democr&agrave;tic) hagu&eacute;s d&rsquo;obrir-se i acceptar un sistema democr&agrave;tic, encara que va poder imposar un ordre constitucional, que a m&eacute;s de no acceptar la plurinacionalitat de l&rsquo;Estat Espanyol, reprodu&iacute;s el domini i privilegis d&rsquo;institucions tals com l&rsquo;Ex&egrave;rcit, l&rsquo;esgl&eacute;sia, la judicatura, el m&oacute;n empresarial i banquer, les Reals Acad&egrave;mies, i moltes altres institucions que constitueixen els pilars de les dretes tant espanyoles com catalanes. Aquestes forces s&oacute;n responsables del gran retard social de Catalunya i d&rsquo;Espanya (que tenen la despesa p&uacute;blica per habitant m&eacute;s baixa de la Uni&oacute; Europea dels 15) i de la democr&agrave;cia tant incomplerta que tenim (on les veus cr&iacute;tiques al cap d&rsquo;Estat i al sistema que sost&eacute; s&oacute;n molt poques, moltes menys, per cert, que les veus cr&iacute;tiques al cap d&rsquo;Estat de Vene&ccedil;uela en el seu pa&iacute;s, al qual el rei va criticar intentant donar-li lli&ccedil;ons de comportament democr&agrave;tic).<\/P><\/p>\n","protected":false},"author":9,"featured_media":0,"comment_status":"open","ping_status":"open","sticky":false,"template":"","format":"standard","meta":{"footnotes":""},"categories":[14],"tags":[],"class_list":["post-880","post","type-post","status-publish","format-standard","hentry","category-democracia-republica"],"aioseo_notices":[],"_links":{"self":[{"href":"https:\/\/espai-marx.net\/index.php?rest_route=\/wp\/v2\/posts\/880","targetHints":{"allow":["GET"]}}],"collection":[{"href":"https:\/\/espai-marx.net\/index.php?rest_route=\/wp\/v2\/posts"}],"about":[{"href":"https:\/\/espai-marx.net\/index.php?rest_route=\/wp\/v2\/types\/post"}],"author":[{"embeddable":true,"href":"https:\/\/espai-marx.net\/index.php?rest_route=\/wp\/v2\/users\/9"}],"replies":[{"embeddable":true,"href":"https:\/\/espai-marx.net\/index.php?rest_route=%2Fwp%2Fv2%2Fcomments&post=880"}],"version-history":[{"count":0,"href":"https:\/\/espai-marx.net\/index.php?rest_route=\/wp\/v2\/posts\/880\/revisions"}],"wp:attachment":[{"href":"https:\/\/espai-marx.net\/index.php?rest_route=%2Fwp%2Fv2%2Fmedia&parent=880"}],"wp:term":[{"taxonomy":"category","embeddable":true,"href":"https:\/\/espai-marx.net\/index.php?rest_route=%2Fwp%2Fv2%2Fcategories&post=880"},{"taxonomy":"post_tag","embeddable":true,"href":"https:\/\/espai-marx.net\/index.php?rest_route=%2Fwp%2Fv2%2Ftags&post=880"}],"curies":[{"name":"wp","href":"https:\/\/api.w.org\/{rel}","templated":true}]}}