{"id":8845,"date":"2020-12-08T05:00:18","date_gmt":"2020-12-08T04:00:18","guid":{"rendered":"https:\/\/espai-marx.net\/?p=8845"},"modified":"2020-12-07T02:44:29","modified_gmt":"2020-12-07T01:44:29","slug":"8845","status":"publish","type":"post","link":"https:\/\/espai-marx.net\/?p=8845","title":{"rendered":"Novedad en Els arbres de Fahrenheit: <i>La v\u00eda chilena al socialismo. 50 a\u00f1os despu\u00e9s<\/i>"},"content":{"rendered":"<p><em>La v\u00eda chilena al socialismo. 50 a\u00f1os despu\u00e9s<\/em>\u00a0representa un hito historiogr\u00e1fico y un extraordinario ejercicio de memoria que ilumina, desde una multiplicidad de lecturas, la experiencia de la Unidad Popular y el goberno de Salvador Allende. CLACSO presenta un escrito donde se entrelazan historias y memorias para construir una aproximaci\u00f3n cr\u00edtica y comprometida de uno de los acontecimientos m\u00e1s impactantes del siglo XX latinoamericano. M\u00e1s de 80 autores y autoras confluyen con sus trabajos para producir una gran reflexi\u00f3n hist\u00f3rica sobre la izquierdas latinoamericanas que invita a pensar alternativas para el futuro de nuestros pueblos, renovando las luchas por sociedades m\u00e1s justas y humanas.<\/p>\n<p>Hemos incorporado esta obra a nuestra biblioteca Els Arbres de Fahrenheit: <a href=\"https:\/\/espai-marx.net\/elsarbres\/review\/la-via-chilena-al-socialismo-50-anos-despues-vvaa\/\">https:\/\/espai-marx.net\/elsarbres\/review\/la-via-chilena-al-socialismo-50-anos-despues-vvaa\/<\/a><\/p>\n","protected":false},"excerpt":{"rendered":"<p>La v\u00eda chilena al socialismo. 50 a\u00f1os despu\u00e9s\u00a0representa un hito historiogr\u00e1fico y un extraordinario ejercicio de memoria que ilumina, desde<\/p>\n","protected":false},"author":5,"featured_media":8846,"comment_status":"open","ping_status":"open","sticky":false,"template":"","format":"standard","meta":{"footnotes":""},"categories":[32,860,825,1553],"tags":[],"class_list":["post-8845","post","type-post","status-publish","format-standard","has-post-thumbnail","hentry","category-america-latina","category-chile","category-elsarbres","category-socialismo"],"aioseo_notices":[],"_links":{"self":[{"href":"https:\/\/espai-marx.net\/index.php?rest_route=\/wp\/v2\/posts\/8845","targetHints":{"allow":["GET"]}}],"collection":[{"href":"https:\/\/espai-marx.net\/index.php?rest_route=\/wp\/v2\/posts"}],"about":[{"href":"https:\/\/espai-marx.net\/index.php?rest_route=\/wp\/v2\/types\/post"}],"author":[{"embeddable":true,"href":"https:\/\/espai-marx.net\/index.php?rest_route=\/wp\/v2\/users\/5"}],"replies":[{"embeddable":true,"href":"https:\/\/espai-marx.net\/index.php?rest_route=%2Fwp%2Fv2%2Fcomments&post=8845"}],"version-history":[{"count":0,"href":"https:\/\/espai-marx.net\/index.php?rest_route=\/wp\/v2\/posts\/8845\/revisions"}],"wp:featuredmedia":[{"embeddable":true,"href":"https:\/\/espai-marx.net\/index.php?rest_route=\/wp\/v2\/media\/8846"}],"wp:attachment":[{"href":"https:\/\/espai-marx.net\/index.php?rest_route=%2Fwp%2Fv2%2Fmedia&parent=8845"}],"wp:term":[{"taxonomy":"category","embeddable":true,"href":"https:\/\/espai-marx.net\/index.php?rest_route=%2Fwp%2Fv2%2Fcategories&post=8845"},{"taxonomy":"post_tag","embeddable":true,"href":"https:\/\/espai-marx.net\/index.php?rest_route=%2Fwp%2Fv2%2Ftags&post=8845"}],"curies":[{"name":"wp","href":"https:\/\/api.w.org\/{rel}","templated":true}]}}