{"id":910,"date":"2008-01-04T00:00:00","date_gmt":"2008-01-04T00:00:00","guid":{"rendered":"https:\/\/espai-marx.net\/?p=910"},"modified":"2020-02-26T07:11:18","modified_gmt":"2020-02-26T06:11:18","slug":"polaritzacio-educativa-o-polaritzacio-social","status":"publish","type":"post","link":"https:\/\/espai-marx.net\/?p=910","title":{"rendered":"Polaritzaci\u00f3 educativa o polaritzaci\u00f3 social?"},"content":{"rendered":"<p>Catedr\u00e0tic de Pol\u00edtiques P\u00fabliques de la Universitat Pompeu Fabra<\/p>\n<p>&nbsp;<\/p>\n<p>L&#8217;informe de la Fundaci\u00f3 Bofill sobre la situaci\u00f3 del sistema educatiu a Catalunya \u00e9s l&#8217;\u00faltim d&#8217;una llarga llista d&#8217;informes (veure els cap\u00edtols d&#8217;educaci\u00f3 a: Navarro, V (dir). L\u2019Estat de Benestar a Catalunya, 2003, i La situaci\u00f3n social de Espa\u00f1a, vol. I 2005 i vol. II 2007) que han documentat que, en contra del que se&#8217;ns deia en aquella imatge complaent tan estesa durant anys de governs conservadors a Catalunya i a Espanya que \u201cEspanya anava b\u00e9 i Catalunya anava fins i tot millor\u201d, les escoles espanyoles no anaven b\u00e9 i les escoles catalanes fins i tot anaven pitjor. Una de les raons, entre d\u2019altres, era que la despesa p\u00fablica per alumne era de les m\u00e9s baixes de la Uni\u00f3 Europea dels quinze, UE-15, el grup de pa\u00efsos de semblant nivell de desenvolupament econ\u00f2mic al nostre. La despesa p\u00fablica per alumne a l&#8217;escola prim\u00e0ria era, a l&#8217;any 2003 (\u00faltim any de govern conservador), de 3.180 euros estandarditzats (moneda utilitzada per fer comparables la capacitat adquisitiva de l&#8217;euro en diversos pa\u00efsos), molt m\u00e9s baixa que a la UE-15 (3.923); i a l&#8217;escola secund\u00e0ria era de 4.277, una despesa que era tamb\u00e9 molt m\u00e9s baixa que el terme mitj\u00e0 de la UE-15, (5.666). I com sempre succeeix en pa\u00efsos amb una despesa p\u00fablica educativa baixa, existia una polaritzaci\u00f3 del sistema educatiu per classe social segons la qual el 35% de la poblaci\u00f3 de renda superior enviava els seus fills a les escoles privades i el 65% restant (les classes populars) enviava als seus fills a les escoles p\u00fabliques. La despesa per alumne a l&#8217;escola privada era i continua sent superior a la despesa per alumne de la p\u00fablica, doncs la primera rebia i continua rebent, a m\u00e9s de les aportacions privades, un subsidi p\u00fablic anomenat concert. La privada, fins l&#8217;any 2003, quan perderen les eleccions les dretes, no estava integrada al sistema p\u00fablic. A l&#8217;escola p\u00fablica s\u2019hi concentrava el 82% de la poblaci\u00f3 immigrant, col\u00b7lectiu que t\u00e9 majors necessitats educatives per les seves limitacions culturals i ling\u00fc\u00edstiques, necessitats que han anat augmentant a mesura que la composici\u00f3 de la poblaci\u00f3 immigrant ha anat canviant amb major proced\u00e8ncia de pa\u00efsos i cultures no llatines.<\/p>\n<p>Aquesta polaritzaci\u00f3 social de l&#8217;educaci\u00f3 catalana (i espanyola) va ser molt poc visible als mitjans d&#8217;informaci\u00f3 i persuasi\u00f3 durant l&#8217;\u00e8poca conservadora degut al fet que la gran majoria de creadors d&#8217;opini\u00f3 procedien (i continuen procedint) del 35% de la poblaci\u00f3 de renda superior, que han estat educats, en la seva majoria, dins l&#8217;escola privada i que constitueixen un grup social amb una enorme influ\u00e8ncia pol\u00edtica i medi\u00e0tica al pa\u00eds. La gran majoria d&#8217;ells no sofreix en les seves pr\u00f2pies fam\u00edlies les conseq\u00fc\u00e8ncies del gran d\u00e8ficit de despesa p\u00fablica educatiu. Els governs conservadors a Catalunya i a Espanya van afavorir les escoles privades (la majoria, gestionades per l&#8217;Esgl\u00e9sia cat\u00f2lica a trav\u00e9s d&#8217;organismes religiosos) a costa de les p\u00fabliques, sent Catalunya la Comunitat Aut\u00f2noma que va afavorir m\u00e9s la via dels subsidis p\u00fablics a l&#8217;escola privada. Aix\u00f2 es va fer a costa de la despesa per alumne a l&#8217;escola p\u00fablica, que va ser inferior al terme mitj\u00e0 d&#8217;Espanya i molt inferior al terme mitj\u00e0 de la UE-15. L&#8217;\u00fanica despesa per alumne que va ser a Catalunya superior al terme mitj\u00e0 d&#8217;Espanya va ser la despesa universit\u00e0ria, i aix\u00f2, com a conseq\u00fc\u00e8ncia que els fills del 35% de la poblaci\u00f3 de renda superior del pa\u00eds estaven clarament sobrerepresentats en la poblaci\u00f3 estudiantil universit\u00e0ria. L\u2019educaci\u00f3 menys finan\u00e7ada era la formaci\u00f3 professional, clarament una sortida per a la classe treballadora.<\/p>\n<p>Aquesta polaritzaci\u00f3 del sistema educatiu per classe social (una de les m\u00e9s garns existents en la UE-15) era i continua sent conseq\u00fc\u00e8ncia de la polaritzaci\u00f3 de l&#8217;estructura social de Catalunya i Espanya, una de les m\u00e9s desiguals de la UE-15. \u00c9s precisament en pa\u00efsos que tenen menors desigualtats socials com Finl\u00e0ndia (una de les societats menys desiguals de l&#8217;UE-15) on hi ha menor desenvolupament de l&#8217;educaci\u00f3 privada (la privada \u00e9s un 2% del cos estudiantil a Finl\u00e0ndia, a Catalunya \u00e9s un 36%) i es pot oferir major efici\u00e8ncia educativa. Els governs d&#8217;esquerres escollits a Catalunya a partir de 2003 estan intentant canviar aquesta situaci\u00f3 a for\u00e7a d&#8217;augmentar molt significativament la despesa p\u00fablica educativa i la integraci\u00f3 de l&#8217;escola privada concertada dins el sistema p\u00fablic, la qual cosa hauria de suposar (encara que no est\u00e0 encara ocorrent) la distribuci\u00f3 m\u00e9s equitativa de la poblaci\u00f3 immigrant. Per\u00f2 \u00e9s improbable que la polaritzaci\u00f3 educativa pugui disminuir sense una disminuci\u00f3 accentuada de l&#8217;excessiva polaritzaci\u00f3 social que existeix al nostre pa\u00eds.<\/p>\n<p>&nbsp;<\/p>\n<p>Publicat a: http:\/\/www.eldebat.cat\/cat\/viewer.php?IDN=17452<\/p>\n","protected":false},"excerpt":{"rendered":"<p><P>Polaritzaci&oacute; educativa o polaritzaci&oacute; social?<\/P><P> <\/P><P>Vicen&ccedil; Navarro. Catedr&agrave;tic de Pol&iacute;tiques P&uacute;bliques de la Universitat Pompeu Fabra<\/P><P> <\/P><P>L&#8217;informe de la Fundaci&oacute; Bofill sobre la situaci&oacute; del sistema educatiu a Catalunya &eacute;s l&#8217;&uacute;ltim d&#8217;una llarga llista d&#8217;informes (veure els cap&iacute;tols d&#8217;educaci&oacute; a: Navarro, V (dir). L&rsquo;Estat de Benestar a Catalunya, 2003, i La situaci&oacute;n social de Espa&ntilde;a, vol. I 2005 i vol. II 2007) que han documentat que, en contra del que se&#8217;ns deia en aquella imatge complaent tan estesa durant anys de governs conservadors a Catalunya i a Espanya que &ldquo;Espanya anava b&eacute; i Catalunya anava fins i tot millor&rdquo;, les escoles espanyoles no anaven b&eacute; i les escoles catalanes fins i tot anaven pitjor. Una de les raons, entre d&rsquo;altres, era que la despesa p&uacute;blica per alumne era de les m&eacute;s baixes de la Uni&oacute; Europea dels quinze, UE-15, el grup de pa&iuml;sos de semblant nivell de desenvolupament econ&ograve;mic al nostre. La despesa p&uacute;blica per alumne a l&#8217;escola prim&agrave;ria era, a l&#8217;any 2003 (&uacute;ltim any de govern conservador), de 3.180 euros estandarditzats (moneda utilitzada per fer comparables la capacitat adquisitiva de l&#8217;euro en diversos pa&iuml;sos), molt m&eacute;s baixa que a la UE-15 (3.923); i a l&#8217;escola secund&agrave;ria era de 4.277, una despesa que era tamb&eacute; molt m&eacute;s baixa que el terme mitj&agrave; de la UE-15, (5.666). I com sempre succeeix en pa&iuml;sos amb una despesa p&uacute;blica educativa baixa, existia una polaritzaci&oacute; del sistema educatiu per classe social segons la qual el 35% de la poblaci&oacute; de renda superior enviava els seus fills a les escoles privades i el 65% restant (les classes populars) enviava als seus fills a les escoles p&uacute;bliques. La despesa per alumne a l&#8217;escola privada era i continua sent superior a la despesa per alumne de la p&uacute;blica, doncs la primera rebia i continua rebent, a m&eacute;s de les aportacions privades, un subsidi p&uacute;blic anomenat concert. La privada, fins l&#8217;any 2003, quan perderen les eleccions les dretes, no estava integrada al sistema p&uacute;blic. A l&#8217;escola p&uacute;blica s&rsquo;hi concentrava el 82% de la poblaci&oacute; immigrant, col&middot;lectiu que t&eacute; majors necessitats educatives per les seves limitacions culturals i ling&uuml;&iacute;stiques, necessitats que han anat augmentant a mesura que la composici&oacute; de la poblaci&oacute; immigrant ha anat canviant amb major proced&egrave;ncia de pa&iuml;sos i cultures no llatines.Aquesta polaritzaci&oacute; social de l&#8217;educaci&oacute; catalana (i espanyola) va ser molt poc visible als mitjans d&#8217;informaci&oacute; i persuasi&oacute; durant l&#8217;&egrave;poca conservadora degut al fet que la gran majoria de creadors d&#8217;opini&oacute; procedien (i continuen procedint) del 35% de la poblaci&oacute; de renda superior, que han estat educats, en la seva majoria, dins l&#8217;escola privada i que constitueixen un grup social amb una enorme influ&egrave;ncia pol&iacute;tica i medi&agrave;tica al pa&iacute;s. La gran majoria d&#8217;ells no sofreix en les seves pr&ograve;pies fam&iacute;lies les conseq&uuml;&egrave;ncies del gran d&egrave;ficit de despesa p&uacute;blica educatiu. Els governs conservadors a Catalunya i a Espanya van afavorir les escoles privades (la majoria, gestionades per l&#8217;Esgl&eacute;sia cat&ograve;lica a trav&eacute;s d&#8217;organismes religiosos) a costa de les p&uacute;bliques, sent Catalunya la Comunitat Aut&ograve;noma que va afavorir m&eacute;s la via dels subsidis p&uacute;blics a l&#8217;escola privada. Aix&ograve; es va fer a costa de la despesa per alumne a l&#8217;escola p&uacute;blica, que va ser inferior al terme mitj&agrave; d&#8217;Espanya i molt inferior al terme mitj&agrave; de la UE-15. L&#8217;&uacute;nica despesa per alumne que va ser a Catalunya superior al terme mitj&agrave; d&#8217;Espanya va ser la despesa universit&agrave;ria, i aix&ograve;, com a conseq&uuml;&egrave;ncia que els fills del 35% de la poblaci&oacute; de renda superior del pa&iacute;s estaven clarament sobrerepresentats en la poblaci&oacute; estudiantil universit&agrave;ria. L&rsquo;educaci&oacute; menys finan&ccedil;ada era la formaci&oacute; professional, clarament una sortida per a la classe treballadora.Aquesta polaritzaci&oacute; del sistema educatiu per classe social (una de les m&eacute;s garns existents en la UE-15) era i continua sent conseq&uuml;&egrave;ncia de la polaritzaci&oacute; de l&#8217;estructura social de Catalunya i Espanya, una de les m&eacute;s desiguals de la UE-15. &Eacute;s precisament en pa&iuml;sos que tenen menors desigualtats socials com Finl&agrave;ndia (una de les societats menys desiguals de l&#8217;UE-15) on hi ha menor desenvolupament de l&#8217;educaci&oacute; privada (la privada &eacute;s un 2% del cos estudiantil a Finl&agrave;ndia, a Catalunya &eacute;s un 36%) i es pot oferir major efici&egrave;ncia educativa. Els governs d&#8217;esquerres escollits a Catalunya a partir de 2003 estan intentant canviar aquesta situaci&oacute; a for&ccedil;a d&#8217;augmentar molt significativament la despesa p&uacute;blica educativa i la integraci&oacute; de l&#8217;escola privada concertada dins el sistema p&uacute;blic, la qual cosa hauria de suposar (encara que no est&agrave; encara ocorrent) la distribuci&oacute; m&eacute;s equitativa de la poblaci&oacute; immigrant. Per&ograve; &eacute;s improbable que la polaritzaci&oacute; educativa pugui disminuir sense una disminuci&oacute; accentuada de l&#8217;excessiva polaritzaci&oacute; social que existeix al nostre pa&iacute;s.<\/P><P> <\/P><\/p>\n","protected":false},"author":9,"featured_media":0,"comment_status":"open","ping_status":"open","sticky":false,"template":"","format":"standard","meta":{"footnotes":""},"categories":[3],"tags":[],"class_list":["post-910","post","type-post","status-publish","format-standard","hentry","category-condiciones-de-vida"],"aioseo_notices":[],"_links":{"self":[{"href":"https:\/\/espai-marx.net\/index.php?rest_route=\/wp\/v2\/posts\/910","targetHints":{"allow":["GET"]}}],"collection":[{"href":"https:\/\/espai-marx.net\/index.php?rest_route=\/wp\/v2\/posts"}],"about":[{"href":"https:\/\/espai-marx.net\/index.php?rest_route=\/wp\/v2\/types\/post"}],"author":[{"embeddable":true,"href":"https:\/\/espai-marx.net\/index.php?rest_route=\/wp\/v2\/users\/9"}],"replies":[{"embeddable":true,"href":"https:\/\/espai-marx.net\/index.php?rest_route=%2Fwp%2Fv2%2Fcomments&post=910"}],"version-history":[{"count":0,"href":"https:\/\/espai-marx.net\/index.php?rest_route=\/wp\/v2\/posts\/910\/revisions"}],"wp:attachment":[{"href":"https:\/\/espai-marx.net\/index.php?rest_route=%2Fwp%2Fv2%2Fmedia&parent=910"}],"wp:term":[{"taxonomy":"category","embeddable":true,"href":"https:\/\/espai-marx.net\/index.php?rest_route=%2Fwp%2Fv2%2Fcategories&post=910"},{"taxonomy":"post_tag","embeddable":true,"href":"https:\/\/espai-marx.net\/index.php?rest_route=%2Fwp%2Fv2%2Ftags&post=910"}],"curies":[{"name":"wp","href":"https:\/\/api.w.org\/{rel}","templated":true}]}}