{"id":912,"date":"2008-01-05T00:00:00","date_gmt":"2008-01-05T00:00:00","guid":{"rendered":"https:\/\/espai-marx.net\/?p=912"},"modified":"2020-02-26T07:05:00","modified_gmt":"2020-02-26T06:05:00","slug":"theorie-de-la-violence-novedad-en-frances","status":"publish","type":"post","link":"https:\/\/espai-marx.net\/?p=912","title":{"rendered":"Theorie de la Violence. Novedad en franc\u00e9s"},"content":{"rendered":"<p>Nuevo Libro de Georges Labica:<\/p>\n<p><b>THEORIE DE LA VIOLENCE<\/b><\/p>\n<p><b>LIBRARIE PHILOSOPHIQUE J. VRIN &#8211; PARIS<\/b><\/p>\n<p><b>EDIZIONI LA CITT\u00c0 DEL SOLE &#8211; NAPLES<\/b><\/p>\n<p>pag. 265<br \/>\nISBN 9782711643516<\/p>\n<p>La violencia habita la historia que teje a individuos y a sociedades. La violencia se ha impuesto como el \u00e9ponimo de nuestra \u00e9poca que, estando marcada por el paroxismo de su explosi\u00f3n cuantitativa y cualitativa, enloquece catalogando sus figuras y exorcizando sus desastres. Mitolog\u00edas, religiones, filosof\u00edas, actividades art\u00edsticas, literaturas, incluso nuestros, modernos thrillers, existen pocos relatos o representaciones que no la evoquen y no se hagan eco a estos grandes paradigmas que son el Libro de Job, el martirologio pict\u00f3rico o las locuras de las tragedias.<\/p>\n<p>Polimorfa y polis\u00e9mica, la violencia es portadora de un sufrimiento que balancea entre lo infligido y lo sufrido, lo intermitente y lo continuo, lo accidental y lo tenaz. Su constancia y lo inasequible de sus metamorfosis desbaratan conjuraciones y anatemas. Su empe\u00f1ado concubinato con la pol\u00edtica extrav\u00eda el juicio y se zafa de las redes \u00e9ticas. Familiar de los sistemas, que la producen y la reproducen a porf\u00eda, se encuentra hoy en el coraz\u00f3n de nuestra mundialidad. Las asociaciones de malhechores de las que emana han abandonado los comit\u00e9s ocultos, para sentarse en los estados mayores, en los consejos de administraci\u00f3n y en los gabinetes ministeriales.<\/p>\n<p>Legitimas resistencias provocadas por esta violencia estructural, se inician y abren de nuevo espacios a la violencia emancipadora.<\/p>\n<p>Georges Labica (Tol\u00f3n, 1930) profesor em\u00e9rito de las Universidades, la ha ense\u00f1ado<br \/>\nfilosof\u00eda pol\u00edtica y singularmente la historia y la teor\u00eda del marxismo a la universidad<br \/>\nde Par\u00eds-X Nanterre.<\/p>\n<p>\u00cdndice<br \/>\nIntroducci\u00f3n, Puesta en escena<br \/>\nI. Del lado del Libro de Job<br \/>\nII. Del lado del martirio<br \/>\nIII. Del lado de la demencia,<br \/>\nIV. Ayer y hoy<br \/>\nV. En busca del sentido<br \/>\nVI. Del sufrimiento<br \/>\nVII. De la a-violencia<br \/>\nVIII. De la no-violencia<br \/>\nIX. Del poder<br \/>\nX. Del sistema<br \/>\nConclusi\u00f3n. Resistencias<\/p>\n","protected":false},"excerpt":{"rendered":"<p><P>Nuevo Libro de Georges Labica<\/P><P> <\/P><P>THEORIE DE LA VIOLENCE<\/P><P>LIBRARIE PHILOSOPHIQUE J. VRIN &#8211; PARIS<\/P><P>EDIZIONI LA CITT&Agrave; DEL SOLE &#8211; NAPLES  <\/P><P> pag. 265&euro;  22,00<\/P><\/p>\n","protected":false},"author":9,"featured_media":0,"comment_status":"open","ping_status":"open","sticky":false,"template":"","format":"standard","meta":{"footnotes":""},"categories":[13],"tags":[1301,917,1344],"class_list":["post-912","post","type-post","status-publish","format-standard","hentry","category-la-izquierda-a-debate","tag-georges-labica","tag-resenas","tag-theorie-de-la-violence"],"aioseo_notices":[],"_links":{"self":[{"href":"https:\/\/espai-marx.net\/index.php?rest_route=\/wp\/v2\/posts\/912","targetHints":{"allow":["GET"]}}],"collection":[{"href":"https:\/\/espai-marx.net\/index.php?rest_route=\/wp\/v2\/posts"}],"about":[{"href":"https:\/\/espai-marx.net\/index.php?rest_route=\/wp\/v2\/types\/post"}],"author":[{"embeddable":true,"href":"https:\/\/espai-marx.net\/index.php?rest_route=\/wp\/v2\/users\/9"}],"replies":[{"embeddable":true,"href":"https:\/\/espai-marx.net\/index.php?rest_route=%2Fwp%2Fv2%2Fcomments&post=912"}],"version-history":[{"count":0,"href":"https:\/\/espai-marx.net\/index.php?rest_route=\/wp\/v2\/posts\/912\/revisions"}],"wp:attachment":[{"href":"https:\/\/espai-marx.net\/index.php?rest_route=%2Fwp%2Fv2%2Fmedia&parent=912"}],"wp:term":[{"taxonomy":"category","embeddable":true,"href":"https:\/\/espai-marx.net\/index.php?rest_route=%2Fwp%2Fv2%2Fcategories&post=912"},{"taxonomy":"post_tag","embeddable":true,"href":"https:\/\/espai-marx.net\/index.php?rest_route=%2Fwp%2Fv2%2Ftags&post=912"}],"curies":[{"name":"wp","href":"https:\/\/api.w.org\/{rel}","templated":true}]}}