{"id":9129,"date":"2021-02-18T05:00:18","date_gmt":"2021-02-18T04:00:18","guid":{"rendered":"https:\/\/espai-marx.net\/?p=9129"},"modified":"2021-02-18T02:38:36","modified_gmt":"2021-02-18T01:38:36","slug":"nuevo-en-nuestra-biblioteca-el-pensamiento-y-la-obra-de-g-lukacs-de-istvan-meszaros","status":"publish","type":"post","link":"https:\/\/espai-marx.net\/?p=9129","title":{"rendered":"Nuevo en nuestra biblioteca: <i>El pensamiento y la obra de G. Luk\u00e1cs<\/i> de Istv\u00e1n M\u00e9sz\u00e1ros"},"content":{"rendered":"<p>Poco despu\u00e9s de completar su\u00a0<em>Est\u00e9tica,<\/em>\u00a0Luk\u00e1cs se lanz\u00f3 a realizar un plan concebido hac\u00eda tiempo: escribir una\u00a0<em>\u00c9tica<\/em>\u00a0sistem\u00e1tica que hubiese sido resumen final de toda la obra de su vida. Elabor\u00f3 sin dificultad un bosquejo y en una carta desde Budapest, fechada el 10 de mayo de 1962, indicaba el enfoque general de esa obra, explicitado igualmente en el t\u00edtulo que proyectaba:\u00a0<em>Die Stelle der Ethik im System menschlichen Aktivitiiten<\/em>\u00a0(<em>El lugar de la \u00e9tica en el sistema de actividades humanas<\/em>). Veinte meses m\u00e1s adelante, sin embargo, se quejaba de que su\u00a0<em>\u00c9tica\u00a0<\/em>avanzaba \u00abmuy despacio. He tenido necesidad de escribir primero una considerable parte introductoria sobre la ontolog\u00eda del ser humano, y tambi\u00e9n \u00e9sta avanza muy despacio\u00bb. (Budapest, 13 de enero de 1964.)<\/p>\n<p>&nbsp;<\/p>\n<p>Istv\u00e1n M\u00e9sz\u00e1ros (Budapest, 19 de diciembre de 1930-Londres, 1 de octubre de 2017)1\u200b fue un fil\u00f3sofo marxista h\u00fangaro, perteneciente a la popularmente conocida como &#8216;Escuela de Budapest&#8217;, un grupo de fil\u00f3sofos h\u00fangaros bajo la instrucci\u00f3n o influencia de Georg Luk\u00e1cs, que incluy\u00f3 a \u00c1gnes Heller y Gy\u00f6rgy M\u00e1rkus. Debido a su lealtad a Luk\u00e1cs casi fue expulsado de la universidad. Luk\u00e1cs lo nombr\u00f3 su asistente en el Instituto de Est\u00e9tica tras su cr\u00edtica a la censura de una obra de Mih\u00e1ly V\u00f6r\u00f6smarty. Dej\u00f3 su pa\u00eds natal, Hungr\u00eda, en 1956, despu\u00e9s de la invasi\u00f3n sovi\u00e9tica y trabaj\u00f3 durante un tiempo en Tur\u00edn (Italia) antes de radicarse en el Reino Unido.<\/p>\n<p>En septiembre de 2009, se hizo acreedor al Premio Libertador al Pensamiento Cr\u00edtico 2008 que otorga el Gobierno de la Rep\u00fablica Bolivariana de Venezuela. El premio se lo adjudic\u00f3 gracias a su obra <em>El desaf\u00edo y la carga del tiempo hist\u00f3rico: El Socialismo del siglo XXI<\/em>.2<\/p>\n<p>&nbsp;<\/p>\n<p><a href=\"https:\/\/espai-marx.net\/elsarbres\/review\/el-pensamiento-y-la-obra-de-g-lukacs-istvan-meszaros\/\">Enlace a la entrada de la biblioteca<\/a>.<\/p>\n","protected":false},"excerpt":{"rendered":"<p>Poco despu\u00e9s de completar su\u00a0Est\u00e9tica,\u00a0Luk\u00e1cs se lanz\u00f3 a realizar un plan concebido hac\u00eda tiempo: escribir una\u00a0\u00c9tica\u00a0sistem\u00e1tica que hubiese sido resumen<\/p>\n","protected":false},"author":5,"featured_media":9132,"comment_status":"open","ping_status":"open","sticky":false,"template":"","format":"standard","meta":{"footnotes":""},"categories":[825,1547],"tags":[],"class_list":["post-9129","post","type-post","status-publish","format-standard","has-post-thumbnail","hentry","category-elsarbres","category-georg-lukacs"],"aioseo_notices":[],"_links":{"self":[{"href":"https:\/\/espai-marx.net\/index.php?rest_route=\/wp\/v2\/posts\/9129","targetHints":{"allow":["GET"]}}],"collection":[{"href":"https:\/\/espai-marx.net\/index.php?rest_route=\/wp\/v2\/posts"}],"about":[{"href":"https:\/\/espai-marx.net\/index.php?rest_route=\/wp\/v2\/types\/post"}],"author":[{"embeddable":true,"href":"https:\/\/espai-marx.net\/index.php?rest_route=\/wp\/v2\/users\/5"}],"replies":[{"embeddable":true,"href":"https:\/\/espai-marx.net\/index.php?rest_route=%2Fwp%2Fv2%2Fcomments&post=9129"}],"version-history":[{"count":0,"href":"https:\/\/espai-marx.net\/index.php?rest_route=\/wp\/v2\/posts\/9129\/revisions"}],"wp:featuredmedia":[{"embeddable":true,"href":"https:\/\/espai-marx.net\/index.php?rest_route=\/wp\/v2\/media\/9132"}],"wp:attachment":[{"href":"https:\/\/espai-marx.net\/index.php?rest_route=%2Fwp%2Fv2%2Fmedia&parent=9129"}],"wp:term":[{"taxonomy":"category","embeddable":true,"href":"https:\/\/espai-marx.net\/index.php?rest_route=%2Fwp%2Fv2%2Fcategories&post=9129"},{"taxonomy":"post_tag","embeddable":true,"href":"https:\/\/espai-marx.net\/index.php?rest_route=%2Fwp%2Fv2%2Ftags&post=9129"}],"curies":[{"name":"wp","href":"https:\/\/api.w.org\/{rel}","templated":true}]}}