{"id":9150,"date":"2021-02-22T05:00:06","date_gmt":"2021-02-22T04:00:06","guid":{"rendered":"https:\/\/espai-marx.net\/?p=9150"},"modified":"2021-02-22T03:45:13","modified_gmt":"2021-02-22T02:45:13","slug":"comentario-cinematografico-nuevo-orden-de-michel-franco","status":"publish","type":"post","link":"https:\/\/espai-marx.net\/?p=9150","title":{"rendered":"Comentario cinematogr\u00e1fico: <i>Nuevo Orden<\/i> de Michel Franco"},"content":{"rendered":"<p><span style=\"color: #333333;\"><span style=\"font-family: Arial, serif;\"><span style=\"font-size: medium;\"><a href=\"https:\/\/espai-marx.net\/wp-content\/uploads\/2021\/02\/Nuevo-orden-e1613961828268.png\"><img loading=\"lazy\" decoding=\"async\" class=\"alignleft size-full wp-image-9152\" src=\"https:\/\/espai-marx.net\/wp-content\/uploads\/2021\/02\/Nuevo-orden-e1613961828268.png\" alt=\"\" width=\"700\" height=\"336\" \/><\/a>Direcci\u00f3n y gui\u00f3n: Michel Franco. 88 minutos. Producci\u00f3n: M\u00e9xico y Francia. <\/span><\/span><\/span><\/p>\n<p><span style=\"color: #333333;\"><span style=\"font-family: Arial, serif;\"><span style=\"font-size: medium;\">Su producci\u00f3n de finalizo a mitad de 2019 y se presento al Festival de Venecia donde obtuvo el premio del Jurado en 2020.<\/span><\/span><\/span><\/p>\n<p><span style=\"color: #333333;\"><span style=\"font-family: Arial, serif;\"><span style=\"font-size: medium;\">Argumento: <\/span><\/span><\/span><span style=\"color: #333333;\"><span style=\"font-family: Arial, serif;\"><span style=\"font-size: medium;\"><i>Ciudad en M\u00e9xico actual. Se celebra una boda civil entre j\u00f3venes de la alta burgues\u00eda en una zona residencial donde viven los padres de la novia con decenas de invitados de la misma clase y alg\u00fan miembro del poder pol\u00edtico institucional, del exterior van llegando sonidos de sirenas policiales y de ambulancias. Pasados unos minutos van apareciendo personas saltando el muro del jard\u00edn residencial y por la puerta de esta, parte de ellos armados con pistolas u otros objetos, al encararse el due\u00f1o ante estos recibe dos disparos. A partir de este momento la turba que entra inicia el saqueo al que se unen los mismos sirvientes de la casa excepto un par de ellos, a quien se resiste lo matan y a quien les apetece tambi\u00e9n. El cacique pol\u00edtico se marcha antes de los acontecimientos al ser informado de la sublevaci\u00f3n social de clase humilde en toda la ciudad. <\/i><\/span><\/span><\/span><\/p>\n<p><span style=\"font-family: Times New Roman, serif;\"><span style=\"font-size: medium;\"><span style=\"color: #333333;\"><span style=\"font-family: Arial, serif;\">El director y productor mexicano Michel Franco de poco m\u00e1s de cuarenta a\u00f1os, realiz\u00f3 su primer largometraje en 2009. Hoy nos llega su \u00faltimo trabajo cuyo contenido ha provocado divergentes criterios y valoraciones sin dejar a nadie indiferente, sobre todo en su propio pa\u00eds.<\/span><\/span><\/span><\/span><\/p>\n<p><span style=\"font-family: Times New Roman, serif;\"><span style=\"font-size: medium;\"><span style=\"color: #333333;\"><span style=\"font-family: Arial, serif;\">La cinta se inicia con unas primeras escenas de dos o tres minutos que parecen extra\u00f1as y que tienen sentido media hora despu\u00e9s, otra cuesti\u00f3n es su valor como cine. Si exceptuamos estos primeros minutos s\u00ed que hay un fuerte cambio radical a partir de lo apuntado en el argumento. Lo que expone y como lo cuenta, supongo, es la fuente de la diversidad de criterios, como en toda creaci\u00f3n de ficci\u00f3n cada cual la expresa como lo siente al visionarla. Uno de los criterios que he le\u00eddo de consenso ligeramente mayoritario es que se trata de una historia dist\u00f3pica, personalmente la veo mas bien nihilista. <\/span><\/span><\/span><\/span><\/p>\n<p><span style=\"font-family: Times New Roman, serif;\"><span style=\"font-size: medium;\"><span style=\"color: #333333;\"><span style=\"font-family: Arial, serif;\">La pel\u00edcula es dura y cruda, no solo por las im\u00e1genes tambi\u00e9n por la banalidad con que trata el ser humano a su semejante. Da la impresi\u00f3n que el realizador expone tema de forma contradictoria o deja abierto los motivos y el fin que se persigue. No toma partido, pero si cierra al final, el control del poder militar. <\/span><\/span><\/span><\/span><\/p>\n<p><span style=\"font-family: Times New Roman, serif;\"><span style=\"font-size: medium;\"><span style=\"color: #333333;\"><span style=\"font-family: Arial, serif;\">Una masa social subalterna despose\u00edda se subleva \u00bfcontra qu\u00e9? \u00bfcon que fin?. La cinta no da ninguna pista sobre estas preguntas y todo queda en el acto de sublevaci\u00f3n, pero tambi\u00e9n lo pueden hacer contra sus semejantes de clase, o simplemente para ocupar el puesto de rico explotador. Los que act\u00faan de forma honesta dentro de su cultura de subalternos son utilizados por unos y otros como cosa. No se encuentra un solo elemente reflexivo en la turba civil, ni en los individuos de tropa policial-militar.<\/span><\/span><\/span><\/span><\/p>\n<p><span style=\"font-family: Times New Roman, serif;\"><span style=\"font-size: medium;\"><span style=\"color: #333333;\"><span style=\"font-family: Arial, serif;\">Si el autor quiere exponer lo que se ve, no dice mucho, m\u00e1s bien nada nuevo. Si se quiere decir que sin amortiguar la desigualdad econ\u00f3mica y social la turba se sublevar\u00e1, esta tendr\u00e1 que tener un previo concepto del por qu\u00e9 y como evitarlo, sin el cual ser\u00e1 un viaje con retorno al punto de partida. <\/span><\/span><\/span><\/span><\/p>\n<p><span style=\"font-family: Times New Roman, serif;\"><span style=\"font-size: medium;\"><span style=\"color: #333333;\"><span style=\"font-family: Arial, serif;\">Otro tema que encuentro flojo es el final. Si se tiene intenci\u00f3n de exponer una idea de evoluci\u00f3n social o simplemente de cambio, no se puede dejar el final de la pel\u00edcula cerrado, eso invita a pensar que todas las v\u00edas llevan al mismo punto; corrupci\u00f3n militar al servicio del poder econ\u00f3mico, ya que una dictadura jam\u00e1s se ha sustentado por si misma desde que impera el capitalismo, de forma abierta u oculta siempre ha estado y est\u00e1 al servicio de este. <\/span><\/span><\/span><\/span><\/p>\n<p><span style=\"font-family: Times New Roman, serif;\"><span style=\"font-size: medium;\"><span style=\"color: #333333;\"><span style=\"font-family: Arial, serif;\">Lo positivo que tiene este original planteamiento de Franco es el ser un tema presente que debe ser discutido, valorado y criticado, porque es real y afecta a todos aunque haya quien no lo sepa. <\/span><\/span><\/span><\/span><\/p>\n<p><span style=\"font-family: Times New Roman, serif;\"><span style=\"font-size: medium;\"><span style=\"color: #333333;\"><span style=\"font-family: Arial, serif;\">La pel\u00edcula no es un trabajo redondo cinematogr\u00e1ficamente pero esta correctamente realizada; la boda con los invitados entrando y saliendo, la se\u00f1ora e hija movi\u00e9ndose por la casa de un lado a otro, y las escenas de violencia callejera con sus escenarios reales, son t\u00e9cnicamente interesantes. Domina con cierto oficio le t\u00e9cnica f\u00edlmica.<\/span><\/span><\/span><\/span><\/p>\n<p><span style=\"font-family: Times New Roman, serif;\"><span style=\"font-size: medium;\"><span style=\"color: #333333;\"><span style=\"font-family: Arial, serif;\">Pienso que interesa verla por el tema que expone y lo que pueda dar de s\u00ed su valoraci\u00f3n, no optante, aviso de su dureza al visionarla, no tanto por las escena, que no son morbosas, sino por el conjunto de la toma con lo que en ese momento se cuenta.<\/span><\/span><\/span><\/span><\/p>\n<p><iframe loading=\"lazy\" title=\"Nuevo Orden - Tr\u00e1iler Oficial\" width=\"800\" height=\"450\" src=\"https:\/\/www.youtube.com\/embed\/hPzZ9QvV39k?feature=oembed\" frameborder=\"0\" allow=\"accelerometer; autoplay; clipboard-write; encrypted-media; gyroscope; picture-in-picture; web-share\" referrerpolicy=\"strict-origin-when-cross-origin\" allowfullscreen><\/iframe><\/p>\n<p>&nbsp;<\/p>\n<p><span style=\"font-family: Times New Roman, serif;\"><span style=\"font-size: medium;\"><span style=\"color: #333333;\"><span style=\"font-family: Arial, serif;\">Antonio Ruiz, 19\/02\/21 <\/span><\/span><\/span><\/span><\/p>\n<p>&nbsp;<\/p>\n<p>&nbsp;<\/p>\n<p>&nbsp;<\/p>\n<p>&nbsp;<\/p>\n<p>&nbsp;<\/p>\n<p>&nbsp;<\/p>\n<p>&nbsp;<\/p>\n<p>&nbsp;<\/p>\n<p>&nbsp;<\/p>\n","protected":false},"excerpt":{"rendered":"<p>Direcci\u00f3n y gui\u00f3n: Michel Franco. 88 minutos. Producci\u00f3n: M\u00e9xico y Francia. Su producci\u00f3n de finalizo a mitad de 2019 y<\/p>\n","protected":false},"author":5,"featured_media":0,"comment_status":"open","ping_status":"open","sticky":false,"template":"","format":"standard","meta":{"footnotes":""},"categories":[6],"tags":[1671,1672],"class_list":["post-9150","post","type-post","status-publish","format-standard","hentry","category-cine","tag-michel-franco","tag-nuevo-orden"],"aioseo_notices":[],"_links":{"self":[{"href":"https:\/\/espai-marx.net\/index.php?rest_route=\/wp\/v2\/posts\/9150","targetHints":{"allow":["GET"]}}],"collection":[{"href":"https:\/\/espai-marx.net\/index.php?rest_route=\/wp\/v2\/posts"}],"about":[{"href":"https:\/\/espai-marx.net\/index.php?rest_route=\/wp\/v2\/types\/post"}],"author":[{"embeddable":true,"href":"https:\/\/espai-marx.net\/index.php?rest_route=\/wp\/v2\/users\/5"}],"replies":[{"embeddable":true,"href":"https:\/\/espai-marx.net\/index.php?rest_route=%2Fwp%2Fv2%2Fcomments&post=9150"}],"version-history":[{"count":0,"href":"https:\/\/espai-marx.net\/index.php?rest_route=\/wp\/v2\/posts\/9150\/revisions"}],"wp:attachment":[{"href":"https:\/\/espai-marx.net\/index.php?rest_route=%2Fwp%2Fv2%2Fmedia&parent=9150"}],"wp:term":[{"taxonomy":"category","embeddable":true,"href":"https:\/\/espai-marx.net\/index.php?rest_route=%2Fwp%2Fv2%2Fcategories&post=9150"},{"taxonomy":"post_tag","embeddable":true,"href":"https:\/\/espai-marx.net\/index.php?rest_route=%2Fwp%2Fv2%2Ftags&post=9150"}],"curies":[{"name":"wp","href":"https:\/\/api.w.org\/{rel}","templated":true}]}}