{"id":9203,"date":"2021-03-06T05:00:10","date_gmt":"2021-03-06T04:00:10","guid":{"rendered":"https:\/\/espai-marx.net\/?p=9203"},"modified":"2021-03-02T15:37:58","modified_gmt":"2021-03-02T14:37:58","slug":"el-temps-que-resta","status":"publish","type":"post","link":"https:\/\/espai-marx.net\/?p=9203","title":{"rendered":"El temps que resta"},"content":{"rendered":"<p><span class=\"style-scope yt-formatted-string\" dir=\"auto\">El documental \u201cel temps que resta\u201d explica com en un context d\u2019emerg\u00e8ncia el moviment de just\u00edcia clim\u00e0tica fa un pas endavant. Molt marcat per l\u2019energia de les joves, encarnades per les Fridays for Future, i per la determinaci\u00f3 de passar a l\u2019acci\u00f3 a trav\u00e9s de la desobedi\u00e8ncia civil de col\u00b7lectius com Rebel\u00b7li\u00f3 o Extinci\u00f3 o 2020 Rebeli\u00f3n por el Clima, el documental vol posar en valor tot el treball fet pel moviment en aquest \u00faltim any creant xarxa, connectant empaties, aprenent dels ecofeminismes i de les companyes del Sud Global i, en definitiva, eixamplant el marc de la just\u00edcia clim\u00e0tica. <\/span><\/p>\n<p><span class=\"style-scope yt-formatted-string\" dir=\"auto\">Vols fer un passi al teu territori? Escriu a observatori@odg.cat i t\u2019enviem l\u2019enlla\u00e7 Youtube. <\/span><\/p>\n<p><span class=\"style-scope yt-formatted-string\" dir=\"auto\">Web: <\/span><a class=\"yt-simple-endpoint style-scope yt-formatted-string\" dir=\"auto\" spellcheck=\"false\" href=\"https:\/\/www.youtube.com\/redirect?event=video_description&amp;redir_token=QUFFLUhqblNTa0RMXzlBczRnblBXNXdQY1lvWW8xRnRkZ3xBQ3Jtc0ttODZ2bllCOTBmTFBSeWFfNkRxZ1pVeGttWUdrMGR1cG9od2VtU0R3NXpodUZoclZmN195M3FBbkxYMWVfd3QzdHo4cUVGY1p4a3ppUnN0RHlxSGQyOGlSVHNJek53VkNBNXNud0hLOFUzRl9rTk5rcw&amp;q=https%3A%2F%2Fodg.cat%2Fpagines_campanyes%2Fdocumental-temps-resta%2F\" target=\"_blank\" rel=\"nofollow noopener\">https:\/\/odg.cat\/pagines_campanyes\/doc&#8230;<\/a><\/p>\n<p><iframe loading=\"lazy\" title=\"El temps que resta (Catal\u00e0)\" width=\"800\" height=\"450\" src=\"https:\/\/www.youtube.com\/embed\/GcrznxavLFI?feature=oembed\" frameborder=\"0\" allow=\"accelerometer; autoplay; clipboard-write; encrypted-media; gyroscope; picture-in-picture; web-share\" referrerpolicy=\"strict-origin-when-cross-origin\" allowfullscreen><\/iframe><\/p>\n","protected":false},"excerpt":{"rendered":"<p>El documental \u201cel temps que resta\u201d explica com en un context d\u2019emerg\u00e8ncia el moviment de just\u00edcia clim\u00e0tica fa un pas<\/p>\n","protected":false},"author":5,"featured_media":0,"comment_status":"open","ping_status":"open","sticky":false,"template":"","format":"standard","meta":{"footnotes":""},"categories":[1563,833],"tags":[],"class_list":["post-9203","post","type-post","status-publish","format-standard","hentry","category-crisis-ecosocial","category-videos"],"aioseo_notices":[],"_links":{"self":[{"href":"https:\/\/espai-marx.net\/index.php?rest_route=\/wp\/v2\/posts\/9203","targetHints":{"allow":["GET"]}}],"collection":[{"href":"https:\/\/espai-marx.net\/index.php?rest_route=\/wp\/v2\/posts"}],"about":[{"href":"https:\/\/espai-marx.net\/index.php?rest_route=\/wp\/v2\/types\/post"}],"author":[{"embeddable":true,"href":"https:\/\/espai-marx.net\/index.php?rest_route=\/wp\/v2\/users\/5"}],"replies":[{"embeddable":true,"href":"https:\/\/espai-marx.net\/index.php?rest_route=%2Fwp%2Fv2%2Fcomments&post=9203"}],"version-history":[{"count":0,"href":"https:\/\/espai-marx.net\/index.php?rest_route=\/wp\/v2\/posts\/9203\/revisions"}],"wp:attachment":[{"href":"https:\/\/espai-marx.net\/index.php?rest_route=%2Fwp%2Fv2%2Fmedia&parent=9203"}],"wp:term":[{"taxonomy":"category","embeddable":true,"href":"https:\/\/espai-marx.net\/index.php?rest_route=%2Fwp%2Fv2%2Fcategories&post=9203"},{"taxonomy":"post_tag","embeddable":true,"href":"https:\/\/espai-marx.net\/index.php?rest_route=%2Fwp%2Fv2%2Ftags&post=9203"}],"curies":[{"name":"wp","href":"https:\/\/api.w.org\/{rel}","templated":true}]}}