{"id":9269,"date":"2021-03-17T05:00:06","date_gmt":"2021-03-17T04:00:06","guid":{"rendered":"https:\/\/espai-marx.net\/?p=9269"},"modified":"2021-03-17T02:35:26","modified_gmt":"2021-03-17T01:35:26","slug":"jordi-torrent-bestit-nuevo-nombre-del-seminario-de-espai-marx","status":"publish","type":"post","link":"https:\/\/espai-marx.net\/?p=9269","title":{"rendered":"&#8216;Jordi Torrent Bestit&#8217;, nuevo nombre del seminario de Espai Marx"},"content":{"rendered":"<p>Con motivo del fallecimiento de nuestro querido compa\u00f1ero y amigo Jordi Torrent Bestit, publicamos hace unos meses un <a href=\"https:\/\/espai-marx.net\/?p=8084\">art\u00edculo de homenaje en el que ofrec\u00edamos un peque\u00f1o listado<\/a> de textos suyos publicados en diversos medios. Jordi fue un asistente as\u00edduo al seminario que, desde hace muchos a\u00f1os, antes incluso de la creaci\u00f3n formal de Espai Marx, realizamos algunos de sus miembros y que se ha convertido en una de nuestras principales se\u00f1as de identidad. Como peque\u00f1o homenaje a su figura, hemos decidido que a partir de ahora ese seminario lleve el nombre de &#8216;Jordi Torrent Bestit&#8217;.<\/p>\n<p>Como complemento al listado de art\u00edculos publicados que ofrecimos en nuestro peque\u00f1o homenaje, presentamos a continuaci\u00f3n todos los art\u00edculos en nuestra web, escritos o traducidos por Jordi, en solitario o en colaboraci\u00f3n con otros compa\u00f1eros.<\/p>\n<p>Siempre en nuestro recuerdo.<\/p>\n<blockquote class=\"wp-embedded-content\" data-secret=\"rG8CL5VyEE\"><p><a href=\"https:\/\/espai-marx.net\/?p=1040\">Entrevista con Xavier Pedrol y Jordi Torrent sobre Cornelius Castoriadis<\/a><\/p><\/blockquote>\n<p><iframe loading=\"lazy\" class=\"wp-embedded-content\" sandbox=\"allow-scripts\" security=\"restricted\" style=\"position: absolute; visibility: hidden;\" title=\"\u00abEntrevista con Xavier Pedrol y Jordi Torrent sobre Cornelius Castoriadis\u00bb \u2014 \" src=\"https:\/\/espai-marx.net\/?p=1040&#038;embed=true#?secret=o7d5d3avfR#?secret=rG8CL5VyEE\" data-secret=\"rG8CL5VyEE\" width=\"600\" height=\"338\" frameborder=\"0\" marginwidth=\"0\" marginheight=\"0\" scrolling=\"no\"><\/iframe><\/p>\n<blockquote class=\"wp-embedded-content\" data-secret=\"fqt8ShlKRt\"><p><a href=\"https:\/\/espai-marx.net\/?p=1094\">De la pol\u00edtica educativa y la cosmovisi\u00f3n pedag\u00f3gica del conseller catal\u00e1n de Educaci\u00f3n.<\/a><\/p><\/blockquote>\n<p><iframe loading=\"lazy\" class=\"wp-embedded-content\" sandbox=\"allow-scripts\" security=\"restricted\" style=\"position: absolute; visibility: hidden;\" title=\"\u00abDe la pol\u00edtica educativa y la cosmovisi\u00f3n pedag\u00f3gica del conseller catal\u00e1n de Educaci\u00f3n.\u00bb \u2014 \" src=\"https:\/\/espai-marx.net\/?p=1094&#038;embed=true#?secret=X2ZhVVkr0j#?secret=fqt8ShlKRt\" data-secret=\"fqt8ShlKRt\" width=\"600\" height=\"338\" frameborder=\"0\" marginwidth=\"0\" marginheight=\"0\" scrolling=\"no\"><\/iframe><\/p>\n<blockquote class=\"wp-embedded-content\" data-secret=\"h5JKuVy8oj\"><p><a href=\"https:\/\/espai-marx.net\/?p=1116\">Un liberal de nuestro tiempo<\/a><\/p><\/blockquote>\n<p><iframe loading=\"lazy\" class=\"wp-embedded-content\" sandbox=\"allow-scripts\" security=\"restricted\" style=\"position: absolute; visibility: hidden;\" title=\"\u00abUn liberal de nuestro tiempo\u00bb \u2014 \" src=\"https:\/\/espai-marx.net\/?p=1116&#038;embed=true#?secret=C0TiZuocUV#?secret=h5JKuVy8oj\" data-secret=\"h5JKuVy8oj\" width=\"600\" height=\"338\" frameborder=\"0\" marginwidth=\"0\" marginheight=\"0\" scrolling=\"no\"><\/iframe><\/p>\n<blockquote class=\"wp-embedded-content\" data-secret=\"FX6ZmBvEmW\"><p><a href=\"https:\/\/espai-marx.net\/?p=1204\">A prop\u00f2sit d&#8217;un text de J.M. Fradera. Notes cr\u00edtiques<\/a><\/p><\/blockquote>\n<p><iframe loading=\"lazy\" class=\"wp-embedded-content\" sandbox=\"allow-scripts\" security=\"restricted\" style=\"position: absolute; visibility: hidden;\" title=\"\u00abA prop\u00f2sit d&#8217;un text de J.M. Fradera. Notes cr\u00edtiques\u00bb \u2014 \" src=\"https:\/\/espai-marx.net\/?p=1204&#038;embed=true#?secret=TDTBzhSYNp#?secret=FX6ZmBvEmW\" data-secret=\"FX6ZmBvEmW\" width=\"600\" height=\"338\" frameborder=\"0\" marginwidth=\"0\" marginheight=\"0\" scrolling=\"no\"><\/iframe><\/p>\n<blockquote class=\"wp-embedded-content\" data-secret=\"28R0VfKVvz\"><p><a href=\"https:\/\/espai-marx.net\/?p=1385\">Acerca de Walter Benjamin (1892-1940). In memoriam<\/a><\/p><\/blockquote>\n<p><iframe loading=\"lazy\" class=\"wp-embedded-content\" sandbox=\"allow-scripts\" security=\"restricted\" style=\"position: absolute; visibility: hidden;\" title=\"\u00abAcerca de Walter Benjamin (1892-1940). In memoriam\u00bb \u2014 \" src=\"https:\/\/espai-marx.net\/?p=1385&#038;embed=true#?secret=ofo5T6AuKy#?secret=28R0VfKVvz\" data-secret=\"28R0VfKVvz\" width=\"600\" height=\"338\" frameborder=\"0\" marginwidth=\"0\" marginheight=\"0\" scrolling=\"no\"><\/iframe><\/p>\n<blockquote class=\"wp-embedded-content\" data-secret=\"f7nahhZvU2\"><p><a href=\"https:\/\/espai-marx.net\/?p=1396\">Sobre la manifestaci\u00f3n del 10 de julio de 2010 en Barcelona.<\/a><\/p><\/blockquote>\n<p><iframe loading=\"lazy\" class=\"wp-embedded-content\" sandbox=\"allow-scripts\" security=\"restricted\" style=\"position: absolute; visibility: hidden;\" title=\"\u00abSobre la manifestaci\u00f3n del 10 de julio de 2010 en Barcelona.\u00bb \u2014 \" src=\"https:\/\/espai-marx.net\/?p=1396&#038;embed=true#?secret=yLAxhW2xLk#?secret=f7nahhZvU2\" data-secret=\"f7nahhZvU2\" width=\"600\" height=\"338\" frameborder=\"0\" marginwidth=\"0\" marginheight=\"0\" scrolling=\"no\"><\/iframe><\/p>\n<blockquote class=\"wp-embedded-content\" data-secret=\"Z8C8F7nat2\"><p><a href=\"https:\/\/espai-marx.net\/?p=1425\">Carta p\u00fablica al ciudadano Presidente de Gobierno, al ciudadano Vicepresidente primero y Ministro de Interior y al ciudadano Ministro de Justicia<\/a><\/p><\/blockquote>\n<p><iframe loading=\"lazy\" class=\"wp-embedded-content\" sandbox=\"allow-scripts\" security=\"restricted\" style=\"position: absolute; visibility: hidden;\" title=\"\u00abCarta p\u00fablica al ciudadano Presidente de Gobierno, al ciudadano Vicepresidente primero y Ministro de Interior y al ciudadano Ministro de Justicia\u00bb \u2014 \" src=\"https:\/\/espai-marx.net\/?p=1425&#038;embed=true#?secret=ND2ZWpnas9#?secret=Z8C8F7nat2\" data-secret=\"Z8C8F7nat2\" width=\"600\" height=\"338\" frameborder=\"0\" marginwidth=\"0\" marginheight=\"0\" scrolling=\"no\"><\/iframe><\/p>\n<blockquote class=\"wp-embedded-content\" data-secret=\"4bgJC6mCVN\"><p><a href=\"https:\/\/espai-marx.net\/?p=1455\">Se\u00f1alando fines<\/a><\/p><\/blockquote>\n<p><iframe loading=\"lazy\" class=\"wp-embedded-content\" sandbox=\"allow-scripts\" security=\"restricted\" style=\"position: absolute; visibility: hidden;\" title=\"\u00abSe\u00f1alando fines\u00bb \u2014 \" src=\"https:\/\/espai-marx.net\/?p=1455&#038;embed=true#?secret=5cbnnKlnbf#?secret=4bgJC6mCVN\" data-secret=\"4bgJC6mCVN\" width=\"600\" height=\"338\" frameborder=\"0\" marginwidth=\"0\" marginheight=\"0\" scrolling=\"no\"><\/iframe><\/p>\n<blockquote class=\"wp-embedded-content\" data-secret=\"eEbXwQXZRX\"><p><a href=\"https:\/\/espai-marx.net\/?p=1479\">Arrels subjectives del projecte revolucionari<\/a><\/p><\/blockquote>\n<p><iframe loading=\"lazy\" class=\"wp-embedded-content\" sandbox=\"allow-scripts\" security=\"restricted\" style=\"position: absolute; visibility: hidden;\" title=\"\u00abArrels subjectives del projecte revolucionari\u00bb \u2014 \" src=\"https:\/\/espai-marx.net\/?p=1479&#038;embed=true#?secret=TYp695Io0p#?secret=eEbXwQXZRX\" data-secret=\"eEbXwQXZRX\" width=\"600\" height=\"338\" frameborder=\"0\" marginwidth=\"0\" marginheight=\"0\" scrolling=\"no\"><\/iframe><\/p>\n<p>(Traducci\u00f3n de un texto de Castoriadis al catal\u00e1n)<\/p>\n<blockquote class=\"wp-embedded-content\" data-secret=\"Ise8Ok07YX\"><p><a href=\"https:\/\/espai-marx.net\/?p=1494\">Di\u00e1logo sobre un texto de Cornelius Castoriadis<\/a><\/p><\/blockquote>\n<p><iframe loading=\"lazy\" class=\"wp-embedded-content\" sandbox=\"allow-scripts\" security=\"restricted\" style=\"position: absolute; visibility: hidden;\" title=\"\u00abDi\u00e1logo sobre un texto de Cornelius Castoriadis\u00bb \u2014 \" src=\"https:\/\/espai-marx.net\/?p=1494&#038;embed=true#?secret=g5fyj9lx1H#?secret=Ise8Ok07YX\" data-secret=\"Ise8Ok07YX\" width=\"600\" height=\"338\" frameborder=\"0\" marginwidth=\"0\" marginheight=\"0\" scrolling=\"no\"><\/iframe><\/p>\n<blockquote class=\"wp-embedded-content\" data-secret=\"nxplziwTqX\"><p><a href=\"https:\/\/espai-marx.net\/?p=3992\">Podcast: Cornelius Castoriadis. Pensar la imaginaci\u00f3n, luchar por la autonom\u00eda<\/a><\/p><\/blockquote>\n<p><iframe loading=\"lazy\" class=\"wp-embedded-content\" sandbox=\"allow-scripts\" security=\"restricted\" style=\"position: absolute; visibility: hidden;\" title=\"\u00abPodcast: Cornelius Castoriadis. Pensar la imaginaci\u00f3n, luchar por la autonom\u00eda\u00bb \u2014 \" src=\"https:\/\/espai-marx.net\/?p=3992&#038;embed=true#?secret=BJAt1lXt6S#?secret=nxplziwTqX\" data-secret=\"nxplziwTqX\" width=\"600\" height=\"338\" frameborder=\"0\" marginwidth=\"0\" marginheight=\"0\" scrolling=\"no\"><\/iframe><\/p>\n<p>&nbsp;<\/p>\n","protected":false},"excerpt":{"rendered":"<p>Con motivo del fallecimiento de nuestro querido compa\u00f1ero y amigo Jordi Torrent Bestit, publicamos hace unos meses un art\u00edculo de<\/p>\n","protected":false},"author":5,"featured_media":8093,"comment_status":"open","ping_status":"open","sticky":false,"template":"","format":"standard","meta":{"footnotes":""},"categories":[8],"tags":[],"class_list":["post-9269","post","type-post","status-publish","format-standard","has-post-thumbnail","hentry","category-filosofia"],"aioseo_notices":[],"_links":{"self":[{"href":"https:\/\/espai-marx.net\/index.php?rest_route=\/wp\/v2\/posts\/9269","targetHints":{"allow":["GET"]}}],"collection":[{"href":"https:\/\/espai-marx.net\/index.php?rest_route=\/wp\/v2\/posts"}],"about":[{"href":"https:\/\/espai-marx.net\/index.php?rest_route=\/wp\/v2\/types\/post"}],"author":[{"embeddable":true,"href":"https:\/\/espai-marx.net\/index.php?rest_route=\/wp\/v2\/users\/5"}],"replies":[{"embeddable":true,"href":"https:\/\/espai-marx.net\/index.php?rest_route=%2Fwp%2Fv2%2Fcomments&post=9269"}],"version-history":[{"count":0,"href":"https:\/\/espai-marx.net\/index.php?rest_route=\/wp\/v2\/posts\/9269\/revisions"}],"wp:featuredmedia":[{"embeddable":true,"href":"https:\/\/espai-marx.net\/index.php?rest_route=\/wp\/v2\/media\/8093"}],"wp:attachment":[{"href":"https:\/\/espai-marx.net\/index.php?rest_route=%2Fwp%2Fv2%2Fmedia&parent=9269"}],"wp:term":[{"taxonomy":"category","embeddable":true,"href":"https:\/\/espai-marx.net\/index.php?rest_route=%2Fwp%2Fv2%2Fcategories&post=9269"},{"taxonomy":"post_tag","embeddable":true,"href":"https:\/\/espai-marx.net\/index.php?rest_route=%2Fwp%2Fv2%2Ftags&post=9269"}],"curies":[{"name":"wp","href":"https:\/\/api.w.org\/{rel}","templated":true}]}}