{"id":930,"date":"2008-02-16T00:00:00","date_gmt":"2008-02-16T00:00:00","guid":{"rendered":"https:\/\/espai-marx.net\/?p=930"},"modified":"2020-02-26T06:41:02","modified_gmt":"2020-02-26T05:41:02","slug":"los-consejos-del-consejero-de-educacion-catalan-ernest-maragall","status":"publish","type":"post","link":"https:\/\/espai-marx.net\/?p=930","title":{"rendered":"Los consejos del consejero de Educaci\u00f3n catal\u00e1n Ernest Maragall."},"content":{"rendered":"<p>As\u00ed expresaba Jorge Riechmann la belleza, toda \u201cLa belleza de la huelga general\u201d:<\/p>\n<p>Con independencia de todos los valores \u00e9tico-pol\u00edticos que pueda tener una huelga en una situaci\u00f3n determinada, en ella hay algo valioso en cuanto tal, m\u00e1s all\u00e1 de las circunstancias concretas que la enmarcan: su car\u00e1cter de interrupci\u00f3n del curso maquinal de las cosas.<\/p>\n<p>Es un corte potencialmente capaz de romper el desastre hacia el que se encamina el mundo. En el universo del tardocapitalismo, lo maquinal es el principio de muerte, y tenemos que saludar la discontinuidad como una afirmaci\u00f3n de vida.<\/p>\n<p>Frente a la dictadura del \u201ctiempo real\u201d, la demora.<\/p>\n<p>Frente a la brutal coacci\u00f3n de lo inmediato, la articulada delicadeza de las mediaciones.<\/p>\n<p>Frente al abaratamiento de la palabra (condicionado por las mejoras t\u00e9cnicas en el campo de las telecomunicaciones), el valor de la reticencia y el silencio.<\/p>\n<p>Frente a la falsa autoridad de la imagen, la dignidad del hueco.<\/p>\n<p>Frente a la tiran\u00eda del trabajo muerto, frente a la demagogia de la normalidad, la restallante belleza de la huelga general.<\/p>\n<p>Hoy ha sido un d\u00eda hermoso en Catalu\u00f1a. Nos ha inundado, ten\u00eda raz\u00f3n Jorge Riechmann, la restallante belleza de la huelga (casi) general de la ense\u00f1anza preuniversitaria.<\/p>\n<p>El consejero de Educaci\u00f3n catal\u00e1n, el se\u00f1or Ernest Maragall, sus consejeros \u00e1ulicos, la nueva ley de bases de la educaci\u00f3n (hoy ya colocada en el archivo de los papeles in\u00fatiles), el gobierno tripartido catal\u00e1n, fruto de la alianza del PSC-PSOE, ERC e ICV-EuiA, como marco institucional de apoyo, lo han conseguido. La mayor movilizaci\u00f3n obrera de la ciudadan\u00eda catalana desde las masivas y sentidas protestas ante la anunciada barbarie contra Iraq, convocada esta vez por la mayor\u00eda sino por todos los sindicatos de ense\u00f1anza, con el apoyo de sindicatos de estudiantes, ha recorrido como un vendaval de aire fresco los centros de estudios y las calles de la ciudad donde residieron Ferrer i Guardia y Andreu Nin (quien, como es sabido, ejerci\u00f3 de maestro en una escuela laica y libertaria).<\/p>\n<p>Supongamos aunque no admitamos<a title=\"\" href=\"#_ftn1\" name=\"_ftnref1\">[1]<\/a> los datos oficiales. Hablan ellos del 60% de seguimiento de la huelga en primaria y del 40% en secundaria. Subamos algo las cifras y estaremos ante n\u00fameros m\u00e1s ver\u00eddicos. Es igual, el \u00e9xito es rotundo.<\/p>\n<p>Como tambi\u00e9n lo ha sido la manifestaci\u00f3n que esta ma\u00f1ana ha recorrido durante m\u00e1s de dos horas (no exagero ni un minuto) las calles c\u00e9ntricas de la ciudad. Los organizadores hablan de 60.000 personas, la Guarda urbana reduce la cifra a 50.000. Tanto da. Si nos ponemos rigurosos y contamos los metros cuadrados y la densidad media, es probable que el n\u00famero se aproxime a los 40.000. Se lo aseguro, no exagero partidistamente la mayor manifestaci\u00f3n de trabajadores, no s\u00f3lo de maestros, profesores y alumnos sino tambi\u00e9n de padres, madres, tutores y ciudadanos en general, desde los a\u00f1os en que esta ciudad se puso en pie contra el barbarie de Bush II, Aznar, Blair y Durao Barroso, dejando aparte las movilizaciones ciudadanas sobre el derecho a decidir o en protesta por determinadas acciones del gobierno central.<\/p>\n<p>Ha sido un d\u00eda de felicidad, de lucha si se quiere usar t\u00e9rminos cl\u00e1sicos. \u201cPiedra de Sol\u201c de Octavio Paz estaba en la mente de algunos manifestantes<\/p>\n<p>Amar es combatir, si dos se besan<\/p>\n<p>el mundo cambia, encarnan los deseos,<\/p>\n<p>el pensamiento encarna, brotan las alas<\/p>\n<p>en las espaldas del esclavo, el mundo<\/p>\n<p>es real y tangible, el vino es vino,<\/p>\n<p>el pan vuelve a saber, el agua es agua,<\/p>\n<p>amar es combatir, es abrir puertas,<\/p>\n<p>dejar de ser fantasma con un n\u00famero<\/p>\n<p>a perpetua cadena condenado<\/p>\n<p>por un amo sin rostro;<\/p>\n<p>La huelga, adem\u00e1s, no ha tenido motivaciones econ\u00f3micas. No se trataba de conseguir mejores salarios, reducci\u00f3n de guardias u horas lectivas, o incremento en la cuant\u00eda de trienios o sexenios. Se trataba de otra cosa, sin menospreciar, claro est\u00e1, la legitimidad y a veces la necesidad de esas vindicaciones. Se trataba de protestar contra la introducci\u00f3n de una visi\u00f3n empresarial en la gesti\u00f3n de los centros que incremente el poder de las direcciones sin el correspondiente control, que busque criterios de rentabilidad en los resultados de los centros y apunte a senderos donde se privatice a\u00fan m\u00e1s -no olvidemos el esc\u00e1ndalo de la concertada- algunos servicios educativos (De hecho, ya ahora, la limpieza de los institutos se gestiona por empresas privadas).<\/p>\n<p>D\u00edas habr\u00e1 para comentar el estilo del conseller, sus declaraciones inexactas, sus anuncios incumplidos, su estilo, su subido estilo hoy netamente rebajado ante el \u00e9xito de la movilizaci\u00f3n, el papel y dependencia de los medios de comunicaci\u00f3n, las afirmaciones de los periodistas-estrella, la importancia de las convocatorias unitarias, el malestar (justificado) del profesorado. Largo etc\u00e9tera. Importa ahora otra cosa, entender el marco te\u00f3rico desde el\u00a0 que se gobierna, desde el que se trabaja, desde el que se quieren introducir cambios de gesti\u00f3n, desde el que se conduce la educaci\u00f3n preuniversitaria en Catalu\u00f1a. Una visita, una visita del conseller, dice esta vez m\u00e1s que 1.000 interesantes panfletos y 15 sesudos vol\u00famenes.<\/p>\n<p>El se\u00f1or Maragall visit\u00f3 a finales de enero el Pau Claris, un instituto de secundaria situado en el centro de la ciudad,\u00a0 cerca del Paseo de Sant Joan. El conseller fue a la clase de un grupo de alumnos de 4\u00ba de ESO. Unos 25. Un 75% o m\u00e1s del alumnado del Pau Claris es de familias inmigrantes. El conseller pregunt\u00f3 en ese curso qu\u00e9 alumnos ten\u00edan intenci\u00f3n de cursar estudios de bachiller al a\u00f1o siguiente. Cuatro, s\u00f3lo cuatro levantaron la mano. El conseller no les felicit\u00f3, ni les anim\u00f3, ni les ofreci\u00f3 todo\u00a0 su apoyo, ni sugiri\u00f3 al resto de alumnos que siguieran ese sendero. Todo lo contrario. Les coment\u00f3 que era in\u00fatil, que para qu\u00e9 iban a seguir ese tipo de estudios, que lo mejor era que hicieran ciclos formativos, que este tipo de estudios eran m\u00e1s pr\u00e1cticas, que de este modo podr\u00edan adquirir formaci\u00f3n laboral de calidad con rapidez. Adelante, a por los ciclos, ese fue su grito de guerra.<\/p>\n<p>No pidi\u00f3 disculpas al d\u00eda siguiente. No llam\u00f3 a la direcci\u00f3n para dar cuenta de su equivocaci\u00f3n. No dijo que hab\u00eda tenido un mal momento. El conseller dijo lo que dijo y estaba ufano, muy feliz, de haberlo dicho. Esos alumnos de familias empobrecidas est\u00e1n destinados a lo que est\u00e1n destinados.<\/p>\n<p>Es, no lo olvidemos, el conseller de educaci\u00f3n de un gobierno autodenominado de izquierdas y catalanista al cual, por cierto, muchos ciudadanos hemos otorgado nuestro voto (a los partidos de su gobierno, no a su partido en concreto desde luego). Ese es su marco te\u00f3rico-pol\u00edtico-moral. \u00bfPara qu\u00e9 van a esforzarse cuatro alumnos de familias pobres e inmigrantes en estudiar bachiller y seguir luego carreras in\u00fatiles como historia, astrof\u00edsica, qu\u00edmica inorg\u00e1nica o filolog\u00eda \u00e1rabe si pueden adquirir una formaci\u00f3n pr\u00e1ctica que les permita ser en un futuro muy pr\u00f3ximo proletariado cualificado, explotado, precarizado, sin aristas culturales?<\/p>\n<p>Sangrante paradoja. Probablemente m\u00e1s del 90% de los manifestantes de este ma\u00f1ana son votantes de los partidos que forman el gobierno tripartito catal\u00e1n. La base social del gobierno en contra de ese mismo gobierno.<\/p>\n<p>Cr\u00e9anme. Los tiempos est\u00e1n cambiando. No es s\u00f3lo un lema desgastado. Se palpa en el ambiente. Es tiempo de resistencia \u00bfNo oyen los tambores que anuncian rebeli\u00f3n, no resuenan con suficiente fuerza?<\/p>\n<p>&nbsp;<\/p>\n<p><a title=\"\" href=\"#_ftnref1\" name=\"_ftn1\">[1]<\/a> El giro era del agrado de otro maestro barcelon\u00e9s, de Manuel Sacrist\u00e1n.<\/p>\n","protected":false},"excerpt":{"rendered":"<p>\u00a0\u00a0\u00a0\u00a0\u00a0\u00a0\u00a0\u00a0\u00a0\u00a0\u00a0 As\u00ed expresaba Jorge Riechmann la belleza, toda \u201cLa belleza de la huelga general\u201d:<\/p>\n<p>Con independencia de todos los valores \u00e9tico-pol\u00edticos que pueda tener una huelga en una situaci\u00f3n determinada, en ella hay algo valioso en cuanto tal, m\u00e1s all\u00e1 de las circunstancias concretas que la enmarcan: su car\u00e1cter de interrupci\u00f3n del curso maquinal de las cosas.<\/p>\n<p>Es un corte potencialmente capaz de romper el desastre hacia el que se encamina el mundo. En el universo del tardocapitalismo, lo maquinal es el principio de muerte, y tenemos que saludar la discontinuidad como una afirmaci\u00f3n de vida.<\/p>\n<p>Frente a la dictadura del \u201ctiempo real\u201d, la demora.<\/p>\n","protected":false},"author":9,"featured_media":0,"comment_status":"open","ping_status":"open","sticky":false,"template":"","format":"standard","meta":{"footnotes":""},"categories":[45],"tags":[],"class_list":["post-930","post","type-post","status-publish","format-standard","hentry","category-proletariado-demos-multidud"],"aioseo_notices":[],"_links":{"self":[{"href":"https:\/\/espai-marx.net\/index.php?rest_route=\/wp\/v2\/posts\/930","targetHints":{"allow":["GET"]}}],"collection":[{"href":"https:\/\/espai-marx.net\/index.php?rest_route=\/wp\/v2\/posts"}],"about":[{"href":"https:\/\/espai-marx.net\/index.php?rest_route=\/wp\/v2\/types\/post"}],"author":[{"embeddable":true,"href":"https:\/\/espai-marx.net\/index.php?rest_route=\/wp\/v2\/users\/9"}],"replies":[{"embeddable":true,"href":"https:\/\/espai-marx.net\/index.php?rest_route=%2Fwp%2Fv2%2Fcomments&post=930"}],"version-history":[{"count":0,"href":"https:\/\/espai-marx.net\/index.php?rest_route=\/wp\/v2\/posts\/930\/revisions"}],"wp:attachment":[{"href":"https:\/\/espai-marx.net\/index.php?rest_route=%2Fwp%2Fv2%2Fmedia&parent=930"}],"wp:term":[{"taxonomy":"category","embeddable":true,"href":"https:\/\/espai-marx.net\/index.php?rest_route=%2Fwp%2Fv2%2Fcategories&post=930"},{"taxonomy":"post_tag","embeddable":true,"href":"https:\/\/espai-marx.net\/index.php?rest_route=%2Fwp%2Fv2%2Ftags&post=930"}],"curies":[{"name":"wp","href":"https:\/\/api.w.org\/{rel}","templated":true}]}}