{"id":9398,"date":"2021-04-09T05:00:49","date_gmt":"2021-04-09T04:00:49","guid":{"rendered":"https:\/\/espai-marx.net\/?p=9398"},"modified":"2021-04-09T04:33:56","modified_gmt":"2021-04-09T03:33:56","slug":"novedades-en-nuestra-biblioteca-els-arbres-de-fahrenheit-domenico-losurdo","status":"publish","type":"post","link":"https:\/\/espai-marx.net\/?p=9398","title":{"rendered":"Novedades en nuestra biblioteca Els Arbres de Fahrenheit: Domenico Losurdo"},"content":{"rendered":"<p><em>Domenico Losurdo (Italia, 1941-2018). Historiador y fil\u00f3sofo, militante comunista y director de la Sociedad internacional Hegel-Marx por el pensamiento dial\u00e9ctico. Como pensador, su \u00e1mbito de estudios se centra en el idealismo cl\u00e1sico alem\u00e1n (Kant, Hegel) y el marxismo (Marx, Gramsci, Luk\u00e1cs\u2026), aunque sus intereses y producciones llegan hasta Nietzsche, Heidegger, Stalin, la historia de Alemania o el Risorgimento italiano. Algunas de sus obras traducidas al castellano son <\/em>Contrahistoria del liberalismo<em>\u00a0(2007),\u00a0<\/em>Antonio Gramsci. Del liberalismo al comunismo cr\u00edtico<em>\u00a0(2015),\u00a0<\/em>El marxismo occidental. C\u00f3mo naci\u00f3, c\u00f3mo muri\u00f3, y c\u00f3mo puede resucitar<em>\u00a0(2019).<\/em><\/p>\n<p><em>Hegel e la libert\u00e0 dei moderni: <a href=\"https:\/\/espai-marx.net\/elsarbres\/review\/hegel-e-la-liberta-dei-moderni-domenico-losurdo\/\">https:\/\/espai-marx.net\/elsarbres\/review\/hegel-e-la-liberta-dei-moderni-domenico-losurdo\/<\/a><\/em><\/p>\n<p><em>Dai fratelli Spaventa a Gramsci. Per una storia politico-sociale della fortuna di Hegel in Italia<\/em>: <a href=\"https:\/\/espai-marx.net\/elsarbres\/review\/dai-fratelli-spaventa-a-gramsci-per-una-storia-politico-sociale-della-fortuna-di-hegel-in-italia-domenico-losurdo\/\">https:\/\/espai-marx.net\/elsarbres\/review\/dai-fratelli-spaventa-a-gramsci-per-una-storia-politico-sociale-della-fortuna-di-hegel-in-italia-domenico-losurdo\/<\/a><\/p>\n<h1 class=\"entry-title\"><\/h1>\n","protected":false},"excerpt":{"rendered":"<p>Domenico Losurdo (Italia, 1941-2018). Historiador y fil\u00f3sofo, militante comunista y director de la Sociedad internacional Hegel-Marx por el pensamiento dial\u00e9ctico.<\/p>\n","protected":false},"author":8,"featured_media":9399,"comment_status":"open","ping_status":"open","sticky":false,"template":"","format":"standard","meta":{"footnotes":""},"categories":[14,825,8,17],"tags":[865,1685,867],"class_list":["post-9398","post","type-post","status-publish","format-standard","has-post-thumbnail","hentry","category-democracia-republica","category-elsarbres","category-filosofia","category-historia","tag-antonio-gramsci","tag-domenico-losurdo","tag-g-w-f-hegel"],"aioseo_notices":[],"_links":{"self":[{"href":"https:\/\/espai-marx.net\/index.php?rest_route=\/wp\/v2\/posts\/9398","targetHints":{"allow":["GET"]}}],"collection":[{"href":"https:\/\/espai-marx.net\/index.php?rest_route=\/wp\/v2\/posts"}],"about":[{"href":"https:\/\/espai-marx.net\/index.php?rest_route=\/wp\/v2\/types\/post"}],"author":[{"embeddable":true,"href":"https:\/\/espai-marx.net\/index.php?rest_route=\/wp\/v2\/users\/8"}],"replies":[{"embeddable":true,"href":"https:\/\/espai-marx.net\/index.php?rest_route=%2Fwp%2Fv2%2Fcomments&post=9398"}],"version-history":[{"count":0,"href":"https:\/\/espai-marx.net\/index.php?rest_route=\/wp\/v2\/posts\/9398\/revisions"}],"wp:featuredmedia":[{"embeddable":true,"href":"https:\/\/espai-marx.net\/index.php?rest_route=\/wp\/v2\/media\/9399"}],"wp:attachment":[{"href":"https:\/\/espai-marx.net\/index.php?rest_route=%2Fwp%2Fv2%2Fmedia&parent=9398"}],"wp:term":[{"taxonomy":"category","embeddable":true,"href":"https:\/\/espai-marx.net\/index.php?rest_route=%2Fwp%2Fv2%2Fcategories&post=9398"},{"taxonomy":"post_tag","embeddable":true,"href":"https:\/\/espai-marx.net\/index.php?rest_route=%2Fwp%2Fv2%2Ftags&post=9398"}],"curies":[{"name":"wp","href":"https:\/\/api.w.org\/{rel}","templated":true}]}}