{"id":9446,"date":"2021-04-15T05:00:29","date_gmt":"2021-04-15T04:00:29","guid":{"rendered":"https:\/\/espai-marx.net\/?p=9446"},"modified":"2021-05-11T10:30:02","modified_gmt":"2021-05-11T09:30:02","slug":"dialogo-entre-jose-luis-martin-ramos-y-francisco-erice-sobre-historia-del-pce","status":"publish","type":"post","link":"https:\/\/espai-marx.net\/?p=9446","title":{"rendered":"Di\u00e1logo entre Jos\u00e9 Luis Mart\u00edn Ramos y Francisco Erice sobre <i>Historia del PCE<\/i>"},"content":{"rendered":"<p><a href=\"https:\/\/espai-marx.net\/wp-content\/uploads\/2021\/04\/acto-Historia-del-PCE.jpg\"><img loading=\"lazy\" decoding=\"async\" class=\"aligncenter wp-image-9447\" src=\"https:\/\/espai-marx.net\/wp-content\/uploads\/2021\/04\/acto-Historia-del-PCE.jpg\" alt=\"\" width=\"495\" height=\"701\" srcset=\"https:\/\/espai-marx.net\/wp-content\/uploads\/2021\/04\/acto-Historia-del-PCE.jpg 1080w, https:\/\/espai-marx.net\/wp-content\/uploads\/2021\/04\/acto-Historia-del-PCE-212x300.jpg 212w, https:\/\/espai-marx.net\/wp-content\/uploads\/2021\/04\/acto-Historia-del-PCE-724x1024.jpg 724w, https:\/\/espai-marx.net\/wp-content\/uploads\/2021\/04\/acto-Historia-del-PCE-768x1087.jpg 768w\" sizes=\"auto, (max-width: 495px) 100vw, 495px\" \/><\/a>El 13 de mayo de 2021 iniciamos una nueva actividad de la asociaci\u00f3n Espai Marx. Nuestro objetivo es ir un paso m\u00e1s all\u00e1 de las presentaciones habituales de libros y charlar en profundidad y con tiempo con sus autores bajo la forma, si es posible, de un di\u00e1logo que permita debatir los temas que sugiera la lectura de la obra.<\/p>\n<p>Vamos a empezar de la mejor manera posible: con el libro del miembro de nuestra asociaci\u00f3n Jos\u00e9 Luis Mart\u00edn Ramos <em>Historia del PCE<\/em>, publicado en 2021 por los Libros de la Catarata.<\/p>\n<p>Jos\u00e9 Luis Mart\u00edn Ramos es catedr\u00e1tico em\u00e9rito de Historia Contempor\u00e1nea de la Universidad Aut\u00f3noma de Barcelona. Ha sido codirector de la revista <em>L\u2019Aven\u00e7<\/em> y director de la revista <em>Historiar<\/em> y del Arxiu d\u2019Hist\u00f2ria del Socialisme de la Fundaci\u00f3 Rafael Campalans. Sus investigaciones se han centrado en la historia del socialismo y el comunismo, habiendo publicado, entre otras obras, <em>Els or\u00edgens del Partit Socialista Unificat de Catalunya (1930-1936)<\/em>\u00a0(1977),\u00a0<em>Hist\u00f2ria gr\u00e0fica del moviment obrer a Catalunya<\/em>\u00a0(1989),\u00a0<em>Condicions materials i resposta obrera a la Catalunya contempor\u00e0nia\u00a0<\/em>(1992),\u00a0<em>Rojos contra Franco. Hist\u00f2ria del PSUC, 1939-1947<\/em>\u00a0(2002), junto con Gabriel Pernau,\u00a0<em>Les veus de la pres\u00f3. Hist\u00f2ries viscudes per 36 lluitadors antifranquistes<\/em>\u00a0(2003), <a href=\"http:\/\/tienda.elviejotopo.com\/historia\/1105-els-fets-de-maig-9788492616251.html\" target=\"_blank\" rel=\"noopener\"><em>Els Fets de maig<\/em><\/a> (2010), junto con A. Andreassi <a href=\"http:\/\/tienda.elviejotopo.com\/fascismo\/1154-de-un-octubre-a-otro-revolucion-y-fascismo-en-el-periodo-de-entreguerras-1917-1934-9788492616855.html\" target=\"_blank\" rel=\"noopener\"><em>De un Octubre a otro. Revoluci\u00f3n y fascismo en el per\u00edodo de entreguerras,<\/em> <\/a><em>1917-1934 (2010), <a href=\"http:\/\/tienda.elviejotopo.com\/politica-espanola\/994-pan-trabajo-y-libertad-historia-del-partido-del-trabajo-de-espana-9788415216957.html\" target=\"_blank\" rel=\"noopener\">Pan, trabajo y libertad. Historia del Partido del Trabajo de Espa\u00f1a<\/a> (2011)<\/em>, <em>La rereguarda en guerra. Catalunya 1936-1937<\/em> (2012) y <em>Territori capital: la Guerra Civil a Catalunya 1937-1939 <\/em>(2015). Sus \u00faltimas obras antes de la que ahora presentamos han sido <em>El Frente Popular: victoria y derrota de la democracia en Espa\u00f1a <\/em>(2016) y <em>Guerra y revoluci\u00f3n en Catalu\u00f1a, 1936-1939<\/em> (2018).<\/p>\n<p>De <em>Historia del PCE<\/em> ya hemos ofrecido <a href=\"https:\/\/espai-marx.net\/?p=9248\">el v\u00eddeo<\/a> de su presentaci\u00f3n oficial, y est\u00e1 en curso de publicaci\u00f3n una serie de entrevistas realizadas por Salvador L\u00f3pez Arnal, de las que hasta el momento han aparecido dos (<a href=\"https:\/\/espai-marx.net\/?p=9319\">I<\/a> y <a href=\"https:\/\/espai-marx.net\/?p=9431\">II<\/a>). En esta ocasi\u00f3n, como coment\u00e1bamos, el objetivo es establecer un di\u00e1logo entre el autor y otro especialista en el tema. Para ello tenemos el honor de contar con la colaboraci\u00f3n del profesor Francisco Erice, catedr\u00e1tico de Historia Contempor\u00e1nea en la Universidad de Oviedo y miembro de la Secci\u00f3n de Historia de la Fundaci\u00f3n de Investigaciones Marxistas (FIM).<\/p>\n<p>En los \u00faltimos a\u00f1os, Erice ha centrado sus investigaciones en los problemas de la memoria colectiva, la historia del comunismo y la historiograf\u00eda. Fruto de ello son libros como <i>Guerras de la memoria y fantasmas del pasado. Usos y abusos de la memoria colectiva <\/i>(2009) y <i>Militancia clandestina y represi\u00f3n. La dictadura franquista contra la subversi\u00f3n comunista, 1956-1963<\/i> (2017), as\u00ed como numerosos art\u00edculos en revistas y cap\u00edtulos en obras colectivas. En Siglo XXI de Espa\u00f1a, Erice ha publicado <i>E.P. Thompson. Marxismo e historia social <\/i>(2016, junto a Jos\u00e9 Babiano y Juli\u00e1n Sanz, (eds.) y un cap\u00edtulo en <i>Historiograf\u00eda, marxismo y compromiso pol\u00edtico en Espa\u00f1a. Del franquismo a la actualidad<\/i> (2018, Jos\u00e9 G\u00f3mez Al\u00e9n, ed.) y <i>En defensa de la raz\u00f3n<\/i> (2020). Recientemente publicamos <a href=\"https:\/\/espai-marx.net\/?p=8277\">una entrevista de Salvador L\u00f3pez Arnal<\/a> al autor con motivo de la publicaci\u00f3n de este \u00faltimo libro.<\/p>\n<p>Estamos convencidos de que el di\u00e1logo entre estos dos especialistas ser\u00e1 especialmente fruct\u00edfero. El acto ser\u00e1 retransmitido en nuestras redes sociales (Facebook live y nuestro canal de Youtube), de los que proporcionaremos los enlaces oportunos unos d\u00edas antes del 13 de mayo. A trav\u00e9s de estos dos medios ser\u00e1 posible realizar preguntas a los intervinientes durante el di\u00e1logo. \u00a1Apuntad en vuestra agenda la cita: 13 de mayo de 2021 a las 18:00 hora de Espa\u00f1a!<br \/>\nEnlace de la retransmisi\u00f3n:<\/p>\n<p style=\"text-align: center;\"><iframe loading=\"lazy\" title=\"YouTube video player\" src=\"https:\/\/www.youtube.com\/embed\/wRKQTJ4l25c\" width=\"560\" height=\"315\" frameborder=\"0\" allowfullscreen=\"allowfullscreen\"><\/iframe><\/p>\n<p>&nbsp;<\/p>\n","protected":false},"excerpt":{"rendered":"<p>El 13 de mayo de 2021 iniciamos una nueva actividad de la asociaci\u00f3n Espai Marx. Nuestro objetivo es ir un<\/p>\n","protected":false},"author":5,"featured_media":0,"comment_status":"open","ping_status":"open","sticky":false,"template":"","format":"standard","meta":{"footnotes":""},"categories":[880,26,833],"tags":[1606,1677,1034],"class_list":["post-9446","post","type-post","status-publish","format-standard","hentry","category-actividades","category-historia-del-comunismo","category-videos","tag-francisco-erice","tag-historia-del-pce","tag-jose-luis-martin-ramos"],"aioseo_notices":[],"_links":{"self":[{"href":"https:\/\/espai-marx.net\/index.php?rest_route=\/wp\/v2\/posts\/9446","targetHints":{"allow":["GET"]}}],"collection":[{"href":"https:\/\/espai-marx.net\/index.php?rest_route=\/wp\/v2\/posts"}],"about":[{"href":"https:\/\/espai-marx.net\/index.php?rest_route=\/wp\/v2\/types\/post"}],"author":[{"embeddable":true,"href":"https:\/\/espai-marx.net\/index.php?rest_route=\/wp\/v2\/users\/5"}],"replies":[{"embeddable":true,"href":"https:\/\/espai-marx.net\/index.php?rest_route=%2Fwp%2Fv2%2Fcomments&post=9446"}],"version-history":[{"count":0,"href":"https:\/\/espai-marx.net\/index.php?rest_route=\/wp\/v2\/posts\/9446\/revisions"}],"wp:attachment":[{"href":"https:\/\/espai-marx.net\/index.php?rest_route=%2Fwp%2Fv2%2Fmedia&parent=9446"}],"wp:term":[{"taxonomy":"category","embeddable":true,"href":"https:\/\/espai-marx.net\/index.php?rest_route=%2Fwp%2Fv2%2Fcategories&post=9446"},{"taxonomy":"post_tag","embeddable":true,"href":"https:\/\/espai-marx.net\/index.php?rest_route=%2Fwp%2Fv2%2Ftags&post=9446"}],"curies":[{"name":"wp","href":"https:\/\/api.w.org\/{rel}","templated":true}]}}