{"id":946,"date":"2008-04-30T00:00:00","date_gmt":"2008-04-30T00:00:00","guid":{"rendered":"https:\/\/espai-marx.net\/?p=946"},"modified":"2020-02-26T06:16:53","modified_gmt":"2020-02-26T05:16:53","slug":"zapatero-entrega-a-los-empresarios-el-control-de-las-universidades","status":"publish","type":"post","link":"https:\/\/espai-marx.net\/?p=946","title":{"rendered":"Zapatero entrega a los empresarios el control de las universidades"},"content":{"rendered":"<p>S\u00e1b, 12\/04\/2008 &#8211; 18:42.<\/p>\n<p><b>Zapatero entrega a los empresarios el control de las universidades<br \/>\n<\/b>La empresaria y dirigente de la CEOE Cristina Garmendia M\u00e9ndizabal al frente del nuevo Ministerio de Ciencia e Innovaci\u00f3n<br \/>\nLa pol\u00edtica universitaria pasa al nuevo Ministerio<\/p>\n<p>\u00bfQui\u00e9n mejor que los empresarios saben lo que les interesa a las empresas? Plenamente decidido a llevar adelante el programa de la <a href=\"http:\/\/www.ert.be\/\">European Round Table<\/a> de poner las universidades en manos de las empresas, Zapatero crea el nuevo Ministerio de Ciencia e Innovaci\u00f3n, que segrega la pol\u00edtica universitaria del Ministerio de Educaci\u00f3n, y sit\u00faa a su frente a la empresaria y <a href=\"http:\/\/www.ceoe.es\/ceoe\/contenidos.item.action?id=5476051&amp;menuId=5436374\">directiva de la Confederaci\u00f3n Espa\u00f1ola de Organizaciones Empresariales<\/a> (CEOE) y de la <a href=\"http:\/\/www.asebio.com\/\">Asociaci\u00f3n Espa\u00f1ola de Bioempresas<\/a> (Asebio) Cristina Garmendia.<\/p>\n<p>Garmendia, fundadora, presidenta y consejera delegada de <a href=\"http:\/\/www.genetrix.es\/es\/index.cfm\">Genetrix<\/a>, una corporaci\u00f3n de seis empresas dedicadas al desarrollo de medicamentos y tecnolog\u00edas biom\u00e9dicas, es una <b>ejecutiva de referencia<\/b> en el sector biotecnol\u00f3gico espa\u00f1ol. Adem\u00e1s de Genetrix, ha promovido otros proyectos empresariales, como <a href=\"http:\/\/www.cellerix.com\/\">Cellerix<\/a>, <a href=\"http:\/\/www.biotherapix.com\/\">Biotherapix<\/a>, <a href=\"http:\/\/www.sensia.es\/\">Sensia<\/a>, <a href=\"http:\/\/www.imbiosis.com\/\">Imbiosis<\/a>, <a href=\"http:\/\/www.biobide.es\/\">Biobide<\/a>, <a href=\"http:\/\/www.bioalma.com\/\">BioAlma<\/a>, <a href=\"http:\/\/www.eleconomista.es\/empresas-finanzas\/noticias\/233487\/06\/07\/Dos-companias-biotecnologicas-crean-nueva-empresa-Fenix-Biotech.html\">Fenix Biotech<\/a> y <a href=\"http:\/\/www.genetrix.es\/es\/grupo.cfm\">Coretherapix<\/a>, de la que fue presidenta y consejera delegada.<\/p>\n<p>Naci\u00f3 en 1962 en San Sebasti\u00e1n, Guip\u00fazcoa (Espa\u00f1a). Es doctora en Biolog\u00eda y M\u00e1ster en Administraci\u00f3n de Empresas (MBA) por el <a href=\"http:\/\/www.iese.edu\/\">Instituto de Estudios Superiores de la Empresa<\/a> (IESE) de la Universidad de Navarra (universidad privada del <a href=\"http:\/\/www.opusdei.es\/\">Opus Dei<\/a>). Comenz\u00f3 su trayectoria profesional como profesora de gen\u00e9tica en la Universidad Aut\u00f3noma de Madrid, pero posteriormente <b>se inclin\u00f3 por el \u00e1mbito empresarial<\/b>.<\/p>\n<p>Entre 1989 y el a\u00f1o 2001 trabaj\u00f3 en varias posiciones en el \u00e1rea de desarrollo de negocio del Grupo <a href=\"http:\/\/www.grupoamasua.com\/\">Amas\u00faa<\/a>. Antes de dejar el Grupo Amas\u00faa, fue Vice Presidenta Ejecutiva y Directora Financiera. En el a\u00f1o 2002 fund\u00f3 la empresa biotecnol\u00f3gica <a href=\"http:\/\/www.genetrix.es\/\">Genetrix<\/a> junto a Carlos Mart\u00ednez y Antonio Bernad, ambos profesores del Consejo Superior de Investigaciones Cient\u00edficas (CSIC), siendo la <b>primera iniciativa privada surgida a partir del trabajo de investigaci\u00f3n<\/b> efectuado en el <a href=\"http:\/\/www.cnb.uam.es\/\">Centro Nacional de Biotecnolog\u00eda<\/a> (CNB). Desde 2004 es presidenta de <a href=\"http:\/\/www.cellerix.com\/\">Cellerix<\/a>, ratificada por el nuevo consorcio de inversores internacionales (Roche, <a href=\"http:\/\/firgoa.usc.es\/drupal\/node\/34019\">Novartis<\/a>, LSP y Ventech).<\/p>\n<p>Preside, desde marzo de 2005, la <a href=\"http:\/\/www.asebio.com\/\">Asociaci\u00f3n Espa\u00f1ola de Bioempresas<\/a> (Asebio), agrupaci\u00f3n de empresas del sector de la biotecnolog\u00eda.\u00a0 Es <a href=\"http:\/\/www.ceoe.es\/ceoe\/contenidos.item.action?id=5476051&amp;menuId=5436374\">miembro de la junta directiva de la CEOE<\/a> desde 2006, socia de <a href=\"http:\/\/www.ysioscapital.com\/cristina.htm\">Ysios Capital Partners<\/a> y presidenta de la <a href=\"http:\/\/www.innovapyme.com\/oferta\/ficha.asp?id=491\">Fundaci\u00f3n Inbiomed<\/a>, instituci\u00f3n que alberga el primer banco de c\u00e9lulas madre adultas en Espa\u00f1a. Desde 2006 es miembro del Patronato de la <a href=\"http:\/\/fibkweb20.com\/clientes\/\">Fundaci\u00f3n para la Innovaci\u00f3n de Bankinter<\/a>. Desde 2007 es miembro del consejo empresarial de <a href=\"http:\/\/www.gen-es.org\/\">Genoma Espa\u00f1a<\/a>. Miembro del consejo asesor de la <a href=\"http:\/\/www.fundacionmbotin.org\/\">Fundaci\u00f3n Bot\u00edn<\/a>\u00a0desde 2007. Miembro del Consejo asesor de las universidades privadas <a href=\"http:\/\/www.ufv.es\/\">Francisco de Vitoria<\/a>, <a href=\"http:\/\/www.nebrija.com\/\">Antonio de Nebrija<\/a> y <a href=\"http:\/\/www.esade.es\/\">ESADE<\/a>.<\/p>\n<p>Es miembro del Consejo de Administraci\u00f3n de la consultora multinacional <a href=\"http:\/\/www.everis.es\/\">Everis<\/a> y del Comit\u00e9 Asesor del <a href=\"http:\/\/www.bancsang.net\/es\/index.html\">Banco de Sangre y Tejidos de Barcelona<\/a>. Es tambi\u00e9n miembro de la Junta Directiva de la Asociaci\u00f3n de Pacientes de Epidermolisis Bullosa. Garmendia ha sido distinguida en 2006 con el premio \u00abFerm\u00edn de la Sierra\u00bb de <a href=\"http:\/\/www.eoi.es\/\">EOI-Escuela de Negocios<\/a> en reconocimiento a su <b>esp\u00edritu emprendedor<\/b> en el campo de la biotecnolog\u00eda y la biomedicina. Lleg\u00f3 a ser reina de la comparsa de carnaval de la discoteca donostiarra <a href=\"http:\/\/www.bataplandisco.com\/\">Batapl\u00e1n<\/a> en los a\u00f1os ochenta. Est\u00e1 casada y tiene dos hijos.<\/p>\n<p>Con tal curriculum \u00bfquerr\u00e1 insuflar a la universidad el esp\u00edritu empresarial? \u00a1Que dios se apiade de la universidad p\u00fablica!<\/p>\n<p><img decoding=\"async\" src=\"docs\/b8c27b7a1c450ffdacb31483454e0b54_files\/image004.jpg\" \/><\/p>\n<p>08\/12\/07 <a href=\"http:\/\/www.publico.es\/ciencias\/025931\/la\/politica\/religion\/ciencia\">Entrevista a Cristina Garmendia: \u00abLa pol\u00edtica y la religi\u00f3n no van con la ciencia\u00bb<\/a><\/p>\n<p>\u00b7\u00a0\u00a0\u00a0\u00a0\u00a0\u00a0 11\/07\/07 <a href=\"http:\/\/www.expansion.com\/edicion\/exp\/empresas\/es\/desarrollo\/1015179.html\">El Gobierno se compromete a liderar este a\u00f1o un plan de impulso de la biotecnolog\u00eda<\/a><\/p>\n<p><img decoding=\"async\" src=\"docs\/b8c27b7a1c450ffdacb31483454e0b54_files\/image006.jpg\" \/><br \/>\nD\u00f1a. Cristina Garmendia Mendizabal, Presidenta de ASEBIO, D\u00f1a. M\u00aa Teresa Fern\u00e1ndez de la Vega,<br \/>\nVicepresidenta 1\u00aa del Gobierno y D. Gerardo D\u00edaz Ferr\u00e1n, Presidente de la CEOE.<\/p>\n<p><img decoding=\"async\" src=\"docs\/b8c27b7a1c450ffdacb31483454e0b54_files\/image008.jpg\" \/><\/p>\n<p><a href=\"http:\/\/firgoa.usc.es\/drupal\/taxonomy\/term\/138\">Pol\u00edticas EEES<\/a> \u2013 <a href=\"http:\/\/firgoa.usc.es\/drupal\/taxonomy\/term\/5\">Pol\u00edticas gubernamentais e de partidos<\/a> \u2013 <a href=\"http:\/\/firgoa.usc.es\/drupal\/taxonomy\/term\/7\">Micropol\u00edtica<\/a> \u2013 <a href=\"http:\/\/firgoa.usc.es\/drupal\/taxonomy\/term\/131\">Novas universidade<\/a> \u2013 <a href=\"http:\/\/firgoa.usc.es\/drupal\/taxonomy\/term\/264\">Empresarializaci\u00f3n<\/a> \u2013 <a href=\"http:\/\/firgoa.usc.es\/drupal\/taxonomy\/term\/259\">Investigaci\u00f3n<\/a> \u2013 <a href=\"http:\/\/firgoa.usc.es\/drupal\/taxonomy\/term\/148\">Privatizaci\u00f3n<\/a><\/p>\n","protected":false},"excerpt":{"rendered":"<p>Privatizaci\u00f3n<\/p>\n<p>Enviado por admin1 o S\u00e1b, 12\/04\/2008 &#8211; 18:42.<\/p>\n<p>                                                      Zapatero entrega a los empresarios el control de las universidades La empresaria y dirigente de la CEOE Cristina Garmendia M\u00e9ndizabal al frente del nuevo Ministerio de Ciencia e Innovaci\u00f3n La pol\u00edtica universitaria pasa al nuevo Ministerio<\/p>\n<p>\u00bfQui\u00e9n mejor que los empresarios saben lo que les interesa a las empresas? Plenamente decidido a llevar adelante el programa de la European Round Table de poner las universidades en manos de las empresas, Zapatero crea el nuevo Ministerio de Ciencia e Innovaci\u00f3n, que segrega la pol\u00edtica universitaria del Ministerio de Educaci\u00f3n, y sit\u00faa a su frente a la empresaria y directiva de la Confederaci\u00f3n Espa\u00f1ola de Organizaciones Empresariales (CEOE) y de la Asociaci\u00f3n Espa\u00f1ola de Bioempresas (Asebio) Cristina Garmendia.<\/p>\n<p>Garmendia, fundadora, presidenta y consejera delegada de Genetrix, una corporaci\u00f3n de seis empresas dedicadas al desarrollo de medicamentos y tecnolog\u00edas biom\u00e9dicas, es una ejecutiva de referencia en el sector biotecnol\u00f3gico espa\u00f1ol. Adem\u00e1s de Genetrix, ha promovido otros proyectos empresariales, como Cellerix, Biotherapix, Sensia, Imbiosis, Biobide, BioAlma, Fenix Biotech y Coretherapix, de la que fue presidenta y consejera delegada.<\/p>\n<p>Naci\u00f3 en 1962 en San Sebasti\u00e1n, Guip\u00fazcoa (Espa\u00f1a). Es doctora en Biolog\u00eda y M\u00e1ster en Administraci\u00f3n de Empresas (MBA) por el Instituto de Estudios Superiores de la Empresa (IESE) de la Universidad de Navarra (universidad privada del Opus Dei). Comenz\u00f3 su trayectoria profesional como profesora de gen\u00e9tica en la Universidad Aut\u00f3noma de Madrid, pero posteriormente se inclin\u00f3 por el \u00e1mbito empresarial. <\/p>\n","protected":false},"author":9,"featured_media":0,"comment_status":"open","ping_status":"open","sticky":false,"template":"","format":"standard","meta":{"footnotes":""},"categories":[13],"tags":[],"class_list":["post-946","post","type-post","status-publish","format-standard","hentry","category-la-izquierda-a-debate"],"aioseo_notices":[],"_links":{"self":[{"href":"https:\/\/espai-marx.net\/index.php?rest_route=\/wp\/v2\/posts\/946","targetHints":{"allow":["GET"]}}],"collection":[{"href":"https:\/\/espai-marx.net\/index.php?rest_route=\/wp\/v2\/posts"}],"about":[{"href":"https:\/\/espai-marx.net\/index.php?rest_route=\/wp\/v2\/types\/post"}],"author":[{"embeddable":true,"href":"https:\/\/espai-marx.net\/index.php?rest_route=\/wp\/v2\/users\/9"}],"replies":[{"embeddable":true,"href":"https:\/\/espai-marx.net\/index.php?rest_route=%2Fwp%2Fv2%2Fcomments&post=946"}],"version-history":[{"count":0,"href":"https:\/\/espai-marx.net\/index.php?rest_route=\/wp\/v2\/posts\/946\/revisions"}],"wp:attachment":[{"href":"https:\/\/espai-marx.net\/index.php?rest_route=%2Fwp%2Fv2%2Fmedia&parent=946"}],"wp:term":[{"taxonomy":"category","embeddable":true,"href":"https:\/\/espai-marx.net\/index.php?rest_route=%2Fwp%2Fv2%2Fcategories&post=946"},{"taxonomy":"post_tag","embeddable":true,"href":"https:\/\/espai-marx.net\/index.php?rest_route=%2Fwp%2Fv2%2Ftags&post=946"}],"curies":[{"name":"wp","href":"https:\/\/api.w.org\/{rel}","templated":true}]}}