{"id":954,"date":"2008-05-05T00:00:00","date_gmt":"2008-05-05T00:00:00","guid":{"rendered":"https:\/\/espai-marx.net\/?p=954"},"modified":"2020-02-26T06:14:28","modified_gmt":"2020-02-26T05:14:28","slug":"la-supresion-del-bachillerato-nocturno-en-catalunya-y-las-incoherencias-inadmisibles-de-un-gobierno-que-se-dice-de-izquierdas","status":"publish","type":"post","link":"https:\/\/espai-marx.net\/?p=954","title":{"rendered":"La supresi\u00f3n del bachillerato nocturno en Catalunya y las incoherencias inadmisibles de un gobierno que se dice de izquierdas."},"content":{"rendered":"<p>Como es sabido, en Catalu\u00f1a gobierna una coalici\u00f3n de partidos formada por el PSC (PSOE), ERC, ICV y EuiA. Se presentan, se presentaron, ante la ciudadan\u00eda en las \u00faltimas elecciones abanderando la formaci\u00f3n de un gobierno nacionalista y de izquierdas, que pretend\u00eda superar la fase insistentemente identitaria, reconocieron, del primer gobierno tripartito.<\/p>\n<p>Muchos ciudadanos y ciudadanas, el que firma entre ellos, vot\u00f3 a partidos que forman parte del gobierno porque, aseguraron e insistieron, esta vez iban en serio, se trataba de generar un giro social de 180 grados en la trayectoria pol\u00edtica del gobierno catal\u00e1n. Lo social deb\u00eda estar en el puesto de mando, se dijo y se repeti\u00f3.<\/p>\n<p>La conselleria de Educaci\u00f3n del actual gobierno est\u00e1 en manos del PSC. La estuvo antes, en el primer gobierno, menos en los \u00faltimos meses, en manos de ERC, y durante dos d\u00e9cadas ha estado en manos de CDC y Uni\u00f3 Democr\u00e1tica, especialmente en manos de UDC, larga etapa en la cual la escuela privada concertada fue tratada con la amplia generosidad que caracteriza a los gobiernos de centro derecha en estos y en otros \u00e1mbitos afines.<\/p>\n<p>El conseller de Educaci\u00f3n es el se\u00f1or Maragall, hermano del anterior presidente de la Generalitat. La carrera pol\u00edtica del conseller ha sido, si no ando errado, interna al Partido, situ\u00e1ndose y protegi\u00e9ndose muy bien en las luchas de las diversas tendencias, y centrada b\u00e1sicamente en asuntos de gesti\u00f3n municipal, especialmente durante la \u00e9poca en la que su hermano fue alcalde de Barcelona. No se le conocen (no conozco cuanto menos) intereses, preocupaciones ni publicaciones en el \u00e1mbito de la ense\u00f1anza, pero la cuota entre los partidos del gobierno, la distribuci\u00f3n de poder y, seguramente, el deseo de tocar m\u00e1s poder alzaron al se\u00f1or Maragall a la conselleria de Educaci\u00f3n.<\/p>\n<p>Se sabe lo que pas\u00f3 con el proyecto de bases de la ley catalana de Educaci\u00f3n. Origin\u00f3 la movilizaci\u00f3n ciudadana m\u00e1s importante (y m\u00e1s hermosa) que se recuerda en la historia reciente de Catalunya. Entre otras cosas, el proyecto pretend\u00eda dejar la puerta abierta para la privatizaci\u00f3n de la gesti\u00f3n educativa. El president Jos\u00e9 Montilla se reafirm\u00f3 en los medios de comunicaci\u00f3n en la defensa del car\u00e1cter p\u00fablico de la ense\u00f1anza preuniversitaria en Catalunya (afirmaci\u00f3n ciertamente extra\u00f1a, cuanto menos, ya que en estos momentos cursan estudios en la escuela privada y privada concertada un 50% del alumnado catal\u00e1n) y parece, por otra parte, que el proyecto de ley de Bases presentado al Parlamento catal\u00e1n rectifica en este punto y se compromete a no transitar por el camino de una mayor privatizaci\u00f3n.<\/p>\n<p>Pero todo indica que al conseller no le ha bastado con esta marcha atr\u00e1s. Su conselleria habr\u00e1 querido racionalizar (esto es, reducir) el gasto p\u00fablico en ense\u00f1anza y ha pensado que era innecesario apuntar a gastos extraordinarios originados por encuentros insustanciales, a cargos de confianza que son, b\u00e1sicamente, premios pol\u00edticos, a sueldos de gestores y consellers que superan toda cifra razonable, y que lo mejor era empezar por lo que ten\u00eda menos fuerza, suprimir el lado\u00a0 m\u00e1s d\u00e9bil del poliedro: los estudios de bachillerato nocturno en la ense\u00f1anza p\u00fablica catalana (ignoro si esa supresi\u00f3n se extiende a la privada concertada, ahora y en el futuro) se\u00f1alando la posibilidad de seguir esos estudios on-line, v\u00eda inform\u00e1tica. La raz\u00f3n alegada es la baja inscripci\u00f3n en estudios de bachillerato nocturno, aun menor en estos \u00faltimos a\u00f1os, debida a la contradictoriedad de las jornadas laborales y los horarios de estudios.<\/p>\n<p>Es obvio que a cualquier conseller con esp\u00edritu socialista se le hubiera ocurrido inmediatamente preguntarse por los motivos de esa contraposici\u00f3n. \u00bfPor qu\u00e9 los alumnos de nocturno (\u00bfes necesario explicitar su origen social?) tienen tantas dificultades para proseguir sus estudios mientras trabajan? Que la cosa no es una fiesta es sabida por todos aquellos que hemos sido profesores de nocturno durante a\u00f1os y aquellos que en su d\u00eda seguimos estudios en esa franja horaria, pero, paradoja de paradojas, cuando en mi caso, por ejemplo, empec\u00e9 a trabajar en 1968 en una empresa privada a los 14 a\u00f1os, en plena temporada franquista, las empresas ten\u00edan obligaci\u00f3n de facilitar a sus trabajadores la asistencia a estudios nocturnos de bachillerato.<\/p>\n<p>Ahora no, el conseller ni se ha planteado sujetar los planes incontrolables del empresariado. Ellos mandan y hacen de su capa un sayo, y si quieren un traje completo. Cambian horarios, turnos, alargan la jornada, obligan a realizar horas extraordinarias, hacen lo que les viene en gana, sin que el estudiante trabajador puede decir esta vocaci\u00f3n es m\u00eda, con las consecuencias que pueden imaginarse: ante los muros sociales, cada vez en incremento acelerado resignaci\u00f3n. Lo que no es posible no es posible y ya est\u00e1. En definitiva, \u00bfpara qu\u00e9 estudiar cl\u00e1sicas, magisterio o fisioterapia si luego tampoco encontramos trabajo o nos pagan los 1.000 euros de rigor y sin hacer ning\u00fan esfuerzo educativo ya alcanzamos los 800 o 900, o, si nos apuran, trabajando a destajo, superamos los 1.200?<\/p>\n<p>Es muy posible que al conseller no le importe en demas\u00eda la p\u00e9rdida de oportunidades de estos estudiantes, que en su categor\u00eda de igualdad esto no registre. Recu\u00e9rdese la an\u00e9cdota, ciertamente significativa: al visitar un instituto de ense\u00f1anza media de Barcelona, el honorable conseller, hace pocos meses, aconsej\u00f3 a unos alumnos de 4\u00ba de ESO, de or\u00edgenes sociales no afortunados y or\u00edgenes geogr\u00e1ficos distantes, que no perdieran el tiempo con estudios de bachillerato y se dedicaran a ciclos formativos de grado medio, a cosas pr\u00e1cticas, \u00fatiles en definitiva. Ni que decir tiene que ese consejo jam\u00e1s lo hubiera dado en esos mismos t\u00e9rminos ni similares si el conseller hubiera visitado las aulas de colegios concertados como SUNION o privados-privados como AULA, o estuviera hablando con alg\u00fan estudiante joven de su entorno familiar.<\/p>\n<p>\u00bfCu\u00e1les ser\u00e1n los efectos de la medida si la movilizaci\u00f3n ciudadana no lo impide? Que muchos estudiantes abandonen, porque no es f\u00e1cil a ciertas edades seguir estudios v\u00eda telem\u00e1tica, y porque, adem\u00e1s, durante tiempo, desde cualquier perspectiva pedag\u00f3gica, se ha\u00a0 insistido, con raz\u00f3n y razones, en la importancia de los estudios presenciales y en la arista de sociabilidad que estos estudios representan.<\/p>\n<p>Los alumnos que no dejen sus estudios acaso puedan hacer alg\u00fan ciclo de grado medio, estudiar, a\u00f1os m\u00e1s tarde, la prueba de acceso a los ciclos de grado superior (prueba no trivial, nada f\u00e1cil de superar ) o esperar a los 25 a\u00f1os para intentar entrar en la Universidad por otras v\u00edas. Poca p\u00e9rdida, pensar\u00e1n algunos: son estudiantes sin posibilidades, algunos de ellos son expediente mediocre o regular, son pocos, que se informaticen, y lo mejor, se dir\u00e1, en \u00faltima instancia, es que se inserten laboralmente y ya est\u00e1. Mano de obra joven, como sus padres y familiares, que ya encontrar\u00e1 su cualificaci\u00f3n.<\/p>\n<p>Pero no es el caso, hay p\u00e9rdida y mucha. La regresi\u00f3n que representa la medida es obvia y la contraposici\u00f3n entre el car\u00e1cter de esta medida (que dif\u00edcilmente se hubiera atrevido a poner en marcha un gobierno de centro derecha en Catalunya) y cualquier ideario socialista, socialdem\u00f3crata o m\u00ednimamente de izquierdas es de libro.<\/p>\n<p>Habr\u00e1, pues, que movilizarse y con urgencia. La medida, obs\u00e9rvese la nocturnidad, fue comunicada v\u00eda telef\u00f3nica por un secretario o secretaria del departamento hace apenas una semana (finales de abril) a la direcci\u00f3n y jefatura de estudios de los institutos de Catalunya. En la lucha, esta vez s\u00ed, podemos encontrarnos estudiantes, sindicatos, profesores, partidos que sean realmente de izquierdas, y la ciudadan\u00eda en general, especialmente los sectores menos favorecidos. \u00bfVamos a acepar una medida de este tenor? \u00bfNo van a provocar una responsable crisis de gobierno ICV o EuiA por una agresi\u00f3n de estas caracter\u00edsticas? \u00bfHay que tragar tambi\u00e9n con esto? \u00bfNo tienen nada que decir las alcald\u00edas de poblaciones afectadas directamente como Santa Coloma de Gramenet, Badalona u Hospitalet, por ejemplo?<\/p>\n<p>Algunos sindicatos de ense\u00f1anza del profesorado, y tambi\u00e9n estudiantiles, se han puesto ya en pie de resistencia. El llamamiento que han suscrito USTEC-STEs, ASPEPC-SPS y CGT \u2013\u00a1\u00a1obs\u00e9rvese la no presencia, asumida y deseada, de CC.OO ni de UGT, esperemos su recitifcaci\u00f3n !!- es el siguiente:<\/p>\n<p>Ante la decisi\u00f3n de suprimir los estudios nocturnos de Bachillerato por parte del Departamento de Educaci\u00f3n, los sindicatos abajo firmantes convocan al profesorado a manifestar nuestra oposici\u00f3n a esta medida regresiva y a impedir esta nueva agresi\u00f3n contra la ense\u00f1anza p\u00fablica con las siguientes acciones:<\/p>\n<h3>Martes, 6 de mayo<\/h3>\n<p>Concentraci\u00f3n conjunta con sindicatos de estudiantes:<\/p>\n<ul>\n<li>19 HORAS A LA PL. SANT JAUME (de BARCELONA)<\/li>\n<li>19 HORAS A LA PL. IMPERIAL TARRACO (de TARRAGONA)<\/li>\n<\/ul>\n<p><u>Jueves 8 de mayo<\/u>:<\/p>\n<p>Asamblea del profesorado de nocturno:<\/p>\n<ul>\n<li>12,30 HORES AL IES BALMES (Pau Claris, 121 Barcelona)<\/li>\n<\/ul>\n<p><u>Mi\u00e9rcoles, 14 de mayo<\/u>:<\/p>\n<ul>\n<li><u>HUELGA<\/u> DE PROFESORADO DEL BACHILLERATO NOCTURNO<\/li>\n<li><u>CONCENTRACI\u00d3N<\/u> A LAS 19 H. A LA PLAZA DE SANT JAUME<\/li>\n<\/ul>\n<p>El texto finaliza con la recomendaci\u00f3n de que, a la espera de ver c\u00f3mo evoluciona la situaci\u00f3n y pensando en la posibilidad de rectificaci\u00f3n (forzada desde luego) de la conselleria de Educaci\u00f3n en sus siniestros y regresivos planes, los centros abran la preinscripci\u00f3n en primero de bachillerato nocturno del pr\u00f3ximo curso, al mismo tiempo que anima a todo el profesorado a participar en la huelga y concentraciones convocadas ya que se trata de un nuevo ataque a la ense\u00f1anza p\u00fablica<a title=\"\" href=\"#_ftn1\" name=\"_ftnref1\">[1]<\/a>.<\/p>\n<p>No es ret\u00f3rica, no son palabras huecas. Es en verdad un nuevo ataque planificado, con alevos\u00eda y nocturnidad, por cerebros que transitan en despachos de instituciones de un gobierno que se dice de izquierdas y que se present\u00f3 ante la ciudadan\u00eda como defensor de los derechos sociales de la ciudadan\u00eda y partidario de su ampliaci\u00f3n. Nunca tantos mintieron tanto.<\/p>\n<p>Como en tantas otras ocasiones, la mejor de decir es hacer. Hagamos, pues, lo que sea necesario para mostrar claramente que su inconsciente neoliberal tiene enfrente la pulsi\u00f3n pol\u00edtica y moral de gentes no entregadas a los designios de una burocracia, mucho de cuyos miembros tal vez no han pisado nunca un aula de bachiller desde sus estudios preuniversitarios, que, desde luego, no tuvieron que realizar en horario nocturno. Su alma, como quer\u00eda Plat\u00f3n, est\u00e1 hecha de oro, no de plata ni mucho menos de bronce, como la de los estudiantes trabajadores.<\/p>\n<p><b><u>\u00a0<\/u><\/b><\/p>\n<p><b><u>\u00a0<\/u><\/b><\/p>\n<p><b><u>\u00a0<\/u><\/b><\/p>\n<p><b><u>\u00a0<\/u><\/b><\/p>\n<p><b><u>\u00a0<\/u><\/b><\/p>\n<p><b><u>Anexo 1<\/u><\/b>: Honorable Conseller,<\/p>\n<p>la comunitat educativa de l&#8217;IES __________________ es troba profundament consternada i indignada per la decisi\u00f3 del Departament d&#8217;Educaci\u00f3, que vost\u00e8 dirigeix, de suprimir el Batxillerat Nocturn.<\/p>\n<p>Fa m\u00e9s de ___ anys que el nostre centre imparteix el Batxillerat en r\u00e8gim Nocturn. Durant tots aquests anys centenars de joves treballadors, i no tant joves, han pogut obtenir una formaci\u00f3 de qualitat i assolir una titulaci\u00f3 oficial que els capacita per accedir a estudis superiors (universitaris o de formaci\u00f3 professional superior), tot compartint treball i estudis.<\/p>\n<p>Compartir treball i estudis \u00e9s una tasca molt dura, que requereix un gran esfor\u00e7, un sistema educatiu flexible (que el tenim en el nocturn), i un acompanyament permanent que ajudi a l&#8217;estudiant a no defallir i a refer-se en els moments de des\u00e0nim que segur que arriben.<\/p>\n<p>La presencialitat \u00e9s un valor en si mateix, ja que permet a l&#8217;estudiant no sentir-se sol en l&#8217;estudi, permet l&#8217;acompanyament diari per part de companys, professors i personal no docent, i, el que no\u00a0 \u00e9s menys important, permet que les explicacions i el treball a l&#8217;aula s&#8217;adaptin a cada un dels alumnes per ajudar-los en el seu progr\u00e9s intel\u00b7lectual.<\/p>\n<p>La substituci\u00f3 del Batxillerat Nocturn per uns ensenyaments virtuals, que no dubtem que s\u00f3n molt m\u00e9s econ\u00f2mics, impedir\u00e0 a molts dels nostres actuals i futurs alumnes arribar al final dels seus estudis, i en alguns casos ni tant sols comen\u00e7ar-los. Alguns dels nostres alumnes superen els 40 anys d&#8217;edat, amb una formaci\u00f3 b\u00e0sica inform\u00e0tica pr\u00e0cticament nul\u00b7la, \u00bfcom podran seguir uns estudis en una plataforma de formaci\u00f3 virtual si no disposen ni de connexi\u00f3 a internet a casa?. Gaireb\u00e9 tots els nostres alumnes han patit frac\u00e0s escolar previ a l&#8217;inici dels actuals estudis; molts d&#8217;ells aconsegueixen recomen\u00e7ar els estudis gr\u00e0cies a l&#8217;adaptaci\u00f3 dels continguts i el seguiment personal, a la dosi d&#8217;\u00e0nims i fe en ells que hi posa tot l&#8217;entorn educatiu. De qui rebran el copet a l&#8217;espatlla que anima a continuar?<\/p>\n<p>El Batxillerat Nocturn fa, i pot fer encara, una tasca social impagable col\u00b7laborant a la formaci\u00f3 dels treballadors catalans. Segons tots els estudis el nivell de formaci\u00f3 dels treballadors catalans \u00e9s baix respecte a la resta d&#8217;estats europeus. Per augmentar aquest nivell de formaci\u00f3 \u00e9s clar que hem de vetllar pel nivell formatiu dels joves, que tamb\u00e9 estan en\u00a0 una \u00e8poca de la seva vida en que acostumen a reconduir decisions equivocades pr\u00e8vies, per\u00f2 tamb\u00e9 \u00e9s imprescindible millorar el dels adults sense crear una nova fractura social a causa de la dificultat d&#8217;acc\u00e9s a les TIC. Tots dos \u00e0mbits, joves i adults necessiten un sistema educatiu, adaptat a les seves necessitats, que els permeti recomen\u00e7ar.<\/p>\n<p>Nom\u00e9s des de la coexist\u00e8ncia dels dos sistemes de formaci\u00f3 d&#8217;adults, presencial i virtual, aconseguirem que la formaci\u00f3 dels treballadors catalans assoleixi els nivells que el nostre pa\u00eds mereix.<\/p>\n<p>Per tots aquests motius, tots els membres de la comunitat educativa de l&#8217;________________<\/p>\n<p>EXIGIM<\/p>\n<ol>\n<li>La no supressi\u00f3 del Batxillerat Nocturn en cap centre.<\/li>\n<li>Que es desenvolupi una campanya de difusi\u00f3 de la formaci\u00f3 d&#8217;adults en l&#8217;etapa post-obligat\u00f2ria en que es promocionin les dues opcions presencial i virtual: Batxillerat Nocturn i IOC.<\/li>\n<\/ol>\n<p>Atentament,<\/p>\n<p>&nbsp;<\/p>\n<p><b><u>Anexo 2:\u00a0 Sra Directora dels Serveis Territorials,<\/u><\/b><\/p>\n<p>la comunitat educativa de _______________________ es troba profundament consternada i indignada per la decisi\u00f3 del Departament d&#8217;Educaci\u00f3 de suprimir el Batxillerat Nocturn.<\/p>\n<p>Fa m\u00e9s de ___anys que el nostre centre imparteix el Batxillerat en r\u00e8gim Nocturn. Durant tots aquests anys centenars de joves treballadors, i no tant joves, han pogut obtenir una formaci\u00f3 de qualitat i assolir una titulaci\u00f3 oficial que els capacita per accedir a estudis superiors (universitaris o de formaci\u00f3 professional superior), tot compartint treball i estudis.<\/p>\n<p>Compartir treball i estudis \u00e9s una tasca molt dura, que requereix un gran esfor\u00e7, un sistema educatiu flexible (que el tenim en el nocturn), i un acompanyament permanent que ajudi a l&#8217;estudiant a no defallir i a refer-se en els moments de des\u00e0nim que segur que arriben.<\/p>\n<p>La presencialitat \u00e9s un valor en si mateix, ja que permet a l&#8217;estudiant no sentir-se sol en l&#8217;estudi, permet l&#8217;acompanyament diari per part de companys, professors i personal no docent, i, el que no\u00a0 \u00e9s menys important, permet que les explicacions i el treball a l&#8217;aula s&#8217;adaptin a cada un dels alumnes per ajudar-los en el seu progr\u00e9s intel\u00b7lectual.<\/p>\n<p>La substituci\u00f3 del Batxillerat Nocturn per uns ensenyaments virtuals, que no dubtem que s\u00f3n molt m\u00e9s econ\u00f2mics, impedir\u00e0 a molts dels nostres actuals i futurs alumnes arribar al final dels seus estudis, i en alguns casos ni tant sols comen\u00e7ar-los. Alguns dels nostres alumnes superen els 40 anys d&#8217;edat, amb una formaci\u00f3 b\u00e0sica inform\u00e0tica pr\u00e0cticament nul\u00b7la, \u00bfcom podran seguir uns estudis en una plataforma de formaci\u00f3 virtual si no disposen ni de connexi\u00f3 a internet a casa?. Gaireb\u00e9 tots els nostres alumnes han patit frac\u00e0s escolar previ a l&#8217;inici dels actuals estudis; molts d&#8217;ells aconsegueixen recomen\u00e7ar els estudis gr\u00e0cies a l&#8217;adaptaci\u00f3 dels continguts i el seguiment personal, a la dosi d&#8217;\u00e0nims i fe en ells que hi posa tot l&#8217;entorn educatiu. De qui rebran el copet a l&#8217;espatlla que anima a continuar?<\/p>\n<p>El Batxillerat Nocturn fa, i pot fer encara, una tasca social impagable col\u00b7laborant a la formaci\u00f3 dels treballadors catalans. Segons tots els estudis el nivell de formaci\u00f3 dels treballadors catalans \u00e9s baix respecte a la resta d&#8217;estats europeus. Per augmentar aquest nivell de formaci\u00f3 \u00e9s clar que hem de vetllar pel nivell formatiu dels joves, que tamb\u00e9 estan en\u00a0 una \u00e8poca de la seva vida en que acostumen a reconduir decisions equivocades pr\u00e8vies, per\u00f2 tamb\u00e9 \u00e9s imprescindible millorar el dels adults sense crear una nova fractura social a causa de la dificultat d&#8217;acc\u00e9s a les TIC. Tots dos \u00e0mbits, joves i adults necessiten un sistema educatiu, adaptat a les seves necessitats, que els permeti recomen\u00e7ar.<\/p>\n<p>Nom\u00e9s des de la coexist\u00e8ncia dels dos sistemes de formaci\u00f3 d&#8217;adults, presencial i virtual, aconseguirem que la formaci\u00f3 dels treballadors catalans assoleixi els nivells que el nostre pa\u00eds mereix.<\/p>\n<p>Per tots aquests motius, tots els membres de la comunitat educativa de l&#8217;___________________<\/p>\n<p>EXIGIM<\/p>\n<ol>\n<li>La no supressi\u00f3 del Batxillerat Nocturn en cap centre.<\/li>\n<li>Que es desenvolupi una campanya de difusi\u00f3 de la formaci\u00f3 d&#8217;adults en l&#8217;etapa post-obligat\u00f2ria en que es promocionin les dues opcions presencial i virtual: Batxillerat Nocturn i IOC.<\/li>\n<\/ol>\n<p>Atentament,<\/p>\n<p>&nbsp;<\/p>\n<p><b><u>Anexo 3<\/u><\/b>:\u00a0 Excel\u00b7lent\u00edsima senyora Alcaldesa,<\/p>\n<p>la comunitat educativa de l&#8217;______________________ es troba profundament consternada i indignada per la decisi\u00f3 del Departament d&#8217;Educaci\u00f3 de suprimir el Batxillerat Nocturn.<\/p>\n<p>Fa m\u00e9s de ______ anys que el nostre centre imparteix el Batxillerat en r\u00e8gim Nocturn. Durant tots aquests anys centenars de joves treballadors, i no tant joves, han pogut obtenir una formaci\u00f3 de qualitat i assolir una titulaci\u00f3 oficial que els capacita per accedir a estudis superiors (universitaris o de formaci\u00f3 professional superior), tot compartint treball i estudis.<\/p>\n<p>Compartir treball i estudis \u00e9s una tasca molt dura, que requereix un gran esfor\u00e7, un sistema educatiu flexible (que el tenim en el nocturn), i un acompanyament permanent que ajudi a l&#8217;estudiant a no defallir i a refer-se en els moments de des\u00e0nim que segur que arriben.<\/p>\n<p>La presencialitat \u00e9s un valor en si mateix, ja que permet a l&#8217;estudiant no sentir-se sol en l&#8217;estudi, permet l&#8217;acompanyament diari per part de companys, professors i personal no docent, i, el que no\u00a0 \u00e9s menys important, permet que les explicacions i el treball a l&#8217;aula s&#8217;adaptin a cada un dels alumnes per ajudar-los en el seu progr\u00e9s intel\u00b7lectual.<\/p>\n<p>La substituci\u00f3 del Batxillerat Nocturn per uns ensenyaments virtuals, que no dubtem que s\u00f3n molt m\u00e9s econ\u00f2mics, impedir\u00e0 a molts dels nostres actuals i futurs alumnes arribar al final dels seus estudis, i en alguns casos ni tant sols comen\u00e7ar-los. Alguns dels nostres alumnes procedeixen de l&#8217;Escola d&#8217;Adults i superen els 40 anys d&#8217;edat, amb una formaci\u00f3 b\u00e0sica inform\u00e0tica pr\u00e0cticament nul\u00b7la, \u00bfcom podran seguir uns estudis en una plataforma de formaci\u00f3 virtual si no disposen ni de connexi\u00f3 a internet a casa?. Gaireb\u00e9 tots els nostres alumnes han patit frac\u00e0s escolar previ a l&#8217;inici dels actuals estudis; molts d&#8217;ells aconsegueixen recomen\u00e7ar els estudis gr\u00e0cies a l&#8217;adaptaci\u00f3 dels continguts i el seguiment personal, a la dosi d&#8217;\u00e0nims i fe en ells que hi posa tot l&#8217;entorn educatiu. De qui rebran el copet a l&#8217;espatlla que anima a continuar?<\/p>\n<p>El Batxillerat Nocturn fa, i pot fer encara, una tasca social impagable col\u00b7laborant a la formaci\u00f3 dels treballadors catalans. Segons tots els estudis el nivell de formaci\u00f3 dels treballadors catalans \u00e9s baix respecte a la resta d&#8217;estats europeus. Per augmentar aquest nivell de formaci\u00f3 \u00e9s clar que hem de vetllar pel nivell formatiu dels joves, que tamb\u00e9 estan en\u00a0 una \u00e8poca de la seva vida en que acostumen a reconduir decisions equivocades pr\u00e8vies, per\u00f2 tamb\u00e9 \u00e9s imprescindible millorar el dels adults sense crear una nova fractura social a causa de la dificultat d&#8217;acc\u00e9s a les TIC. Tots dos \u00e0mbits, joves i adults necessiten un sistema educatiu, adaptat a les seves necessitats, que els permeti recomen\u00e7ar.<\/p>\n<p>Nom\u00e9s des de la coexist\u00e8ncia dels dos sistemes de formaci\u00f3 d&#8217;adults, presencial i virtual, aconseguirem que la formaci\u00f3 dels treballadors catalans assoleixi els nivells que el nostre pa\u00eds mereix.<\/p>\n<p>Per tots aquests motius, tots els membres de la comunitat educativa de l&#8217;___________________, us demanem que feu tot el possible perqu\u00e8 el Departament d&#8217;Educaci\u00f3 reconsideri la seva decisi\u00f3 i en comptes de suprimir el Batxillerat Nocturn, desenvolupi una campanya de difusi\u00f3 de la formaci\u00f3 d&#8217;adults en l&#8217;etapa post-obligat\u00f2ria en que es promocionin les dues opcions presencial i virtual: Batxillerat Nocturn i IOC.<\/p>\n<p>Atentament,<\/p>\n<p>&nbsp;<\/p>\n<p><b><u>Anexo 4: Honorable S\u00edndic de Greuges,<\/u><\/b><\/p>\n<p>la comunitat educativa de l&#8217;_______________________ es troba profundament consternada i indignada per la decisi\u00f3 del Departament d&#8217;Educaci\u00f3 de suprimir el Batxillerat Nocturn.<\/p>\n<p>Fa m\u00e9s de _____ anys que el nostre centre imparteix el Batxillerat en r\u00e8gim Nocturn. Durant tots aquests anys centenars de joves treballadors, i no tant joves, han pogut obtenir una formaci\u00f3 de qualitat i assolir una titulaci\u00f3 oficial que els capacita per accedir a estudis superiors (universitaris o de formaci\u00f3 professional superior), tot compartint treball i estudis.<\/p>\n<p>Compartir treball i estudis \u00e9s una tasca molt dura, que requereix un gran esfor\u00e7, un sistema educatiu flexible (que el tenim en el nocturn), i un acompanyament permanent que ajudi a l&#8217;estudiant a no defallir i a refer-se en els moments de des\u00e0nim que segur que arriben.<\/p>\n<p>La presencialitat \u00e9s un valor en si mateix, ja que permet a l&#8217;estudiant no sentir-se sol en l&#8217;estudi, permet l&#8217;acompanyament diari per part de companys, professors i personal no docent, i, el que no\u00a0 \u00e9s menys important, permet que les explicacions i el treball a l&#8217;aula s&#8217;adaptin a cada un dels alumnes per ajudar-los en el seu progr\u00e9s intel\u00b7lectual.<\/p>\n<p>La substituci\u00f3 del Batxillerat Nocturn per uns ensenyaments virtuals, que no dubtem que s\u00f3n molt m\u00e9s econ\u00f2mics, impedir\u00e0 a molts dels nostres actuals i futurs alumnes arribar al final dels seus estudis, i en alguns casos ni tant sols comen\u00e7ar-los. Alguns dels nostres alumnes procedeixen de l&#8217;Escola d&#8217;Adults i superen els 40 anys d&#8217;edat, amb una formaci\u00f3 b\u00e0sica inform\u00e0tica pr\u00e0cticament nul\u00b7la, \u00bfcom podran seguir uns estudis en una plataforma de formaci\u00f3 virtual si no disposen ni de connexi\u00f3 a internet a casa?. Gaireb\u00e9 tots els nostres alumnes han patit frac\u00e0s escolar previ a l&#8217;inici dels actuals estudis; molts d&#8217;ells aconsegueixen recomen\u00e7ar els estudis gr\u00e0cies a l&#8217;adaptaci\u00f3 dels continguts i el seguiment personal, a la dosi d&#8217;\u00e0nims i fe en ells que hi posa tot l&#8217;entorn educatiu. De qui rebran el copet a l&#8217;espatlla que anima a continuar?<\/p>\n<p>El Batxillerat Nocturn fa, i pot fer encara, una tasca social impagable col\u00b7laborant a la formaci\u00f3 dels treballadors catalans. Segons tots els estudis el nivell de formaci\u00f3 dels treballadors catalans \u00e9s baix respecte a la resta d&#8217;estats europeus. Per augmentar aquest nivell de formaci\u00f3 \u00e9s clar que hem de vetllar pel nivell formatiu dels joves, que tamb\u00e9 estan en\u00a0 una \u00e8poca de la seva vida en que acostumen a reconduir decisions equivocades pr\u00e8vies, per\u00f2 tamb\u00e9 \u00e9s imprescindible millorar el dels adults sense crear una nova fractura social a causa de la dificultat d&#8217;acc\u00e9s a les TIC. Tots dos \u00e0mbits, joves i adults necessiten un sistema educatiu, adaptat a les seves necessitats, que els permeti recomen\u00e7ar.<\/p>\n<p>Nom\u00e9s des de la coexist\u00e8ncia dels dos sistemes de formaci\u00f3 d&#8217;adults, presencial i virtual, aconseguirem que la formaci\u00f3 dels treballadors catalans assoleixi els nivells que el nostre pa\u00eds mereix.<\/p>\n<p>La supressi\u00f3 del Batxillerat Nocturn provoca, a m\u00e9s, que un bon nombre d&#8217;alumnes siguin v\u00edctimes d&#8217;un \u201c<i>incompliment de contracte<\/i>\u201d per part del Departament d&#8217;Educaci\u00f3. Quan els alumnes es matriculen a Batxillerat Nocturn, els alumnes es matriculen sabent que cada mat\u00e8ria que aprovin els queda aprovada, i que, per tant, poden organitzar els seus estudis per acabar el Batxillerat en un m\u00e0xim de sis anys, segons consta en el Decret 22\/1999 que regula els ensenyaments en r\u00e8gim nocturn i el Decret 182\/2002 que el modifica. Molts alumnes de primer curs es troben que no han fet el nombre de mat\u00e8ries m\u00ednim per passar a segon curs el proper curs i que la \u00fanica opci\u00f3 que els d\u00f3na el Departament d&#8217;Educaci\u00f3 \u00e9s fer-ho a dist\u00e0ncia, amb totes les consideracions que ja hem fet anteriorment sobre aquest r\u00e8gim. Per tant, la supressi\u00f3 sobtada del Batxillerat Nocturn vulnera el comprom\u00eds que en fer la matr\u00edcula el Departament estableix amb els seus alumnes respecte a una normativa reguladora dels estudis.<\/p>\n<p>Per tots aquests motius, tots els membres de la comunitat educativa de l&#8217;_________________, us demanem que feu tot el possible perqu\u00e8 el Departament d&#8217;Educaci\u00f3 reconsideri la seva decisi\u00f3 i en comptes de suprimir el Batxillerat Nocturn, desenvolupi una campanya de difusi\u00f3 de la formaci\u00f3 d&#8217;adults en l&#8217;etapa post-obligat\u00f2ria en que es promocionin les dues opcions presencial i virtual: Batxillerat Nocturn i IOC.<\/p>\n<p>Atentament,<\/p>\n<p>&nbsp;<\/p>\n<p><a title=\"\" href=\"#_ftnref1\" name=\"_ftn1\">[1]<\/a> Se incluye en el llamamiento modelos de cartas para enviar a la conselleria, a la directora de servicios territoriales, al s\u00edndic de greuges, a Alcald\u00edas y, por que n\u00f3, a Diputaciones y al mismo Parlament. Se adjuntan, en versi\u00f3n catalana, en los anexos de este texto.<\/p>\n","protected":false},"excerpt":{"rendered":"<p>\u00a0\u00a0\u00a0\u00a0\u00a0\u00a0\u00a0\u00a0\u00a0\u00a0\u00a0 Como es sabido, en Catalu\u00f1a gobierna una coalici\u00f3n de partidos formada por el PSC (PSOE), ERC, ICV y EuiA. Se presentan, se presentaron, ante la ciudadan\u00eda en las \u00faltimas elecciones abanderando la formaci\u00f3n de un gobierno nacionalista y de izquierdas, que pretend\u00eda superar la fase insistentemente identitaria, reconocieron, del primer gobierno tripartito.<\/p>\n<p>\u00a0\u00a0\u00a0\u00a0\u00a0\u00a0\u00a0\u00a0\u00a0\u00a0\u00a0 Muchos ciudadanos y ciudadanas, el que firma entre ellos, vot\u00f3 a partidos que forman parte del gobierno porque, aseguraron e insistieron, esta vez iban en serio, se trataba de generar un giro social de 180 grados en la trayectoria pol\u00edtica del gobierno catal\u00e1n. Lo social deb\u00eda estar en el puesto de mando, se dijo y se repeti\u00f3.<\/p>\n<p>\u00a0\u00a0\u00a0\u00a0\u00a0\u00a0\u00a0\u00a0\u00a0\u00a0\u00a0 La conselleria de Educaci\u00f3n del actual gobierno est\u00e1 en manos del PSC. La estuvo antes, en el primer gobierno, menos en los \u00faltimos meses, en manos de ERC, y durante dos d\u00e9cadas ha estado en manos de CDC y Uni\u00f3 Democr\u00e1tica, especialmente en manos de UDC, larga etapa en la cual la escuela privada concertada fue tratada con la amplia generosidad que caracteriza a los gobiernos de centro derecha en estos y en otros \u00e1mbitos afines.<\/p>\n<p>\u00a0\u00a0\u00a0\u00a0\u00a0\u00a0\u00a0\u00a0\u00a0\u00a0\u00a0 El conseller de Educaci\u00f3n es el se\u00f1or Maragall, hermano del anterior presidente de la Generalitat. La carrera pol\u00edtica del conseller ha sido, si no ando errado, interna al Partido, situ\u00e1ndose y protegi\u00e9ndose muy bien en las luchas de las diversas tendencias, y centrada b\u00e1sicamente en asuntos de gesti\u00f3n municipal, especialmente durante la \u00e9poca en la que su hermano fue alcalde de Barcelona. No se le conocen (no conozco cuanto menos) intereses, preocupaciones ni publicaciones en el \u00e1mbito de la ense\u00f1anza, pero la cuota entre los partidos del gobierno, la distribuci\u00f3n de poder y, seguramente, el deseo de tocar m\u00e1s poder alzaron al se\u00f1or Maragall a la conselleria de Educaci\u00f3n.<\/p>\n<p>\u00a0\u00a0\u00a0\u00a0\u00a0\u00a0\u00a0\u00a0\u00a0\u00a0\u00a0 Se sabe lo que pas\u00f3 con el proyecto de bases de la ley catalana de Educaci\u00f3n. Origin\u00f3 la movilizaci\u00f3n ciudadana m\u00e1s importante (y m\u00e1s hermosa) que se recuerda en la historia reciente de Catalunya. Entre otras cosas, el proyecto pretend\u00eda dejar la puerta abierta para la privatizaci\u00f3n de la gesti\u00f3n educativa. El president Jos\u00e9 Montilla se reafirm\u00f3 en los medios de comunicaci\u00f3n en la defensa del car\u00e1cter p\u00fablico de la ense\u00f1anza preuniversitaria en Catalunya (afirmaci\u00f3n ciertamente extra\u00f1a, cuanto menos, ya que en estos momentos cursan estudios en la escuela privada y privada concertada un 50% del alumnado catal\u00e1n) y parece, por otra parte, que el proyecto de ley de Bases presentado al Parlamento catal\u00e1n rectifica en este punto y se compromete a no transitar por el camino de una mayor privatizaci\u00f3n.<\/p>\n<p>\u00a0\u00a0\u00a0\u00a0\u00a0\u00a0\u00a0\u00a0\u00a0\u00a0\u00a0 Pero todo indica que al conseller no le ha bastado con esta marcha atr\u00e1s. Su conselleria habr\u00e1 querido racionalizar (esto es, reducir) el gasto p\u00fablico en ense\u00f1anza y ha pensado que era innecesario apuntar a gastos extraordinarios originados por encuentros insustanciales, a cargos de confianza que son, b\u00e1sicamente, premios pol\u00edticos, a sueldos de gestores y consellers que superan toda cifra razonable, y que lo mejor era empezar por lo que ten\u00eda menos fuerza, suprimir el lado\u00a0 m\u00e1s d\u00e9bil del poliedro: los estudios de bachillerato nocturno en la ense\u00f1anza p\u00fablica catalana (ignoro si esa supresi\u00f3n se extiende a la privada concertada, ahora y en el futuro) se\u00f1alando la posibilidad de seguir esos estudios on-line, v\u00eda inform\u00e1tica. La raz\u00f3n alegada es la baja inscripci\u00f3n en estudios de bachillerato nocturno, aun menor en estos \u00faltimos a\u00f1os, debida a la contradictoriedad de las jornadas laborales y los horarios de estudios.<\/p>\n","protected":false},"author":9,"featured_media":0,"comment_status":"open","ping_status":"open","sticky":false,"template":"","format":"standard","meta":{"footnotes":""},"categories":[13],"tags":[],"class_list":["post-954","post","type-post","status-publish","format-standard","hentry","category-la-izquierda-a-debate"],"aioseo_notices":[],"_links":{"self":[{"href":"https:\/\/espai-marx.net\/index.php?rest_route=\/wp\/v2\/posts\/954","targetHints":{"allow":["GET"]}}],"collection":[{"href":"https:\/\/espai-marx.net\/index.php?rest_route=\/wp\/v2\/posts"}],"about":[{"href":"https:\/\/espai-marx.net\/index.php?rest_route=\/wp\/v2\/types\/post"}],"author":[{"embeddable":true,"href":"https:\/\/espai-marx.net\/index.php?rest_route=\/wp\/v2\/users\/9"}],"replies":[{"embeddable":true,"href":"https:\/\/espai-marx.net\/index.php?rest_route=%2Fwp%2Fv2%2Fcomments&post=954"}],"version-history":[{"count":0,"href":"https:\/\/espai-marx.net\/index.php?rest_route=\/wp\/v2\/posts\/954\/revisions"}],"wp:attachment":[{"href":"https:\/\/espai-marx.net\/index.php?rest_route=%2Fwp%2Fv2%2Fmedia&parent=954"}],"wp:term":[{"taxonomy":"category","embeddable":true,"href":"https:\/\/espai-marx.net\/index.php?rest_route=%2Fwp%2Fv2%2Fcategories&post=954"},{"taxonomy":"post_tag","embeddable":true,"href":"https:\/\/espai-marx.net\/index.php?rest_route=%2Fwp%2Fv2%2Ftags&post=954"}],"curies":[{"name":"wp","href":"https:\/\/api.w.org\/{rel}","templated":true}]}}