{"id":9678,"date":"2021-05-13T05:00:02","date_gmt":"2021-05-13T04:00:02","guid":{"rendered":"https:\/\/espai-marx.net\/?p=9678"},"modified":"2021-05-14T02:09:11","modified_gmt":"2021-05-14T01:09:11","slug":"dialogo-entre-jose-luis-martin-ramos-y-francisco-erice-sobre-historia-del-pce-2","status":"publish","type":"post","link":"https:\/\/espai-marx.net\/?p=9678","title":{"rendered":"Di\u00e1logo entre Jos\u00e9 Luis Mart\u00edn Ramos y Francisco Erice sobre <i>Historia del PCE<\/i>"},"content":{"rendered":"<p>El 13 de mayo de 2021, Espai Marx ha retransmitido un di\u00e1logo en directo entre Jos\u00e9 Luis Mart\u00edn Ramos, autor de <em>Historia del PCE<\/em> y Francisco Erice, catedr\u00e1tico de Historia Contempor\u00e1nea en la Universidad de Oviedo y miembro de la Secci\u00f3n de Historia de la Fundaci\u00f3n de Investigaciones Marxistas (FIM).<\/p>\n<p>Jos\u00e9 Luis Mart\u00edn Ramos es catedr\u00e1tico em\u00e9rito de Historia Contempor\u00e1nea de la Universidad Aut\u00f3noma de Barcelona. Ha sido codirector de la revista <em>L\u2019Aven\u00e7<\/em> y director de la revista <em>Historiar<\/em> y del Arxiu d\u2019Hist\u00f2ria del Socialisme de la Fundaci\u00f3 Rafael Campalans. Sus investigaciones se han centrado en la historia del socialismo y el comunismo, habiendo publicado, entre otras obras, <em>Els or\u00edgens del Partit Socialista Unificat de Catalunya (1930-1936)<\/em>\u00a0(1977),\u00a0<em>Hist\u00f2ria gr\u00e0fica del moviment obrer a Catalunya<\/em>\u00a0(1989),\u00a0<em>Condicions materials i resposta obrera a la Catalunya contempor\u00e0nia\u00a0<\/em>(1992),\u00a0<em>Rojos contra Franco. Hist\u00f2ria del PSUC, 1939-1947<\/em>\u00a0(2002), junto con Gabriel Pernau,\u00a0<em>Les veus de la pres\u00f3. Hist\u00f2ries viscudes per 36 lluitadors antifranquistes<\/em>\u00a0(2003), <a href=\"http:\/\/tienda.elviejotopo.com\/historia\/1105-els-fets-de-maig-9788492616251.html\" target=\"_blank\" rel=\"noopener\"><em>Els Fets de maig<\/em><\/a> (2010), junto con A. Andreassi <a href=\"http:\/\/tienda.elviejotopo.com\/fascismo\/1154-de-un-octubre-a-otro-revolucion-y-fascismo-en-el-periodo-de-entreguerras-1917-1934-9788492616855.html\" target=\"_blank\" rel=\"noopener\"><em>De un Octubre a otro. Revoluci\u00f3n y fascismo en el per\u00edodo de entreguerras,<\/em> <\/a><em>1917-1934 (2010), <a href=\"http:\/\/tienda.elviejotopo.com\/politica-espanola\/994-pan-trabajo-y-libertad-historia-del-partido-del-trabajo-de-espana-9788415216957.html\" target=\"_blank\" rel=\"noopener\">Pan, trabajo y libertad. Historia del Partido del Trabajo de Espa\u00f1a<\/a> (2011)<\/em>, <em>La rereguarda en guerra. Catalunya 1936-1937<\/em> (2012) y <em>Territori capital: la Guerra Civil a Catalunya 1937-1939 <\/em>(2015). Sus \u00faltimas obras antes de la que ahora presentamos han sido <em>El Frente Popular: victoria y derrota de la democracia en Espa\u00f1a <\/em>(2016) y <em>Guerra y revoluci\u00f3n en Catalu\u00f1a, 1936-1939<\/em> (2018).<\/p>\n<p>&nbsp;<\/p>\n<p><iframe loading=\"lazy\" title=\"YouTube video player\" src=\"https:\/\/www.youtube.com\/embed\/wRKQTJ4l25c\" width=\"640\" height=\"360\" frameborder=\"0\" allowfullscreen=\"allowfullscreen\"><span style=\"display: inline-block; width: 0px; overflow: hidden; line-height: 0;\" data-mce-type=\"bookmark\" class=\"mce_SELRES_start\">\ufeff<\/span><\/iframe><\/p>\n<p>Recordamos a nuestros lectores que estamos publicando una serie de entrevistas al autor realizadas por Salvador L\u00f3pez Arnal. Hasta el momento han aparecido estas cuatro: <a href=\"https:\/\/espai-marx.net\/?p=9319\">I<\/a>, <a href=\"https:\/\/espai-marx.net\/?p=9431\">II<\/a>, <a href=\"https:\/\/espai-marx.net\/?p=9498\">III<\/a> y <a href=\"https:\/\/espai-marx.net\/?p=9655\">IV<\/a>. Tambi\u00e9n <a href=\"https:\/\/espai-marx.net\/?p=9248\">hemos ofrecido el v\u00eddeo con la presentaci\u00f3n oficial del libro<\/a> que adem\u00e1s de la intervenci\u00f3n de Jos\u00e9 Luis Mart\u00edn Ramos cont\u00f3 con la colaboraci\u00f3n del Secretario General del PCE, Enrique Santiago.<\/p>\n","protected":false},"excerpt":{"rendered":"<p>El 13 de mayo de 2021, Espai Marx ha retransmitido un di\u00e1logo en directo entre Jos\u00e9 Luis Mart\u00edn Ramos, autor<\/p>\n","protected":false},"author":5,"featured_media":9681,"comment_status":"open","ping_status":"open","sticky":false,"template":"","format":"standard","meta":{"footnotes":""},"categories":[880,26,833],"tags":[1606,1677,1034,921],"class_list":["post-9678","post","type-post","status-publish","format-standard","has-post-thumbnail","hentry","category-actividades","category-historia-del-comunismo","category-videos","tag-francisco-erice","tag-historia-del-pce","tag-jose-luis-martin-ramos","tag-presentaciones"],"aioseo_notices":[],"_links":{"self":[{"href":"https:\/\/espai-marx.net\/index.php?rest_route=\/wp\/v2\/posts\/9678","targetHints":{"allow":["GET"]}}],"collection":[{"href":"https:\/\/espai-marx.net\/index.php?rest_route=\/wp\/v2\/posts"}],"about":[{"href":"https:\/\/espai-marx.net\/index.php?rest_route=\/wp\/v2\/types\/post"}],"author":[{"embeddable":true,"href":"https:\/\/espai-marx.net\/index.php?rest_route=\/wp\/v2\/users\/5"}],"replies":[{"embeddable":true,"href":"https:\/\/espai-marx.net\/index.php?rest_route=%2Fwp%2Fv2%2Fcomments&post=9678"}],"version-history":[{"count":0,"href":"https:\/\/espai-marx.net\/index.php?rest_route=\/wp\/v2\/posts\/9678\/revisions"}],"wp:featuredmedia":[{"embeddable":true,"href":"https:\/\/espai-marx.net\/index.php?rest_route=\/wp\/v2\/media\/9681"}],"wp:attachment":[{"href":"https:\/\/espai-marx.net\/index.php?rest_route=%2Fwp%2Fv2%2Fmedia&parent=9678"}],"wp:term":[{"taxonomy":"category","embeddable":true,"href":"https:\/\/espai-marx.net\/index.php?rest_route=%2Fwp%2Fv2%2Fcategories&post=9678"},{"taxonomy":"post_tag","embeddable":true,"href":"https:\/\/espai-marx.net\/index.php?rest_route=%2Fwp%2Fv2%2Ftags&post=9678"}],"curies":[{"name":"wp","href":"https:\/\/api.w.org\/{rel}","templated":true}]}}