{"id":973,"date":"2008-06-21T00:00:00","date_gmt":"2008-06-21T00:00:00","guid":{"rendered":"https:\/\/espai-marx.net\/?p=973"},"modified":"2020-02-25T11:15:35","modified_gmt":"2020-02-25T10:15:35","slug":"imagenes-fascistas-en-el-congreso-de-diputados","status":"publish","type":"post","link":"https:\/\/espai-marx.net\/?p=973","title":{"rendered":"Im\u00e1genes fascistas en el Congreso de Diputados"},"content":{"rendered":"<p>A la manera del <i>Tractatus<\/i>, que era la forma en la que Manuel Sacrist\u00e1n sol\u00eda escribir el esquema de sus conferencias, clases y seminarios.<\/p>\n<p>1. IU, ERC y BNG son las \u00fanicas fuerzas pol\u00edticas que hasta el momento han reprobado la actitud de la tercera autoridad del Estado el pasado 14 de junio. A ellas se ha sumado un diputado -s\u00f3lo uno, acaso no haya m\u00e1s, no lo s\u00e9- de Izquierda Socialista. Tomen nota si les parece oportuno.<\/p>\n<p>2. Rosa D\u00edez, de UpyD, ha salido en defensa de la tercera autoridad. El argumento esgrimido es el siguiente: \u201cLa ley no puede someterse a las emociones\u201d. C\u00f3pienlo y sit\u00faenlo, si no les importa, en un archivo donde no pueda habitar el olvido.<\/p>\n<p>2.1. Les recuerdo algunos de los intelectuales que apoyaron su candidatura: Mario Vargas Llosa, Fernando Savater, Antonio Mu\u00f1oz Molina, \u00c1lvaro Pombo. Matizo por si fuera necesario: no digo que hayan apoyado estas declaraciones, digo que apoyaron la fuerza pol\u00edtica que preside la autora de estas curiosas declaraciones en las \u00faltimas elecciones legislativas.<\/p>\n<p>3. El Congreso de Diputados aprob\u00f3 en la pasada legislatura un ley de la memoria hist\u00f3rica que pretend\u00eda situar el franquismo donde deb\u00eda ser situado hac\u00eda tiempo: en el poblado libro universal de la infamia (\u00bfO acaso no se pretend\u00eda eso?).<\/p>\n<p>3.1. Sin entrar en valoraciones de la ley, la actividad parlamentaria del IU-ICV, y sus asesores (Carlos Jim\u00e9nez Villarejo entre otros) fue esencial para que la ley presentase una cara m\u00e1s amable que en sus versiones originales. \u00bfSe imaginan, recuerdan ustedes esas primeras versiones que probablemente tuvieron a antiguos miembros de IU \u2013renovadores, muy renovadores- como redactores?<\/p>\n<p>4. En el Congreso, en la c\u00e1mara representativa d\u00f3nde se aprob\u00f3 la ley que pretend\u00eda dar cuenta del franquismo, hay una sala con los retratos de los antiguos presidentes de la C\u00e1mara.<\/p>\n<p>4.1. En esa misma sala de una instituci\u00f3n democr\u00e1tica se guardan los retratos de algunos presidentes (o de todos, no puedo precisarlo) de las antiguas Cortes franquistas. Entre ellos, los retratos de Esteban Bilbao, Antonio Iturmendi y Alejandro Rodr\u00edguez Valc\u00e1rcel.<\/p>\n<p>5. Ninguno de los presidentes de la C\u00e1mara ha tenido a gala situar esas im\u00e1genes del fascismo espa\u00f1ol en la c\u00e1mara de los horrores pol\u00edtico-visuales. Ninguno.<\/p>\n<p>6. \u00bfExiste, pues, continuidad entre las im\u00e1genes presidenciales de aquellas Cortes y esta C\u00e1mara? \u00bfEl detalle (\u00bfdetalle?) es significativo?<\/p>\n<p>7. Cabe preguntarnos: \u00bfc\u00f3mo podemos llamar a ese detalle sin adulterar el lenguaje? \u00bfRuptura, reforma, reforma pactada, ruptura reformada, reforma rupturista, cambiar todo para que todo siga igual, no cambiar nada para que nada cambie, continuismo controlado, discontinuidad falsaria? \u00bfAbrimos un concurso de ideas?<\/p>\n<p>7.1. \u00bfC\u00f3mo pudo hacerse la izquierda corresponsable de este desagusiado?<\/p>\n<p>7.2. \u00bfRecuerdan si han le\u00eddo en alguna parte que se haya tildado a la llamada transici\u00f3n pol\u00edtica espa\u00f1ola de modelo de cambio democr\u00e1tico? Insisto: democr\u00e1tico. \u00bfAcaso lo recuerdo mal?<\/p>\n<p>8. El se\u00f1or Anasagasti ha comentado que cuando la tercera autoridad retire esos retratos fascistas tendr\u00e1 autoridad moral para opinar sobre la tricolor. \u00bfPor qu\u00e9 iba a tenerla? \u00bfLa tercera autoridad del estado puede tener autoridad alguna sobre la tricolor haga lo que haga, diga lo que diga, comente lo que comente? \u00bfQui\u00e9n est\u00e1 dispuesto a conced\u00e9rsela? \u00bfQui\u00e9n est\u00e1 dispuesto a escucharle?<\/p>\n","protected":false},"excerpt":{"rendered":"<p>\u00a0\u00a0\u00a0\u00a0 A la manera del Tractatus, que era la forma en la que Manuel Sacrist\u00e1n sol\u00eda escribir el esquema de sus conferencias, clases y seminarios.<\/p>\n<p>\u00a0\u00a0\u00a0\u00a0 1. IU, ERC y BNG son las \u00fanicas fuerzas pol\u00edticas que hasta el momento han reprobado la actitud de la tercera autoridad del Estado el pasado 14 de junio. A ellas se ha sumado un diputado -s\u00f3lo uno, acaso no haya m\u00e1s, no lo s\u00e9- de Izquierda Socialista. Tomen nota si les parece oportuno.<\/p>\n<p>\u00a0\u00a0\u00a0\u00a0 2. Rosa D\u00edez, de UpyD, ha salido en defensa de la tercera autoridad. El argumento esgrimido es el siguiente: \u201cLa ley no puede someterse a las emociones\u201d. C\u00f3pienlo y sit\u00faenlo, si no les importa, en un archivo donde no pueda habitar el olvido.<\/p>\n<p>\u00a0\u00a0\u00a0\u00a0 2.1. Les recuerdo algunos de los intelectuales que apoyaron su candidatura: Mario Vargas Llosa, Fernando Savater, Antonio Mu\u00f1oz Molina, \u00c1lvaro Pombo. Matizo por si fuera necesario: no digo que hayan apoyado estas declaraciones, digo que apoyaron la fuerza pol\u00edtica que preside la autora de estas curiosas declaraciones en las \u00faltimas elecciones legislativas.<\/p>\n<p>\u00a0\u00a0\u00a0\u00a0 3. El Congreso de Diputados aprob\u00f3 en la pasada legislatura un ley de la memoria hist\u00f3rica que pretend\u00eda situar el franquismo donde deb\u00eda ser situado hac\u00eda tiempo: en el poblado libro universal de la infamia (\u00bfO acaso no se pretend\u00eda eso?).<\/p>\n<p>\u00a0\u00a0\u00a0\u00a0 3.1. Sin entrar en valoraciones de la ley, la actividad parlamentaria del IU-ICV, y sus asesores (Carlos Jim\u00e9nez Villarejo entre otros) fue esencial para que la ley presentase una cara m\u00e1s amable que en sus versiones originales. \u00bfSe imaginan, recuerdan ustedes esas primeras versiones que probablemente tuvieron a antiguos miembros de IU \u2013renovadores, muy renovadores- como redactores? <\/p>\n","protected":false},"author":9,"featured_media":0,"comment_status":"open","ping_status":"open","sticky":false,"template":"","format":"standard","meta":{"footnotes":""},"categories":[14],"tags":[],"class_list":["post-973","post","type-post","status-publish","format-standard","hentry","category-democracia-republica"],"aioseo_notices":[],"_links":{"self":[{"href":"https:\/\/espai-marx.net\/index.php?rest_route=\/wp\/v2\/posts\/973","targetHints":{"allow":["GET"]}}],"collection":[{"href":"https:\/\/espai-marx.net\/index.php?rest_route=\/wp\/v2\/posts"}],"about":[{"href":"https:\/\/espai-marx.net\/index.php?rest_route=\/wp\/v2\/types\/post"}],"author":[{"embeddable":true,"href":"https:\/\/espai-marx.net\/index.php?rest_route=\/wp\/v2\/users\/9"}],"replies":[{"embeddable":true,"href":"https:\/\/espai-marx.net\/index.php?rest_route=%2Fwp%2Fv2%2Fcomments&post=973"}],"version-history":[{"count":0,"href":"https:\/\/espai-marx.net\/index.php?rest_route=\/wp\/v2\/posts\/973\/revisions"}],"wp:attachment":[{"href":"https:\/\/espai-marx.net\/index.php?rest_route=%2Fwp%2Fv2%2Fmedia&parent=973"}],"wp:term":[{"taxonomy":"category","embeddable":true,"href":"https:\/\/espai-marx.net\/index.php?rest_route=%2Fwp%2Fv2%2Fcategories&post=973"},{"taxonomy":"post_tag","embeddable":true,"href":"https:\/\/espai-marx.net\/index.php?rest_route=%2Fwp%2Fv2%2Ftags&post=973"}],"curies":[{"name":"wp","href":"https:\/\/api.w.org\/{rel}","templated":true}]}}