{"id":9852,"date":"2021-06-05T05:59:49","date_gmt":"2021-06-05T04:59:49","guid":{"rendered":"https:\/\/espai-marx.net\/?p=9852"},"modified":"2021-05-30T11:04:20","modified_gmt":"2021-05-30T10:04:20","slug":"rafael-aragues-hegel-idealismo-y-sistema","status":"publish","type":"post","link":"https:\/\/espai-marx.net\/?p=9852","title":{"rendered":"Rafael Arag\u00fc\u00e9s: Hegel: idealismo y sistema"},"content":{"rendered":"<p><iframe loading=\"lazy\" title=\"6\u00aa Charla SEH. Rafael Arag\u00fc\u00e9s: Hegel: idealismo y sistema\" width=\"800\" height=\"450\" src=\"https:\/\/www.youtube.com\/embed\/44KOSnJoLPc?feature=oembed\" frameborder=\"0\" allow=\"accelerometer; autoplay; clipboard-write; encrypted-media; gyroscope; picture-in-picture; web-share\" referrerpolicy=\"strict-origin-when-cross-origin\" allowfullscreen><\/iframe><\/p>\n<p>Rafael Arag\u00fc\u00e9s (Madrid, 1986) es Doctor en filosof\u00eda por la Ruprecht-Karls-Universit\u00e4t Heidelberg bajo la tutela del profesor Hans Fr. Fulda con una tesis sobre el problema de lo absoluto en Hegel; Master of Arts in Philosophie por la misma casa de estudios y Licenciado en Filosof\u00eda por la Universidad Complutense de Madrid. Public\u00f3 en 2018 su primera obra, producto de su investigaci\u00f3n doctoral, bajo el t\u00edtulo \u00abDas Problem des Absoluten in der Philosophie Hegels\u00bb [El problema de lo absoluto en la filosof\u00eda de Hegel] por la editorial Wilhelm Fink, y es autor tambi\u00e9n del libro \u00abIntroducci\u00f3n a la L\u00f3gica de Hegel\u00bb, obra que aparecer\u00e1 este a\u00f1o por la editorial Herder. Ha publicado numerosos art\u00edculos sobre idealismo alem\u00e1n y econom\u00eda pol\u00edtica. Ha participado en diversos grupos de investigaci\u00f3n tanto en Alemania como en Espa\u00f1a, destacando uno llevado a cabo en la Fundaci\u00f3n Rosa Luxemburgo en Berl\u00edn bajo la direcci\u00f3n de Ingo St\u00fctzle. Es miembro desde 2018 de la Sociedad de Estudios Hegelianos.<\/p>\n<p>Modera: Lorena Souyris Oportot (Profesora de la Universidad de Valpara\u00edso)<\/p>\n","protected":false},"excerpt":{"rendered":"<p>Rafael Arag\u00fc\u00e9s (Madrid, 1986) es Doctor en filosof\u00eda por la Ruprecht-Karls-Universit\u00e4t Heidelberg bajo la tutela del profesor Hans Fr. Fulda<\/p>\n","protected":false},"author":9,"featured_media":0,"comment_status":"open","ping_status":"open","sticky":false,"template":"","format":"standard","meta":{"footnotes":""},"categories":[8],"tags":[867],"class_list":["post-9852","post","type-post","status-publish","format-standard","hentry","category-filosofia","tag-g-w-f-hegel"],"aioseo_notices":[],"_links":{"self":[{"href":"https:\/\/espai-marx.net\/index.php?rest_route=\/wp\/v2\/posts\/9852","targetHints":{"allow":["GET"]}}],"collection":[{"href":"https:\/\/espai-marx.net\/index.php?rest_route=\/wp\/v2\/posts"}],"about":[{"href":"https:\/\/espai-marx.net\/index.php?rest_route=\/wp\/v2\/types\/post"}],"author":[{"embeddable":true,"href":"https:\/\/espai-marx.net\/index.php?rest_route=\/wp\/v2\/users\/9"}],"replies":[{"embeddable":true,"href":"https:\/\/espai-marx.net\/index.php?rest_route=%2Fwp%2Fv2%2Fcomments&post=9852"}],"version-history":[{"count":0,"href":"https:\/\/espai-marx.net\/index.php?rest_route=\/wp\/v2\/posts\/9852\/revisions"}],"wp:attachment":[{"href":"https:\/\/espai-marx.net\/index.php?rest_route=%2Fwp%2Fv2%2Fmedia&parent=9852"}],"wp:term":[{"taxonomy":"category","embeddable":true,"href":"https:\/\/espai-marx.net\/index.php?rest_route=%2Fwp%2Fv2%2Fcategories&post=9852"},{"taxonomy":"post_tag","embeddable":true,"href":"https:\/\/espai-marx.net\/index.php?rest_route=%2Fwp%2Fv2%2Ftags&post=9852"}],"curies":[{"name":"wp","href":"https:\/\/api.w.org\/{rel}","templated":true}]}}