{"id":988,"date":"2008-07-08T00:00:00","date_gmt":"2008-07-08T00:00:00","guid":{"rendered":"https:\/\/espai-marx.net\/?p=988"},"modified":"2020-02-25T11:02:39","modified_gmt":"2020-02-25T10:02:39","slug":"german-rodriguez-rodolfo-martin-villa-sogecable-y-fiestas-de-cumpleanos","status":"publish","type":"post","link":"https:\/\/espai-marx.net\/?p=988","title":{"rendered":"Germ\u00e1n Rodr\u00edguez, Rodolfo Mart\u00edn Villa, Sogecable y fiestas de cumplea\u00f1os"},"content":{"rendered":"<p><i>A Germ\u00e1n Rodr\u00edguez, in memoriam<\/i><\/p>\n<p>Lo recordaba ayer Javier Ortiz \u2013<i>P\u00fablico,<\/i> 7 de julio de 2008- y, en otras ocasiones, oportunamente (J. L. Borges, \u201cLa memoria no acu\u00f1a su moneda\u201d), otros colaboradores de rebeli\u00f3n han hablado de ello: el joven Germ\u00e1n Rodr\u00edguez ca\u00eda asesinado el 8 de julio de 1978 en la plaza de toros de Pamplona. Hace de ello 30 a\u00f1os.<\/p>\n<p>Al finalizar la tradicional corrida sanferminera, tras haberse desplegado una pancarta en los tendidos de la plaza, ampar\u00e1ndose en esa excusa (\u201cpolitizan la fiesta\u201d, dijeron), una compa\u00f1\u00eda de polic\u00edas \u201cantidisturbios\u201d (id est, una compa\u00f1\u00eda de la polic\u00eda fascista) entr\u00f3 en el ruedo pamplon\u00e9s. A sangre y fuego, cargando contra los ciudadanos que se dispon\u00edan a salir del tendido, disparando a discreci\u00f3n y arrollando a cualquiera que se les pusiese por delante.<\/p>\n<p>Cuentan las cr\u00f3nicas fiables, que los asistentes se refugiaron de nuevo en las gradas y desde all\u00ed se defendieron como pudieron lanzando botellas y almohadillas hasta que las \u201cFuerzas de Seguridad del Estado\u201d tuvieron que retirarse. Para entonces, Germ\u00e1n Rodr\u00edguez yac\u00eda con un balazo en la cabeza. Era militante de la LKI, la Liga Comunista Revolucionaria, un grupo de la izquierda comunista de orientaci\u00f3n trotskista cuyos postulados defienden ahora admirablemente compa\u00f1eros vinculados a Espacio Alternativo y a la Fundaci\u00f3n Andreu Nin.<\/p>\n<p>Los enfrentamientos con las fuerzas policiales prosiguieron fuera de la plaza. Alrededor de cien ciudadanos fueron heridos, diez de ellos de bala. Los sanfermines se suspendieron.<\/p>\n<p>Nunca se ha sabido qui\u00e9n dio la orden de entrar en la plaza a balazo sucio ni, desde luego, qu\u00e9 polic\u00eda mat\u00f3 a Germ\u00e1n Rodr\u00edguez. Se inici\u00f3, dicen, una investigaci\u00f3n. Nunca dio resultados. La oscuridad y el olvido fueron sus normas. Nadie fue castigado ni destituido, ni los mandos policiales ni el gobernador civil de la provincia.<\/p>\n<p>El asesinato del joven revolucionario Germ\u00e1n Rodr\u00edguez sigue siendo todav\u00eda un crimen impune que no es considerado, como parece preceptivo, un acto de terrorismo de Estado. No hay en este caso ninguna v\u00edctima del terrorismo.<\/p>\n<p>El ministro del interior, el entonces dirigente pol\u00edtico de la UCD, antiguo gobernador civil franquista de amplio, temible y viejo curriculum, era entonces el se\u00f1or Mart\u00edn Villa, el mismo ciudadano que a\u00f1os despu\u00e9s dirigi\u00f3 una corporaci\u00f3n el\u00e9ctrica multinacional que entr\u00f3 igualmente a balazo limpio en territorios chilenos, el mismo que actualmente ostenta, con exquisitos modales, la presidencia de Sogecable.<\/p>\n<p>Sogecable es parte del holding de PRISA, la editora de <i>El Pa\u00eds<\/i>, una publicaci\u00f3n que ha formado culturalmente, o cuanto menos ha influido ideol\u00f3gica y pol\u00edticamente durante m\u00e1s de veinte a\u00f1os -su desprestigio actual es un dato sociol\u00f3gico sin duda relevante- a las \u00e9lites de este pa\u00eds.<\/p>\n<p>El se\u00f1or Mart\u00edn Villa, el presidente de Sogecable, ex ministro del interior, el gobernador civil franquista y ex presidente de una corporaci\u00f3n el\u00e9ctrica, jam\u00e1s pidi\u00f3 disculpas por lo sucedido. Ni pens\u00f3 en ello seguramente. Entraron, dispararon, asesinaron. Sin perd\u00f3n, sin piedad, a sangre fr\u00eda.<\/p>\n<p>Este se\u00f1or presidente se asoma de cuando a una tertulia de la cadena SER -ya definitivamente encadenada a los amos del medio- en la que suele intervenir el se\u00f1or Santiago Carrillo, ex secretario general del PCE. Lo hace para felicitarle y para mostrarle su amistad. No s\u00f3lo eso. Cuando cumpli\u00f3 su nonag\u00e9simo aniversario fue \u00e9l, seg\u00fan dicen, el se\u00f1or ex ministro en tiempos del asesinato de Germ\u00e1n Rodr\u00edguez, quien organiz\u00f3 una fiesta de homenaje y cumplea\u00f1os.<\/p>\n<p>Esta sinraz\u00f3n pol\u00edtica, este disparate cultural, esta abyecci\u00f3n inimaginable, este entreguismo sin l\u00edmite ni mesura, suele ser visto, le\u00eddo y voceado como un ejemplo positivo de conciliaci\u00f3n pol\u00edtica. La cara amable y mod\u00e9lica de la transici\u00f3n pol\u00edtica mon\u00e1rquica. Llamar bondad a la rendici\u00f3n, al ocultamiento, a la mentira, al haber ejercido mando en plaza sin temblor en las manos ni en el alma, a eso se le llama veracidad y avance social.<\/p>\n<p>Mientras no consigamos que la cr\u00f3nica hist\u00f3rica que la ciudadan\u00eda haga suya descalifique por razones y sentimientos de peso y justicia esos comportamientos truculentos, estos asesinatos impunes, esas conversiones sin conversi\u00f3n, esos respetados presidentes que jam\u00e1s han renunciado a su oscur\u00edsimo pasado,\u00a0 esas entregas pol\u00edticas suicidas en aras a la denominada raz\u00f3n de Estado, vendidas y presentadas \u2013con las l\u00e1grimas de rigor- como ejemplo de patriotismo y generosidad, mientras no consigamos, digo, que la ignominia sea considera ignominia, todo seguir\u00e1 estando perdido.<\/p>\n<p>Todo est\u00e1 por hacer y, desde luego, todo es posible.<\/p>\n<p>&nbsp;<\/p>\n","protected":false},"excerpt":{"rendered":"<p><P>Germ&aacute;n Rodr&iacute;guez, Rodolfo Mart&iacute;n Villa, Sogecable y fiestas de cumplea&ntilde;os.<\/P><P>Salvador L&oacute;pez Arnal<\/P><P>                        A Germ&aacute;n Rodr&iacute;guez, in memoriam<\/P><P>     Lo recordaba ayer Javier Ortiz &ndash;P&uacute;blico, 7 de julio de 2008- y, en otras ocasiones, oportunamente (J. L. Borges, &ldquo;La memoria no acu&ntilde;a su moneda&rdquo;), otros colaboradores de rebeli&oacute;n han hablado de ello: el joven Germ&aacute;n Rodr&iacute;guez ca&iacute;a asesinado el 8 de julio de 1978 en la plaza de toros de Pamplona. Hace de ello 30 a&ntilde;os.<\/P><P>Al finalizar la tradicional corrida sanferminera, tras haberse desplegado una pancarta en los tendidos de la plaza, ampar&aacute;ndose en esa excusa (&ldquo;politizan la fiesta&rdquo;, dijeron), una compa&ntilde;&iacute;a de polic&iacute;as &ldquo;antidisturbios&rdquo; (id est, una compa&ntilde;&iacute;a de la polic&iacute;a fascista) entr&oacute; en el ruedo pamplon&eacute;s. A sangre y fuego, cargando contra los ciudadanos que se dispon&iacute;an a salir del tendido, disparando a discreci&oacute;n y arrollando a cualquiera que se les pusiese por delante.  <\/P><P>Cuentan las cr&oacute;nicas fiables, que los asistentes se refugiaron de nuevo en las gradas y desde all&iacute; se defendieron como pudieron lanzando botellas y almohadillas hasta que las &ldquo;Fuerzas de Seguridad del Estado&rdquo; tuvieron que retirarse. Para entonces, Germ&aacute;n Rodr&iacute;guez yac&iacute;a con un balazo en la cabeza. Era militante de la LKI, la Liga Comunista Revolucionaria, un grupo de la izquierda comunista de orientaci&oacute;n trotskista cuyos postulados defienden ahora admirablemente compa&ntilde;eros vinculados a Espacio Alternativo y a la Fundaci&oacute;n Andreu Nin.<\/P><\/p>\n","protected":false},"author":9,"featured_media":0,"comment_status":"open","ping_status":"open","sticky":false,"template":"","format":"standard","meta":{"footnotes":""},"categories":[14],"tags":[],"class_list":["post-988","post","type-post","status-publish","format-standard","hentry","category-democracia-republica"],"aioseo_notices":[],"_links":{"self":[{"href":"https:\/\/espai-marx.net\/index.php?rest_route=\/wp\/v2\/posts\/988","targetHints":{"allow":["GET"]}}],"collection":[{"href":"https:\/\/espai-marx.net\/index.php?rest_route=\/wp\/v2\/posts"}],"about":[{"href":"https:\/\/espai-marx.net\/index.php?rest_route=\/wp\/v2\/types\/post"}],"author":[{"embeddable":true,"href":"https:\/\/espai-marx.net\/index.php?rest_route=\/wp\/v2\/users\/9"}],"replies":[{"embeddable":true,"href":"https:\/\/espai-marx.net\/index.php?rest_route=%2Fwp%2Fv2%2Fcomments&post=988"}],"version-history":[{"count":0,"href":"https:\/\/espai-marx.net\/index.php?rest_route=\/wp\/v2\/posts\/988\/revisions"}],"wp:attachment":[{"href":"https:\/\/espai-marx.net\/index.php?rest_route=%2Fwp%2Fv2%2Fmedia&parent=988"}],"wp:term":[{"taxonomy":"category","embeddable":true,"href":"https:\/\/espai-marx.net\/index.php?rest_route=%2Fwp%2Fv2%2Fcategories&post=988"},{"taxonomy":"post_tag","embeddable":true,"href":"https:\/\/espai-marx.net\/index.php?rest_route=%2Fwp%2Fv2%2Ftags&post=988"}],"curies":[{"name":"wp","href":"https:\/\/api.w.org\/{rel}","templated":true}]}}