{"id":9902,"date":"2021-06-10T05:15:43","date_gmt":"2021-06-10T04:15:43","guid":{"rendered":"https:\/\/espai-marx.net\/?p=9902"},"modified":"2021-06-10T05:15:43","modified_gmt":"2021-06-10T04:15:43","slug":"propuesta-documento-politico-de-la-minga-nacional-social-popular-y-comunitaria-invitacion-a-la-construccion-del-pacto-hacia-un-nuevo-pais","status":"publish","type":"post","link":"https:\/\/espai-marx.net\/?p=9902","title":{"rendered":"Propuesta documento pol\u00edtico de la Minga nacional, social, popular y comunitaria: Invitaci\u00f3n a la construcci\u00f3n del Pacto hacia un nuevo pa\u00eds"},"content":{"rendered":"<p><em>Nos ha llegado este documento de manos del profesor cubano <a href=\"http:\/\/www.franciscolopezsegrera.net\/\">Francisco L\u00f3pez Segrera<\/a>, y nos ha parecido interesante a\u00f1adir el mensaje que lo acompa\u00f1aba para explicar el contexto en el que se redact\u00f3 la propuesta.<\/em><\/p>\n<p>El lunes 31 de mayo se celebr\u00f3 en Cali, Colombia una gran manifestaci\u00f3n de las Comunidades Ind\u00edgenas del Valle del Cauca, Colombia. Es un evento de protesta pac\u00edfica que ellos denominan Minga.<\/p>\n<p>Ellos me invitaron a participar en l\u00ednea como parte de los invitados internacionales a trav\u00e9s de videoconferencia.<\/p>\n<p>En la primera parte del Acto o Minga varios l\u00edderes ind\u00edgenas hablaron de la dif\u00edcil situaci\u00f3n actual en Colombia y en Cali y presentaron una Propuesta con el objetivo de negociar un Pacto con el Gobierno de Colombia. (Documento que sigue a estas l\u00edneas)<\/p>\n<p>En la segunda parte del acto nos dieron la palabra a los invitados internacionales. Primero habl\u00f3 el juez Baltasar Garz\u00f3n, luego el soci\u00f3logo portugu\u00e9s Boaventura de Sousa Santos &#8211;ambos viejos amigos&#8211; y a continuaci\u00f3n habl\u00e9 yo. Luego habl\u00f3 un diputado de la UE y algunas otras personalidades internacionales.<\/p>\n<p>Estoy vinculado a estas Comunidades Ind\u00edgenas de los Pueblos NASA y otros desde 1996 en que creamos en la Comunidad de Toribio, cerca de Cali, una C\u00e1tedra UNESCO. La primera tarea fue que ellos escribieran su propia historia de persecuciones del ej\u00e9rcito, de los paramilitares, y de otros actores armados. Las casas del pueblo estaban llenas de disparos, pues en ocasiones los combates entre las FARC y el Ej\u00e9rcito de Colombia se produc\u00edan a ambos lados del pueblo, uno de cada lado. Los ind\u00edgenas siempre han defendido sus tierras y un estilo de vida ecol\u00f3gico y han luchado &#8211;con muchas p\u00e9rdidas humanas&#8211; defendi\u00e9ndose de los que intentan arrebatarles sus tierras.<\/p>\n<p>Cuando me entregaron su historia como trabajo para la C\u00e1tedra UNESCO, decid\u00ed en consulta con Manuel Ramiro Mu\u00f1oz &#8211;en aquella \u00e9poca vicerrector de la Universidad Franciscana San Buenaventura en Cali y actualmente dirige el Instituto Intercultural de la Universidad Javeriana de Cali&#8211; que los ha apoyado en estas luchas, darles un diploma a los l\u00edderes ind\u00edgenas de \u00abMaestros en Sabidur\u00eda\u00bb, ya que no pod\u00eda darles t\u00edtulos formales de licenciados, m\u00e1ster o doctorado.<\/p>\n<p>Esto tuvo mucho impacto en Colombia y uno de esos l\u00edderes ind\u00edgenas \u00abMaestro de Sabidur\u00eda\u00bb lleg\u00f3 a ser senador de la Rep\u00fablica de Colombia.<\/p>\n<p>Alrededor del a\u00f1o 2000 con Manuel Ramiro y varias universidades p\u00fablicas y privadas de Cali trabajamos para crear una Universidad Ind\u00edgena que ya ha graduado varias promociones. Muchas veces los visit\u00e9 en su habitat y pas\u00e9 d\u00edas con ellos. Tambi\u00e9n cuando yo trabajaba en UNESCO y ellos corr\u00edan peligro participaba en sus reclamos, no por lo que yo personalmente represento, sino debido a lo que representa UNESCO. Tras jubilarme de UNESCO segu\u00ed visit\u00e1ndolos y colaborando con ellos y con Manuel Ramiro.<\/p>\n<p>El juez Baltazar Garz\u00f3n tambi\u00e9n subi\u00f3 a las monta\u00f1as a acompa\u00f1arlos y convivir con ellos y gracias a su influencia internacional y su contacto con las m\u00e1s altas autoridades del gobierno de Colombia se evitaron muchas masacres.<\/p>\n<p>Manuel Ramiro Mu\u00f1oz y los l\u00edderes ind\u00edgenas &#8211;viejos amigos&#8211; me han enviado el documento que te adjunto para su divulgaci\u00f3n.<\/p>\n<p>Francisco L\u00f3pez Segrera<\/p>\n<p><strong>PROPUESTA DOCUMENTO POL\u00cdTICO DE LA MINGA NACIONAL,SOCIAL, POPULAR Y COMUNITARIA: INVITACI\u00d3N A LA CONSTRUCCI\u00d3N DEL PACTO HACIA UN NUEVO PA\u00cdS<\/strong><\/p>\n<p>Los diferentes sectores sociales movilizados de la minga nacional social, popular y comunitaria, en el marco del paro nacional 2021, hemos venido resistiendo desde cada uno de nuestros contextos y experiencias ante el sometimiento, la imposici\u00f3n y el despojo estatal.<\/p>\n<p>En esta lucha hist\u00f3rica ya trav\u00e9s de las diferentes mingas desarrolladas y procesos de movilizaci\u00f3n: ind\u00edgenas, estudiantes, comunidades negras, campesinos, mujeres, LGTBI, centrales obreras, trabajadores informales, juntas de acci\u00f3n comunal, desempleados y hoy las juventudes barriales de las ciudades, nos hemos juntado para decirle a la comunidad Internacional y a la poblaci\u00f3n colombiana sobre el panorama nacional que devel\u00f3 en la movilizaci\u00f3n una serie de factores expresados en:<\/p>\n<p>\u2022 El desgaste de un modelo de desarrollo latifundista-financiero-extractivista, que ha puesto en venta los recursos estrat\u00e9gicos de la naci\u00f3n, la desindustrializaci\u00f3n y concentraci\u00f3n de la riqueza a beneficio de una oligarqu\u00eda nacional autodenominada \u201cciudadanos de bien\u201d y capitales extranjeros, que convierten a nuestro pa\u00eds en uno de los m\u00e1s desiguales del mundo.<\/p>\n<p>\u2022 La frustraci\u00f3n frente a d\u00e9cadas de guerra y el cierre de las \u00faltimas posibilidades de superar el conflicto armado, por el constante incumplimiento del Acuerdo de paz de La Habana de 2016.<\/p>\n<p>\u2022 Las condiciones que impuso la pandemia desde comienzos del a\u00f1o 2020, y la agudizaci\u00f3n de problemas que ya se ven\u00edan presentando como la pobreza extendida al 42% de la poblaci\u00f3n a comienzos del 2021, y un desempleo medido en 14,2%(cifras Dane 2021).<\/p>\n<p>\u2022 El atrevimiento del actual gobierno del centro democr\u00e1tico, de querer aplicar reformas tributarias, salud, pensional, entre otras, grabando los ingresos de los sectores sociales populares y medios, ahondando las l\u00f3gicas privatizadoras del servicio de salud, en plena situaci\u00f3n de crisis social extrema.<\/p>\n<p>\u2022 La realidad de las y los j\u00f3venes que al d\u00eda de hoy no cuentan con oportunidades en \u00e1mbitos educativos y laborales, hijos en su mayor parte de los ocho millones de v\u00edctimas de las \u00faltimas etapas del conflicto social, y parte de la poblaci\u00f3n desplazada forzosamente del campo a la ciudad.<\/p>\n<p>\u2022 Las redes sociales y la tecnolog\u00eda, han posibilitado cada vez m\u00e1s, un pa\u00eds territorialmente integrado, relativamente comunicado, informado y abierto al mundo, que han generado consciencia sobre las inequidades sociales, territoriales, poblacionales en el pa\u00eds y en relaci\u00f3n con otras partes del mundo.<\/p>\n<p>\u2022 La acumulaci\u00f3n de procesos organizativos y de m\u00faltiples protestas en la \u00faltima d\u00e9cada, que han venido constituyendo la recomposici\u00f3n de viejos y nuevos actores sociales, que buscan un cambio del r\u00e9gimen pol\u00edtico y social.<\/p>\n<p>La minga nacional como ejercicio de articulaci\u00f3n y trabajo en conjunto, nos ha permitido encontrarnos para reconocernos, construir confianzas y de manera colectiva identificar nuestros sue\u00f1os, derechos y necesidades; hemos entretejido caminos comunes, pero a\u00fan nos falta por articular a otros sectores teniendo en cuenta sus saberes y luchas.<\/p>\n<p>Proponemos partir de una gran asamblea social, popular y comunitaria donde se establezca la hoja de ruta, se definan las respectivas comisiones tem\u00e1ticas y la metodolog\u00eda para garantizar la participaci\u00f3n activa de la poblaci\u00f3n, con el fin de consolidar un PACTO HACIA LA CONSTRUCCI\u00d3N DE UN NUEVO PA\u00cdS, que se posicionar\u00e1 y exigir\u00e1 ante el gobierno nacional, con la veedur\u00eda y el apoyo de la comunidad Internacional.<\/p>\n<p>El pacto propuesto busca analizar y proponer la construcci\u00f3n de alternativas sociales y pol\u00edticas que vayan al fondo de los problemas. Necesitamos un pa\u00eds distinto, en que nos reconozcamos todas y todos, reorientando el rumbo de las pol\u00edticas p\u00fablicas y la estructura del estado de forma que todos nos sintamos representados.<\/p>\n<p>La propuesta de pacto convoca a un dialogo integral de construcci\u00f3n de Pa\u00eds, con actores como el sector empresarial, ind\u00edgenas, campesinos, comunidades negras, comunidades religiosas, la academia, centrales obreras, j\u00f3venes, estudiantes, sindicatos, transportadores, sector financiero, sector de la salud, ambientalistas, organizaciones de mujeres, medios de comunicaci\u00f3n, entre otros, para tratar los temas estructurales del pa\u00eds, con presencia de equipo veedor y garante de la Comunidad Internacional; tambi\u00e9n se considera pertinente la incidencia diplom\u00e1tica y el hermanamiento con pa\u00edses que luchan en defensa de la vida, el territorio y la paz.<\/p>\n<p>Para realizarlo proponemos partir de los siguientes principios:<\/p>\n<p>1.- Defender el valor de la vida y volver a priorizarla por encima de intereses como la ganancia, la acumulaci\u00f3n, la apropiaci\u00f3n privada de los bienes comunes. Reconocer que todas las vidas tienen igual valor, dar importancia a la naturaleza como espacio de vida, a las mujeres en su diversidad, as\u00ed mismo a los j\u00f3venes como constructores en el presente y futuro.<\/p>\n<p>2.- Rescatar la palabra para afianzar la democracia, en un proceso popular, social y comunitario, que convoque a un dialogo para construir un pacto nacional que permita la erradicaci\u00f3n de todas las violencias f\u00edsicas y simb\u00f3licas, y proponga los mecanismos que permitan una vida digna para todos y todas.<\/p>\n<p>3.- Justicia efectiva frente a las graves afectaciones a la vida y la impunidad impuesta, a trav\u00e9s del acompa\u00f1amiento y participaci\u00f3n de la comunidad internacional, tanto de los Organismos Internacionales como de la sociedad civil.<\/p>\n<p>Para el desarrollo tem\u00e1tico proponemos partir de los puntos de la <em>Carta universitaria a la naci\u00f3n colombiana<\/em>, de posici\u00f3n y disposici\u00f3n para avanzar hacia un di\u00e1logo Nacional. En el que consideramos se pueden incluir las diferentes exigencias de los espacios de construcci\u00f3n colectiva. Estos temas generales son:<\/p>\n<p>1.- <strong>Pacto fiscal y desarrollo econ\u00f3mico y social incluyente<\/strong>. Es indispensable proponer e implementar una pol\u00edtica fiscal, fruto de amplios acuerdos sociales y pol\u00edticos, vinculada a los derechos de las poblaciones, especialmente de las m\u00e1s vulnerables, que contribuya a la reactivaci\u00f3n econ\u00f3mica del pa\u00eds y al desarrollo sostenible, con equidad de los territorios; desarrollando de manera alterna una econom\u00eda que re\u00fana las diferentes visiones del desarrollo econ\u00f3mico tales como la econom\u00eda de mercado, econom\u00eda solidaria, econom\u00eda comunitaria de los grupos \u00e9tnicos, entre otras.<\/p>\n<p>2.- <strong>Derecho a la salud y sistema de salud<\/strong>. A partir del reconocimiento de las debilidades del sistema de salud del pa\u00eds, debemos buscar mecanismos que garanticen el acceso universal, equitativo y de calidad a la salud p\u00fablica colectiva e individual, m\u00e1s all\u00e1 de los mecanismos de mercado.<\/p>\n<p>3.- <strong>Fortalecimiento de la democracia e implementaci\u00f3n plena de la Constituci\u00f3n de 1991 como conquista democr\u00e1tica.<\/strong> El Estado Social de Derecho, con su amplio reconocimiento de derechos, es el marco jur\u00eddico apropiado para Colombia, pero su eficacia requiere garantizar efectivamente la separaci\u00f3n de poderes y la autonom\u00eda de los \u00f3rganos de control. De la misma forma, es necesario avanzar en los di\u00e1logos sociales con el fin de alcanzar los consensos fundamentales que se requieren para asegurar la legitimidad de la democracia.<\/p>\n<p>4.- <strong>Implementaci\u00f3n plena de los Acuerdos de Paz como condici\u00f3n de convivencia.<\/strong> Es indispensable avanzar en las reformas pol\u00edticas necesarias para cumplir con lo pactado en el Acuerdo y defender el derecho a la paz de todas y todos los colombianos. Esto requiere hacer real la participaci\u00f3n ciudadana en la construcci\u00f3n de la naci\u00f3n, la protecci\u00f3n de la vida de l\u00edderes y lideresas sociales y reincorporados. El desarrollo rural con un enfoque territorial rural y urbano.<\/p>\n<p>5.- <strong>Garant\u00edas para la protesta social y reestructuraci\u00f3n a la fuerza p\u00fablica.<\/strong> Debemos construir mecanismos sociales, legales e institucionales para garantizar el respeto a la vida, la dignidad y los dem\u00e1s derechos humanos, para todas y todos los ciudadanos, la prevenci\u00f3n del uso desproporcionado y arbitrario de la fuerza, as\u00ed como la protecci\u00f3n de los bienes p\u00fablicos, privados y colectivos.<\/p>\n<p>6.- <strong>Derecho a la educaci\u00f3n y acceso equitativo al conocimiento:<\/strong> educaci\u00f3n diferenciada universal, intercultural y de calidad que forme ciudadanos aut\u00f3nomos y socialmente responsables. Es importante invertir en ciencia, investigaci\u00f3n e innovaci\u00f3n. Las universidades deben asumir colaborativamente la construcci\u00f3n de una agenda de futuro para el pa\u00eds.<\/p>\n<p>7.- <strong>Las movilizaciones juveniles luchan por una transformaci\u00f3n en el ejercicio de poder y para ello es necesario un relevo generacional<\/strong> abanderado por los sectores marginados de los barrios en las ciudades y pueblos de Colombia. Es imperativo el desarrollo de iniciativas de redes de acci\u00f3n intergeneracional, con criterio de paridad j\u00f3venes-adultos y de g\u00e9nero, que se pongan en la tarea de hacer visibles sus demandas y prop\u00f3sitos.<\/p>\n<p>Por fuera de los puntos propuestos de la carta universitaria, incluimos a continuaci\u00f3n los siguientes puntos considerados de prioridad:<\/p>\n<p>\u2022Adoptar como estado colombiano, la declaraci\u00f3n universal de los Derechos Humanos del campesinado: Resoluci\u00f3n 165 de 2018 de la Asamblea de las Naciones Unidas.<\/p>\n<p>\u2022Que el gobierno nacional acepte la ruta y metodolog\u00eda de participaci\u00f3n directa y decisoria del campesinado colombiano, presentada en el proceso de dise\u00f1o y construcci\u00f3n de la pol\u00edtica en el marco del campesinado colombiano ( Art 253 de la ley de 1955 del 2019-PND) y a la vez crear mediante decreto presencial, la comisi\u00f3n mixta permanente para el dise\u00f1o, construcci\u00f3n, ejecuci\u00f3n, seguimiento y evaluaci\u00f3n de dicha pol\u00edtica marco.<\/p>\n<p>Como gesto de buena voluntad pol\u00edtica con nuestro pueblo colombiano,continuaremos con el ejercicio de desescalar nuestra presencia en la v\u00eda panamericana y v\u00edas alternas de manera progresiva; periodo durante el cual nos dedicaremos a fortalecer el Paro Nacional en todos los municipios del Departamento.<\/p>\n<p>Por ultimo exigimos al gobierno colombiano,para que dentro de los acuerdos nacionales se garanticen las condiciones y escenarios para la participaci\u00f3n de las organizaciones movilizadas en el tratamiento de las problem\u00e1ticas del pliego del paro que m\u00e1s nos competen.<\/p>\n<p>\u00a1Colombia! nuestra tarea es grande. Seguimos en resistencia, por todas nuestras compa\u00f1eras y compa\u00f1eros heridos, desaparecidos, lesionados, judicializados y asesinados.<\/p>\n<p>LA MINGA NACIONAL, SOCIAL, POPULAR Y COMUNITARIA<\/p>\n<p>CALI, COLOMBIA, LUNES 31 DE MAYO DE 2021<\/p>\n","protected":false},"excerpt":{"rendered":"<p>Nos ha llegado este documento de manos del profesor cubano Francisco L\u00f3pez Segrera, y nos ha parecido interesante a\u00f1adir el<\/p>\n","protected":false},"author":5,"featured_media":9904,"comment_status":"open","ping_status":"open","sticky":false,"template":"","format":"standard","meta":{"footnotes":""},"categories":[32,29],"tags":[1708],"class_list":["post-9902","post","type-post","status-publish","format-standard","has-post-thumbnail","hentry","category-america-latina","category-internacional","tag-colombia"],"aioseo_notices":[],"_links":{"self":[{"href":"https:\/\/espai-marx.net\/index.php?rest_route=\/wp\/v2\/posts\/9902","targetHints":{"allow":["GET"]}}],"collection":[{"href":"https:\/\/espai-marx.net\/index.php?rest_route=\/wp\/v2\/posts"}],"about":[{"href":"https:\/\/espai-marx.net\/index.php?rest_route=\/wp\/v2\/types\/post"}],"author":[{"embeddable":true,"href":"https:\/\/espai-marx.net\/index.php?rest_route=\/wp\/v2\/users\/5"}],"replies":[{"embeddable":true,"href":"https:\/\/espai-marx.net\/index.php?rest_route=%2Fwp%2Fv2%2Fcomments&post=9902"}],"version-history":[{"count":0,"href":"https:\/\/espai-marx.net\/index.php?rest_route=\/wp\/v2\/posts\/9902\/revisions"}],"wp:featuredmedia":[{"embeddable":true,"href":"https:\/\/espai-marx.net\/index.php?rest_route=\/wp\/v2\/media\/9904"}],"wp:attachment":[{"href":"https:\/\/espai-marx.net\/index.php?rest_route=%2Fwp%2Fv2%2Fmedia&parent=9902"}],"wp:term":[{"taxonomy":"category","embeddable":true,"href":"https:\/\/espai-marx.net\/index.php?rest_route=%2Fwp%2Fv2%2Fcategories&post=9902"},{"taxonomy":"post_tag","embeddable":true,"href":"https:\/\/espai-marx.net\/index.php?rest_route=%2Fwp%2Fv2%2Ftags&post=9902"}],"curies":[{"name":"wp","href":"https:\/\/api.w.org\/{rel}","templated":true}]}}