{"id":994,"date":"2008-07-14T00:00:00","date_gmt":"2008-07-14T00:00:00","guid":{"rendered":"https:\/\/espai-marx.net\/?p=994"},"modified":"2019-01-21T18:58:55","modified_gmt":"2019-01-21T18:58:55","slug":"palabras-hechos-acciones","status":"publish","type":"post","link":"https:\/\/espai-marx.net\/?p=994","title":{"rendered":"Palabras, hechos, acciones."},"content":{"rendered":"\n<p>Dicen los que saben que para los fil\u00f3sofos presocr\u00e1ticos, m\u00e1s en general, para la cultura griega anterior a Plat\u00f3n y Arist\u00f3teles, no era concebible la teor\u00eda alejada de la pr\u00e1ctica. El saber no era una simple mercanc\u00eda intercambiable basada en la contemplaci\u00f3n no contaminada por la acci\u00f3n. Para los primeros griegos \u201ctheorien\u201d era un modo elevado, acaso el m\u00e1s en\u00e9rgico, de la actividad humana.<\/p>\n<p>Definitivamente no vivimos en \u00e9poca cl\u00e1sica. Veamos algunos ejemplos.<\/p>\n<p><b>I.<\/b><\/p>\n<p><b>Hechos<\/b>: hemos tenido conocimiento esta semana de la muerte de 28 personas que han intentado llegar en embarcaciones a las costas espa\u00f1olas. En el \u00faltimo desastre conocido, han fallecido 6 adultos, que fueron arrojados al mar, y nueve ni\u00f1os de edades comprendidas entre 1 y 4 a\u00f1os. La embarcaci\u00f3n, con 48 miembros a bordo, hab\u00eda partido hac\u00eda una semana de Marruecos rumbo a las costas andaluzas. La tragedia se suma a la muerte de 14 personas frente a la costa de Motril el pasado lunes. <\/p>\n<p>Se han contabilizado, seg\u00fan la federaci\u00f3n de asociaciones de SOS racismo, m\u00e1s de 4.000 muertos y desaparecidos entre 1998 y 2007. De las personas que se aventuran, el mar se traga un tercio, de cada tres personas que lo intentan, una perece en el intento.<\/p>\n<p>Las mujeres suelen salir peor paradas. Los organizadores las ofrecen como mercanc\u00eda sexual a los funcionarios que controlan las fronteras. Es una de la causas de muchos embarazos, no la ilusi\u00f3n de que sus hijos nazcan en Espa\u00f1a. <\/p>\n<p><b>Acciones<\/b>: El parlamento europeo ha aprobado recientemente la directiva del retorno y est\u00e1 sobre la mesa la propuesta del pacto europeo de inmigraci\u00f3n.\u00a0 <\/p>\n<p>El gobierno Berlusconi quiere identificar a los rumanos que viven en su pa\u00eds con la toma de sus huellas dactilares. El Parlamento europeo, esta vez s\u00ed, se ha opuesto a la medida y ha considerado inadmisible que con el objetivo de proteger a los ni\u00f1os se les criminalice violando sus derechos fundamentales.\u00a0\u00a0\u00a0 <\/p>\n<p><b>Palabras<\/b>: El presidente Zapatero ha hablado de drama terrible casi insoportable para referirse a las muertes de esas 6 personas adultas y 9 beb\u00e9s que murieron en una patera y fueron arrojados al mar. De visita a Grecia, ha se\u00f1alado la necesidad de cumplir los compromisos de ayuda a \u00c1frica y a los pa\u00edses m\u00e1s necesitados, independientemente del crecimiento de nuestra econom\u00eda. \u00bfCu\u00e1ntas veces hemos o\u00eddo esas palabras? \u00bfCu\u00e1nto tiempo tendr\u00e1 que transcurrir para cumplir el objetivo del 0,7%? \u00bfCu\u00e1ndo la ayuda prometida sea realmente ayuda al desarrollo integral de los pueblos africanos y no excusa de negocios propios (incluidos los armament\u00edsticos) y la colocaci\u00f3n de excedentes?<\/p>\n<p><b>II.<\/b><\/p>\n<p><b>Hechos<\/b>. Jaume Roura y Enric Stern quemaron una foto del Rey y su esposa en la plaza del Vino de Girona, el 13 de septiembre de 2007. Los propios autores lo han reconocido. Seg\u00fan la sentencia de la Audiencia nacional, se trata de un delito de injurias y no es necesario saber si el Jefe del estado del Reino de Espa\u00f1a se sinti\u00f3 ofendido por la quema de la fotograf\u00eda. Roura y Stern cubrieron su rostro mientras quemaban la fotograf\u00eda. Este hecho ha ocupado un papel central en la sentencia.<\/p>\n<p>Los j\u00f3venes acusados tuvieron que contestar con monos\u00edlabos. No hab\u00eda int\u00e9rprete de catal\u00e1n en la sala de vistas.<\/p>\n<p><b>Acciones<\/b>. La Audiencia  Nacional \u2013para los acusados, un tribunal de excepci\u00f3n heredero del TOP- les ha impuesto sendas multas de 2.700 euros por delito de injurias a la Corona: multa de 30 meses a raz\u00f3n de 3 euros diarios. En caso de impago, cumplir\u00edan 15 meses en la c\u00e1rcel.<\/p>\n<p>Hay 16 imputados m\u00e1s que quemaron fotos de los monarcas una semana despu\u00e9s, el 22 de septiembre, como muestra de apoyo a Roura y Stern.<\/p>\n<p>Recordemos: dos humoristas de <i>El Jueves<\/i> fueron condenados por injurias al pr\u00edncipe, tres mil euros por una vi\u00f1eta. Por otra parte, los autores de la vi\u00f1eta de <i>Deia<\/i> sobre el Rey y el oso Mitrof\u00e1n ser\u00e1n tambi\u00e9n juzgados. La sala ha ordenado reabrir el caso.\u00a0 <\/p>\n<p><b>Palabras<\/b>: La resoluci\u00f3n de la sentencia del caso Roura y Stern afirma que los acusados eran plenamente conscientes de su delito porque cubrieron sus rostros. Nadie oculta su rostro si no considera y es consciente que est\u00e1 realizando un acto il\u00edcito.\u00a0 \u201cNadie necesita cubrirse la cara para ejercer los derechos que considera leg\u00edtimos\u201d, afirman los magistrados, en un estado democr\u00e1tico en el que los derechos fundamentales de los ciudadanos se encuentran garantizados. Pero, \u00bfno podr\u00eda ocurrir precisamente lo contrario? \u00bfNo han podido pensar los expertos magistrados que los condenados creyeron que estaban ejerciendo un derecho leg\u00edtimo \u2013su protesta ante una visita institucional de la Monarqu\u00eda espa\u00f1ola- pero que ese supuesto Estado democr\u00e1tico no garantizaba el derecho fundamental a\u00a0 la liberad de expresi\u00f3n y que por ello, prudentemente, ocultaron su rostro? \u00bfIl\u00edcito por ocultarse u ocultamiento sensato porque conjeturaron con acierto que lo l\u00edcito para ellos ser\u00eda considerado il\u00edcito como efectivamente ha ocurrido?<\/p>\n<p>\u00a0<\/p>\n<p><b>III.<\/b><\/p>\n<p><b>Palabras<\/b>: El reciente congreso del PSOE ha acordado por amplia mayor\u00eda o por unanimidad, no puedo precisarlo, avanzar en la senda poco transitada del laicismo.\u00a0 Los medios afines han dado ejemplos de ello y han comentado, como nota cr\u00edtica muy prudente, que no se han se\u00f1alado en las jornadas plazos de cumplimento.<\/p>\n<p><b>Hechos<\/b>: El alcalde de Zaragoza, ex bi-ministro con Felipe Gonz\u00e1lez y miembro destacado del PSOE, inaugur\u00f3 el jueves 10 de julio de 2008 el congreso Internacional sobre ecolog\u00eda de la expo aragonesa.<\/p>\n<p>El se\u00f1or Belloch, flanqueado por el nuncio apost\u00f3lico en Espa\u00f1a, Manuel Monteiro, y el cardenal vaticano Renato Raffaele, coment\u00f3 que le complac\u00eda especialmente participar en la inauguraci\u00f3n del congreso porque la calidad de las ponencias garantizaban un encuentro de alto nivel cient\u00edfico. No est\u00e1 probado que el se\u00f1or alcalde socialista \u2013mejor: del PSOE- leyera ninguna de esas ponencias. El alcalde felicito a los organizadores \u2013el Pabell\u00f3n de la Santa Sede de la Expo y la Universidad privada San Jorge- por, dijo sin morderse el labio, \u201cabordar la relaci\u00f3n del hombre con el mundo desde un punto de vista medioambiental\u201d. Le falt\u00f3 a\u00f1adir riguroso y cient\u00edfico.<\/p>\n<p>Entre la audiencia, sobresal\u00edan los alzacuellos sacerdotales y los tocados monjiles. Destacadamente por su singularidad, el presidente del congreso es el mism\u00edsimo arzobispo de Zaragoza, monse\u00f1or Manuel Ure\u00f1a.<\/p>\n<p><b>Acciones<\/b>: El congreso ha sido criticado por la comunidad cient\u00edfica espa\u00f1ola por su nulo contenido cient\u00edfico. El alcalde desde\u00f1\u00f3 el aviso del CSIC. No le pareci\u00f3 instancia relevante. La  Asociaci\u00f3n espa\u00f1ola de ecolog\u00eda terrestre denunci\u00f3 el congreso igualmente al considerar inaceptable que se usara el t\u00e9rmino ecolog\u00eda para nombrar un encuentro que no tiene nada que ver con la disciplina.<\/p>\n<p>Uno de los ponentes de este supuesto congreso de ecolog\u00eda, el sacerdote Pablo Dom\u00ednguez, asegur\u00f3 en su conferencia que la creaci\u00f3n divina del Universo encajaba a la perfecci\u00f3n con la teor\u00eda de la evoluci\u00f3n pero que, en cambio, no encajaba en absoluto la evoluci\u00f3n sin la creaci\u00f3n. De hecho, asegur\u00f3 sin temblarle su pulso epist\u00e9mico, la evoluci\u00f3n muestra, sin mayor precisi\u00f3n, al Dios Creador mismo. La revolucionaria conclusi\u00f3n de su ponencia, muy amiga de la teor\u00eda del dise\u00f1o inteligente, una \u201cteor\u00eda\u201d que est\u00e1 a punto de convertirse en asignatura legal en Estados Unidos, no necesit\u00f3 pruebas extraordinarias. \u00a1Hay si Hume levantara la cabeza!<\/p>\n<p>Deseng\u00e1\u00f1ense. Una vez m\u00e1s no son buenos tiempos para la l\u00edrica ni para la sensatez ni para la solidaridad internacionalista ni para que los programas aprobados en congresos, y publicitados \u201ccucamente\u201d en los medios como giro a la izquierda, tengan nada que ver con hechos y acciones.<\/p>\n<p>\u00a0\u00bfNo es acaso afirmaci\u00f3n b\u00edblica que en el principio fue el Verbo? De hecho, \u00bfqu\u00e9 vino despu\u00e9s?<\/p>\n","protected":false},"excerpt":{"rendered":"<p>Dicen los que saben que para los fil\u00f3sofos presocr\u00e1ticos, m\u00e1s en general, para la cultura griega anterior a Plat\u00f3n y Arist\u00f3teles, no era concebible la teor\u00eda alejada de la pr\u00e1ctica. El saber no era una simple mercanc\u00eda intercambiable basada en la contemplaci\u00f3n no contaminada por la acci\u00f3n. Para los primeros griegos \u201ctheorien\u201d era un modo elevado, acaso el m\u00e1s en\u00e9rgico, de la actividad humana.<\/p>\n<p>Definitivamente no vivimos en \u00e9poca cl\u00e1sica. Veamos algunos ejemplos.<\/p>\n<p>I.<\/p>\n<p>Hechos: hemos tenido conocimiento esta semana de la muerte de 28 personas que han intentado llegar en embarcaciones a las costas espa\u00f1olas. En el \u00faltimo desastre conocido, han fallecido 6 adultos, que fueron arrojados al mar, y nueve ni\u00f1os de edades comprendidas entre 1 y 4 a\u00f1os. La embarcaci\u00f3n, con 48 miembros a bordo, hab\u00eda partido hac\u00eda una semana de Marruecos rumbo a las costas andaluzas. La tragedia se suma a la muerte de 14 personas frente a la costa de Motril el pasado lunes. <\/p>\n<p>Se han contabilizado, seg\u00fan la federaci\u00f3n de asociaciones de SOS racismo, m\u00e1s de 4.000 muertos y desaparecidos entre 1998 y 2007. De las personas que se aventuran, el mar se traga un tercio, de cada tres personas que lo intentan, una perece en el intento.<\/p>\n<p>Las mujeres suelen salir peor paradas. Los organizadores las ofrecen como mercanc\u00eda sexual a los funcionarios que controlan las fronteras. Es una de la causas de muchos embarazos, no la ilusi\u00f3n de que sus hijos nazcan en Espa\u00f1a. <\/p>\n","protected":false},"author":4,"featured_media":0,"comment_status":"open","ping_status":"open","sticky":false,"template":"","format":"standard","meta":{"footnotes":""},"categories":[42],"tags":[],"class_list":["post-994","post","type-post","status-publish","format-standard","hentry","category-europa-europa"],"aioseo_notices":[],"_links":{"self":[{"href":"https:\/\/espai-marx.net\/index.php?rest_route=\/wp\/v2\/posts\/994","targetHints":{"allow":["GET"]}}],"collection":[{"href":"https:\/\/espai-marx.net\/index.php?rest_route=\/wp\/v2\/posts"}],"about":[{"href":"https:\/\/espai-marx.net\/index.php?rest_route=\/wp\/v2\/types\/post"}],"author":[{"embeddable":true,"href":"https:\/\/espai-marx.net\/index.php?rest_route=\/wp\/v2\/users\/4"}],"replies":[{"embeddable":true,"href":"https:\/\/espai-marx.net\/index.php?rest_route=%2Fwp%2Fv2%2Fcomments&post=994"}],"version-history":[{"count":0,"href":"https:\/\/espai-marx.net\/index.php?rest_route=\/wp\/v2\/posts\/994\/revisions"}],"wp:attachment":[{"href":"https:\/\/espai-marx.net\/index.php?rest_route=%2Fwp%2Fv2%2Fmedia&parent=994"}],"wp:term":[{"taxonomy":"category","embeddable":true,"href":"https:\/\/espai-marx.net\/index.php?rest_route=%2Fwp%2Fv2%2Fcategories&post=994"},{"taxonomy":"post_tag","embeddable":true,"href":"https:\/\/espai-marx.net\/index.php?rest_route=%2Fwp%2Fv2%2Ftags&post=994"}],"curies":[{"name":"wp","href":"https:\/\/api.w.org\/{rel}","templated":true}]}}