{"id":9998,"date":"2021-06-23T05:00:34","date_gmt":"2021-06-23T04:00:34","guid":{"rendered":"https:\/\/espai-marx.net\/?p=9998"},"modified":"2021-06-23T01:26:26","modified_gmt":"2021-06-23T00:26:26","slug":"18a-sesion-del-seminario-jordi-torrent-bestit-compromiso-moral-y-pasion-intelectual-introduccion-a-la-obra-de-manuel-sacristan-16-6-2021","status":"publish","type":"post","link":"https:\/\/espai-marx.net\/?p=9998","title":{"rendered":"18\u00aa sesi\u00f3n del seminario &#8216;Jordi Torrent Bestit&#8217; Compromiso moral y pasi\u00f3n intelectual. Introducci\u00f3n a la obra de Manuel Sacrist\u00e1n (16\/6\/2021)"},"content":{"rendered":"<p><a href=\"https:\/\/espai-marx.net\/wp-content\/uploads\/2020\/01\/espaipodcastlogo3-e1580122784874.jpg\"><img loading=\"lazy\" decoding=\"async\" class=\"alignleft size-full wp-image-3960\" src=\"https:\/\/espai-marx.net\/wp-content\/uploads\/2020\/01\/espaipodcastlogo3-e1580122784874.jpg\" alt=\"\" width=\"120\" height=\"131\" \/><\/a>En octubre de 2020 inauguramos un <a href=\"https:\/\/espai-marx.net\/?p=8346\">nuevo seminario sobre la obra de Manuel Sacrist\u00e1n<\/a>. En esa entrada se pueden encontrar todas las grabaciones de las sesiones anteriores. Ofrecemos a continuaci\u00f3n la grabaci\u00f3n en audio de la decimonovena sesi\u00f3n.<\/p>\n<div class=\"powerpress_player\" id=\"powerpress_player_2408\"><audio class=\"wp-audio-shortcode\" id=\"audio-9998-1\" preload=\"none\" style=\"width: 100%;\" controls=\"controls\"><source type=\"audio\/mpeg\" src=\"https:\/\/espai-marx.net\/wp-content\/uploads\/2021\/06\/Seminario-Sacristan-18-16_6_2021.mp3?_=1\" \/><a href=\"https:\/\/espai-marx.net\/wp-content\/uploads\/2021\/06\/Seminario-Sacristan-18-16_6_2021.mp3\">https:\/\/espai-marx.net\/wp-content\/uploads\/2021\/06\/Seminario-Sacristan-18-16_6_2021.mp3<\/a><\/audio><\/div><p class=\"powerpress_links powerpress_links_mp3\" style=\"margin-bottom: 1px !important;\">Podcast: <a href=\"https:\/\/espai-marx.net\/wp-content\/uploads\/2021\/06\/Seminario-Sacristan-18-16_6_2021.mp3\" class=\"powerpress_link_pinw\" target=\"_blank\" title=\"Reproducir en una nueva ventana\" onclick=\"return powerpress_pinw('https:\/\/espai-marx.net\/?powerpress_pinw=9998-podcast');\" rel=\"nofollow\">Reproducir en una nueva ventana<\/a> | <a href=\"https:\/\/espai-marx.net\/wp-content\/uploads\/2021\/06\/Seminario-Sacristan-18-16_6_2021.mp3\" class=\"powerpress_link_d\" title=\"Descargar\" rel=\"nofollow\" download=\"Seminario-Sacristan-18-16_6_2021.mp3\">Descargar<\/a> | <a href=\"#\" class=\"powerpress_link_e\" title=\"Incrustar\" onclick=\"return powerpress_show_embed('9998-podcast');\" rel=\"nofollow\">Incrustar<\/a><\/p><p class=\"powerpress_embed_box\" id=\"powerpress_embed_9998-podcast\" style=\"display: none;\"><input id=\"powerpress_embed_9998-podcast_t\" type=\"text\" value=\"&lt;iframe width=&quot;320&quot; height=&quot;30&quot; src=&quot;https:\/\/espai-marx.net\/?powerpress_embed=9998-podcast&amp;amp;powerpress_player=mediaelement-audio&quot; title=&quot;Blubrry Podcast Player&quot; frameborder=&quot;0&quot; scrolling=&quot;no&quot;&gt;&lt;\/iframe&gt;\" onclick=\"javascript: this.select();\" onfocus=\"javascript: this.select();\" style=\"width: 70%;\" readOnly><\/p><p class=\"powerpress_links powerpress_subscribe_links\">Suscr\u00edbete: <a href=\"https:\/\/www.youtube.com\/@PodcastdeEspaiMarx-ht2uc\" class=\"powerpress_link_subscribe powerpress_link_subscribe_youtube\" target=\"_blank\" title=\"Suscr\u00edbete a YouTube Music\" rel=\"nofollow\">YouTube Music<\/a> | <a href=\"https:\/\/espai-marx.net\/?feed=podcast\" class=\"powerpress_link_subscribe powerpress_link_subscribe_rss\" target=\"_blank\" title=\"Suscr\u00edbete v\u00eda RSS\" rel=\"nofollow\">RSS<\/a><\/p>","protected":false},"excerpt":{"rendered":"<p>En octubre de 2020 inauguramos un nuevo seminario sobre la obra de Manuel Sacrist\u00e1n. En esa entrada se pueden encontrar<\/p>\n","protected":false},"author":5,"featured_media":0,"comment_status":"open","ping_status":"open","sticky":false,"template":"","format":"standard","meta":{"footnotes":""},"categories":[883,8,1545,856,869],"tags":[],"class_list":["post-9998","post","type-post","status-publish","format-standard","hentry","category-filosofia-del-espiritu-de-g-w-f-hegel","category-filosofia","category-g-w-f-hegel","category-podcast","category-seminarios"],"aioseo_notices":[],"_links":{"self":[{"href":"https:\/\/espai-marx.net\/index.php?rest_route=\/wp\/v2\/posts\/9998","targetHints":{"allow":["GET"]}}],"collection":[{"href":"https:\/\/espai-marx.net\/index.php?rest_route=\/wp\/v2\/posts"}],"about":[{"href":"https:\/\/espai-marx.net\/index.php?rest_route=\/wp\/v2\/types\/post"}],"author":[{"embeddable":true,"href":"https:\/\/espai-marx.net\/index.php?rest_route=\/wp\/v2\/users\/5"}],"replies":[{"embeddable":true,"href":"https:\/\/espai-marx.net\/index.php?rest_route=%2Fwp%2Fv2%2Fcomments&post=9998"}],"version-history":[{"count":0,"href":"https:\/\/espai-marx.net\/index.php?rest_route=\/wp\/v2\/posts\/9998\/revisions"}],"wp:attachment":[{"href":"https:\/\/espai-marx.net\/index.php?rest_route=%2Fwp%2Fv2%2Fmedia&parent=9998"}],"wp:term":[{"taxonomy":"category","embeddable":true,"href":"https:\/\/espai-marx.net\/index.php?rest_route=%2Fwp%2Fv2%2Fcategories&post=9998"},{"taxonomy":"post_tag","embeddable":true,"href":"https:\/\/espai-marx.net\/index.php?rest_route=%2Fwp%2Fv2%2Ftags&post=9998"}],"curies":[{"name":"wp","href":"https:\/\/api.w.org\/{rel}","templated":true}]}}