{"id":1739,"global_id":"espai-marx.net\/sacristan?id=1739","global_id_lineage":["espai-marx.net\/sacristan?id=1739"],"author":"4","status":"publish","date":"2025-08-23 17:40:37","date_utc":"2025-08-23 15:40:37","modified":"2025-09-20 18:56:51","modified_utc":"2025-09-20 16:56:51","url":"https:\/\/espai-marx.net\/sacristan\/?tribe_events=presentacion-del-monografico-de-nuestra-bandera-dedicado-a-manuel-sacristan","rest_url":"https:\/\/espai-marx.net\/sacristan\/index.php?rest_route=\/tribe\/events\/v1\/events\/1739","title":"Presentaci\u00f3n del monogr\u00e1fico de Nuestra Bandera dedicado a Manuel Sacrist\u00e1n","description":"<h1 data-start=\"198\" data-end=\"266\">El centenario de Sacrist\u00e1n llega a la Fiesta del PCE<\/h1>\n<div><strong><i>El n\u00famero especial de\u00a0Nuestra Bandera\u00a0se presenta el s\u00e1bado 27 de septiembre a las 12 h, con la participaci\u00f3n de Montserrat Galcer\u00e1n, Francisco Sierra, Marga Sanz, Eddy S\u00e1nchez y Jos\u00e9 Sarri\u00f3n.<\/i><\/strong><\/div>\n<p style=\"font-weight: 400;\">La Fiesta del PCE acoger\u00e1 este a\u00f1o la presentaci\u00f3n p\u00fablica del monogr\u00e1fico de\u00a0<em>Nuestra Bandera<\/em>\u00a0dedicado a Manuel Sacrist\u00e1n, en el a\u00f1o de su centenario. La cita ser\u00e1 el s\u00e1bado 27 de septiembre, a las 12 de la ma\u00f1ana, en el espacio de debates de la Fiesta.<\/p>\n<p style=\"font-weight: 400;\">En el acto intervendr\u00e1n cinco participantes del n\u00famero: Montserrat Galcer\u00e1n, Catedr\u00e1tica de Filosof\u00eda de la Universidad Complutense de Madrid y exconcejal del Ayuntamiento de Madrid; Francisco Sierra, Catedr\u00e1tico de Comunicaci\u00f3n de la Universidad de Sevilla y diputado de Izquierda Unida; Marga Sanz, directora de\u00a0<em>Nuestra Bandera<\/em>; Eddy Sanchez, profesor en la Universidad Complutense de Madrid y Director de la FIM; y Jos\u00e9 Sarri\u00f3n, profesor de Filosof\u00eda de la Universidad de Salamacna y coordinador del monogr\u00e1fico. La mesa redonda servir\u00e1 para recorrer la trayectoria intelectual y pol\u00edtica del pensador comunista, pero sobre todo para dialogar sobre su vigencia ante los desaf\u00edos del presente.<\/p>\n<p style=\"font-weight: 400;\">El objetivo es doble: recordar a Sacrist\u00e1n como un cl\u00e1sico del marxismo y, al mismo tiempo, actualizar su \u201ccaja de herramientas\u201d para las luchas actuales. Como subrayan los organizadores, el homenaje no se limita a la memoria, sino que busca fortalecer la batalla cultural y pol\u00edtica frente a la extrema derecha, el productivismo capitalista y la crisis civilizatoria.<\/p>\n<p style=\"font-weight: 400;\">La Fiesta del PCE se convierte as\u00ed en un espacio privilegiado para hacer confluir reflexi\u00f3n y militancia, teor\u00eda y pr\u00e1ctica, en la mejor tradici\u00f3n sacristaniana. La invitaci\u00f3n es abierta: toda persona interesada en conocer y debatir el legado de Sacrist\u00e1n encontrar\u00e1 en este acto un punto de encuentro imprescindible.<\/p>\n<p style=\"font-weight: 400;\">","excerpt":"","slug":"presentacion-del-monografico-de-nuestra-bandera-dedicado-a-manuel-sacristan","image":{"url":"https:\/\/espai-marx.net\/sacristan\/wp-content\/uploads\/2025\/08\/Unknown-4.jpeg","id":1840,"extension":"jpeg","width":1024,"height":1280,"filesize":198977,"sizes":{"medium":{"width":240,"height":300,"mime-type":"image\/jpeg","filesize":18596,"url":"https:\/\/espai-marx.net\/sacristan\/wp-content\/uploads\/2025\/08\/Unknown-4-240x300.jpeg"},"large":{"width":819,"height":1024,"mime-type":"image\/jpeg","filesize":160214,"url":"https:\/\/espai-marx.net\/sacristan\/wp-content\/uploads\/2025\/08\/Unknown-4-819x1024.jpeg"},"thumbnail":{"width":150,"height":150,"mime-type":"image\/jpeg","filesize":6889,"url":"https:\/\/espai-marx.net\/sacristan\/wp-content\/uploads\/2025\/08\/Unknown-4-150x150.jpeg"},"medium_large":{"width":768,"height":960,"mime-type":"image\/jpeg","filesize":142058,"url":"https:\/\/espai-marx.net\/sacristan\/wp-content\/uploads\/2025\/08\/Unknown-4-768x960.jpeg"},"colormag-highlighted-post":{"width":392,"height":272,"mime-type":"image\/jpeg","filesize":26101,"url":"https:\/\/espai-marx.net\/sacristan\/wp-content\/uploads\/2025\/08\/Unknown-4-392x272.jpeg"},"colormag-featured-post-medium":{"width":390,"height":205,"mime-type":"image\/jpeg","filesize":21238,"url":"https:\/\/espai-marx.net\/sacristan\/wp-content\/uploads\/2025\/08\/Unknown-4-390x205.jpeg"},"colormag-featured-post-small":{"width":130,"height":90,"mime-type":"image\/jpeg","filesize":3865,"url":"https:\/\/espai-marx.net\/sacristan\/wp-content\/uploads\/2025\/08\/Unknown-4-130x90.jpeg"},"colormag-featured-image":{"width":800,"height":445,"mime-type":"image\/jpeg","filesize":80055,"url":"https:\/\/espai-marx.net\/sacristan\/wp-content\/uploads\/2025\/08\/Unknown-4-800x445.jpeg"},"colormag-default-news":{"width":150,"height":150,"mime-type":"image\/jpeg","filesize":6889,"url":"https:\/\/espai-marx.net\/sacristan\/wp-content\/uploads\/2025\/08\/Unknown-4-150x150.jpeg"},"colormag-featured-image-large":{"width":1024,"height":600,"mime-type":"image\/jpeg","filesize":151533,"url":"https:\/\/espai-marx.net\/sacristan\/wp-content\/uploads\/2025\/08\/Unknown-4-1024x600.jpeg"}}},"all_day":false,"start_date":"2025-09-27 12:00:00","start_date_details":{"year":"2025","month":"09","day":"27","hour":"12","minutes":"00","seconds":"00"},"end_date":"2025-09-27 14:00:00","end_date_details":{"year":"2025","month":"09","day":"27","hour":"14","minutes":"00","seconds":"00"},"utc_start_date":"2025-09-27 10:00:00","utc_start_date_details":{"year":"2025","month":"09","day":"27","hour":"10","minutes":"00","seconds":"00"},"utc_end_date":"2025-09-27 12:00:00","utc_end_date_details":{"year":"2025","month":"09","day":"27","hour":"12","minutes":"00","seconds":"00"},"timezone":"Europe\/Madrid","timezone_abbr":"CEST","cost":"","cost_details":{"currency_symbol":"$","currency_code":"USD","currency_position":"prefix","values":[]},"website":"https:\/\/www.fiesta.pce.es\/actividades\/numero-monografico-de-nuestra-bandera-dedicado-a-manuel-sacristan\/","show_map":true,"show_map_link":false,"hide_from_listings":false,"sticky":true,"featured":true,"categories":[],"tags":[],"venue":[],"organizer":[{"id":1740,"author":"4","status":"publish","date":"2025-08-23 17:40:37","date_utc":"2025-08-23 15:40:37","modified":"2025-08-23 17:40:37","modified_utc":"2025-08-23 15:40:37","url":"https:\/\/espai-marx.net\/sacristan\/?tribe_organizer=partido-comunista-de-espana-pce","organizer":"Partido Comunista de Espa\u00f1a (PCE)","slug":"partido-comunista-de-espana-pce","json_ld":{"@type":"Person","name":"Partido Comunista de Espa\u00f1a (PCE)","description":"","url":"","telephone":"","email":"","sameAs":""},"global_id":"espai-marx.net\/sacristan?id=1740","global_id_lineage":["espai-marx.net\/sacristan?id=1740"]}],"custom_fields":[],"json_ld":{"@context":"http:\/\/schema.org","@type":"Event","name":"Presentaci\u00f3n del monogr\u00e1fico de Nuestra Bandera dedicado a Manuel Sacrist\u00e1n","description":"&lt;p&gt;El centenario de Sacrist\u00e1n llega a la Fiesta del PCE El n\u00famero especial de\u00a0Nuestra Bandera\u00a0se presenta el s\u00e1bado 27 de&lt;\/p&gt;\\n","image":"https:\/\/espai-marx.net\/sacristan\/wp-content\/uploads\/2025\/08\/Unknown-4.jpeg","url":"https:\/\/espai-marx.net\/sacristan\/?tribe_events=presentacion-del-monografico-de-nuestra-bandera-dedicado-a-manuel-sacristan","eventAttendanceMode":"https:\/\/schema.org\/OfflineEventAttendanceMode","eventStatus":"https:\/\/schema.org\/EventScheduled","startDate":"2025-09-27T12:00:00+02:00","endDate":"2025-09-27T14:00:00+02:00","organizer":{"@type":"Person","name":"Partido Comunista de Espa\u00f1a (PCE)","description":"","url":"","telephone":"","email":"","sameAs":""},"performer":"Organization"}}